{"id":29069,"date":"2015-12-07T11:27:35","date_gmt":"2015-12-07T10:27:35","guid":{"rendered":"http:\/\/kapitalis.com\/tunisie\/?p=29069"},"modified":"2015-12-07T16:41:44","modified_gmt":"2015-12-07T15:41:44","slug":"boxe-francaise-pas-dofficiels-a-laccueil-de-wided-championne-du-monde","status":"publish","type":"post","link":"https:\/\/kapitalis.com\/tunisie\/2015\/12\/07\/boxe-francaise-pas-dofficiels-a-laccueil-de-wided-championne-du-monde\/","title":{"rendered":"Boxe fran\u00e7aise: Pas d&rsquo;officiels \u00e0 l&rsquo;accueil de Wided, championne du monde"},"content":{"rendered":"<p><img loading=\"lazy\" decoding=\"async\" class=\"alignnone size-full wp-image-29071 aligncenter\" src=\"http:\/\/kapitalis.com\/tunisie\/wp-content\/uploads\/2015\/12\/Wided-boxe-fran\u00e7aise.jpg\" alt=\"Wided boxe fran\u00e7aise\" width=\"626\" height=\"380\" \/><\/p>\n<p><em><strong>La Tunisienne Wided Younsi sacr\u00e9e, samedi, championne du monde de boxe fran\u00e7aise, a \u00e9t\u00e9 accueillie par sa famille et ses amis \u00e0 l\u2019a\u00e9roport de Tunis-Carthage.<\/strong><\/em><br \/>\n<!--more--><\/p>\n<p>Encore une Tunisienne qui se distingue \u00e0 l\u2019\u00e9chelle mondiale : Wided Younsi (cat\u00e9gorie des +75 kg ) a remport\u00e9 le Championnat du monde de boxe fran\u00e7aise, \u00e0 Amiens, en France, en battant d\u00e8s le 1er round, la Mauricienne Carine Sandrine Berry.<\/p>\n<p>Wided Younsi est arriv\u00e9e hier soir \u00e0 Tunis o\u00f9 l\u2019absence des officiels a \u00e9t\u00e9 tr\u00e8s remarquable. Ses proches ont cependant f\u00eat\u00e9 \u00e0 l\u2019a\u00e9roport le nouveau titre de la jeune femme, qui a hiss\u00e9,\u00a0encore une fois, le drapeau tunisien.<\/p>\n<p>La boxeuse \u00e9tait accompagn\u00e9e de son coach Ridha Helali qui n\u2019a pas cach\u00e9 sa fiert\u00e9 et pr\u00e9cis\u00e9 que la sportive fait honneur \u00e0 son pays.<\/p>\n<div class=\"embed\">\n<div class=\"video\"><iframe loading=\"lazy\" id=\"div1\" src=\"https:\/\/www.youtube.com\/embed\/QnOmt7T0ww0?start=06&amp;end=129;rel=0&amp;iv_load_policy=3&amp;showinfo=0&amp;modestbranding=1&amp;fs=1\" width=\"560\" height=\"315\" frameborder=\"0\" allowfullscreen=\"allowfullscreen\"><\/iframe><\/div>\n<\/div>\n<p>&nbsp;<\/p>\n<p>Il faut dire que notre boxeuse n\u2019en est pas \u00e0 sa premi\u00e8re victoire, puisqu\u2019elle a d\u00e9j\u00e0 \u00e9t\u00e9 sacr\u00e9e deux fois championne du monde de savate (2004 et 2014). Elle a aussi remport\u00e9 la m\u00e9daille d\u2019or de la coupe du monde de boxe anglaise en 2014.<\/p>\n<p>On notera que la boxeuse, qui se rend souvent seule et sans subvention de l\u2019Etat aux comp\u00e9tions internationales, r\u00e9clame depuis pr\u00e8s de 8 ans son dipl\u00f4me d\u2019entra\u00eeneur au minist\u00e8re de la Jeunesse et des Sports. En vain&#8230;<\/p>\n<p style=\"text-align: right;\"><strong>Y. N.<\/strong><\/p>\n","protected":false},"excerpt":{"rendered":"<p>La Tunisienne Wided Younsi sacr\u00e9e, samedi, championne du monde de boxe fran\u00e7aise, a \u00e9t\u00e9 accueillie par sa famille et ses amis \u00e0 l\u2019a\u00e9roport de Tunis-Carthage.<\/p>\n","protected":false},"author":11,"featured_media":29071,"comment_status":"open","ping_status":"open","sticky":false,"template":"","format":"standard","meta":{"footnotes":""},"categories":[999,2433],"tags":[926],"class_list":["post-29069","post","type-post","status-publish","format-standard","has-post-thumbnail","hentry","category-sport","category-tunisie","tag-tunis-carthage"],"yoast_head":"<!-- This site is optimized with the Yoast SEO plugin v26.6 - https:\/\/yoast.com\/wordpress\/plugins\/seo\/ -->\n<title>Boxe fran\u00e7aise: Pas d&#039;officiels \u00e0 l&#039;accueil de Wided, championne du monde - Kapitalis<\/title>\n<meta name=\"robots\" content=\"index, follow, max-snippet:-1, max-image-preview:large, max-video-preview:-1\" \/>\n<link rel=\"canonical\" href=\"https:\/\/kapitalis.com\/tunisie\/2015\/12\/07\/boxe-francaise-pas-dofficiels-a-laccueil-de-wided-championne-du-monde\/\" \/>\n<meta property=\"og:locale\" content=\"fr_FR\" \/>\n<meta property=\"og:type\" content=\"article\" \/>\n<meta property=\"og:title\" content=\"Boxe fran\u00e7aise: Pas d&#039;officiels \u00e0 l&#039;accueil de Wided, championne du monde - Kapitalis\" \/>\n<meta property=\"og:description\" content=\"La Tunisienne Wided Younsi sacr\u00e9e, samedi, championne du monde de boxe fran\u00e7aise, a \u00e9t\u00e9 accueillie par sa famille et ses amis \u00e0 l\u2019a\u00e9roport de Tunis-Carthage.\" \/>\n<meta property=\"og:url\" content=\"https:\/\/kapitalis.com\/tunisie\/2015\/12\/07\/boxe-francaise-pas-dofficiels-a-laccueil-de-wided-championne-du-monde\/\" \/>\n<meta property=\"og:site_name\" content=\"Kapitalis\" \/>\n<meta property=\"article:publisher\" content=\"https:\/\/www.facebook.com\/KapitalisInfo\/\" \/>\n<meta property=\"article:published_time\" content=\"2015-12-07T10:27:35+00:00\" \/>\n<meta property=\"article:modified_time\" content=\"2015-12-07T15:41:44+00:00\" \/>\n<meta property=\"og:image\" content=\"https:\/\/kapitalis.com\/tunisie\/wp-content\/uploads\/2022\/05\/kapitalis-logo-fb.png\" \/>\n\t<meta property=\"og:image:width\" content=\"1200\" \/>\n\t<meta property=\"og:image:height\" content=\"630\" \/>\n\t<meta property=\"og:image:type\" content=\"image\/png\" \/>\n<meta name=\"author\" content=\"benmansour3 benmansour\" \/>\n<meta name=\"twitter:card\" content=\"summary_large_image\" \/>\n<meta name=\"twitter:creator\" content=\"@KapitalisInfo\" \/>\n<meta name=\"twitter:site\" content=\"@KapitalisInfo\" \/>\n<meta name=\"twitter:label1\" content=\"\u00c9crit par\" \/>\n\t<meta name=\"twitter:data1\" content=\"benmansour3 benmansour\" \/>\n\t<meta name=\"twitter:label2\" content=\"Dur\u00e9e de lecture estim\u00e9e\" \/>\n\t<meta name=\"twitter:data2\" content=\"1 minute\" \/>\n<script type=\"application\/ld+json\" class=\"yoast-schema-graph\">{\"@context\":\"https:\/\/schema.org\",\"@graph\":[{\"@type\":\"Article\",\"@id\":\"https:\/\/kapitalis.com\/tunisie\/2015\/12\/07\/boxe-francaise-pas-dofficiels-a-laccueil-de-wided-championne-du-monde\/#article\",\"isPartOf\":{\"@id\":\"https:\/\/kapitalis.com\/tunisie\/2015\/12\/07\/boxe-francaise-pas-dofficiels-a-laccueil-de-wided-championne-du-monde\/\"},\"author\":{\"name\":\"benmansour3 benmansour\",\"@id\":\"https:\/\/kapitalis.com\/tunisie\/#\/schema\/person\/035372e645ad321edc01006468cd4c8b\"},\"headline\":\"Boxe fran\u00e7aise: Pas d&rsquo;officiels \u00e0 l&rsquo;accueil de Wided, championne du monde\",\"datePublished\":\"2015-12-07T10:27:35+00:00\",\"dateModified\":\"2015-12-07T15:41:44+00:00\",\"mainEntityOfPage\":{\"@id\":\"https:\/\/kapitalis.com\/tunisie\/2015\/12\/07\/boxe-francaise-pas-dofficiels-a-laccueil-de-wided-championne-du-monde\/\"},\"wordCount\":244,\"commentCount\":4,\"publisher\":{\"@id\":\"https:\/\/kapitalis.com\/tunisie\/#organization\"},\"image\":{\"@id\":\"https:\/\/kapitalis.com\/tunisie\/2015\/12\/07\/boxe-francaise-pas-dofficiels-a-laccueil-de-wided-championne-du-monde\/#primaryimage\"},\"thumbnailUrl\":\"\",\"keywords\":[\"Tunis-Carthage\"],\"articleSection\":[\"SPORT\",\"Tunisie\"],\"inLanguage\":\"fr-FR\",\"potentialAction\":[{\"@type\":\"CommentAction\",\"name\":\"Comment\",\"target\":[\"https:\/\/kapitalis.com\/tunisie\/2015\/12\/07\/boxe-francaise-pas-dofficiels-a-laccueil-de-wided-championne-du-monde\/#respond\"]}]},{\"@type\":\"WebPage\",\"@id\":\"https:\/\/kapitalis.com\/tunisie\/2015\/12\/07\/boxe-francaise-pas-dofficiels-a-laccueil-de-wided-championne-du-monde\/\",\"url\":\"https:\/\/kapitalis.com\/tunisie\/2015\/12\/07\/boxe-francaise-pas-dofficiels-a-laccueil-de-wided-championne-du-monde\/\",\"name\":\"Boxe fran\u00e7aise: Pas d'officiels \u00e0 l'accueil de Wided, championne du monde - Kapitalis\",\"isPartOf\":{\"@id\":\"https:\/\/kapitalis.com\/tunisie\/#website\"},\"primaryImageOfPage\":{\"@id\":\"https:\/\/kapitalis.com\/tunisie\/2015\/12\/07\/boxe-francaise-pas-dofficiels-a-laccueil-de-wided-championne-du-monde\/#primaryimage\"},\"image\":{\"@id\":\"https:\/\/kapitalis.com\/tunisie\/2015\/12\/07\/boxe-francaise-pas-dofficiels-a-laccueil-de-wided-championne-du-monde\/#primaryimage\"},\"thumbnailUrl\":\"\",\"datePublished\":\"2015-12-07T10:27:35+00:00\",\"dateModified\":\"2015-12-07T15:41:44+00:00\",\"breadcrumb\":{\"@id\":\"https:\/\/kapitalis.com\/tunisie\/2015\/12\/07\/boxe-francaise-pas-dofficiels-a-laccueil-de-wided-championne-du-monde\/#breadcrumb\"},\"inLanguage\":\"fr-FR\",\"potentialAction\":[{\"@type\":\"ReadAction\",\"target\":[\"https:\/\/kapitalis.com\/tunisie\/2015\/12\/07\/boxe-francaise-pas-dofficiels-a-laccueil-de-wided-championne-du-monde\/\"]}]},{\"@type\":\"ImageObject\",\"inLanguage\":\"fr-FR\",\"@id\":\"https:\/\/kapitalis.com\/tunisie\/2015\/12\/07\/boxe-francaise-pas-dofficiels-a-laccueil-de-wided-championne-du-monde\/#primaryimage\",\"url\":\"\",\"contentUrl\":\"\"},{\"@type\":\"BreadcrumbList\",\"@id\":\"https:\/\/kapitalis.com\/tunisie\/2015\/12\/07\/boxe-francaise-pas-dofficiels-a-laccueil-de-wided-championne-du-monde\/#breadcrumb\",\"itemListElement\":[{\"@type\":\"ListItem\",\"position\":1,\"name\":\"Accueil\",\"item\":\"https:\/\/kapitalis.com\/tunisie\/\"},{\"@type\":\"ListItem\",\"position\":2,\"name\":\"Boxe fran\u00e7aise: Pas d&rsquo;officiels \u00e0 l&rsquo;accueil de Wided, championne du monde\"}]},{\"@type\":\"WebSite\",\"@id\":\"https:\/\/kapitalis.com\/tunisie\/#website\",\"url\":\"https:\/\/kapitalis.com\/tunisie\/\",\"name\":\"Kapitalis\",\"description\":\"L&#039;actualit\u00e9 en Tunisie et dans le monde\",\"publisher\":{\"@id\":\"https:\/\/kapitalis.com\/tunisie\/#organization\"},\"potentialAction\":[{\"@type\":\"SearchAction\",\"target\":{\"@type\":\"EntryPoint\",\"urlTemplate\":\"https:\/\/kapitalis.com\/tunisie\/?s={search_term_string}\"},\"query-input\":{\"@type\":\"PropertyValueSpecification\",\"valueRequired\":true,\"valueName\":\"search_term_string\"}}],\"inLanguage\":\"fr-FR\"},{\"@type\":\"Organization\",\"@id\":\"https:\/\/kapitalis.com\/tunisie\/#organization\",\"name\":\"Kapitalis\",\"url\":\"https:\/\/kapitalis.com\/tunisie\/\",\"logo\":{\"@type\":\"ImageObject\",\"inLanguage\":\"fr-FR\",\"@id\":\"https:\/\/kapitalis.com\/tunisie\/#\/schema\/logo\/image\/\",\"url\":\"https:\/\/kapitalis.com\/tunisie\/wp-content\/uploads\/2022\/05\/Kapitalis-big-size.png\",\"contentUrl\":\"https:\/\/kapitalis.com\/tunisie\/wp-content\/uploads\/2022\/05\/Kapitalis-big-size.png\",\"width\":5000,\"height\":1500,\"caption\":\"Kapitalis\"},\"image\":{\"@id\":\"https:\/\/kapitalis.com\/tunisie\/#\/schema\/logo\/image\/\"},\"sameAs\":[\"https:\/\/www.facebook.com\/KapitalisInfo\/\",\"https:\/\/x.com\/KapitalisInfo\",\"https:\/\/www.youtube.com\/channel\/UC-yDYrHyfFBWWZaOw3FPg9Q\"]},{\"@type\":\"Person\",\"@id\":\"https:\/\/kapitalis.com\/tunisie\/#\/schema\/person\/035372e645ad321edc01006468cd4c8b\",\"name\":\"benmansour3 benmansour\",\"url\":\"https:\/\/kapitalis.com\/tunisie\/author\/benmansour3\/\"}]}<\/script>\n<!-- \/ Yoast SEO plugin. -->","yoast_head_json":{"title":"Boxe fran\u00e7aise: Pas d'officiels \u00e0 l'accueil de Wided, championne du monde - Kapitalis","robots":{"index":"index","follow":"follow","max-snippet":"max-snippet:-1","max-image-preview":"max-image-preview:large","max-video-preview":"max-video-preview:-1"},"canonical":"https:\/\/kapitalis.com\/tunisie\/2015\/12\/07\/boxe-francaise-pas-dofficiels-a-laccueil-de-wided-championne-du-monde\/","og_locale":"fr_FR","og_type":"article","og_title":"Boxe fran\u00e7aise: Pas d'officiels \u00e0 l'accueil de Wided, championne du monde - Kapitalis","og_description":"La Tunisienne Wided Younsi sacr\u00e9e, samedi, championne du monde de boxe fran\u00e7aise, a \u00e9t\u00e9 accueillie par sa famille et ses amis \u00e0 l\u2019a\u00e9roport de Tunis-Carthage.","og_url":"https:\/\/kapitalis.com\/tunisie\/2015\/12\/07\/boxe-francaise-pas-dofficiels-a-laccueil-de-wided-championne-du-monde\/","og_site_name":"Kapitalis","article_publisher":"https:\/\/www.facebook.com\/KapitalisInfo\/","article_published_time":"2015-12-07T10:27:35+00:00","article_modified_time":"2015-12-07T15:41:44+00:00","og_image":[{"width":1200,"height":630,"url":"https:\/\/kapitalis.com\/tunisie\/wp-content\/uploads\/2022\/05\/kapitalis-logo-fb.png","type":"image\/png"}],"author":"benmansour3 benmansour","twitter_card":"summary_large_image","twitter_creator":"@KapitalisInfo","twitter_site":"@KapitalisInfo","twitter_misc":{"\u00c9crit par":"benmansour3 benmansour","Dur\u00e9e de lecture estim\u00e9e":"1 minute"},"schema":{"@context":"https:\/\/schema.org","@graph":[{"@type":"Article","@id":"https:\/\/kapitalis.com\/tunisie\/2015\/12\/07\/boxe-francaise-pas-dofficiels-a-laccueil-de-wided-championne-du-monde\/#article","isPartOf":{"@id":"https:\/\/kapitalis.com\/tunisie\/2015\/12\/07\/boxe-francaise-pas-dofficiels-a-laccueil-de-wided-championne-du-monde\/"},"author":{"name":"benmansour3 benmansour","@id":"https:\/\/kapitalis.com\/tunisie\/#\/schema\/person\/035372e645ad321edc01006468cd4c8b"},"headline":"Boxe fran\u00e7aise: Pas d&rsquo;officiels \u00e0 l&rsquo;accueil de Wided, championne du monde","datePublished":"2015-12-07T10:27:35+00:00","dateModified":"2015-12-07T15:41:44+00:00","mainEntityOfPage":{"@id":"https:\/\/kapitalis.com\/tunisie\/2015\/12\/07\/boxe-francaise-pas-dofficiels-a-laccueil-de-wided-championne-du-monde\/"},"wordCount":244,"commentCount":4,"publisher":{"@id":"https:\/\/kapitalis.com\/tunisie\/#organization"},"image":{"@id":"https:\/\/kapitalis.com\/tunisie\/2015\/12\/07\/boxe-francaise-pas-dofficiels-a-laccueil-de-wided-championne-du-monde\/#primaryimage"},"thumbnailUrl":"","keywords":["Tunis-Carthage"],"articleSection":["SPORT","Tunisie"],"inLanguage":"fr-FR","potentialAction":[{"@type":"CommentAction","name":"Comment","target":["https:\/\/kapitalis.com\/tunisie\/2015\/12\/07\/boxe-francaise-pas-dofficiels-a-laccueil-de-wided-championne-du-monde\/#respond"]}]},{"@type":"WebPage","@id":"https:\/\/kapitalis.com\/tunisie\/2015\/12\/07\/boxe-francaise-pas-dofficiels-a-laccueil-de-wided-championne-du-monde\/","url":"https:\/\/kapitalis.com\/tunisie\/2015\/12\/07\/boxe-francaise-pas-dofficiels-a-laccueil-de-wided-championne-du-monde\/","name":"Boxe fran\u00e7aise: Pas d'officiels \u00e0 l'accueil de Wided, championne du monde - Kapitalis","isPartOf":{"@id":"https:\/\/kapitalis.com\/tunisie\/#website"},"primaryImageOfPage":{"@id":"https:\/\/kapitalis.com\/tunisie\/2015\/12\/07\/boxe-francaise-pas-dofficiels-a-laccueil-de-wided-championne-du-monde\/#primaryimage"},"image":{"@id":"https:\/\/kapitalis.com\/tunisie\/2015\/12\/07\/boxe-francaise-pas-dofficiels-a-laccueil-de-wided-championne-du-monde\/#primaryimage"},"thumbnailUrl":"","datePublished":"2015-12-07T10:27:35+00:00","dateModified":"2015-12-07T15:41:44+00:00","breadcrumb":{"@id":"https:\/\/kapitalis.com\/tunisie\/2015\/12\/07\/boxe-francaise-pas-dofficiels-a-laccueil-de-wided-championne-du-monde\/#breadcrumb"},"inLanguage":"fr-FR","potentialAction":[{"@type":"ReadAction","target":["https:\/\/kapitalis.com\/tunisie\/2015\/12\/07\/boxe-francaise-pas-dofficiels-a-laccueil-de-wided-championne-du-monde\/"]}]},{"@type":"ImageObject","inLanguage":"fr-FR","@id":"https:\/\/kapitalis.com\/tunisie\/2015\/12\/07\/boxe-francaise-pas-dofficiels-a-laccueil-de-wided-championne-du-monde\/#primaryimage","url":"","contentUrl":""},{"@type":"BreadcrumbList","@id":"https:\/\/kapitalis.com\/tunisie\/2015\/12\/07\/boxe-francaise-pas-dofficiels-a-laccueil-de-wided-championne-du-monde\/#breadcrumb","itemListElement":[{"@type":"ListItem","position":1,"name":"Accueil","item":"https:\/\/kapitalis.com\/tunisie\/"},{"@type":"ListItem","position":2,"name":"Boxe fran\u00e7aise: Pas d&rsquo;officiels \u00e0 l&rsquo;accueil de Wided, championne du monde"}]},{"@type":"WebSite","@id":"https:\/\/kapitalis.com\/tunisie\/#website","url":"https:\/\/kapitalis.com\/tunisie\/","name":"Kapitalis","description":"L&#039;actualit\u00e9 en Tunisie et dans le monde","publisher":{"@id":"https:\/\/kapitalis.com\/tunisie\/#organization"},"potentialAction":[{"@type":"SearchAction","target":{"@type":"EntryPoint","urlTemplate":"https:\/\/kapitalis.com\/tunisie\/?s={search_term_string}"},"query-input":{"@type":"PropertyValueSpecification","valueRequired":true,"valueName":"search_term_string"}}],"inLanguage":"fr-FR"},{"@type":"Organization","@id":"https:\/\/kapitalis.com\/tunisie\/#organization","name":"Kapitalis","url":"https:\/\/kapitalis.com\/tunisie\/","logo":{"@type":"ImageObject","inLanguage":"fr-FR","@id":"https:\/\/kapitalis.com\/tunisie\/#\/schema\/logo\/image\/","url":"https:\/\/kapitalis.com\/tunisie\/wp-content\/uploads\/2022\/05\/Kapitalis-big-size.png","contentUrl":"https:\/\/kapitalis.com\/tunisie\/wp-content\/uploads\/2022\/05\/Kapitalis-big-size.png","width":5000,"height":1500,"caption":"Kapitalis"},"image":{"@id":"https:\/\/kapitalis.com\/tunisie\/#\/schema\/logo\/image\/"},"sameAs":["https:\/\/www.facebook.com\/KapitalisInfo\/","https:\/\/x.com\/KapitalisInfo","https:\/\/www.youtube.com\/channel\/UC-yDYrHyfFBWWZaOw3FPg9Q"]},{"@type":"Person","@id":"https:\/\/kapitalis.com\/tunisie\/#\/schema\/person\/035372e645ad321edc01006468cd4c8b","name":"benmansour3 benmansour","url":"https:\/\/kapitalis.com\/tunisie\/author\/benmansour3\/"}]}},"_links":{"self":[{"href":"https:\/\/kapitalis.com\/tunisie\/wp-json\/wp\/v2\/posts\/29069","targetHints":{"allow":["GET"]}}],"collection":[{"href":"https:\/\/kapitalis.com\/tunisie\/wp-json\/wp\/v2\/posts"}],"about":[{"href":"https:\/\/kapitalis.com\/tunisie\/wp-json\/wp\/v2\/types\/post"}],"author":[{"embeddable":true,"href":"https:\/\/kapitalis.com\/tunisie\/wp-json\/wp\/v2\/users\/11"}],"replies":[{"embeddable":true,"href":"https:\/\/kapitalis.com\/tunisie\/wp-json\/wp\/v2\/comments?post=29069"}],"version-history":[{"count":0,"href":"https:\/\/kapitalis.com\/tunisie\/wp-json\/wp\/v2\/posts\/29069\/revisions"}],"wp:featuredmedia":[{"embeddable":true,"href":"https:\/\/kapitalis.com\/tunisie\/wp-json\/wp\/v2\/media\/29071"}],"wp:attachment":[{"href":"https:\/\/kapitalis.com\/tunisie\/wp-json\/wp\/v2\/media?parent=29069"}],"wp:term":[{"taxonomy":"category","embeddable":true,"href":"https:\/\/kapitalis.com\/tunisie\/wp-json\/wp\/v2\/categories?post=29069"},{"taxonomy":"post_tag","embeddable":true,"href":"https:\/\/kapitalis.com\/tunisie\/wp-json\/wp\/v2\/tags?post=29069"}],"curies":[{"name":"wp","href":"https:\/\/api.w.org\/{rel}","templated":true}]}}