{"id":29073,"date":"2015-12-07T12:09:45","date_gmt":"2015-12-07T11:09:45","guid":{"rendered":"http:\/\/kapitalis.com\/tunisie\/?p=29073"},"modified":"2015-12-07T12:26:40","modified_gmt":"2015-12-07T11:26:40","slug":"libye-laccord-de-tunis-critique-par-un-depute-de-tobrouk","status":"publish","type":"post","link":"https:\/\/kapitalis.com\/tunisie\/2015\/12\/07\/libye-laccord-de-tunis-critique-par-un-depute-de-tobrouk\/","title":{"rendered":"Libye: L&rsquo;accord de Tunis critiqu\u00e9 par un d\u00e9put\u00e9 de Tobrouk"},"content":{"rendered":"<p><img loading=\"lazy\" decoding=\"async\" class=\"alignnone size-full wp-image-29074 aligncenter\" src=\"http:\/\/kapitalis.com\/tunisie\/wp-content\/uploads\/2015\/12\/Accord-Libye.jpg\" alt=\"Accord Libye\" width=\"626\" height=\"380\" \/><\/p>\n<p style=\"text-align: center;\"><em>B\u00e9ji Ca\u00efd Essebsi recevant, dimanche, les signataires libyens de l\u2019accord de Tunis.<\/em><\/p>\n<p><em><strong>A peine sign\u00e9, l&rsquo;accord du samedi dernier \u00e0 Tunis entre les parties libyennes est d\u00e9nonc\u00e9 par un membre du parlement de Tobrouk.<\/strong><!--more--><\/em><\/p>\n<p>Le d\u00e9put\u00e9 Salah Hemma, membre du parlement libyen de Tobrouk, et membre de l\u2019\u00e9quipe menant les n\u00e9gociations \u00e0 Skhirat au Maroc, a consid\u00e9r\u00e9 l\u2019accord sign\u00e9 \u00e0 Tunis, samedi dernier, comme un acte personnel qui n\u2019engage en rien le parlement .<\/p>\n<p>Salah Hemma a d\u00e9clar\u00e9 au journal <em>\u00ab\u00a0El-Wassat<\/em>\u00a0\u00bb que la commission de dialogue du parlement a charg\u00e9 le d\u00e9put\u00e9 Ibrahim Fethi Amiche d\u2019une mission aux Etats-Unis et qu\u2019elle a \u00e9t\u00e9 surprise de le retrouver \u00e0 Tunis. Pour M. Hemma, cet accord ne refl\u00e8te pas la vision du parlement.<\/p>\n<p>Le d\u00e9put\u00e9 a signal\u00e9 que des rencontres sont en cours avec l\u2019envoy\u00e9 sp\u00e9cial de l\u2019Onu, Martin Kobler, en vue d\u2019avancer la signature d\u2019un accord politique \u00e0 partir des n\u00e9gociations de Skhirat .<\/p>\n<p>A rappeler que des repr\u00e9sentants du Congr\u00e8s national g\u00e9n\u00e9ral (de Tripoli) et du Parlement libyen de Tobrouk (reconnu internationalement) ont sign\u00e9, samedi dernier, \u00a0un accord \u00e0 Tunis qui stipule la n\u00e9cessit\u00e9 de d\u00e9passer les diff\u00e9rends qui ont surgi apr\u00e8s les accords de Skhirat.<\/p>\n<p>Ibrahim Fethi Amiche, repr\u00e9sentait le parlement de Tobrouk, tandis qu\u2019Aoudh Mohamed Abdessadok le Congr\u00e8s national g\u00e9n\u00e9ral (de Tripoli)<\/p>\n<p>Le nouvel accord pr\u00e9conise la formation d\u2019un gouvernement d\u2019unit\u00e9 nationale dans un d\u00e9lai de 25 jours, la constitution d\u2019une commission de 10 membres des deux parlements qui doit dans 10 jours nommer un pr\u00e9sident du gouvernement d\u2019unit\u00e9 nationale et deux vice-pr\u00e9sidents parmi les d\u00e9put\u00e9s de deux camps.<\/p>\n<p>Le pr\u00e9sident de la r\u00e9publique, B\u00e9ji Ca\u00efd Essebsi, avait re\u00e7u, dimanche, les signataires de l\u2019accord au Palais de Carthage et lou\u00e9 cette initiative.<\/p>\n<p>L\u2019Egypte, de son c\u00f4t\u00e9, s\u2019est empress\u00e9 de critiquer l&rsquo;accord par la voix du porte-parole du gouvernement Ahmed Abou Zid, qui\u00a0a signal\u00e9 que les efforts des Libyens doivent se concentrer sur comment faire avancer les accords de Skhirat.<\/p>\n<p style=\"text-align: right;\"><strong>A. B. M.\u00a0<\/strong><\/p>\n","protected":false},"excerpt":{"rendered":"<p>B\u00e9ji Ca\u00efd Essebsi recevant, dimanche, les signataires libyens de l\u2019accord de Tunis. A peine sign\u00e9, l&rsquo;accord du samedi dernier \u00e0 Tunis entre les parties libyennes est d\u00e9nonc\u00e9 par un membre du parlement de Tobrouk.<\/p>\n","protected":false},"author":11,"featured_media":29074,"comment_status":"open","ping_status":"open","sticky":false,"template":"","format":"standard","meta":{"footnotes":""},"categories":[997,2433],"tags":[24,3194,5848,6403,3084,1119],"class_list":["post-29073","post","type-post","status-publish","format-standard","has-post-thumbnail","hentry","category-politique","category-tunisie","tag-accord","tag-onu","tag-parlement","tag-skhirat","tag-tobrouk","tag-tripoli"],"yoast_head":"<!-- This site is optimized with the Yoast SEO plugin v26.6 - https:\/\/yoast.com\/wordpress\/plugins\/seo\/ -->\n<title>Libye: L&#039;accord de Tunis critiqu\u00e9 par un d\u00e9put\u00e9 de Tobrouk - Kapitalis<\/title>\n<meta name=\"robots\" content=\"index, follow, max-snippet:-1, max-image-preview:large, max-video-preview:-1\" \/>\n<link rel=\"canonical\" href=\"https:\/\/kapitalis.com\/tunisie\/2015\/12\/07\/libye-laccord-de-tunis-critique-par-un-depute-de-tobrouk\/\" \/>\n<meta property=\"og:locale\" content=\"fr_FR\" \/>\n<meta property=\"og:type\" content=\"article\" \/>\n<meta property=\"og:title\" content=\"Libye: L&#039;accord de Tunis critiqu\u00e9 par un d\u00e9put\u00e9 de Tobrouk - Kapitalis\" \/>\n<meta property=\"og:description\" content=\"B\u00e9ji Ca\u00efd Essebsi recevant, dimanche, les signataires libyens de l\u2019accord de Tunis. A peine sign\u00e9, l&rsquo;accord du samedi dernier \u00e0 Tunis entre les parties libyennes est d\u00e9nonc\u00e9 par un membre du parlement de Tobrouk.\" \/>\n<meta property=\"og:url\" content=\"https:\/\/kapitalis.com\/tunisie\/2015\/12\/07\/libye-laccord-de-tunis-critique-par-un-depute-de-tobrouk\/\" \/>\n<meta property=\"og:site_name\" content=\"Kapitalis\" \/>\n<meta property=\"article:publisher\" content=\"https:\/\/www.facebook.com\/KapitalisInfo\/\" \/>\n<meta property=\"article:published_time\" content=\"2015-12-07T11:09:45+00:00\" \/>\n<meta property=\"article:modified_time\" content=\"2015-12-07T11:26:40+00:00\" \/>\n<meta property=\"og:image\" content=\"https:\/\/kapitalis.com\/tunisie\/wp-content\/uploads\/2022\/05\/kapitalis-logo-fb.png\" \/>\n\t<meta property=\"og:image:width\" content=\"1200\" \/>\n\t<meta property=\"og:image:height\" content=\"630\" \/>\n\t<meta property=\"og:image:type\" content=\"image\/png\" \/>\n<meta name=\"author\" content=\"benmansour3 benmansour\" \/>\n<meta name=\"twitter:card\" content=\"summary_large_image\" \/>\n<meta name=\"twitter:creator\" content=\"@KapitalisInfo\" \/>\n<meta name=\"twitter:site\" content=\"@KapitalisInfo\" \/>\n<meta name=\"twitter:label1\" content=\"\u00c9crit par\" \/>\n\t<meta name=\"twitter:data1\" content=\"benmansour3 benmansour\" \/>\n\t<meta name=\"twitter:label2\" content=\"Dur\u00e9e de lecture estim\u00e9e\" \/>\n\t<meta name=\"twitter:data2\" content=\"2 minutes\" \/>\n<script type=\"application\/ld+json\" class=\"yoast-schema-graph\">{\"@context\":\"https:\/\/schema.org\",\"@graph\":[{\"@type\":\"Article\",\"@id\":\"https:\/\/kapitalis.com\/tunisie\/2015\/12\/07\/libye-laccord-de-tunis-critique-par-un-depute-de-tobrouk\/#article\",\"isPartOf\":{\"@id\":\"https:\/\/kapitalis.com\/tunisie\/2015\/12\/07\/libye-laccord-de-tunis-critique-par-un-depute-de-tobrouk\/\"},\"author\":{\"name\":\"benmansour3 benmansour\",\"@id\":\"https:\/\/kapitalis.com\/tunisie\/#\/schema\/person\/035372e645ad321edc01006468cd4c8b\"},\"headline\":\"Libye: L&rsquo;accord de Tunis critiqu\u00e9 par un d\u00e9put\u00e9 de Tobrouk\",\"datePublished\":\"2015-12-07T11:09:45+00:00\",\"dateModified\":\"2015-12-07T11:26:40+00:00\",\"mainEntityOfPage\":{\"@id\":\"https:\/\/kapitalis.com\/tunisie\/2015\/12\/07\/libye-laccord-de-tunis-critique-par-un-depute-de-tobrouk\/\"},\"wordCount\":379,\"commentCount\":1,\"publisher\":{\"@id\":\"https:\/\/kapitalis.com\/tunisie\/#organization\"},\"image\":{\"@id\":\"https:\/\/kapitalis.com\/tunisie\/2015\/12\/07\/libye-laccord-de-tunis-critique-par-un-depute-de-tobrouk\/#primaryimage\"},\"thumbnailUrl\":\"\",\"keywords\":[\"accord\",\"Onu\",\"parlement\",\"Skhirat\",\"Tobrouk\",\"Tripoli\"],\"articleSection\":[\"POLITIQUE\",\"Tunisie\"],\"inLanguage\":\"fr-FR\",\"potentialAction\":[{\"@type\":\"CommentAction\",\"name\":\"Comment\",\"target\":[\"https:\/\/kapitalis.com\/tunisie\/2015\/12\/07\/libye-laccord-de-tunis-critique-par-un-depute-de-tobrouk\/#respond\"]}]},{\"@type\":\"WebPage\",\"@id\":\"https:\/\/kapitalis.com\/tunisie\/2015\/12\/07\/libye-laccord-de-tunis-critique-par-un-depute-de-tobrouk\/\",\"url\":\"https:\/\/kapitalis.com\/tunisie\/2015\/12\/07\/libye-laccord-de-tunis-critique-par-un-depute-de-tobrouk\/\",\"name\":\"Libye: L'accord de Tunis critiqu\u00e9 par un d\u00e9put\u00e9 de Tobrouk - Kapitalis\",\"isPartOf\":{\"@id\":\"https:\/\/kapitalis.com\/tunisie\/#website\"},\"primaryImageOfPage\":{\"@id\":\"https:\/\/kapitalis.com\/tunisie\/2015\/12\/07\/libye-laccord-de-tunis-critique-par-un-depute-de-tobrouk\/#primaryimage\"},\"image\":{\"@id\":\"https:\/\/kapitalis.com\/tunisie\/2015\/12\/07\/libye-laccord-de-tunis-critique-par-un-depute-de-tobrouk\/#primaryimage\"},\"thumbnailUrl\":\"\",\"datePublished\":\"2015-12-07T11:09:45+00:00\",\"dateModified\":\"2015-12-07T11:26:40+00:00\",\"breadcrumb\":{\"@id\":\"https:\/\/kapitalis.com\/tunisie\/2015\/12\/07\/libye-laccord-de-tunis-critique-par-un-depute-de-tobrouk\/#breadcrumb\"},\"inLanguage\":\"fr-FR\",\"potentialAction\":[{\"@type\":\"ReadAction\",\"target\":[\"https:\/\/kapitalis.com\/tunisie\/2015\/12\/07\/libye-laccord-de-tunis-critique-par-un-depute-de-tobrouk\/\"]}]},{\"@type\":\"ImageObject\",\"inLanguage\":\"fr-FR\",\"@id\":\"https:\/\/kapitalis.com\/tunisie\/2015\/12\/07\/libye-laccord-de-tunis-critique-par-un-depute-de-tobrouk\/#primaryimage\",\"url\":\"\",\"contentUrl\":\"\"},{\"@type\":\"BreadcrumbList\",\"@id\":\"https:\/\/kapitalis.com\/tunisie\/2015\/12\/07\/libye-laccord-de-tunis-critique-par-un-depute-de-tobrouk\/#breadcrumb\",\"itemListElement\":[{\"@type\":\"ListItem\",\"position\":1,\"name\":\"Accueil\",\"item\":\"https:\/\/kapitalis.com\/tunisie\/\"},{\"@type\":\"ListItem\",\"position\":2,\"name\":\"Libye: L&rsquo;accord de Tunis critiqu\u00e9 par un d\u00e9put\u00e9 de Tobrouk\"}]},{\"@type\":\"WebSite\",\"@id\":\"https:\/\/kapitalis.com\/tunisie\/#website\",\"url\":\"https:\/\/kapitalis.com\/tunisie\/\",\"name\":\"Kapitalis\",\"description\":\"L&#039;actualit\u00e9 en Tunisie et dans le monde\",\"publisher\":{\"@id\":\"https:\/\/kapitalis.com\/tunisie\/#organization\"},\"potentialAction\":[{\"@type\":\"SearchAction\",\"target\":{\"@type\":\"EntryPoint\",\"urlTemplate\":\"https:\/\/kapitalis.com\/tunisie\/?s={search_term_string}\"},\"query-input\":{\"@type\":\"PropertyValueSpecification\",\"valueRequired\":true,\"valueName\":\"search_term_string\"}}],\"inLanguage\":\"fr-FR\"},{\"@type\":\"Organization\",\"@id\":\"https:\/\/kapitalis.com\/tunisie\/#organization\",\"name\":\"Kapitalis\",\"url\":\"https:\/\/kapitalis.com\/tunisie\/\",\"logo\":{\"@type\":\"ImageObject\",\"inLanguage\":\"fr-FR\",\"@id\":\"https:\/\/kapitalis.com\/tunisie\/#\/schema\/logo\/image\/\",\"url\":\"https:\/\/kapitalis.com\/tunisie\/wp-content\/uploads\/2022\/05\/Kapitalis-big-size.png\",\"contentUrl\":\"https:\/\/kapitalis.com\/tunisie\/wp-content\/uploads\/2022\/05\/Kapitalis-big-size.png\",\"width\":5000,\"height\":1500,\"caption\":\"Kapitalis\"},\"image\":{\"@id\":\"https:\/\/kapitalis.com\/tunisie\/#\/schema\/logo\/image\/\"},\"sameAs\":[\"https:\/\/www.facebook.com\/KapitalisInfo\/\",\"https:\/\/x.com\/KapitalisInfo\",\"https:\/\/www.youtube.com\/channel\/UC-yDYrHyfFBWWZaOw3FPg9Q\"]},{\"@type\":\"Person\",\"@id\":\"https:\/\/kapitalis.com\/tunisie\/#\/schema\/person\/035372e645ad321edc01006468cd4c8b\",\"name\":\"benmansour3 benmansour\",\"url\":\"https:\/\/kapitalis.com\/tunisie\/author\/benmansour3\/\"}]}<\/script>\n<!-- \/ Yoast SEO plugin. -->","yoast_head_json":{"title":"Libye: L'accord de Tunis critiqu\u00e9 par un d\u00e9put\u00e9 de Tobrouk - Kapitalis","robots":{"index":"index","follow":"follow","max-snippet":"max-snippet:-1","max-image-preview":"max-image-preview:large","max-video-preview":"max-video-preview:-1"},"canonical":"https:\/\/kapitalis.com\/tunisie\/2015\/12\/07\/libye-laccord-de-tunis-critique-par-un-depute-de-tobrouk\/","og_locale":"fr_FR","og_type":"article","og_title":"Libye: L'accord de Tunis critiqu\u00e9 par un d\u00e9put\u00e9 de Tobrouk - Kapitalis","og_description":"B\u00e9ji Ca\u00efd Essebsi recevant, dimanche, les signataires libyens de l\u2019accord de Tunis. A peine sign\u00e9, l&rsquo;accord du samedi dernier \u00e0 Tunis entre les parties libyennes est d\u00e9nonc\u00e9 par un membre du parlement de Tobrouk.","og_url":"https:\/\/kapitalis.com\/tunisie\/2015\/12\/07\/libye-laccord-de-tunis-critique-par-un-depute-de-tobrouk\/","og_site_name":"Kapitalis","article_publisher":"https:\/\/www.facebook.com\/KapitalisInfo\/","article_published_time":"2015-12-07T11:09:45+00:00","article_modified_time":"2015-12-07T11:26:40+00:00","og_image":[{"width":1200,"height":630,"url":"https:\/\/kapitalis.com\/tunisie\/wp-content\/uploads\/2022\/05\/kapitalis-logo-fb.png","type":"image\/png"}],"author":"benmansour3 benmansour","twitter_card":"summary_large_image","twitter_creator":"@KapitalisInfo","twitter_site":"@KapitalisInfo","twitter_misc":{"\u00c9crit par":"benmansour3 benmansour","Dur\u00e9e de lecture estim\u00e9e":"2 minutes"},"schema":{"@context":"https:\/\/schema.org","@graph":[{"@type":"Article","@id":"https:\/\/kapitalis.com\/tunisie\/2015\/12\/07\/libye-laccord-de-tunis-critique-par-un-depute-de-tobrouk\/#article","isPartOf":{"@id":"https:\/\/kapitalis.com\/tunisie\/2015\/12\/07\/libye-laccord-de-tunis-critique-par-un-depute-de-tobrouk\/"},"author":{"name":"benmansour3 benmansour","@id":"https:\/\/kapitalis.com\/tunisie\/#\/schema\/person\/035372e645ad321edc01006468cd4c8b"},"headline":"Libye: L&rsquo;accord de Tunis critiqu\u00e9 par un d\u00e9put\u00e9 de Tobrouk","datePublished":"2015-12-07T11:09:45+00:00","dateModified":"2015-12-07T11:26:40+00:00","mainEntityOfPage":{"@id":"https:\/\/kapitalis.com\/tunisie\/2015\/12\/07\/libye-laccord-de-tunis-critique-par-un-depute-de-tobrouk\/"},"wordCount":379,"commentCount":1,"publisher":{"@id":"https:\/\/kapitalis.com\/tunisie\/#organization"},"image":{"@id":"https:\/\/kapitalis.com\/tunisie\/2015\/12\/07\/libye-laccord-de-tunis-critique-par-un-depute-de-tobrouk\/#primaryimage"},"thumbnailUrl":"","keywords":["accord","Onu","parlement","Skhirat","Tobrouk","Tripoli"],"articleSection":["POLITIQUE","Tunisie"],"inLanguage":"fr-FR","potentialAction":[{"@type":"CommentAction","name":"Comment","target":["https:\/\/kapitalis.com\/tunisie\/2015\/12\/07\/libye-laccord-de-tunis-critique-par-un-depute-de-tobrouk\/#respond"]}]},{"@type":"WebPage","@id":"https:\/\/kapitalis.com\/tunisie\/2015\/12\/07\/libye-laccord-de-tunis-critique-par-un-depute-de-tobrouk\/","url":"https:\/\/kapitalis.com\/tunisie\/2015\/12\/07\/libye-laccord-de-tunis-critique-par-un-depute-de-tobrouk\/","name":"Libye: L'accord de Tunis critiqu\u00e9 par un d\u00e9put\u00e9 de Tobrouk - Kapitalis","isPartOf":{"@id":"https:\/\/kapitalis.com\/tunisie\/#website"},"primaryImageOfPage":{"@id":"https:\/\/kapitalis.com\/tunisie\/2015\/12\/07\/libye-laccord-de-tunis-critique-par-un-depute-de-tobrouk\/#primaryimage"},"image":{"@id":"https:\/\/kapitalis.com\/tunisie\/2015\/12\/07\/libye-laccord-de-tunis-critique-par-un-depute-de-tobrouk\/#primaryimage"},"thumbnailUrl":"","datePublished":"2015-12-07T11:09:45+00:00","dateModified":"2015-12-07T11:26:40+00:00","breadcrumb":{"@id":"https:\/\/kapitalis.com\/tunisie\/2015\/12\/07\/libye-laccord-de-tunis-critique-par-un-depute-de-tobrouk\/#breadcrumb"},"inLanguage":"fr-FR","potentialAction":[{"@type":"ReadAction","target":["https:\/\/kapitalis.com\/tunisie\/2015\/12\/07\/libye-laccord-de-tunis-critique-par-un-depute-de-tobrouk\/"]}]},{"@type":"ImageObject","inLanguage":"fr-FR","@id":"https:\/\/kapitalis.com\/tunisie\/2015\/12\/07\/libye-laccord-de-tunis-critique-par-un-depute-de-tobrouk\/#primaryimage","url":"","contentUrl":""},{"@type":"BreadcrumbList","@id":"https:\/\/kapitalis.com\/tunisie\/2015\/12\/07\/libye-laccord-de-tunis-critique-par-un-depute-de-tobrouk\/#breadcrumb","itemListElement":[{"@type":"ListItem","position":1,"name":"Accueil","item":"https:\/\/kapitalis.com\/tunisie\/"},{"@type":"ListItem","position":2,"name":"Libye: L&rsquo;accord de Tunis critiqu\u00e9 par un d\u00e9put\u00e9 de Tobrouk"}]},{"@type":"WebSite","@id":"https:\/\/kapitalis.com\/tunisie\/#website","url":"https:\/\/kapitalis.com\/tunisie\/","name":"Kapitalis","description":"L&#039;actualit\u00e9 en Tunisie et dans le monde","publisher":{"@id":"https:\/\/kapitalis.com\/tunisie\/#organization"},"potentialAction":[{"@type":"SearchAction","target":{"@type":"EntryPoint","urlTemplate":"https:\/\/kapitalis.com\/tunisie\/?s={search_term_string}"},"query-input":{"@type":"PropertyValueSpecification","valueRequired":true,"valueName":"search_term_string"}}],"inLanguage":"fr-FR"},{"@type":"Organization","@id":"https:\/\/kapitalis.com\/tunisie\/#organization","name":"Kapitalis","url":"https:\/\/kapitalis.com\/tunisie\/","logo":{"@type":"ImageObject","inLanguage":"fr-FR","@id":"https:\/\/kapitalis.com\/tunisie\/#\/schema\/logo\/image\/","url":"https:\/\/kapitalis.com\/tunisie\/wp-content\/uploads\/2022\/05\/Kapitalis-big-size.png","contentUrl":"https:\/\/kapitalis.com\/tunisie\/wp-content\/uploads\/2022\/05\/Kapitalis-big-size.png","width":5000,"height":1500,"caption":"Kapitalis"},"image":{"@id":"https:\/\/kapitalis.com\/tunisie\/#\/schema\/logo\/image\/"},"sameAs":["https:\/\/www.facebook.com\/KapitalisInfo\/","https:\/\/x.com\/KapitalisInfo","https:\/\/www.youtube.com\/channel\/UC-yDYrHyfFBWWZaOw3FPg9Q"]},{"@type":"Person","@id":"https:\/\/kapitalis.com\/tunisie\/#\/schema\/person\/035372e645ad321edc01006468cd4c8b","name":"benmansour3 benmansour","url":"https:\/\/kapitalis.com\/tunisie\/author\/benmansour3\/"}]}},"_links":{"self":[{"href":"https:\/\/kapitalis.com\/tunisie\/wp-json\/wp\/v2\/posts\/29073","targetHints":{"allow":["GET"]}}],"collection":[{"href":"https:\/\/kapitalis.com\/tunisie\/wp-json\/wp\/v2\/posts"}],"about":[{"href":"https:\/\/kapitalis.com\/tunisie\/wp-json\/wp\/v2\/types\/post"}],"author":[{"embeddable":true,"href":"https:\/\/kapitalis.com\/tunisie\/wp-json\/wp\/v2\/users\/11"}],"replies":[{"embeddable":true,"href":"https:\/\/kapitalis.com\/tunisie\/wp-json\/wp\/v2\/comments?post=29073"}],"version-history":[{"count":0,"href":"https:\/\/kapitalis.com\/tunisie\/wp-json\/wp\/v2\/posts\/29073\/revisions"}],"wp:featuredmedia":[{"embeddable":true,"href":"https:\/\/kapitalis.com\/tunisie\/wp-json\/wp\/v2\/media\/29074"}],"wp:attachment":[{"href":"https:\/\/kapitalis.com\/tunisie\/wp-json\/wp\/v2\/media?parent=29073"}],"wp:term":[{"taxonomy":"category","embeddable":true,"href":"https:\/\/kapitalis.com\/tunisie\/wp-json\/wp\/v2\/categories?post=29073"},{"taxonomy":"post_tag","embeddable":true,"href":"https:\/\/kapitalis.com\/tunisie\/wp-json\/wp\/v2\/tags?post=29073"}],"curies":[{"name":"wp","href":"https:\/\/api.w.org\/{rel}","templated":true}]}}