{"id":291275,"date":"2020-03-28T16:06:32","date_gmt":"2020-03-28T15:06:32","guid":{"rendered":"http:\/\/kapitalis.com\/tunisie\/?p=291275"},"modified":"2020-03-28T16:50:55","modified_gmt":"2020-03-28T15:50:55","slug":"la-haica-suspend-lemission-dattesia-kollouna-tounes-pour-3-mois","status":"publish","type":"post","link":"https:\/\/kapitalis.com\/tunisie\/2020\/03\/28\/la-haica-suspend-lemission-dattesia-kollouna-tounes-pour-3-mois\/","title":{"rendered":"La Ha\u00efca suspend l&rsquo;\u00e9mission d&rsquo;Attessia \u00abKollouna Tounes\u00bb pour 3 mois"},"content":{"rendered":"\n<figure class=\"wp-block-image size-large\"><img decoding=\"async\" src=\"http:\/\/kapitalis.com\/tunisie\/wp-content\/uploads\/2020\/03\/kollouna-tounes-haica-1.jpg\" alt=\"\" class=\"wp-image-291281\"\/><\/figure>\n\n\n\n<p><strong><em> Le pr\u00e9sident de la Haute autorit\u00e9 ind\u00e9pendante de la communication audiovisuelle (Haica) a d\u00e9cid\u00e9, en urgence, ce samedi 28 mars 2020, de suspendre l&rsquo;\u00e9mission \u00abKollouna Tounes\u00bb, diffus\u00e9e sur la cha\u00eene Attessia TV, pour 3 mois, et de pr\u00e9senter le dossier relatif \u00e0 l&rsquo;affaire au conseil de l&rsquo;institution.<\/em><\/strong> <em><strong>Et ce, suite au <a href=\"http:\/\/kapitalis.com\/tunisie\/2020\/03\/28\/la-haica-convoque-le-representant-legal-dattessia-a-la-suite-de-lincident-en-direct-provoque-par-une-de-ses-journalistes\/\">d\u00e9rapage<\/a> survenu hier soir en direct.<\/strong><\/em><\/p>\n\n\n\n<!--more-->\n\n\n\n<p> \u00ab<em>L&rsquo;\u00e9pisode du 27 mars comprenait un manque de respect pour la dignit\u00e9 humaine et la vie priv\u00e9e et une violation de l&rsquo;\u00e9thique et des r\u00e8gles de la profession journalistique<\/em>\u00bb, a indiqu\u00e9 la Haica dans son communiqu\u00e9, rappelant que l&rsquo;\u00e9mission a viol\u00e9 le droit des citoyens de ne pas \u00eatre photographi\u00e9s ou film\u00e9s sans leur permission et que l&rsquo;une des journalistes a tenu, sur antenne, des propos insultants.<\/p>\n\n\n\n<p>Il a \u00e9galement \u00e9t\u00e9 d\u00e9cid\u00e9 de retirer l&rsquo;\u00e9pisode en question du site officiel de la cha\u00eene et de toutes ses pages sur les r\u00e9seaux sociaux et de ne pas en republier ou en exploiter une partie.<\/p>\n\n\n\n<p>Il serait, toutefois, peut-\u00eatre temps pour la Haica de songer \u00e0 sanctionner les personnes fautives et non pas seulement les \u00e9missions, qui n&rsquo;ont pas de conscience. D&rsquo;autant plus qu&rsquo;\u00e0 chaque fois qu&rsquo;une \u00e9mission est suspendue, son \u00e9quipe de production et son l&rsquo;animateur mettent, simplement, en place une autre \u00e9mission, souvent avec un autre nom mais avec un concept proche voire similaire, pour contourner la sanction, et continuent, ainsi, \u00e0 appara\u00eetre sur la m\u00eame cha\u00eene et au m\u00eame rendez-vous comme si de rien n&rsquo;\u00e9tait. <\/p>\n\n\n\n<p class=\"has-text-align-right\"><strong>C. B. Y. <\/strong><\/p>\n\n\n\n<figure class=\"wp-block-embed-wordpress wp-block-embed is-type-wp-embed is-provider-kapitalis\"><div class=\"wp-block-embed__wrapper\">\n<blockquote class=\"wp-embedded-content\" data-secret=\"YjTN6OEz58\"><a href=\"https:\/\/kapitalis.com\/tunisie\/2020\/03\/28\/la-haica-convoque-le-representant-legal-dattessia-a-la-suite-de-lincident-en-direct-provoque-par-une-de-ses-journalistes\/\">La Haica convoque le repr\u00e9sentant l\u00e9gal d&rsquo;Attessia \u00e0 la suite de l&rsquo;incident en direct provoqu\u00e9 par une de ses journalistes<\/a><\/blockquote><iframe loading=\"lazy\" class=\"wp-embedded-content\" sandbox=\"allow-scripts\" security=\"restricted\" style=\"position: absolute; clip: rect(1px, 1px, 1px, 1px);\" title=\"\u00ab\u00a0La Haica convoque le repr\u00e9sentant l\u00e9gal d&rsquo;Attessia \u00e0 la suite de l&rsquo;incident en direct provoqu\u00e9 par une de ses journalistes\u00a0\u00bb &#8212; Kapitalis\" src=\"https:\/\/kapitalis.com\/tunisie\/2020\/03\/28\/la-haica-convoque-le-representant-legal-dattessia-a-la-suite-de-lincident-en-direct-provoque-par-une-de-ses-journalistes\/embed\/#?secret=Ml7PCzXEDy#?secret=YjTN6OEz58\" data-secret=\"YjTN6OEz58\" width=\"600\" height=\"338\" frameborder=\"0\" marginwidth=\"0\" marginheight=\"0\" scrolling=\"no\"><\/iframe>\n<\/div><\/figure>\n\n\n\n<p><\/p>\n","protected":false},"excerpt":{"rendered":"<p>Le pr\u00e9sident de la Haute autorit\u00e9 ind\u00e9pendante de la communication audiovisuelle (Haica) a d\u00e9cid\u00e9, en urgence, ce samedi 28 mars 2020, de suspendre l&rsquo;\u00e9mission \u00abKollouna Tounes\u00bb, diffus\u00e9e sur la cha\u00eene Attessia TV, pour 3 mois, et de pr\u00e9senter le dossier relatif \u00e0 l&rsquo;affaire au conseil de l&rsquo;institution. Et ce, suite au d\u00e9rapage survenu hier soir&#8230;<\/p>\n","protected":false},"author":24,"featured_media":291279,"comment_status":"open","ping_status":"open","sticky":false,"template":"","format":"standard","meta":{"footnotes":""},"categories":[996,2433],"tags":[34184,77108,1843,77105],"class_list":["post-291275","post","type-post","status-publish","format-standard","has-post-thumbnail","hentry","category-media","category-tunisie","tag-alaa-chebbi","tag-attesia","tag-haica","tag-kollouna-tounes"],"yoast_head":"<!-- This site is optimized with the Yoast SEO plugin v26.6 - https:\/\/yoast.com\/wordpress\/plugins\/seo\/ -->\n<title>La Ha\u00efca suspend l&#039;\u00e9mission d&#039;Attessia \u00abKollouna Tounes\u00bb pour 3 mois - Kapitalis<\/title>\n<meta name=\"robots\" content=\"index, follow, max-snippet:-1, max-image-preview:large, max-video-preview:-1\" \/>\n<link rel=\"canonical\" href=\"https:\/\/kapitalis.com\/tunisie\/2020\/03\/28\/la-haica-suspend-lemission-dattesia-kollouna-tounes-pour-3-mois\/\" \/>\n<meta property=\"og:locale\" content=\"fr_FR\" \/>\n<meta property=\"og:type\" content=\"article\" \/>\n<meta property=\"og:title\" content=\"La Ha\u00efca suspend l&#039;\u00e9mission d&#039;Attessia \u00abKollouna Tounes\u00bb pour 3 mois - Kapitalis\" \/>\n<meta property=\"og:description\" content=\"Le pr\u00e9sident de la Haute autorit\u00e9 ind\u00e9pendante de la communication audiovisuelle (Haica) a d\u00e9cid\u00e9, en urgence, ce samedi 28 mars 2020, de suspendre l&rsquo;\u00e9mission \u00abKollouna Tounes\u00bb, diffus\u00e9e sur la cha\u00eene Attessia TV, pour 3 mois, et de pr\u00e9senter le dossier relatif \u00e0 l&rsquo;affaire au conseil de l&rsquo;institution. Et ce, suite au d\u00e9rapage survenu hier soir...\" \/>\n<meta property=\"og:url\" content=\"https:\/\/kapitalis.com\/tunisie\/2020\/03\/28\/la-haica-suspend-lemission-dattesia-kollouna-tounes-pour-3-mois\/\" \/>\n<meta property=\"og:site_name\" content=\"Kapitalis\" \/>\n<meta property=\"article:publisher\" content=\"https:\/\/www.facebook.com\/KapitalisInfo\/\" \/>\n<meta property=\"article:published_time\" content=\"2020-03-28T15:06:32+00:00\" \/>\n<meta property=\"article:modified_time\" content=\"2020-03-28T15:50:55+00:00\" \/>\n<meta property=\"og:image\" content=\"https:\/\/kapitalis.com\/tunisie\/wp-content\/uploads\/2022\/05\/kapitalis-logo-fb.png\" \/>\n\t<meta property=\"og:image:width\" content=\"1200\" \/>\n\t<meta property=\"og:image:height\" content=\"630\" \/>\n\t<meta property=\"og:image:type\" content=\"image\/png\" \/>\n<meta name=\"author\" content=\"Cherif Benyounes\" \/>\n<meta name=\"twitter:card\" content=\"summary_large_image\" \/>\n<meta name=\"twitter:creator\" content=\"@KapitalisInfo\" \/>\n<meta name=\"twitter:site\" content=\"@KapitalisInfo\" \/>\n<meta name=\"twitter:label1\" content=\"\u00c9crit par\" \/>\n\t<meta name=\"twitter:data1\" content=\"Cherif Benyounes\" \/>\n\t<meta name=\"twitter:label2\" content=\"Dur\u00e9e de lecture estim\u00e9e\" \/>\n\t<meta name=\"twitter:data2\" content=\"1 minute\" \/>\n<script type=\"application\/ld+json\" class=\"yoast-schema-graph\">{\"@context\":\"https:\/\/schema.org\",\"@graph\":[{\"@type\":\"Article\",\"@id\":\"https:\/\/kapitalis.com\/tunisie\/2020\/03\/28\/la-haica-suspend-lemission-dattesia-kollouna-tounes-pour-3-mois\/#article\",\"isPartOf\":{\"@id\":\"https:\/\/kapitalis.com\/tunisie\/2020\/03\/28\/la-haica-suspend-lemission-dattesia-kollouna-tounes-pour-3-mois\/\"},\"author\":{\"name\":\"Cherif Benyounes\",\"@id\":\"https:\/\/kapitalis.com\/tunisie\/#\/schema\/person\/b35b8d631961131107263178aeb8019e\"},\"headline\":\"La Ha\u00efca suspend l&rsquo;\u00e9mission d&rsquo;Attessia \u00abKollouna Tounes\u00bb pour 3 mois\",\"datePublished\":\"2020-03-28T15:06:32+00:00\",\"dateModified\":\"2020-03-28T15:50:55+00:00\",\"mainEntityOfPage\":{\"@id\":\"https:\/\/kapitalis.com\/tunisie\/2020\/03\/28\/la-haica-suspend-lemission-dattesia-kollouna-tounes-pour-3-mois\/\"},\"wordCount\":280,\"commentCount\":4,\"publisher\":{\"@id\":\"https:\/\/kapitalis.com\/tunisie\/#organization\"},\"image\":{\"@id\":\"https:\/\/kapitalis.com\/tunisie\/2020\/03\/28\/la-haica-suspend-lemission-dattesia-kollouna-tounes-pour-3-mois\/#primaryimage\"},\"thumbnailUrl\":\"\",\"keywords\":[\"Al\u00e2a Chebbi\",\"attesia\",\"Haica\",\"kollouna tounes\"],\"articleSection\":[\"MEDIA\",\"Tunisie\"],\"inLanguage\":\"fr-FR\",\"potentialAction\":[{\"@type\":\"CommentAction\",\"name\":\"Comment\",\"target\":[\"https:\/\/kapitalis.com\/tunisie\/2020\/03\/28\/la-haica-suspend-lemission-dattesia-kollouna-tounes-pour-3-mois\/#respond\"]}]},{\"@type\":\"WebPage\",\"@id\":\"https:\/\/kapitalis.com\/tunisie\/2020\/03\/28\/la-haica-suspend-lemission-dattesia-kollouna-tounes-pour-3-mois\/\",\"url\":\"https:\/\/kapitalis.com\/tunisie\/2020\/03\/28\/la-haica-suspend-lemission-dattesia-kollouna-tounes-pour-3-mois\/\",\"name\":\"La Ha\u00efca suspend l'\u00e9mission d'Attessia \u00abKollouna Tounes\u00bb pour 3 mois - Kapitalis\",\"isPartOf\":{\"@id\":\"https:\/\/kapitalis.com\/tunisie\/#website\"},\"primaryImageOfPage\":{\"@id\":\"https:\/\/kapitalis.com\/tunisie\/2020\/03\/28\/la-haica-suspend-lemission-dattesia-kollouna-tounes-pour-3-mois\/#primaryimage\"},\"image\":{\"@id\":\"https:\/\/kapitalis.com\/tunisie\/2020\/03\/28\/la-haica-suspend-lemission-dattesia-kollouna-tounes-pour-3-mois\/#primaryimage\"},\"thumbnailUrl\":\"\",\"datePublished\":\"2020-03-28T15:06:32+00:00\",\"dateModified\":\"2020-03-28T15:50:55+00:00\",\"breadcrumb\":{\"@id\":\"https:\/\/kapitalis.com\/tunisie\/2020\/03\/28\/la-haica-suspend-lemission-dattesia-kollouna-tounes-pour-3-mois\/#breadcrumb\"},\"inLanguage\":\"fr-FR\",\"potentialAction\":[{\"@type\":\"ReadAction\",\"target\":[\"https:\/\/kapitalis.com\/tunisie\/2020\/03\/28\/la-haica-suspend-lemission-dattesia-kollouna-tounes-pour-3-mois\/\"]}]},{\"@type\":\"ImageObject\",\"inLanguage\":\"fr-FR\",\"@id\":\"https:\/\/kapitalis.com\/tunisie\/2020\/03\/28\/la-haica-suspend-lemission-dattesia-kollouna-tounes-pour-3-mois\/#primaryimage\",\"url\":\"\",\"contentUrl\":\"\"},{\"@type\":\"BreadcrumbList\",\"@id\":\"https:\/\/kapitalis.com\/tunisie\/2020\/03\/28\/la-haica-suspend-lemission-dattesia-kollouna-tounes-pour-3-mois\/#breadcrumb\",\"itemListElement\":[{\"@type\":\"ListItem\",\"position\":1,\"name\":\"Accueil\",\"item\":\"https:\/\/kapitalis.com\/tunisie\/\"},{\"@type\":\"ListItem\",\"position\":2,\"name\":\"La Ha\u00efca suspend l&rsquo;\u00e9mission d&rsquo;Attessia \u00abKollouna Tounes\u00bb pour 3 mois\"}]},{\"@type\":\"WebSite\",\"@id\":\"https:\/\/kapitalis.com\/tunisie\/#website\",\"url\":\"https:\/\/kapitalis.com\/tunisie\/\",\"name\":\"Kapitalis\",\"description\":\"L&#039;actualit\u00e9 en Tunisie et dans le monde\",\"publisher\":{\"@id\":\"https:\/\/kapitalis.com\/tunisie\/#organization\"},\"potentialAction\":[{\"@type\":\"SearchAction\",\"target\":{\"@type\":\"EntryPoint\",\"urlTemplate\":\"https:\/\/kapitalis.com\/tunisie\/?s={search_term_string}\"},\"query-input\":{\"@type\":\"PropertyValueSpecification\",\"valueRequired\":true,\"valueName\":\"search_term_string\"}}],\"inLanguage\":\"fr-FR\"},{\"@type\":\"Organization\",\"@id\":\"https:\/\/kapitalis.com\/tunisie\/#organization\",\"name\":\"Kapitalis\",\"url\":\"https:\/\/kapitalis.com\/tunisie\/\",\"logo\":{\"@type\":\"ImageObject\",\"inLanguage\":\"fr-FR\",\"@id\":\"https:\/\/kapitalis.com\/tunisie\/#\/schema\/logo\/image\/\",\"url\":\"https:\/\/kapitalis.com\/tunisie\/wp-content\/uploads\/2022\/05\/Kapitalis-big-size.png\",\"contentUrl\":\"https:\/\/kapitalis.com\/tunisie\/wp-content\/uploads\/2022\/05\/Kapitalis-big-size.png\",\"width\":5000,\"height\":1500,\"caption\":\"Kapitalis\"},\"image\":{\"@id\":\"https:\/\/kapitalis.com\/tunisie\/#\/schema\/logo\/image\/\"},\"sameAs\":[\"https:\/\/www.facebook.com\/KapitalisInfo\/\",\"https:\/\/x.com\/KapitalisInfo\",\"https:\/\/www.youtube.com\/channel\/UC-yDYrHyfFBWWZaOw3FPg9Q\"]},{\"@type\":\"Person\",\"@id\":\"https:\/\/kapitalis.com\/tunisie\/#\/schema\/person\/b35b8d631961131107263178aeb8019e\",\"name\":\"Cherif Benyounes\",\"url\":\"https:\/\/kapitalis.com\/tunisie\/author\/cherif\/\"}]}<\/script>\n<!-- \/ Yoast SEO plugin. -->","yoast_head_json":{"title":"La Ha\u00efca suspend l'\u00e9mission d'Attessia \u00abKollouna Tounes\u00bb pour 3 mois - Kapitalis","robots":{"index":"index","follow":"follow","max-snippet":"max-snippet:-1","max-image-preview":"max-image-preview:large","max-video-preview":"max-video-preview:-1"},"canonical":"https:\/\/kapitalis.com\/tunisie\/2020\/03\/28\/la-haica-suspend-lemission-dattesia-kollouna-tounes-pour-3-mois\/","og_locale":"fr_FR","og_type":"article","og_title":"La Ha\u00efca suspend l'\u00e9mission d'Attessia \u00abKollouna Tounes\u00bb pour 3 mois - Kapitalis","og_description":"Le pr\u00e9sident de la Haute autorit\u00e9 ind\u00e9pendante de la communication audiovisuelle (Haica) a d\u00e9cid\u00e9, en urgence, ce samedi 28 mars 2020, de suspendre l&rsquo;\u00e9mission \u00abKollouna Tounes\u00bb, diffus\u00e9e sur la cha\u00eene Attessia TV, pour 3 mois, et de pr\u00e9senter le dossier relatif \u00e0 l&rsquo;affaire au conseil de l&rsquo;institution. Et ce, suite au d\u00e9rapage survenu hier soir...","og_url":"https:\/\/kapitalis.com\/tunisie\/2020\/03\/28\/la-haica-suspend-lemission-dattesia-kollouna-tounes-pour-3-mois\/","og_site_name":"Kapitalis","article_publisher":"https:\/\/www.facebook.com\/KapitalisInfo\/","article_published_time":"2020-03-28T15:06:32+00:00","article_modified_time":"2020-03-28T15:50:55+00:00","og_image":[{"width":1200,"height":630,"url":"https:\/\/kapitalis.com\/tunisie\/wp-content\/uploads\/2022\/05\/kapitalis-logo-fb.png","type":"image\/png"}],"author":"Cherif Benyounes","twitter_card":"summary_large_image","twitter_creator":"@KapitalisInfo","twitter_site":"@KapitalisInfo","twitter_misc":{"\u00c9crit par":"Cherif Benyounes","Dur\u00e9e de lecture estim\u00e9e":"1 minute"},"schema":{"@context":"https:\/\/schema.org","@graph":[{"@type":"Article","@id":"https:\/\/kapitalis.com\/tunisie\/2020\/03\/28\/la-haica-suspend-lemission-dattesia-kollouna-tounes-pour-3-mois\/#article","isPartOf":{"@id":"https:\/\/kapitalis.com\/tunisie\/2020\/03\/28\/la-haica-suspend-lemission-dattesia-kollouna-tounes-pour-3-mois\/"},"author":{"name":"Cherif Benyounes","@id":"https:\/\/kapitalis.com\/tunisie\/#\/schema\/person\/b35b8d631961131107263178aeb8019e"},"headline":"La Ha\u00efca suspend l&rsquo;\u00e9mission d&rsquo;Attessia \u00abKollouna Tounes\u00bb pour 3 mois","datePublished":"2020-03-28T15:06:32+00:00","dateModified":"2020-03-28T15:50:55+00:00","mainEntityOfPage":{"@id":"https:\/\/kapitalis.com\/tunisie\/2020\/03\/28\/la-haica-suspend-lemission-dattesia-kollouna-tounes-pour-3-mois\/"},"wordCount":280,"commentCount":4,"publisher":{"@id":"https:\/\/kapitalis.com\/tunisie\/#organization"},"image":{"@id":"https:\/\/kapitalis.com\/tunisie\/2020\/03\/28\/la-haica-suspend-lemission-dattesia-kollouna-tounes-pour-3-mois\/#primaryimage"},"thumbnailUrl":"","keywords":["Al\u00e2a Chebbi","attesia","Haica","kollouna tounes"],"articleSection":["MEDIA","Tunisie"],"inLanguage":"fr-FR","potentialAction":[{"@type":"CommentAction","name":"Comment","target":["https:\/\/kapitalis.com\/tunisie\/2020\/03\/28\/la-haica-suspend-lemission-dattesia-kollouna-tounes-pour-3-mois\/#respond"]}]},{"@type":"WebPage","@id":"https:\/\/kapitalis.com\/tunisie\/2020\/03\/28\/la-haica-suspend-lemission-dattesia-kollouna-tounes-pour-3-mois\/","url":"https:\/\/kapitalis.com\/tunisie\/2020\/03\/28\/la-haica-suspend-lemission-dattesia-kollouna-tounes-pour-3-mois\/","name":"La Ha\u00efca suspend l'\u00e9mission d'Attessia \u00abKollouna Tounes\u00bb pour 3 mois - Kapitalis","isPartOf":{"@id":"https:\/\/kapitalis.com\/tunisie\/#website"},"primaryImageOfPage":{"@id":"https:\/\/kapitalis.com\/tunisie\/2020\/03\/28\/la-haica-suspend-lemission-dattesia-kollouna-tounes-pour-3-mois\/#primaryimage"},"image":{"@id":"https:\/\/kapitalis.com\/tunisie\/2020\/03\/28\/la-haica-suspend-lemission-dattesia-kollouna-tounes-pour-3-mois\/#primaryimage"},"thumbnailUrl":"","datePublished":"2020-03-28T15:06:32+00:00","dateModified":"2020-03-28T15:50:55+00:00","breadcrumb":{"@id":"https:\/\/kapitalis.com\/tunisie\/2020\/03\/28\/la-haica-suspend-lemission-dattesia-kollouna-tounes-pour-3-mois\/#breadcrumb"},"inLanguage":"fr-FR","potentialAction":[{"@type":"ReadAction","target":["https:\/\/kapitalis.com\/tunisie\/2020\/03\/28\/la-haica-suspend-lemission-dattesia-kollouna-tounes-pour-3-mois\/"]}]},{"@type":"ImageObject","inLanguage":"fr-FR","@id":"https:\/\/kapitalis.com\/tunisie\/2020\/03\/28\/la-haica-suspend-lemission-dattesia-kollouna-tounes-pour-3-mois\/#primaryimage","url":"","contentUrl":""},{"@type":"BreadcrumbList","@id":"https:\/\/kapitalis.com\/tunisie\/2020\/03\/28\/la-haica-suspend-lemission-dattesia-kollouna-tounes-pour-3-mois\/#breadcrumb","itemListElement":[{"@type":"ListItem","position":1,"name":"Accueil","item":"https:\/\/kapitalis.com\/tunisie\/"},{"@type":"ListItem","position":2,"name":"La Ha\u00efca suspend l&rsquo;\u00e9mission d&rsquo;Attessia \u00abKollouna Tounes\u00bb pour 3 mois"}]},{"@type":"WebSite","@id":"https:\/\/kapitalis.com\/tunisie\/#website","url":"https:\/\/kapitalis.com\/tunisie\/","name":"Kapitalis","description":"L&#039;actualit\u00e9 en Tunisie et dans le monde","publisher":{"@id":"https:\/\/kapitalis.com\/tunisie\/#organization"},"potentialAction":[{"@type":"SearchAction","target":{"@type":"EntryPoint","urlTemplate":"https:\/\/kapitalis.com\/tunisie\/?s={search_term_string}"},"query-input":{"@type":"PropertyValueSpecification","valueRequired":true,"valueName":"search_term_string"}}],"inLanguage":"fr-FR"},{"@type":"Organization","@id":"https:\/\/kapitalis.com\/tunisie\/#organization","name":"Kapitalis","url":"https:\/\/kapitalis.com\/tunisie\/","logo":{"@type":"ImageObject","inLanguage":"fr-FR","@id":"https:\/\/kapitalis.com\/tunisie\/#\/schema\/logo\/image\/","url":"https:\/\/kapitalis.com\/tunisie\/wp-content\/uploads\/2022\/05\/Kapitalis-big-size.png","contentUrl":"https:\/\/kapitalis.com\/tunisie\/wp-content\/uploads\/2022\/05\/Kapitalis-big-size.png","width":5000,"height":1500,"caption":"Kapitalis"},"image":{"@id":"https:\/\/kapitalis.com\/tunisie\/#\/schema\/logo\/image\/"},"sameAs":["https:\/\/www.facebook.com\/KapitalisInfo\/","https:\/\/x.com\/KapitalisInfo","https:\/\/www.youtube.com\/channel\/UC-yDYrHyfFBWWZaOw3FPg9Q"]},{"@type":"Person","@id":"https:\/\/kapitalis.com\/tunisie\/#\/schema\/person\/b35b8d631961131107263178aeb8019e","name":"Cherif Benyounes","url":"https:\/\/kapitalis.com\/tunisie\/author\/cherif\/"}]}},"_links":{"self":[{"href":"https:\/\/kapitalis.com\/tunisie\/wp-json\/wp\/v2\/posts\/291275","targetHints":{"allow":["GET"]}}],"collection":[{"href":"https:\/\/kapitalis.com\/tunisie\/wp-json\/wp\/v2\/posts"}],"about":[{"href":"https:\/\/kapitalis.com\/tunisie\/wp-json\/wp\/v2\/types\/post"}],"author":[{"embeddable":true,"href":"https:\/\/kapitalis.com\/tunisie\/wp-json\/wp\/v2\/users\/24"}],"replies":[{"embeddable":true,"href":"https:\/\/kapitalis.com\/tunisie\/wp-json\/wp\/v2\/comments?post=291275"}],"version-history":[{"count":0,"href":"https:\/\/kapitalis.com\/tunisie\/wp-json\/wp\/v2\/posts\/291275\/revisions"}],"wp:featuredmedia":[{"embeddable":true,"href":"https:\/\/kapitalis.com\/tunisie\/wp-json\/wp\/v2\/media\/291279"}],"wp:attachment":[{"href":"https:\/\/kapitalis.com\/tunisie\/wp-json\/wp\/v2\/media?parent=291275"}],"wp:term":[{"taxonomy":"category","embeddable":true,"href":"https:\/\/kapitalis.com\/tunisie\/wp-json\/wp\/v2\/categories?post=291275"},{"taxonomy":"post_tag","embeddable":true,"href":"https:\/\/kapitalis.com\/tunisie\/wp-json\/wp\/v2\/tags?post=291275"}],"curies":[{"name":"wp","href":"https:\/\/api.w.org\/{rel}","templated":true}]}}