{"id":291381,"date":"2020-03-29T13:45:22","date_gmt":"2020-03-29T12:45:22","guid":{"rendered":"http:\/\/kapitalis.com\/tunisie\/?p=291381"},"modified":"2020-03-29T13:45:30","modified_gmt":"2020-03-29T12:45:30","slug":"coronavirus-le-jour-dapres-la-recession-mondiale","status":"publish","type":"post","link":"https:\/\/kapitalis.com\/tunisie\/2020\/03\/29\/coronavirus-le-jour-dapres-la-recession-mondiale\/","title":{"rendered":"Coronavirus : le jour d\u2019apr\u00e8s la r\u00e9cession mondiale"},"content":{"rendered":"\n<figure class=\"wp-block-image size-large\"><img decoding=\"async\" src=\"http:\/\/kapitalis.com\/tunisie\/wp-content\/uploads\/2020\/03\/Recession-coronavirus.jpg\" alt=\"\" class=\"wp-image-291382\"\/><\/figure>\n\n\n\n<p> <strong><em>Les dirigeants de la plan\u00e8te ont d\u00e9j\u00e0 act\u00e9 la chute de l\u2019\u00e9conomie mondiale en 2020, apr\u00e8s le passage d\u00e9vastateur du coronavirus. Ils s\u2019inqui\u00e8tent d\u00e9sormais pour le \u00abjour d\u2019apr\u00e8s\u00bb de cette Grande R\u00e9cession. <\/em><\/strong><\/p>\n\n\n\n<p> Par <strong>Hassen Zenati<\/strong><\/p>\n\n\n\n<!--more-->\n\n\n\n<p> La r\u00e9cession mondiale sera aussi s\u00e9v\u00e8re, sinon plus, que celle qui avait frapp\u00e9 le monde apr\u00e8s la crise financi\u00e8re de 2008-2009, a d\u00e9j\u00e0 averti la directrice du Fonds mon\u00e9taire international (FMI), Kristalina Georgieva, en appelant les Etats \u00e0 prendre des mesures \u00e9nergiques pour att\u00e9nuer le choc, tout en continuant \u00e0 travailler pour contenir la pand\u00e9mie et assurer la sortie de la crise sanitaire avec le moins possible de d\u00e9g\u00e2ts humains. Elle a ainsi mis en garde les pays comme les Etats-Unis et le Br\u00e9sil contre la tentation d\u2019une lev\u00e9e pr\u00e9matur\u00e9e des mesures de confinement, estimant qu\u2019il \u00absera impossible de parvenir \u00e0 une reprise solide sans un confinement solide\u00bb. <em>\u00abOn n\u2019a jamais eu une \u00e9conomie\u00bb<\/em> qui s\u2019arr\u00eate d\u2019un seul coup, a-t-elle ajout\u00e9 sid\u00e9r\u00e9. <\/p>\n\n\n\n<h3 class=\"wp-block-heading\"> Les PIB ont chut\u00e9 en moyenne d\u2019un tiers <\/h3>\n\n\n\n<p> La question qui hante les dirigeants du monde est maintenant de savoir ce qu\u2019il faut faire le <em>\u00abjour d\u2019apr\u00e8s\u00bb<\/em> lorsque la crise sanitaire surmont\u00e9e, il faudra s\u2019atteler \u00e0 la remise en \u00e9tat de l\u2019\u00e9conomie mondiale \u00e9reint\u00e9e par le Covid19. Les premiers chiffres qui viennent de tomber, \u00e9tablis <em>\u00ab\u00e0 la louche\u00bb<\/em> faute de donn\u00e9es d\u00e9finitives fiables, par des experts de diff\u00e9rentes organisations internationales, sont proprement effarants. <\/p>\n\n\n\n<p> Alors que le nombre de morts atteints par le virus insaisissable et rebelle se chiffre par dizaines de milliers et augmente rapidement, et que pr\u00e8s de la moiti\u00e9 de l\u2019humanit\u00e9 est d\u00e9sormais sous confinement total (Chine, Inde) ou partiel (France, Italie, Espagne, Royaume Unis, Etats-Unis), en moins de trois mois de crise sanitaire, les PIB ont chut\u00e9 en moyenne d\u2019un tiers. Chaque mois de retard pour amorcer la relance sera pay\u00e9 de trois \u00e0 quatre point de richesse nationale en manque \u00e0 gagner. Les agences de notation financi\u00e8re \u00e9valuent le recul en moyenne mondiale \u00e0 au moins 0,8% de PIB sur une base annuelle. La contraction pourrait atteindre 2% aux Etats-Unis et 2,2% dans la zone euro. <\/p>\n\n\n\n<p> Le monde en fin de cycle, apr\u00e8s plusieurs ann\u00e9es de hausse continue de l\u2019activit\u00e9, notamment aux Etats-Unis, qui ont enregistr\u00e9 leur taux de ch\u00f4mage le plus bas depuis des d\u00e9cennies, se pr\u00e9parait, certes, \u00e0 un recul de la croissance. Mais le Covid-19 s\u2019est abattu comme un fl\u00e9au pour acc\u00e9l\u00e9rer la chute.<\/p>\n\n\n\n<h3 class=\"wp-block-heading\"> Des millions de ch\u00f4meurs en plus<\/h3>\n\n\n\n<p> Cela se traduira immanquablement par des millions de ch\u00f4meurs en plus, une baisse importante du pouvoir d\u2019achat, en particulier celui de la classe moyenne, colonne vert\u00e9brale des pouvoirs en place, et \u00e0 travers le creusement des d\u00e9ficits budg\u00e9taires, par l\u2019explosion des dettes nationales. Avec comme cons\u00e9quence possible, sinon probable, une crise des dettes souveraines dans les pays les plus endett\u00e9s (plus de 100% du PIB). Ils seront t\u00f4t ou tard confront\u00e9s soit au refus des emprunteurs de s\u2019engager \u00e0 leurs c\u00f4t\u00e9s soit \u00e0 des taux d\u2019int\u00e9r\u00eats tellement \u00e9lev\u00e9s que le rem\u00e8de sera, pour eux, pire que le mal, alors qu\u2019ils souffraient d\u00e9j\u00e0, avec des taux d\u2019int\u00e9r\u00eats proches de z\u00e9ro, sinon n\u00e9gatifs, avant la crise sanitaire. Seul pays qui \u00e9chappera sans doute \u00e0 ce dilemme: les Etats-Unis. Gr\u00e2ce au statut privil\u00e9gi\u00e9 du dollar, monnaie nationale et internationale \u00e0 la fois, ils pourront creuser leurs d\u00e9ficits tant qu\u2019ils le voudront, sans avoir \u00e0 rendre de comptes.<\/p>\n\n\n\n<p> Premier r\u00e9flexe des puissances publiques pour contrer la catastrophe \u00e9conomique qui s\u2019annonce : ouvrir \u00e0 fond les vannes du cr\u00e9dit, soit indirectement \u00e0 travers les budgets, soit directement par l\u2019interm\u00e9diaire des banques nationales ou r\u00e9gionales. Depuis quelques jours, si l\u2019on en croit les annonces successives des grands argentiers du monde, l\u2019argent est appel\u00e9 \u00e0 couler \u00e0 flot.<\/p>\n\n\n\n<h3 class=\"wp-block-heading\"> Le G-20 fait \u00abfront commun\u00bb contre le virus<\/h3>\n\n\n\n<p> Les dirigeants du G-20 ont opportun\u00e9ment r\u00e9int\u00e9gr\u00e9, \u00e0 l\u2019occasion, le pr\u00e9sident de la Russie Vladimir Poutine, plac\u00e9 depuis plusieurs mois au ban de cette organisation des pays les plus riches du monde. Ils ont \u00e9t\u00e9 appel\u00e9s \u00e0 mettre en sourdine leurs tiraillements politiques pour <em>\u00abenvoyer un message fort d\u2019unit\u00e9 et de confiance\u00bb<\/em> \u00e0 un monde en pleine d\u00e9tresse. <\/p>\n\n\n\n<p> La <em>\u00abpique\u00bb<\/em> s\u2019adressait notamment au secr\u00e9taire d\u2019Etat am\u00e9ricain Mike Pompeo, qui avait tent\u00e9 de relancer la pol\u00e9mique avec la Chine sur l\u2019origine de la pand\u00e9mie et somm\u00e9 le prince h\u00e9ritier saoudien Mohammed Ben Salmane \u00e0 se <em>\u00abmontrer \u00e0 la hauteur des enjeux (\u2026) en rassurant les march\u00e9s \u00e9nerg\u00e9tiques et financiers mondiaux\u00bb.<\/em> Allusion directe \u00e0 la guerre des prix du p\u00e9trole d\u00e9clench\u00e9e par Riyad initialement pour <em>\u00abpunir\u00bb<\/em> la Russie pour s\u2019\u00eatre d\u00e9solidaris\u00e9 de l\u2019OPEP, mais qui s\u2019av\u00e8re \u00eatre catastrophique pour les producteurs am\u00e9ricains de p\u00e9trole de schiste.<\/p>\n\n\n\n<p> Finalement le G-20 a d\u00e9cid\u00e9 de faire <em>\u00abfront commun\u00bb<\/em>, face \u00e0 un <em>\u00abvirus qui ne conna\u00eet pas de fronti\u00e8res\u00bb<\/em>, en appelant ses membres \u00e0 la <em>\u00absolidarit\u00e9\u00bb<\/em>, \u00e0 la <em>\u00abtransparence\u00bb<\/em> et \u00e0 la coop\u00e9ration avec les institutions internationales pour <em>\u00abr\u00e9tablir la confiance, pr\u00e9server la stabilit\u00e9 financi\u00e8re et ranimer la croissance\u00bb<\/em>. Il a annonc\u00e9 qu\u2019il mettra 5.000 milliards de dollars sur la table dans le cadre de politiques fiscales cibl\u00e9es et de plans pour contrer les impacts \u00e9conomiques, sociaux et financiers n\u00e9gatifs de la pand\u00e9mie du si\u00e8cle. Les pays membres ont \u00e9t\u00e9 en outre appel\u00e9s \u00e0 mettre un terme \u00e0 leur <em>\u00abguerre commerciale\u00bb<\/em> (allusion au bras de fer entre Washington et P\u00e9kin) et \u00e0 faciliter les flux commerciaux internationaux d\u00e8s la fin de la crise sanitaire. <em>\u00abLes guerres commerciales et les sanctions aggravent la r\u00e9cession\u00bb<\/em>, a rappel\u00e9 Vladimir Poutine, dont le pays subit de lourdes sanctions depuis la guerre d\u2019Ukraine. <\/p>\n\n\n\n<h3 class=\"wp-block-heading\"> La course aux aides budg\u00e9taires<\/h3>\n\n\n\n<p> Mais d\u00e9j\u00e0, les engagements du G-20, qui a omis de mentionner l\u2019aide aux pays les plus pauvres confront\u00e9s \u00e0 la pand\u00e9mie, ont \u00e9t\u00e9 jug\u00e9s <em>\u00abinsuffisants\u00bb <\/em>par le directeur ex\u00e9cutif de l\u2019ONG Oxfam, Chema Vera. Il a appel\u00e9 \u00e0 un <em>\u00abplan vraiment ambitieux\u00bb <\/em>pour soutenir l\u2019investissement dans les infrastructures de sant\u00e9 publique. <em>\u00abLes gouvernements les plus riches sont encore au stade de l\u2019\u00e9chauffement face \u00e0 l&rsquo;ampleur de l\u2019effort \u00e0 fournir\u00bb<\/em>, a-t-il averti. <\/p>\n\n\n\n<p> Dans son sillage, l\u2019Ethiopien Tedros Adhanom Ghebreyesus, chef de l\u2019OMS, a r\u00e9clam\u00e9 le soutien du G-20 aux pays \u00e0 faible et moyen revenu d\u2019Afrique subsaharienne et demand\u00e9 au FMI et \u00e0 la Banque mondiale de suspendre le remboursement des dettes des pays les plus pauvres.<\/p>\n\n\n\n<p> Partout dans le monde c\u2019est la course aux aides budg\u00e9taires, en faisant fi des<em> \u00absacro-saintes\u00bb<\/em> r\u00e8gles de stricte limitation des d\u00e9ficits pour soutenir des \u00e9conomies chancelantes et contenir l\u2019ampleur de la d\u00e9b\u00e2cle. <em>\u00abC\u2019est la guerre et il faut faire face co\u00fbte que co\u00fbte\u00bb<\/em>, a d\u00e9cr\u00e9t\u00e9 le pr\u00e9sident fran\u00e7ais Emmanuel Macron, bient\u00f4t repris par l\u2019ensemble des dirigeants europ\u00e9ens malgr\u00e9 leurs divergences de fond. Italie, Espagne, Royaume Unie, Allemagne, les plans d\u2019urgence ou <em>\u00abplan bazooka\u00bb<\/em> tombent en cascade pour rassurer les milieux d\u2019affaires et soutenir le moral des populations inqui\u00e8tes du lendemain. Mesure phare : le report des charges et imp\u00f4ts pour \u00e9viter la faillite des entreprises les plus fragiles. Mais l\u2019arme principale pr\u00e9conis\u00e9e est le ch\u00f4mage partiel, pay\u00e9 au taux de 90 \u00e0 100% du salaire net, pour \u00e9viter les licenciements et pr\u00e9server les savoir-faire pour le<em> \u00abjour d\u2019apr\u00e8s\u00bb <\/em>la crise sanitaire, lorsqu\u2019il faudra red\u00e9marrer l\u2019activit\u00e9. Des aides aux familles sont par ailleurs pr\u00e9vues, notamment pour les parents contraints d\u2019arr\u00eater de travailler pour s\u2019occuper de leurs enfants sevr\u00e9s d\u2019\u00e9cole.<\/p>\n\n\n\n<h3 class=\"wp-block-heading\"> L\u2019\u00e9difice europ\u00e9en en danger de d\u00e9sagr\u00e9gation<\/h3>\n\n\n\n<p> Sur un autre plan, le Covid19 a attis\u00e9 les diff\u00e9rends entre les pays du Nord de l\u2019Union Europ\u00e9enne (Allemagne, Pays-Bas) et ceux du Sud (Italie, Espagne, France, Gr\u00e8ce) sur la question \u00e9pineuse et r\u00e9currente de la <em>\u00abmutualisation\u00bb<\/em> de la dette des Etats : les premiers estimant qu\u2019ils n\u2019ont pas \u00e0 payer de leurs exc\u00e9dents accumul\u00e9s gr\u00e2ce \u00e0 une gestion vertueuse de leur budget, les d\u00e9ficits des pays du sud occasionn\u00e9s par des d\u00e9penses publiques mal contr\u00f4l\u00e9es. L\u2019Italien Guiseppe Conte est all\u00e9 \u00e0 la confrontation et n\u2019a pas m\u00e2ch\u00e9 ses mots dans une menace \u00e0 peine voil\u00e9e:<em> \u00abNous devons \u00e9viter de faire en Europe des choix tragiques. Si l\u2019Europe ne se montre pas \u00e0 la hauteur de ce d\u00e9fi sans pr\u00e9c\u00e9dent, l\u2019\u00e9difice europ\u00e9en tout entier risque de perdre, aux yeux de nos propres citoyens, sa raison d\u2019\u00eatre.\u00bb<\/em><\/p>\n\n\n\n<p> Pour leur part, les Etats-Unis, ne craignant pas les d\u00e9ficits, ont plong\u00e9 les mains profond\u00e9ment dans la poche pour sortir 2.000 milliards de dollars de soutien en faveur d\u2019un plan de relance qualifi\u00e9 dores et d\u00e9j\u00e0 d\u2019<em>\u00abhistorique\u00bb, <\/em>mais qui, pour certains experts, pr\u00e9conisant le double, pourrait s\u2019av\u00e9rer insuffisant. <\/p>\n\n\n\n<p> Donald Trump tient mordicus \u00e0 remettre les Am\u00e9ricains au travail le plus t\u00f4t possible, avant P\u00e2ques, si possible, estimant qu\u2019un confinement prolong\u00e9 de la population pourrait <em>\u00abd\u00e9truire le pays\u00bb<\/em> et qu\u2019une <em>\u00abgrave r\u00e9cession pourrait faire plus de victimes que le virus\u00bb<\/em>. Il n\u2019a pas h\u00e9sit\u00e9 \u00e0 engager un bras de fer sur ce th\u00e8me avec le Conseil scientifique de la Maison Blanche. <\/p>\n\n\n\n<p> Les \u00c9tats-Unis qui ont d\u00e9j\u00e0 bascul\u00e9 dans la r\u00e9cession, pourraient perdre 350 milliards de dollars de PIB et un million d\u2019emploi, selon le bureau d\u2019\u00e9tudes britanniques Oxford. Le pr\u00e9sident de la R\u00e9serve f\u00e9d\u00e9rale de Saint Louis James Bullard parle de <em>\u00abchoc violent\u00bb<\/em> et anticipe pour sa part 46 millions ch\u00f4meurs au total \u00e0 court terme dans un pays o\u00f9 la protection sociale est faible. Cette \u00e9volution cauchemardesque hante les nuits de Donald Trump, qui comptait sur la prosp\u00e9rit\u00e9 \u00e9conomique retrouv\u00e9e pour assurer sa r\u00e9\u00e9lection dans un fauteuil en novembre prochain. <\/p>\n\n\n\n<p> Mais au-del\u00e0 des mesures de court terme pour la relance de l\u2019\u00e9conomie mondiale en souffrance,<em> \u00able jour d\u2019apr\u00e8s\u00bb<\/em> la crise posera deux probl\u00e8mes auxquels on ne sait toujours pas r\u00e9pondre. Faut-il poursuivre la mondialisation au risque de subir de nouvelles crises plan\u00e9taires du fait de la connexion de plus en plus \u00e9troite des \u00e9conomies nationales ? Et puisqu\u2019on conna\u00eet les perdants de la crise du coronavirus, dont on va voir les \u00e9conomies vaciller les unes derri\u00e8re les autres au cours des prochains mois, quels en sont donc les gagnants? <\/p>\n\n\n\n<p> \u00c0 la premi\u00e8re question, la r\u00e9ponse est, au doigt mouill\u00e9 : il vaut mieux continuer la mondialisation en l\u2019ajustant, que de se laisser subjuguer par des appels \u00e0 contre-courant, dont l\u2019effet n\u00e9faste sera certain, m\u00eame s\u2019il reste pour l\u2019instant incalculable. Un arr\u00eat brutal du commerce mondial et du libre-\u00e9change se traduira pour le moins par une mont\u00e9e en fl\u00e8che des prix \u00e0 la consommation dans chaque pays et de p\u00e9nuries insupportables. Une telle perspective va sans doute dans le sens de la d\u00e9croissance pr\u00f4n\u00e9e notamment par les \u00e9cologistes en Europe, mais convient-elle au consommateur lambda ?<\/p>\n\n\n\n<p> Les experts sont moins incertains sur les gagnants de la crise sanitaire. Ce seront probablement les Gafa : Google, Amazone, Facebook, Twitter, ces g\u00e9ants du num\u00e9rique et d\u2019internet, qui disposent de plates-formes gigantesques bien implant\u00e9es en Europe et dans le monde. La crise actuelle devrait leur permettre de renforcer la supr\u00e9matie commerciale qu\u2019ils ont acquise ces derni\u00e8res ann\u00e9es dans les \u00e9conomies du Vieux Monde, et d\u2019acc\u00e9l\u00e9rer la transition de l\u2019\u00e9conomie mondiale vers le num\u00e9rique. <\/p>\n\n\n\n<p> D\u00e9j\u00e0 plusieurs groupes de l\u2019ancienne \u00e9conomie sont \u00e0 l\u2019agonie, emport\u00e9s par le mouvement de fond du num\u00e9rique. Amazon a d\u00fb embaucher 100.000 personnes pour faire face aux commandes g\u00e9n\u00e9r\u00e9es \u00e0 la suite du confinement. Tout un symbole. Dans plusieurs autres domaines les g\u00e9ants am\u00e9ricains du num\u00e9rique, devenus en quelques ann\u00e9es les plus grandes capitalisations boursi\u00e8res, sont en train de prendre d\u00e9finitivement le pas. Ils seront avec quelques autres, notamment le Chinois Alibaba, de plus en plus en plus dominants et de plus envahissants, peut-\u00eatre m\u00eame sans \u00e9gards \u00e0 la vie priv\u00e9 des connect\u00e9s.<\/p>\n","protected":false},"excerpt":{"rendered":"<p>Les dirigeants de la plan\u00e8te ont d\u00e9j\u00e0 act\u00e9 la chute de l\u2019\u00e9conomie mondiale en 2020, apr\u00e8s le passage d\u00e9vastateur du coronavirus. Ils s\u2019inqui\u00e8tent d\u00e9sormais pour le \u00abjour d\u2019apr\u00e8s\u00bb de cette Grande R\u00e9cession. Par Hassen Zenati<\/p>\n","protected":false},"author":8,"featured_media":291382,"comment_status":"open","ping_status":"open","sticky":false,"template":"","format":"standard","meta":{"footnotes":""},"categories":[992,995,2433],"tags":[73060,9054,19579,77135,77134,77133,77132,937,5305],"class_list":["post-291381","post","type-post","status-publish","format-standard","has-post-thumbnail","hentry","category-a-la-une","category-economie","category-tunisie","tag-coronavirus","tag-donald-trump","tag-emmanuel-macron","tag-gafa","tag-kristalina-georgieva","tag-politiques-fiscales-ciblees","tag-recession-mondiale","tag-union-europeenne","tag-vladimir-poutine"],"yoast_head":"<!-- This site is optimized with the Yoast SEO plugin v26.6 - https:\/\/yoast.com\/wordpress\/plugins\/seo\/ -->\n<title>Coronavirus : le jour d\u2019apr\u00e8s la r\u00e9cession mondiale - Kapitalis<\/title>\n<meta name=\"robots\" content=\"index, follow, max-snippet:-1, max-image-preview:large, max-video-preview:-1\" \/>\n<link rel=\"canonical\" href=\"https:\/\/kapitalis.com\/tunisie\/2020\/03\/29\/coronavirus-le-jour-dapres-la-recession-mondiale\/\" \/>\n<meta property=\"og:locale\" content=\"fr_FR\" \/>\n<meta property=\"og:type\" content=\"article\" \/>\n<meta property=\"og:title\" content=\"Coronavirus : le jour d\u2019apr\u00e8s la r\u00e9cession mondiale - Kapitalis\" \/>\n<meta property=\"og:description\" content=\"Les dirigeants de la plan\u00e8te ont d\u00e9j\u00e0 act\u00e9 la chute de l\u2019\u00e9conomie mondiale en 2020, apr\u00e8s le passage d\u00e9vastateur du coronavirus. Ils s\u2019inqui\u00e8tent d\u00e9sormais pour le \u00abjour d\u2019apr\u00e8s\u00bb de cette Grande R\u00e9cession. Par Hassen Zenati\" \/>\n<meta property=\"og:url\" content=\"https:\/\/kapitalis.com\/tunisie\/2020\/03\/29\/coronavirus-le-jour-dapres-la-recession-mondiale\/\" \/>\n<meta property=\"og:site_name\" content=\"Kapitalis\" \/>\n<meta property=\"article:publisher\" content=\"https:\/\/www.facebook.com\/KapitalisInfo\/\" \/>\n<meta property=\"article:published_time\" content=\"2020-03-29T12:45:22+00:00\" \/>\n<meta property=\"article:modified_time\" content=\"2020-03-29T12:45:30+00:00\" \/>\n<meta property=\"og:image\" content=\"https:\/\/kapitalis.com\/tunisie\/wp-content\/uploads\/2022\/05\/kapitalis-logo-fb.png\" \/>\n\t<meta property=\"og:image:width\" content=\"1200\" \/>\n\t<meta property=\"og:image:height\" content=\"630\" \/>\n\t<meta property=\"og:image:type\" content=\"image\/png\" \/>\n<meta name=\"author\" content=\"webmaster kapitalis\" \/>\n<meta name=\"twitter:card\" content=\"summary_large_image\" \/>\n<meta name=\"twitter:creator\" content=\"@KapitalisInfo\" \/>\n<meta name=\"twitter:site\" content=\"@KapitalisInfo\" \/>\n<meta name=\"twitter:label1\" content=\"\u00c9crit par\" \/>\n\t<meta name=\"twitter:data1\" content=\"webmaster kapitalis\" \/>\n\t<meta name=\"twitter:label2\" content=\"Dur\u00e9e de lecture estim\u00e9e\" \/>\n\t<meta name=\"twitter:data2\" content=\"11 minutes\" \/>\n<script type=\"application\/ld+json\" class=\"yoast-schema-graph\">{\"@context\":\"https:\/\/schema.org\",\"@graph\":[{\"@type\":\"Article\",\"@id\":\"https:\/\/kapitalis.com\/tunisie\/2020\/03\/29\/coronavirus-le-jour-dapres-la-recession-mondiale\/#article\",\"isPartOf\":{\"@id\":\"https:\/\/kapitalis.com\/tunisie\/2020\/03\/29\/coronavirus-le-jour-dapres-la-recession-mondiale\/\"},\"author\":{\"name\":\"webmaster kapitalis\",\"@id\":\"https:\/\/kapitalis.com\/tunisie\/#\/schema\/person\/d71f33a9ca44f7bad4698210b480c8e9\"},\"headline\":\"Coronavirus : le jour d\u2019apr\u00e8s la r\u00e9cession mondiale\",\"datePublished\":\"2020-03-29T12:45:22+00:00\",\"dateModified\":\"2020-03-29T12:45:30+00:00\",\"mainEntityOfPage\":{\"@id\":\"https:\/\/kapitalis.com\/tunisie\/2020\/03\/29\/coronavirus-le-jour-dapres-la-recession-mondiale\/\"},\"wordCount\":2144,\"commentCount\":3,\"publisher\":{\"@id\":\"https:\/\/kapitalis.com\/tunisie\/#organization\"},\"image\":{\"@id\":\"https:\/\/kapitalis.com\/tunisie\/2020\/03\/29\/coronavirus-le-jour-dapres-la-recession-mondiale\/#primaryimage\"},\"thumbnailUrl\":\"\",\"keywords\":[\"Coronavirus\",\"Donald Trump\",\"Emmanuel Macron\",\"Gafa\",\"Kristalina Georgieva\",\"politiques fiscales cibl\u00e9es\",\"r\u00e9cession mondiale\",\"Union europ\u00e9enne\",\"Vladimir Poutine\"],\"articleSection\":[\"A LA UNE\",\"ECONOMIE\",\"Tunisie\"],\"inLanguage\":\"fr-FR\",\"potentialAction\":[{\"@type\":\"CommentAction\",\"name\":\"Comment\",\"target\":[\"https:\/\/kapitalis.com\/tunisie\/2020\/03\/29\/coronavirus-le-jour-dapres-la-recession-mondiale\/#respond\"]}]},{\"@type\":\"WebPage\",\"@id\":\"https:\/\/kapitalis.com\/tunisie\/2020\/03\/29\/coronavirus-le-jour-dapres-la-recession-mondiale\/\",\"url\":\"https:\/\/kapitalis.com\/tunisie\/2020\/03\/29\/coronavirus-le-jour-dapres-la-recession-mondiale\/\",\"name\":\"Coronavirus : le jour d\u2019apr\u00e8s la r\u00e9cession mondiale - Kapitalis\",\"isPartOf\":{\"@id\":\"https:\/\/kapitalis.com\/tunisie\/#website\"},\"primaryImageOfPage\":{\"@id\":\"https:\/\/kapitalis.com\/tunisie\/2020\/03\/29\/coronavirus-le-jour-dapres-la-recession-mondiale\/#primaryimage\"},\"image\":{\"@id\":\"https:\/\/kapitalis.com\/tunisie\/2020\/03\/29\/coronavirus-le-jour-dapres-la-recession-mondiale\/#primaryimage\"},\"thumbnailUrl\":\"\",\"datePublished\":\"2020-03-29T12:45:22+00:00\",\"dateModified\":\"2020-03-29T12:45:30+00:00\",\"breadcrumb\":{\"@id\":\"https:\/\/kapitalis.com\/tunisie\/2020\/03\/29\/coronavirus-le-jour-dapres-la-recession-mondiale\/#breadcrumb\"},\"inLanguage\":\"fr-FR\",\"potentialAction\":[{\"@type\":\"ReadAction\",\"target\":[\"https:\/\/kapitalis.com\/tunisie\/2020\/03\/29\/coronavirus-le-jour-dapres-la-recession-mondiale\/\"]}]},{\"@type\":\"ImageObject\",\"inLanguage\":\"fr-FR\",\"@id\":\"https:\/\/kapitalis.com\/tunisie\/2020\/03\/29\/coronavirus-le-jour-dapres-la-recession-mondiale\/#primaryimage\",\"url\":\"\",\"contentUrl\":\"\"},{\"@type\":\"BreadcrumbList\",\"@id\":\"https:\/\/kapitalis.com\/tunisie\/2020\/03\/29\/coronavirus-le-jour-dapres-la-recession-mondiale\/#breadcrumb\",\"itemListElement\":[{\"@type\":\"ListItem\",\"position\":1,\"name\":\"Accueil\",\"item\":\"https:\/\/kapitalis.com\/tunisie\/\"},{\"@type\":\"ListItem\",\"position\":2,\"name\":\"Coronavirus : le jour d\u2019apr\u00e8s la r\u00e9cession mondiale\"}]},{\"@type\":\"WebSite\",\"@id\":\"https:\/\/kapitalis.com\/tunisie\/#website\",\"url\":\"https:\/\/kapitalis.com\/tunisie\/\",\"name\":\"Kapitalis\",\"description\":\"L&#039;actualit\u00e9 en Tunisie et dans le monde\",\"publisher\":{\"@id\":\"https:\/\/kapitalis.com\/tunisie\/#organization\"},\"potentialAction\":[{\"@type\":\"SearchAction\",\"target\":{\"@type\":\"EntryPoint\",\"urlTemplate\":\"https:\/\/kapitalis.com\/tunisie\/?s={search_term_string}\"},\"query-input\":{\"@type\":\"PropertyValueSpecification\",\"valueRequired\":true,\"valueName\":\"search_term_string\"}}],\"inLanguage\":\"fr-FR\"},{\"@type\":\"Organization\",\"@id\":\"https:\/\/kapitalis.com\/tunisie\/#organization\",\"name\":\"Kapitalis\",\"url\":\"https:\/\/kapitalis.com\/tunisie\/\",\"logo\":{\"@type\":\"ImageObject\",\"inLanguage\":\"fr-FR\",\"@id\":\"https:\/\/kapitalis.com\/tunisie\/#\/schema\/logo\/image\/\",\"url\":\"https:\/\/kapitalis.com\/tunisie\/wp-content\/uploads\/2022\/05\/Kapitalis-big-size.png\",\"contentUrl\":\"https:\/\/kapitalis.com\/tunisie\/wp-content\/uploads\/2022\/05\/Kapitalis-big-size.png\",\"width\":5000,\"height\":1500,\"caption\":\"Kapitalis\"},\"image\":{\"@id\":\"https:\/\/kapitalis.com\/tunisie\/#\/schema\/logo\/image\/\"},\"sameAs\":[\"https:\/\/www.facebook.com\/KapitalisInfo\/\",\"https:\/\/x.com\/KapitalisInfo\",\"https:\/\/www.youtube.com\/channel\/UC-yDYrHyfFBWWZaOw3FPg9Q\"]},{\"@type\":\"Person\",\"@id\":\"https:\/\/kapitalis.com\/tunisie\/#\/schema\/person\/d71f33a9ca44f7bad4698210b480c8e9\",\"name\":\"webmaster kapitalis\",\"url\":\"https:\/\/kapitalis.com\/tunisie\/author\/webmaster-kapitalis\/\"}]}<\/script>\n<!-- \/ Yoast SEO plugin. -->","yoast_head_json":{"title":"Coronavirus : le jour d\u2019apr\u00e8s la r\u00e9cession mondiale - Kapitalis","robots":{"index":"index","follow":"follow","max-snippet":"max-snippet:-1","max-image-preview":"max-image-preview:large","max-video-preview":"max-video-preview:-1"},"canonical":"https:\/\/kapitalis.com\/tunisie\/2020\/03\/29\/coronavirus-le-jour-dapres-la-recession-mondiale\/","og_locale":"fr_FR","og_type":"article","og_title":"Coronavirus : le jour d\u2019apr\u00e8s la r\u00e9cession mondiale - Kapitalis","og_description":"Les dirigeants de la plan\u00e8te ont d\u00e9j\u00e0 act\u00e9 la chute de l\u2019\u00e9conomie mondiale en 2020, apr\u00e8s le passage d\u00e9vastateur du coronavirus. Ils s\u2019inqui\u00e8tent d\u00e9sormais pour le \u00abjour d\u2019apr\u00e8s\u00bb de cette Grande R\u00e9cession. Par Hassen Zenati","og_url":"https:\/\/kapitalis.com\/tunisie\/2020\/03\/29\/coronavirus-le-jour-dapres-la-recession-mondiale\/","og_site_name":"Kapitalis","article_publisher":"https:\/\/www.facebook.com\/KapitalisInfo\/","article_published_time":"2020-03-29T12:45:22+00:00","article_modified_time":"2020-03-29T12:45:30+00:00","og_image":[{"width":1200,"height":630,"url":"https:\/\/kapitalis.com\/tunisie\/wp-content\/uploads\/2022\/05\/kapitalis-logo-fb.png","type":"image\/png"}],"author":"webmaster kapitalis","twitter_card":"summary_large_image","twitter_creator":"@KapitalisInfo","twitter_site":"@KapitalisInfo","twitter_misc":{"\u00c9crit par":"webmaster kapitalis","Dur\u00e9e de lecture estim\u00e9e":"11 minutes"},"schema":{"@context":"https:\/\/schema.org","@graph":[{"@type":"Article","@id":"https:\/\/kapitalis.com\/tunisie\/2020\/03\/29\/coronavirus-le-jour-dapres-la-recession-mondiale\/#article","isPartOf":{"@id":"https:\/\/kapitalis.com\/tunisie\/2020\/03\/29\/coronavirus-le-jour-dapres-la-recession-mondiale\/"},"author":{"name":"webmaster kapitalis","@id":"https:\/\/kapitalis.com\/tunisie\/#\/schema\/person\/d71f33a9ca44f7bad4698210b480c8e9"},"headline":"Coronavirus : le jour d\u2019apr\u00e8s la r\u00e9cession mondiale","datePublished":"2020-03-29T12:45:22+00:00","dateModified":"2020-03-29T12:45:30+00:00","mainEntityOfPage":{"@id":"https:\/\/kapitalis.com\/tunisie\/2020\/03\/29\/coronavirus-le-jour-dapres-la-recession-mondiale\/"},"wordCount":2144,"commentCount":3,"publisher":{"@id":"https:\/\/kapitalis.com\/tunisie\/#organization"},"image":{"@id":"https:\/\/kapitalis.com\/tunisie\/2020\/03\/29\/coronavirus-le-jour-dapres-la-recession-mondiale\/#primaryimage"},"thumbnailUrl":"","keywords":["Coronavirus","Donald Trump","Emmanuel Macron","Gafa","Kristalina Georgieva","politiques fiscales cibl\u00e9es","r\u00e9cession mondiale","Union europ\u00e9enne","Vladimir Poutine"],"articleSection":["A LA UNE","ECONOMIE","Tunisie"],"inLanguage":"fr-FR","potentialAction":[{"@type":"CommentAction","name":"Comment","target":["https:\/\/kapitalis.com\/tunisie\/2020\/03\/29\/coronavirus-le-jour-dapres-la-recession-mondiale\/#respond"]}]},{"@type":"WebPage","@id":"https:\/\/kapitalis.com\/tunisie\/2020\/03\/29\/coronavirus-le-jour-dapres-la-recession-mondiale\/","url":"https:\/\/kapitalis.com\/tunisie\/2020\/03\/29\/coronavirus-le-jour-dapres-la-recession-mondiale\/","name":"Coronavirus : le jour d\u2019apr\u00e8s la r\u00e9cession mondiale - Kapitalis","isPartOf":{"@id":"https:\/\/kapitalis.com\/tunisie\/#website"},"primaryImageOfPage":{"@id":"https:\/\/kapitalis.com\/tunisie\/2020\/03\/29\/coronavirus-le-jour-dapres-la-recession-mondiale\/#primaryimage"},"image":{"@id":"https:\/\/kapitalis.com\/tunisie\/2020\/03\/29\/coronavirus-le-jour-dapres-la-recession-mondiale\/#primaryimage"},"thumbnailUrl":"","datePublished":"2020-03-29T12:45:22+00:00","dateModified":"2020-03-29T12:45:30+00:00","breadcrumb":{"@id":"https:\/\/kapitalis.com\/tunisie\/2020\/03\/29\/coronavirus-le-jour-dapres-la-recession-mondiale\/#breadcrumb"},"inLanguage":"fr-FR","potentialAction":[{"@type":"ReadAction","target":["https:\/\/kapitalis.com\/tunisie\/2020\/03\/29\/coronavirus-le-jour-dapres-la-recession-mondiale\/"]}]},{"@type":"ImageObject","inLanguage":"fr-FR","@id":"https:\/\/kapitalis.com\/tunisie\/2020\/03\/29\/coronavirus-le-jour-dapres-la-recession-mondiale\/#primaryimage","url":"","contentUrl":""},{"@type":"BreadcrumbList","@id":"https:\/\/kapitalis.com\/tunisie\/2020\/03\/29\/coronavirus-le-jour-dapres-la-recession-mondiale\/#breadcrumb","itemListElement":[{"@type":"ListItem","position":1,"name":"Accueil","item":"https:\/\/kapitalis.com\/tunisie\/"},{"@type":"ListItem","position":2,"name":"Coronavirus : le jour d\u2019apr\u00e8s la r\u00e9cession mondiale"}]},{"@type":"WebSite","@id":"https:\/\/kapitalis.com\/tunisie\/#website","url":"https:\/\/kapitalis.com\/tunisie\/","name":"Kapitalis","description":"L&#039;actualit\u00e9 en Tunisie et dans le monde","publisher":{"@id":"https:\/\/kapitalis.com\/tunisie\/#organization"},"potentialAction":[{"@type":"SearchAction","target":{"@type":"EntryPoint","urlTemplate":"https:\/\/kapitalis.com\/tunisie\/?s={search_term_string}"},"query-input":{"@type":"PropertyValueSpecification","valueRequired":true,"valueName":"search_term_string"}}],"inLanguage":"fr-FR"},{"@type":"Organization","@id":"https:\/\/kapitalis.com\/tunisie\/#organization","name":"Kapitalis","url":"https:\/\/kapitalis.com\/tunisie\/","logo":{"@type":"ImageObject","inLanguage":"fr-FR","@id":"https:\/\/kapitalis.com\/tunisie\/#\/schema\/logo\/image\/","url":"https:\/\/kapitalis.com\/tunisie\/wp-content\/uploads\/2022\/05\/Kapitalis-big-size.png","contentUrl":"https:\/\/kapitalis.com\/tunisie\/wp-content\/uploads\/2022\/05\/Kapitalis-big-size.png","width":5000,"height":1500,"caption":"Kapitalis"},"image":{"@id":"https:\/\/kapitalis.com\/tunisie\/#\/schema\/logo\/image\/"},"sameAs":["https:\/\/www.facebook.com\/KapitalisInfo\/","https:\/\/x.com\/KapitalisInfo","https:\/\/www.youtube.com\/channel\/UC-yDYrHyfFBWWZaOw3FPg9Q"]},{"@type":"Person","@id":"https:\/\/kapitalis.com\/tunisie\/#\/schema\/person\/d71f33a9ca44f7bad4698210b480c8e9","name":"webmaster kapitalis","url":"https:\/\/kapitalis.com\/tunisie\/author\/webmaster-kapitalis\/"}]}},"_links":{"self":[{"href":"https:\/\/kapitalis.com\/tunisie\/wp-json\/wp\/v2\/posts\/291381","targetHints":{"allow":["GET"]}}],"collection":[{"href":"https:\/\/kapitalis.com\/tunisie\/wp-json\/wp\/v2\/posts"}],"about":[{"href":"https:\/\/kapitalis.com\/tunisie\/wp-json\/wp\/v2\/types\/post"}],"author":[{"embeddable":true,"href":"https:\/\/kapitalis.com\/tunisie\/wp-json\/wp\/v2\/users\/8"}],"replies":[{"embeddable":true,"href":"https:\/\/kapitalis.com\/tunisie\/wp-json\/wp\/v2\/comments?post=291381"}],"version-history":[{"count":0,"href":"https:\/\/kapitalis.com\/tunisie\/wp-json\/wp\/v2\/posts\/291381\/revisions"}],"wp:featuredmedia":[{"embeddable":true,"href":"https:\/\/kapitalis.com\/tunisie\/wp-json\/wp\/v2\/media\/291382"}],"wp:attachment":[{"href":"https:\/\/kapitalis.com\/tunisie\/wp-json\/wp\/v2\/media?parent=291381"}],"wp:term":[{"taxonomy":"category","embeddable":true,"href":"https:\/\/kapitalis.com\/tunisie\/wp-json\/wp\/v2\/categories?post=291381"},{"taxonomy":"post_tag","embeddable":true,"href":"https:\/\/kapitalis.com\/tunisie\/wp-json\/wp\/v2\/tags?post=291381"}],"curies":[{"name":"wp","href":"https:\/\/api.w.org\/{rel}","templated":true}]}}