{"id":2917478,"date":"2022-08-10T07:01:44","date_gmt":"2022-08-10T06:01:44","guid":{"rendered":"https:\/\/kapitalis.com\/tunisie\/?p=2917478"},"modified":"2022-08-10T07:01:46","modified_gmt":"2022-08-10T06:01:46","slug":"tunisie-que-veut-dire-saied-par-eloigner-les-etudiants-et-chercheurs-des-calculs-politiques","status":"publish","type":"post","link":"https:\/\/kapitalis.com\/tunisie\/2022\/08\/10\/tunisie-que-veut-dire-saied-par-eloigner-les-etudiants-et-chercheurs-des-calculs-politiques\/","title":{"rendered":"Tunisie\u00a0: Que veut dire Sa\u00efed par \u00ab\u00e9loigner les \u00e9tudiants et chercheurs des calculs politiques\u00bb\u00a0?"},"content":{"rendered":"\n<p><strong><em>\u00a0Le vendredi 5 ao\u00fbt 2022, lors de la c\u00e9r\u00e9monie officielle de la Journ\u00e9e du Savoir, Ka\u00efs Sa\u00efed a cit\u00e9 la nouvelle constitution approuv\u00e9e par r\u00e9f\u00e9rendum le 25 juillet 2022 qui pr\u00e9voit la cr\u00e9ation d\u2019un Conseil sup\u00e9rieur de l\u2019\u00e9ducation (CSE). L\u2019occasion m\u2019est donn\u00e9e d\u2019apporter une r\u00e9ponse au pr\u00e9sident de la r\u00e9publique au sujet du r\u00f4le de ce CSE dont le but, dit-il, est d\u2019\u00ab\u00e9loigner les jeunes, les \u00e9tudiants et les chercheurs des calculs politiques\u00bb.<\/em><\/strong><\/p>\n\n\n\n<p>Par<strong> Kais Krissane<\/strong> *<\/p>\n\n\n\n<!--more-->\n\n\n<div class=\"wp-block-image\">\n<figure class=\"alignleft size-full\"><img loading=\"lazy\" decoding=\"async\" width=\"200\" height=\"200\" src=\"https:\/\/kapitalis.com\/tunisie\/wp-content\/uploads\/2022\/08\/kais-krissane-1.jpg\" alt=\"\" class=\"wp-image-2917565\" srcset=\"https:\/\/kapitalis.com\/tunisie\/wp-content\/uploads\/2022\/08\/kais-krissane-1.jpg 200w, https:\/\/kapitalis.com\/tunisie\/wp-content\/uploads\/2022\/08\/kais-krissane-1-150x150.jpg 150w, https:\/\/kapitalis.com\/tunisie\/wp-content\/uploads\/2022\/08\/kais-krissane-1-120x120.jpg 120w\" sizes=\"auto, (max-width: 200px) 100vw, 200px\" \/><\/figure>\n<\/div>\n\n\n<p>Personne en \u00e2ge de r\u00e9fl\u00e9chir et ayant acquis un <em>\u00abbagage intellectuel\u00bb<\/em> n\u2019est absout d\u2019un minimum de calcul politique, tout comme vous, monsieur le pr\u00e9sident, lorsque vous \u00e9tiez \u00e9tudiant ou enseignant. La culture politique est une ouverture d\u2019esprit. C\u2019est un engagement, et tout engagement, a sa part de calcul politique.<\/p>\n\n\n\n<p>Bien entendu, il faudra que la maturit\u00e9 soit l\u00e0 pour \u00e9viter les d\u00e9rives d\u2019un calcul politicien, auquel cas, le calcul politique a sens noble du terme s\u2019il en est.<\/p>\n\n\n\n<p>Alors, l\u2019objectif de cette instance va \u00e0 l\u2019encontre de l\u2019\u00e9veil d\u2019esprit. Cette vision du CSE, si elle s\u2019appliquait, sera le contraire de la suite de votre d\u00e9claration en ce qui concerne <em>\u00abla politisation rampante\u00bb<\/em> dans les lyc\u00e9es et les coll\u00e8ges. D\u00e9claration reprochant (\u00e0 qui ?) d\u2019avoir commis <em>\u00abl\u2019un des plus graves crimes contre le peuple qui est de vider les esprits de la facult\u00e9 de penser et de critiquer\u00bb,<\/em> selon vos dires.<\/p>\n\n\n\n<h2 class=\"wp-block-heading\">Non \u00e0 la pens\u00e9e unique<\/h2>\n\n\n\n<p>La politisation n\u2019est pas une action mise en \u0153uvre \u00e0 l\u2019int\u00e9rieur des \u00e9tablissements, elle vient des foyers, parce que le peuple est interpell\u00e9 par la politique et parce que, pour vous paraphraser, <em>\u00able peuple veut\u00bb<\/em>.<\/p>\n\n\n\n<figure class=\"wp-block-embed is-type-wp-embed is-provider-kapitalis wp-block-embed-kapitalis\"><div class=\"wp-block-embed__wrapper\">\n<blockquote class=\"wp-embedded-content\" data-secret=\"LriTtSxNNK\"><a href=\"https:\/\/kapitalis.com\/tunisie\/2022\/08\/06\/kais-saied-la-tunisie-prete-ses-talents-et-ses-cerveaux-aux-autres-pays\/\">Ka\u00efs Sa\u00efed\u00a0: \u00abLa Tunisie\u00a0pr\u00eate ses talents et ses cerveaux aux autres pays\u00bb \u00a0<\/a><\/blockquote><iframe loading=\"lazy\" class=\"wp-embedded-content\" sandbox=\"allow-scripts\" security=\"restricted\" style=\"position: absolute; clip: rect(1px, 1px, 1px, 1px);\" title=\"\u00ab\u00a0Ka\u00efs Sa\u00efed\u00a0: \u00abLa Tunisie\u00a0pr\u00eate ses talents et ses cerveaux aux autres pays\u00bb \u00a0\u00a0\u00bb &#8212; Kapitalis\" src=\"https:\/\/kapitalis.com\/tunisie\/2022\/08\/06\/kais-saied-la-tunisie-prete-ses-talents-et-ses-cerveaux-aux-autres-pays\/embed\/#?secret=0lrFsA9Sfg#?secret=LriTtSxNNK\" data-secret=\"LriTtSxNNK\" width=\"600\" height=\"338\" frameborder=\"0\" marginwidth=\"0\" marginheight=\"0\" scrolling=\"no\"><\/iframe>\n<\/div><\/figure>\n\n\n\n<p>Alors peut-on aller \u00e0 l\u2019encontre la volont\u00e9 du peuple&nbsp;? Tous \u00e0 l\u2019unisson nous disons non. La facult\u00e9 de penser et de critiquer, oui cela doit toujours exister. Mais cela ne veut pas dire \u00eatre d\u2019accord avec la pens\u00e9e unique.<\/p>\n\n\n\n<p>Avoir l\u2019esprit critique, c\u2019est d\u2019ailleurs n\u2019accepter aucune affirmation, qu\u2019elle soit positive ou n\u00e9gative, sans s\u2019interroger sur ses motivations et sa justesse. Et, je pense que la meilleure illustration de l\u2019esprit critique du Tunisien s\u2019est manifest\u00e9e lors de l\u2019expression r\u00e9f\u00e9rendaire du 25 juillet. Ils sont&nbsp;pour, ils sont contre, ils s\u2019abstiennent&#8230; M\u00eame si, pour certains, ils ne comprenaient rien \u00e0 la nouvelle constitution\u2026&nbsp;<\/p>\n\n\n\n<p>De surcroit, monsieur le pr\u00e9sident, le Conseil sup\u00e9rieur de l\u2019\u00e9ducation, un<em> \u00abautre machin\u00bb<\/em> que vous souhaitez mettre en place, suite \u00e0 la validation de cette constitution qui d\u00e9finirait les contours d\u2019une troisi\u00e8me r\u00e9publique, devra avoir la neutralit\u00e9 la plus absolue vis-\u00e0-vis du ministre de l\u2019Education et de son coll\u00e8gue de l\u2019Enseignement sup\u00e9rieur&nbsp; et de la Recherche scientifique. Faute de quoi, ce sera un autre millefeuille, qui ne fera que freiner les synergies et alourdir la charge publique.<\/p>\n\n\n\n<h2 class=\"wp-block-heading\">Un contre-pouvoir<\/h2>\n\n\n\n<p>Pour profiter de cette occasion qui m\u2019est offerte de faire preuve d\u2019esprit critique, permettez-moi de vous dire, monsieur le pr\u00e9sident, que le CSE est absolument l\u2019instance qu\u2019il faudra pour cr\u00e9er un contre-pouvoir au mammouth des minist\u00e8res de tutelle.<\/p>\n\n\n\n<figure class=\"wp-block-embed is-type-wp-embed is-provider-kapitalis wp-block-embed-kapitalis\"><div class=\"wp-block-embed__wrapper\">\n<blockquote class=\"wp-embedded-content\" data-secret=\"HOBhM3iGCo\"><a href=\"https:\/\/kapitalis.com\/tunisie\/2022\/07\/01\/une-vision-de-la-reforme-de-lenseignement-en-tunisie\/\">Une vision de la r\u00e9forme de l&rsquo;enseignement en Tunisie<\/a><\/blockquote><iframe loading=\"lazy\" class=\"wp-embedded-content\" sandbox=\"allow-scripts\" security=\"restricted\" style=\"position: absolute; clip: rect(1px, 1px, 1px, 1px);\" title=\"\u00ab\u00a0Une vision de la r\u00e9forme de l&rsquo;enseignement en Tunisie\u00a0\u00bb &#8212; Kapitalis\" src=\"https:\/\/kapitalis.com\/tunisie\/2022\/07\/01\/une-vision-de-la-reforme-de-lenseignement-en-tunisie\/embed\/#?secret=k52Ug5wUVP#?secret=HOBhM3iGCo\" data-secret=\"HOBhM3iGCo\" width=\"600\" height=\"338\" frameborder=\"0\" marginwidth=\"0\" marginheight=\"0\" scrolling=\"no\"><\/iframe>\n<\/div><\/figure>\n\n\n\n<p>Cette instance pourra, entre autres, contr\u00f4ler la r\u00e9gularit\u00e9 des concours, la l\u00e9galit\u00e9 de l\u2019attribution des dipl\u00f4mes, dans les \u00e9coles publiques et priv\u00e9es, ou l\u2019accompagnement en mati\u00e8re de contentieux dans ce secteur qui a beaucoup perdu de sa cr\u00e9dibilit\u00e9.<\/p>\n\n\n\n<p>Par ailleurs, cette instance pourrait \u00eatre charg\u00e9e de d\u00e9finir les programmes des diff\u00e9rents niveaux, les heures de cours, les m\u00e9thodes p\u00e9dagogiques pour un apprentissage de haut niveau et adapt\u00e9 aux besoins du pays. Et l\u2019apprentissage comprend l\u2019analyse critique d\u2019un article de loi, fondamentale ou pas, ou d\u2019un article de presse.<\/p>\n\n\n\n<p>Voil\u00e0 comment on cultive l\u2019esprit critique, non en combattant la politique dans les \u00e9coles, les lyc\u00e9es et les universit\u00e9s, au nom d\u2019une suppos\u00e9e puret\u00e9 de l\u2019enseignement.<\/p>\n\n\n\n<p>&nbsp;Concernant l\u2019\u00e9galit\u00e9 des chances, le citoyen jugera sur pi\u00e8ce de l\u2019apport de cette instance.<\/p>\n\n\n\n<p>* <em>Expert immobilier ind\u00e9pendant, cadre bancaire \u00e0 la retraite.<\/em><\/p>\n","protected":false},"excerpt":{"rendered":"<p>On ne cultive pas l\u2019esprit critique en combattant la politique dans les \u00e9coles, les lyc\u00e9es et les universit\u00e9s, au nom d\u2019une suppos\u00e9e puret\u00e9 de l\u2019enseignement, comme le fait le pr\u00e9sident Ka\u00efs Sa\u00efed.<\/p>\n","protected":false},"author":8,"featured_media":2917682,"comment_status":"open","ping_status":"open","sticky":false,"template":"","format":"standard","meta":{"footnotes":""},"categories":[992,997,1000,2433],"tags":[101944,91562,70520,62643],"class_list":["post-2917478","post","type-post","status-publish","format-standard","has-post-thumbnail","hentry","category-a-la-une","category-politique","category-tribune","category-tunisie","tag-conseil-superieur-de-leducation-2","tag-kais-krissane","tag-kais-saied-3","tag-tunisie"],"yoast_head":"<!-- This site is optimized with the Yoast SEO plugin v26.6 - https:\/\/yoast.com\/wordpress\/plugins\/seo\/ -->\n<title>Tunisie\u00a0: Que veut dire Sa\u00efed par \u00ab\u00e9loigner les \u00e9tudiants et chercheurs des calculs politiques\u00bb\u00a0? - Kapitalis<\/title>\n<meta name=\"robots\" content=\"index, follow, max-snippet:-1, max-image-preview:large, max-video-preview:-1\" \/>\n<link rel=\"canonical\" href=\"https:\/\/kapitalis.com\/tunisie\/2022\/08\/10\/tunisie-que-veut-dire-saied-par-eloigner-les-etudiants-et-chercheurs-des-calculs-politiques\/\" \/>\n<meta property=\"og:locale\" content=\"fr_FR\" \/>\n<meta property=\"og:type\" content=\"article\" \/>\n<meta property=\"og:title\" content=\"Tunisie\u00a0: Que veut dire Sa\u00efed par \u00ab\u00e9loigner les \u00e9tudiants et chercheurs des calculs politiques\u00bb\u00a0? - Kapitalis\" \/>\n<meta property=\"og:description\" content=\"On ne cultive pas l\u2019esprit critique en combattant la politique dans les \u00e9coles, les lyc\u00e9es et les universit\u00e9s, au nom d\u2019une suppos\u00e9e puret\u00e9 de l\u2019enseignement, comme le fait le pr\u00e9sident Ka\u00efs Sa\u00efed.\" \/>\n<meta property=\"og:url\" content=\"https:\/\/kapitalis.com\/tunisie\/2022\/08\/10\/tunisie-que-veut-dire-saied-par-eloigner-les-etudiants-et-chercheurs-des-calculs-politiques\/\" \/>\n<meta property=\"og:site_name\" content=\"Kapitalis\" \/>\n<meta property=\"article:publisher\" content=\"https:\/\/www.facebook.com\/KapitalisInfo\/\" \/>\n<meta property=\"article:published_time\" content=\"2022-08-10T06:01:44+00:00\" \/>\n<meta property=\"article:modified_time\" content=\"2022-08-10T06:01:46+00:00\" \/>\n<meta property=\"og:image\" content=\"https:\/\/kapitalis.com\/tunisie\/wp-content\/uploads\/2022\/08\/Kais-Saied.jpg\" \/>\n\t<meta property=\"og:image:width\" content=\"1200\" \/>\n\t<meta property=\"og:image:height\" content=\"630\" \/>\n\t<meta property=\"og:image:type\" content=\"image\/jpeg\" \/>\n<meta name=\"author\" content=\"webmaster kapitalis\" \/>\n<meta name=\"twitter:card\" content=\"summary_large_image\" \/>\n<meta name=\"twitter:creator\" content=\"@KapitalisInfo\" \/>\n<meta name=\"twitter:site\" content=\"@KapitalisInfo\" \/>\n<meta name=\"twitter:label1\" content=\"\u00c9crit par\" \/>\n\t<meta name=\"twitter:data1\" content=\"webmaster kapitalis\" \/>\n\t<meta name=\"twitter:label2\" content=\"Dur\u00e9e de lecture estim\u00e9e\" \/>\n\t<meta name=\"twitter:data2\" content=\"4 minutes\" \/>\n<script type=\"application\/ld+json\" class=\"yoast-schema-graph\">{\"@context\":\"https:\/\/schema.org\",\"@graph\":[{\"@type\":\"Article\",\"@id\":\"https:\/\/kapitalis.com\/tunisie\/2022\/08\/10\/tunisie-que-veut-dire-saied-par-eloigner-les-etudiants-et-chercheurs-des-calculs-politiques\/#article\",\"isPartOf\":{\"@id\":\"https:\/\/kapitalis.com\/tunisie\/2022\/08\/10\/tunisie-que-veut-dire-saied-par-eloigner-les-etudiants-et-chercheurs-des-calculs-politiques\/\"},\"author\":{\"name\":\"webmaster kapitalis\",\"@id\":\"https:\/\/kapitalis.com\/tunisie\/#\/schema\/person\/d71f33a9ca44f7bad4698210b480c8e9\"},\"headline\":\"Tunisie\u00a0: Que veut dire Sa\u00efed par \u00ab\u00e9loigner les \u00e9tudiants et chercheurs des calculs politiques\u00bb\u00a0?\",\"datePublished\":\"2022-08-10T06:01:44+00:00\",\"dateModified\":\"2022-08-10T06:01:46+00:00\",\"mainEntityOfPage\":{\"@id\":\"https:\/\/kapitalis.com\/tunisie\/2022\/08\/10\/tunisie-que-veut-dire-saied-par-eloigner-les-etudiants-et-chercheurs-des-calculs-politiques\/\"},\"wordCount\":749,\"commentCount\":3,\"publisher\":{\"@id\":\"https:\/\/kapitalis.com\/tunisie\/#organization\"},\"image\":{\"@id\":\"https:\/\/kapitalis.com\/tunisie\/2022\/08\/10\/tunisie-que-veut-dire-saied-par-eloigner-les-etudiants-et-chercheurs-des-calculs-politiques\/#primaryimage\"},\"thumbnailUrl\":\"https:\/\/kapitalis.com\/tunisie\/wp-content\/uploads\/2022\/08\/Kais-Saied.jpg\",\"keywords\":[\"Conseil sup\u00e9rieur de l\u2019\u00e9ducation\",\"Kais Krissane\",\"Kais Saied\",\"Tunisie\"],\"articleSection\":[\"A LA UNE\",\"POLITIQUE\",\"TRIBUNE\",\"Tunisie\"],\"inLanguage\":\"fr-FR\",\"potentialAction\":[{\"@type\":\"CommentAction\",\"name\":\"Comment\",\"target\":[\"https:\/\/kapitalis.com\/tunisie\/2022\/08\/10\/tunisie-que-veut-dire-saied-par-eloigner-les-etudiants-et-chercheurs-des-calculs-politiques\/#respond\"]}]},{\"@type\":\"WebPage\",\"@id\":\"https:\/\/kapitalis.com\/tunisie\/2022\/08\/10\/tunisie-que-veut-dire-saied-par-eloigner-les-etudiants-et-chercheurs-des-calculs-politiques\/\",\"url\":\"https:\/\/kapitalis.com\/tunisie\/2022\/08\/10\/tunisie-que-veut-dire-saied-par-eloigner-les-etudiants-et-chercheurs-des-calculs-politiques\/\",\"name\":\"Tunisie\u00a0: Que veut dire Sa\u00efed par \u00ab\u00e9loigner les \u00e9tudiants et chercheurs des calculs politiques\u00bb\u00a0? - Kapitalis\",\"isPartOf\":{\"@id\":\"https:\/\/kapitalis.com\/tunisie\/#website\"},\"primaryImageOfPage\":{\"@id\":\"https:\/\/kapitalis.com\/tunisie\/2022\/08\/10\/tunisie-que-veut-dire-saied-par-eloigner-les-etudiants-et-chercheurs-des-calculs-politiques\/#primaryimage\"},\"image\":{\"@id\":\"https:\/\/kapitalis.com\/tunisie\/2022\/08\/10\/tunisie-que-veut-dire-saied-par-eloigner-les-etudiants-et-chercheurs-des-calculs-politiques\/#primaryimage\"},\"thumbnailUrl\":\"https:\/\/kapitalis.com\/tunisie\/wp-content\/uploads\/2022\/08\/Kais-Saied.jpg\",\"datePublished\":\"2022-08-10T06:01:44+00:00\",\"dateModified\":\"2022-08-10T06:01:46+00:00\",\"breadcrumb\":{\"@id\":\"https:\/\/kapitalis.com\/tunisie\/2022\/08\/10\/tunisie-que-veut-dire-saied-par-eloigner-les-etudiants-et-chercheurs-des-calculs-politiques\/#breadcrumb\"},\"inLanguage\":\"fr-FR\",\"potentialAction\":[{\"@type\":\"ReadAction\",\"target\":[\"https:\/\/kapitalis.com\/tunisie\/2022\/08\/10\/tunisie-que-veut-dire-saied-par-eloigner-les-etudiants-et-chercheurs-des-calculs-politiques\/\"]}]},{\"@type\":\"ImageObject\",\"inLanguage\":\"fr-FR\",\"@id\":\"https:\/\/kapitalis.com\/tunisie\/2022\/08\/10\/tunisie-que-veut-dire-saied-par-eloigner-les-etudiants-et-chercheurs-des-calculs-politiques\/#primaryimage\",\"url\":\"https:\/\/kapitalis.com\/tunisie\/wp-content\/uploads\/2022\/08\/Kais-Saied.jpg\",\"contentUrl\":\"https:\/\/kapitalis.com\/tunisie\/wp-content\/uploads\/2022\/08\/Kais-Saied.jpg\",\"width\":1200,\"height\":630},{\"@type\":\"BreadcrumbList\",\"@id\":\"https:\/\/kapitalis.com\/tunisie\/2022\/08\/10\/tunisie-que-veut-dire-saied-par-eloigner-les-etudiants-et-chercheurs-des-calculs-politiques\/#breadcrumb\",\"itemListElement\":[{\"@type\":\"ListItem\",\"position\":1,\"name\":\"Accueil\",\"item\":\"https:\/\/kapitalis.com\/tunisie\/\"},{\"@type\":\"ListItem\",\"position\":2,\"name\":\"Tunisie\u00a0: Que veut dire Sa\u00efed par \u00ab\u00e9loigner les \u00e9tudiants et chercheurs des calculs politiques\u00bb\u00a0?\"}]},{\"@type\":\"WebSite\",\"@id\":\"https:\/\/kapitalis.com\/tunisie\/#website\",\"url\":\"https:\/\/kapitalis.com\/tunisie\/\",\"name\":\"Kapitalis\",\"description\":\"L&#039;actualit\u00e9 en Tunisie et dans le monde\",\"publisher\":{\"@id\":\"https:\/\/kapitalis.com\/tunisie\/#organization\"},\"potentialAction\":[{\"@type\":\"SearchAction\",\"target\":{\"@type\":\"EntryPoint\",\"urlTemplate\":\"https:\/\/kapitalis.com\/tunisie\/?s={search_term_string}\"},\"query-input\":{\"@type\":\"PropertyValueSpecification\",\"valueRequired\":true,\"valueName\":\"search_term_string\"}}],\"inLanguage\":\"fr-FR\"},{\"@type\":\"Organization\",\"@id\":\"https:\/\/kapitalis.com\/tunisie\/#organization\",\"name\":\"Kapitalis\",\"url\":\"https:\/\/kapitalis.com\/tunisie\/\",\"logo\":{\"@type\":\"ImageObject\",\"inLanguage\":\"fr-FR\",\"@id\":\"https:\/\/kapitalis.com\/tunisie\/#\/schema\/logo\/image\/\",\"url\":\"https:\/\/kapitalis.com\/tunisie\/wp-content\/uploads\/2022\/05\/Kapitalis-big-size.png\",\"contentUrl\":\"https:\/\/kapitalis.com\/tunisie\/wp-content\/uploads\/2022\/05\/Kapitalis-big-size.png\",\"width\":5000,\"height\":1500,\"caption\":\"Kapitalis\"},\"image\":{\"@id\":\"https:\/\/kapitalis.com\/tunisie\/#\/schema\/logo\/image\/\"},\"sameAs\":[\"https:\/\/www.facebook.com\/KapitalisInfo\/\",\"https:\/\/x.com\/KapitalisInfo\",\"https:\/\/www.youtube.com\/channel\/UC-yDYrHyfFBWWZaOw3FPg9Q\"]},{\"@type\":\"Person\",\"@id\":\"https:\/\/kapitalis.com\/tunisie\/#\/schema\/person\/d71f33a9ca44f7bad4698210b480c8e9\",\"name\":\"webmaster kapitalis\",\"url\":\"https:\/\/kapitalis.com\/tunisie\/author\/webmaster-kapitalis\/\"}]}<\/script>\n<!-- \/ Yoast SEO plugin. -->","yoast_head_json":{"title":"Tunisie\u00a0: Que veut dire Sa\u00efed par \u00ab\u00e9loigner les \u00e9tudiants et chercheurs des calculs politiques\u00bb\u00a0? - Kapitalis","robots":{"index":"index","follow":"follow","max-snippet":"max-snippet:-1","max-image-preview":"max-image-preview:large","max-video-preview":"max-video-preview:-1"},"canonical":"https:\/\/kapitalis.com\/tunisie\/2022\/08\/10\/tunisie-que-veut-dire-saied-par-eloigner-les-etudiants-et-chercheurs-des-calculs-politiques\/","og_locale":"fr_FR","og_type":"article","og_title":"Tunisie\u00a0: Que veut dire Sa\u00efed par \u00ab\u00e9loigner les \u00e9tudiants et chercheurs des calculs politiques\u00bb\u00a0? - Kapitalis","og_description":"On ne cultive pas l\u2019esprit critique en combattant la politique dans les \u00e9coles, les lyc\u00e9es et les universit\u00e9s, au nom d\u2019une suppos\u00e9e puret\u00e9 de l\u2019enseignement, comme le fait le pr\u00e9sident Ka\u00efs Sa\u00efed.","og_url":"https:\/\/kapitalis.com\/tunisie\/2022\/08\/10\/tunisie-que-veut-dire-saied-par-eloigner-les-etudiants-et-chercheurs-des-calculs-politiques\/","og_site_name":"Kapitalis","article_publisher":"https:\/\/www.facebook.com\/KapitalisInfo\/","article_published_time":"2022-08-10T06:01:44+00:00","article_modified_time":"2022-08-10T06:01:46+00:00","og_image":[{"width":1200,"height":630,"url":"https:\/\/kapitalis.com\/tunisie\/wp-content\/uploads\/2022\/08\/Kais-Saied.jpg","type":"image\/jpeg"}],"author":"webmaster kapitalis","twitter_card":"summary_large_image","twitter_creator":"@KapitalisInfo","twitter_site":"@KapitalisInfo","twitter_misc":{"\u00c9crit par":"webmaster kapitalis","Dur\u00e9e de lecture estim\u00e9e":"4 minutes"},"schema":{"@context":"https:\/\/schema.org","@graph":[{"@type":"Article","@id":"https:\/\/kapitalis.com\/tunisie\/2022\/08\/10\/tunisie-que-veut-dire-saied-par-eloigner-les-etudiants-et-chercheurs-des-calculs-politiques\/#article","isPartOf":{"@id":"https:\/\/kapitalis.com\/tunisie\/2022\/08\/10\/tunisie-que-veut-dire-saied-par-eloigner-les-etudiants-et-chercheurs-des-calculs-politiques\/"},"author":{"name":"webmaster kapitalis","@id":"https:\/\/kapitalis.com\/tunisie\/#\/schema\/person\/d71f33a9ca44f7bad4698210b480c8e9"},"headline":"Tunisie\u00a0: Que veut dire Sa\u00efed par \u00ab\u00e9loigner les \u00e9tudiants et chercheurs des calculs politiques\u00bb\u00a0?","datePublished":"2022-08-10T06:01:44+00:00","dateModified":"2022-08-10T06:01:46+00:00","mainEntityOfPage":{"@id":"https:\/\/kapitalis.com\/tunisie\/2022\/08\/10\/tunisie-que-veut-dire-saied-par-eloigner-les-etudiants-et-chercheurs-des-calculs-politiques\/"},"wordCount":749,"commentCount":3,"publisher":{"@id":"https:\/\/kapitalis.com\/tunisie\/#organization"},"image":{"@id":"https:\/\/kapitalis.com\/tunisie\/2022\/08\/10\/tunisie-que-veut-dire-saied-par-eloigner-les-etudiants-et-chercheurs-des-calculs-politiques\/#primaryimage"},"thumbnailUrl":"https:\/\/kapitalis.com\/tunisie\/wp-content\/uploads\/2022\/08\/Kais-Saied.jpg","keywords":["Conseil sup\u00e9rieur de l\u2019\u00e9ducation","Kais Krissane","Kais Saied","Tunisie"],"articleSection":["A LA UNE","POLITIQUE","TRIBUNE","Tunisie"],"inLanguage":"fr-FR","potentialAction":[{"@type":"CommentAction","name":"Comment","target":["https:\/\/kapitalis.com\/tunisie\/2022\/08\/10\/tunisie-que-veut-dire-saied-par-eloigner-les-etudiants-et-chercheurs-des-calculs-politiques\/#respond"]}]},{"@type":"WebPage","@id":"https:\/\/kapitalis.com\/tunisie\/2022\/08\/10\/tunisie-que-veut-dire-saied-par-eloigner-les-etudiants-et-chercheurs-des-calculs-politiques\/","url":"https:\/\/kapitalis.com\/tunisie\/2022\/08\/10\/tunisie-que-veut-dire-saied-par-eloigner-les-etudiants-et-chercheurs-des-calculs-politiques\/","name":"Tunisie\u00a0: Que veut dire Sa\u00efed par \u00ab\u00e9loigner les \u00e9tudiants et chercheurs des calculs politiques\u00bb\u00a0? - Kapitalis","isPartOf":{"@id":"https:\/\/kapitalis.com\/tunisie\/#website"},"primaryImageOfPage":{"@id":"https:\/\/kapitalis.com\/tunisie\/2022\/08\/10\/tunisie-que-veut-dire-saied-par-eloigner-les-etudiants-et-chercheurs-des-calculs-politiques\/#primaryimage"},"image":{"@id":"https:\/\/kapitalis.com\/tunisie\/2022\/08\/10\/tunisie-que-veut-dire-saied-par-eloigner-les-etudiants-et-chercheurs-des-calculs-politiques\/#primaryimage"},"thumbnailUrl":"https:\/\/kapitalis.com\/tunisie\/wp-content\/uploads\/2022\/08\/Kais-Saied.jpg","datePublished":"2022-08-10T06:01:44+00:00","dateModified":"2022-08-10T06:01:46+00:00","breadcrumb":{"@id":"https:\/\/kapitalis.com\/tunisie\/2022\/08\/10\/tunisie-que-veut-dire-saied-par-eloigner-les-etudiants-et-chercheurs-des-calculs-politiques\/#breadcrumb"},"inLanguage":"fr-FR","potentialAction":[{"@type":"ReadAction","target":["https:\/\/kapitalis.com\/tunisie\/2022\/08\/10\/tunisie-que-veut-dire-saied-par-eloigner-les-etudiants-et-chercheurs-des-calculs-politiques\/"]}]},{"@type":"ImageObject","inLanguage":"fr-FR","@id":"https:\/\/kapitalis.com\/tunisie\/2022\/08\/10\/tunisie-que-veut-dire-saied-par-eloigner-les-etudiants-et-chercheurs-des-calculs-politiques\/#primaryimage","url":"https:\/\/kapitalis.com\/tunisie\/wp-content\/uploads\/2022\/08\/Kais-Saied.jpg","contentUrl":"https:\/\/kapitalis.com\/tunisie\/wp-content\/uploads\/2022\/08\/Kais-Saied.jpg","width":1200,"height":630},{"@type":"BreadcrumbList","@id":"https:\/\/kapitalis.com\/tunisie\/2022\/08\/10\/tunisie-que-veut-dire-saied-par-eloigner-les-etudiants-et-chercheurs-des-calculs-politiques\/#breadcrumb","itemListElement":[{"@type":"ListItem","position":1,"name":"Accueil","item":"https:\/\/kapitalis.com\/tunisie\/"},{"@type":"ListItem","position":2,"name":"Tunisie\u00a0: Que veut dire Sa\u00efed par \u00ab\u00e9loigner les \u00e9tudiants et chercheurs des calculs politiques\u00bb\u00a0?"}]},{"@type":"WebSite","@id":"https:\/\/kapitalis.com\/tunisie\/#website","url":"https:\/\/kapitalis.com\/tunisie\/","name":"Kapitalis","description":"L&#039;actualit\u00e9 en Tunisie et dans le monde","publisher":{"@id":"https:\/\/kapitalis.com\/tunisie\/#organization"},"potentialAction":[{"@type":"SearchAction","target":{"@type":"EntryPoint","urlTemplate":"https:\/\/kapitalis.com\/tunisie\/?s={search_term_string}"},"query-input":{"@type":"PropertyValueSpecification","valueRequired":true,"valueName":"search_term_string"}}],"inLanguage":"fr-FR"},{"@type":"Organization","@id":"https:\/\/kapitalis.com\/tunisie\/#organization","name":"Kapitalis","url":"https:\/\/kapitalis.com\/tunisie\/","logo":{"@type":"ImageObject","inLanguage":"fr-FR","@id":"https:\/\/kapitalis.com\/tunisie\/#\/schema\/logo\/image\/","url":"https:\/\/kapitalis.com\/tunisie\/wp-content\/uploads\/2022\/05\/Kapitalis-big-size.png","contentUrl":"https:\/\/kapitalis.com\/tunisie\/wp-content\/uploads\/2022\/05\/Kapitalis-big-size.png","width":5000,"height":1500,"caption":"Kapitalis"},"image":{"@id":"https:\/\/kapitalis.com\/tunisie\/#\/schema\/logo\/image\/"},"sameAs":["https:\/\/www.facebook.com\/KapitalisInfo\/","https:\/\/x.com\/KapitalisInfo","https:\/\/www.youtube.com\/channel\/UC-yDYrHyfFBWWZaOw3FPg9Q"]},{"@type":"Person","@id":"https:\/\/kapitalis.com\/tunisie\/#\/schema\/person\/d71f33a9ca44f7bad4698210b480c8e9","name":"webmaster kapitalis","url":"https:\/\/kapitalis.com\/tunisie\/author\/webmaster-kapitalis\/"}]}},"_links":{"self":[{"href":"https:\/\/kapitalis.com\/tunisie\/wp-json\/wp\/v2\/posts\/2917478","targetHints":{"allow":["GET"]}}],"collection":[{"href":"https:\/\/kapitalis.com\/tunisie\/wp-json\/wp\/v2\/posts"}],"about":[{"href":"https:\/\/kapitalis.com\/tunisie\/wp-json\/wp\/v2\/types\/post"}],"author":[{"embeddable":true,"href":"https:\/\/kapitalis.com\/tunisie\/wp-json\/wp\/v2\/users\/8"}],"replies":[{"embeddable":true,"href":"https:\/\/kapitalis.com\/tunisie\/wp-json\/wp\/v2\/comments?post=2917478"}],"version-history":[{"count":0,"href":"https:\/\/kapitalis.com\/tunisie\/wp-json\/wp\/v2\/posts\/2917478\/revisions"}],"wp:featuredmedia":[{"embeddable":true,"href":"https:\/\/kapitalis.com\/tunisie\/wp-json\/wp\/v2\/media\/2917682"}],"wp:attachment":[{"href":"https:\/\/kapitalis.com\/tunisie\/wp-json\/wp\/v2\/media?parent=2917478"}],"wp:term":[{"taxonomy":"category","embeddable":true,"href":"https:\/\/kapitalis.com\/tunisie\/wp-json\/wp\/v2\/categories?post=2917478"},{"taxonomy":"post_tag","embeddable":true,"href":"https:\/\/kapitalis.com\/tunisie\/wp-json\/wp\/v2\/tags?post=2917478"}],"curies":[{"name":"wp","href":"https:\/\/api.w.org\/{rel}","templated":true}]}}