{"id":291944,"date":"2020-03-31T23:42:49","date_gmt":"2020-03-31T22:42:49","guid":{"rendered":"http:\/\/kapitalis.com\/tunisie\/?p=291944"},"modified":"2020-04-01T07:50:31","modified_gmt":"2020-04-01T06:50:31","slug":"rades-deces-de-lagent-fehmi-jelassi-dans-un-accident-de-la-route","status":"publish","type":"post","link":"https:\/\/kapitalis.com\/tunisie\/2020\/03\/31\/rades-deces-de-lagent-fehmi-jelassi-dans-un-accident-de-la-route\/","title":{"rendered":"Rad\u00e8s : D\u00e9c\u00e8s de l&rsquo;agent Fehmi Jelassi, dans un accident de la route"},"content":{"rendered":"\n<figure class=\"wp-block-image size-large\"><img decoding=\"async\" src=\"http:\/\/kapitalis.com\/tunisie\/wp-content\/uploads\/2020\/03\/accident-agent-PNCP.jpg\" alt=\"\" class=\"wp-image-291952\"\/><\/figure>\n\n\n\n<p><strong><em>L&rsquo;agent Fehmi Jelassi, membre de la Brigade nationale de commandos de police (BNCP), est d\u00e9c\u00e9d\u00e9 ce soir, mardi 31 mars 2020, dans un accident de la route \u00e0 Rad\u00e8s (banlieue sud de Tunis).<\/em><\/strong><\/p>\n\n\n\n<!--more-->\n\n\n\n<p>C&rsquo;est ce qu&rsquo;a indiqu\u00e9 le Syndicat des fonctionnaires de la direction g\u00e9n\u00e9rale des unit\u00e9s d&rsquo;interventions (SFDGUI), dans un communiqu\u00e9 en pr\u00e9sentant ses condol\u00e9ances aux coll\u00e8gues et \u00e0 la famille de Fehmi Jelassi et en souhaitant un prompt r\u00e9tablissement \u00e0 l&rsquo;agent Foued Daboussi, qui a \u00e9t\u00e9 bless\u00e9 dans cet accident et transport\u00e9 \u00e0 l&rsquo;h\u00f4pital.<\/p>\n\n\n\n<p>Notons que les circonstances exactes de l&rsquo;accident n&rsquo;ont pas \u00e9t\u00e9 r\u00e9v\u00e9l\u00e9es, mais l&rsquo;on sait que l&rsquo;agent a perdu le contr\u00f4le de son v\u00e9hicule qui a d\u00e9rap\u00e9.<\/p>\n\n\n\n<p class=\"has-text-align-right\"><strong>Y. N.<\/strong><\/p>\n","protected":false},"excerpt":{"rendered":"<p>L&rsquo;agent Fehmi Jelassi, membre de la Brigade nationale de commandos de police (BNCP), est d\u00e9c\u00e9d\u00e9 ce soir, mardi 31 mars 2020, dans un accident de la route \u00e0 Rad\u00e8s (banlieue sud de Tunis).<\/p>\n","protected":false},"author":6,"featured_media":291952,"comment_status":"open","ping_status":"open","sticky":false,"template":"","format":"standard","meta":{"footnotes":""},"categories":[998,2433],"tags":[23,1209,2107,77249,77248,77247,1872,15513,64491],"class_list":["post-291944","post","type-post","status-publish","format-standard","has-post-thumbnail","hentry","category-societe","category-tunisie","tag-accident","tag-agent","tag-banlieue-sud","tag-bncp","tag-commandos","tag-fehmi-jelassi","tag-rades","tag-sfdgui","tag-tunis"],"yoast_head":"<!-- This site is optimized with the Yoast SEO plugin v26.6 - https:\/\/yoast.com\/wordpress\/plugins\/seo\/ -->\n<title>Rad\u00e8s : D\u00e9c\u00e8s de l&#039;agent Fehmi Jelassi, dans un accident de la route - Kapitalis<\/title>\n<meta name=\"robots\" content=\"index, follow, max-snippet:-1, max-image-preview:large, max-video-preview:-1\" \/>\n<link rel=\"canonical\" href=\"https:\/\/kapitalis.com\/tunisie\/2020\/03\/31\/rades-deces-de-lagent-fehmi-jelassi-dans-un-accident-de-la-route\/\" \/>\n<meta property=\"og:locale\" content=\"fr_FR\" \/>\n<meta property=\"og:type\" content=\"article\" \/>\n<meta property=\"og:title\" content=\"Rad\u00e8s : D\u00e9c\u00e8s de l&#039;agent Fehmi Jelassi, dans un accident de la route - Kapitalis\" \/>\n<meta property=\"og:description\" content=\"L&rsquo;agent Fehmi Jelassi, membre de la Brigade nationale de commandos de police (BNCP), est d\u00e9c\u00e9d\u00e9 ce soir, mardi 31 mars 2020, dans un accident de la route \u00e0 Rad\u00e8s (banlieue sud de Tunis).\" \/>\n<meta property=\"og:url\" content=\"https:\/\/kapitalis.com\/tunisie\/2020\/03\/31\/rades-deces-de-lagent-fehmi-jelassi-dans-un-accident-de-la-route\/\" \/>\n<meta property=\"og:site_name\" content=\"Kapitalis\" \/>\n<meta property=\"article:publisher\" content=\"https:\/\/www.facebook.com\/KapitalisInfo\/\" \/>\n<meta property=\"article:published_time\" content=\"2020-03-31T22:42:49+00:00\" \/>\n<meta property=\"article:modified_time\" content=\"2020-04-01T06:50:31+00:00\" \/>\n<meta property=\"og:image\" content=\"https:\/\/kapitalis.com\/tunisie\/wp-content\/uploads\/2022\/05\/kapitalis-logo-fb.png\" \/>\n\t<meta property=\"og:image:width\" content=\"1200\" \/>\n\t<meta property=\"og:image:height\" content=\"630\" \/>\n\t<meta property=\"og:image:type\" content=\"image\/png\" \/>\n<meta name=\"author\" content=\"Yusra NY\" \/>\n<meta name=\"twitter:card\" content=\"summary_large_image\" \/>\n<meta name=\"twitter:creator\" content=\"@KapitalisInfo\" \/>\n<meta name=\"twitter:site\" content=\"@KapitalisInfo\" \/>\n<meta name=\"twitter:label1\" content=\"\u00c9crit par\" \/>\n\t<meta name=\"twitter:data1\" content=\"Yusra NY\" \/>\n\t<meta name=\"twitter:label2\" content=\"Dur\u00e9e de lecture estim\u00e9e\" \/>\n\t<meta name=\"twitter:data2\" content=\"1 minute\" \/>\n<script type=\"application\/ld+json\" class=\"yoast-schema-graph\">{\"@context\":\"https:\/\/schema.org\",\"@graph\":[{\"@type\":\"Article\",\"@id\":\"https:\/\/kapitalis.com\/tunisie\/2020\/03\/31\/rades-deces-de-lagent-fehmi-jelassi-dans-un-accident-de-la-route\/#article\",\"isPartOf\":{\"@id\":\"https:\/\/kapitalis.com\/tunisie\/2020\/03\/31\/rades-deces-de-lagent-fehmi-jelassi-dans-un-accident-de-la-route\/\"},\"author\":{\"name\":\"Yusra NY\",\"@id\":\"https:\/\/kapitalis.com\/tunisie\/#\/schema\/person\/74bbde0154d49d790a92aaeac5bc01d5\"},\"headline\":\"Rad\u00e8s : D\u00e9c\u00e8s de l&rsquo;agent Fehmi Jelassi, dans un accident de la route\",\"datePublished\":\"2020-03-31T22:42:49+00:00\",\"dateModified\":\"2020-04-01T06:50:31+00:00\",\"mainEntityOfPage\":{\"@id\":\"https:\/\/kapitalis.com\/tunisie\/2020\/03\/31\/rades-deces-de-lagent-fehmi-jelassi-dans-un-accident-de-la-route\/\"},\"wordCount\":140,\"commentCount\":1,\"publisher\":{\"@id\":\"https:\/\/kapitalis.com\/tunisie\/#organization\"},\"image\":{\"@id\":\"https:\/\/kapitalis.com\/tunisie\/2020\/03\/31\/rades-deces-de-lagent-fehmi-jelassi-dans-un-accident-de-la-route\/#primaryimage\"},\"thumbnailUrl\":\"\",\"keywords\":[\"accident\",\"agent\",\"banlieue sud\",\"BNCP\",\"commandos\",\"Fehmi Jelassi\",\"Rad\u00e8s\",\"SFDGUI\",\"Tunis\"],\"articleSection\":[\"SOCIETE\",\"Tunisie\"],\"inLanguage\":\"fr-FR\",\"potentialAction\":[{\"@type\":\"CommentAction\",\"name\":\"Comment\",\"target\":[\"https:\/\/kapitalis.com\/tunisie\/2020\/03\/31\/rades-deces-de-lagent-fehmi-jelassi-dans-un-accident-de-la-route\/#respond\"]}]},{\"@type\":\"WebPage\",\"@id\":\"https:\/\/kapitalis.com\/tunisie\/2020\/03\/31\/rades-deces-de-lagent-fehmi-jelassi-dans-un-accident-de-la-route\/\",\"url\":\"https:\/\/kapitalis.com\/tunisie\/2020\/03\/31\/rades-deces-de-lagent-fehmi-jelassi-dans-un-accident-de-la-route\/\",\"name\":\"Rad\u00e8s : D\u00e9c\u00e8s de l'agent Fehmi Jelassi, dans un accident de la route - Kapitalis\",\"isPartOf\":{\"@id\":\"https:\/\/kapitalis.com\/tunisie\/#website\"},\"primaryImageOfPage\":{\"@id\":\"https:\/\/kapitalis.com\/tunisie\/2020\/03\/31\/rades-deces-de-lagent-fehmi-jelassi-dans-un-accident-de-la-route\/#primaryimage\"},\"image\":{\"@id\":\"https:\/\/kapitalis.com\/tunisie\/2020\/03\/31\/rades-deces-de-lagent-fehmi-jelassi-dans-un-accident-de-la-route\/#primaryimage\"},\"thumbnailUrl\":\"\",\"datePublished\":\"2020-03-31T22:42:49+00:00\",\"dateModified\":\"2020-04-01T06:50:31+00:00\",\"breadcrumb\":{\"@id\":\"https:\/\/kapitalis.com\/tunisie\/2020\/03\/31\/rades-deces-de-lagent-fehmi-jelassi-dans-un-accident-de-la-route\/#breadcrumb\"},\"inLanguage\":\"fr-FR\",\"potentialAction\":[{\"@type\":\"ReadAction\",\"target\":[\"https:\/\/kapitalis.com\/tunisie\/2020\/03\/31\/rades-deces-de-lagent-fehmi-jelassi-dans-un-accident-de-la-route\/\"]}]},{\"@type\":\"ImageObject\",\"inLanguage\":\"fr-FR\",\"@id\":\"https:\/\/kapitalis.com\/tunisie\/2020\/03\/31\/rades-deces-de-lagent-fehmi-jelassi-dans-un-accident-de-la-route\/#primaryimage\",\"url\":\"\",\"contentUrl\":\"\"},{\"@type\":\"BreadcrumbList\",\"@id\":\"https:\/\/kapitalis.com\/tunisie\/2020\/03\/31\/rades-deces-de-lagent-fehmi-jelassi-dans-un-accident-de-la-route\/#breadcrumb\",\"itemListElement\":[{\"@type\":\"ListItem\",\"position\":1,\"name\":\"Accueil\",\"item\":\"https:\/\/kapitalis.com\/tunisie\/\"},{\"@type\":\"ListItem\",\"position\":2,\"name\":\"Rad\u00e8s : D\u00e9c\u00e8s de l&rsquo;agent Fehmi Jelassi, dans un accident de la route\"}]},{\"@type\":\"WebSite\",\"@id\":\"https:\/\/kapitalis.com\/tunisie\/#website\",\"url\":\"https:\/\/kapitalis.com\/tunisie\/\",\"name\":\"Kapitalis\",\"description\":\"L&#039;actualit\u00e9 en Tunisie et dans le monde\",\"publisher\":{\"@id\":\"https:\/\/kapitalis.com\/tunisie\/#organization\"},\"potentialAction\":[{\"@type\":\"SearchAction\",\"target\":{\"@type\":\"EntryPoint\",\"urlTemplate\":\"https:\/\/kapitalis.com\/tunisie\/?s={search_term_string}\"},\"query-input\":{\"@type\":\"PropertyValueSpecification\",\"valueRequired\":true,\"valueName\":\"search_term_string\"}}],\"inLanguage\":\"fr-FR\"},{\"@type\":\"Organization\",\"@id\":\"https:\/\/kapitalis.com\/tunisie\/#organization\",\"name\":\"Kapitalis\",\"url\":\"https:\/\/kapitalis.com\/tunisie\/\",\"logo\":{\"@type\":\"ImageObject\",\"inLanguage\":\"fr-FR\",\"@id\":\"https:\/\/kapitalis.com\/tunisie\/#\/schema\/logo\/image\/\",\"url\":\"https:\/\/kapitalis.com\/tunisie\/wp-content\/uploads\/2022\/05\/Kapitalis-big-size.png\",\"contentUrl\":\"https:\/\/kapitalis.com\/tunisie\/wp-content\/uploads\/2022\/05\/Kapitalis-big-size.png\",\"width\":5000,\"height\":1500,\"caption\":\"Kapitalis\"},\"image\":{\"@id\":\"https:\/\/kapitalis.com\/tunisie\/#\/schema\/logo\/image\/\"},\"sameAs\":[\"https:\/\/www.facebook.com\/KapitalisInfo\/\",\"https:\/\/x.com\/KapitalisInfo\",\"https:\/\/www.youtube.com\/channel\/UC-yDYrHyfFBWWZaOw3FPg9Q\"]},{\"@type\":\"Person\",\"@id\":\"https:\/\/kapitalis.com\/tunisie\/#\/schema\/person\/74bbde0154d49d790a92aaeac5bc01d5\",\"name\":\"Yusra NY\",\"url\":\"https:\/\/kapitalis.com\/tunisie\/author\/yuza_adam\/\"}]}<\/script>\n<!-- \/ Yoast SEO plugin. -->","yoast_head_json":{"title":"Rad\u00e8s : D\u00e9c\u00e8s de l'agent Fehmi Jelassi, dans un accident de la route - Kapitalis","robots":{"index":"index","follow":"follow","max-snippet":"max-snippet:-1","max-image-preview":"max-image-preview:large","max-video-preview":"max-video-preview:-1"},"canonical":"https:\/\/kapitalis.com\/tunisie\/2020\/03\/31\/rades-deces-de-lagent-fehmi-jelassi-dans-un-accident-de-la-route\/","og_locale":"fr_FR","og_type":"article","og_title":"Rad\u00e8s : D\u00e9c\u00e8s de l'agent Fehmi Jelassi, dans un accident de la route - Kapitalis","og_description":"L&rsquo;agent Fehmi Jelassi, membre de la Brigade nationale de commandos de police (BNCP), est d\u00e9c\u00e9d\u00e9 ce soir, mardi 31 mars 2020, dans un accident de la route \u00e0 Rad\u00e8s (banlieue sud de Tunis).","og_url":"https:\/\/kapitalis.com\/tunisie\/2020\/03\/31\/rades-deces-de-lagent-fehmi-jelassi-dans-un-accident-de-la-route\/","og_site_name":"Kapitalis","article_publisher":"https:\/\/www.facebook.com\/KapitalisInfo\/","article_published_time":"2020-03-31T22:42:49+00:00","article_modified_time":"2020-04-01T06:50:31+00:00","og_image":[{"width":1200,"height":630,"url":"https:\/\/kapitalis.com\/tunisie\/wp-content\/uploads\/2022\/05\/kapitalis-logo-fb.png","type":"image\/png"}],"author":"Yusra NY","twitter_card":"summary_large_image","twitter_creator":"@KapitalisInfo","twitter_site":"@KapitalisInfo","twitter_misc":{"\u00c9crit par":"Yusra NY","Dur\u00e9e de lecture estim\u00e9e":"1 minute"},"schema":{"@context":"https:\/\/schema.org","@graph":[{"@type":"Article","@id":"https:\/\/kapitalis.com\/tunisie\/2020\/03\/31\/rades-deces-de-lagent-fehmi-jelassi-dans-un-accident-de-la-route\/#article","isPartOf":{"@id":"https:\/\/kapitalis.com\/tunisie\/2020\/03\/31\/rades-deces-de-lagent-fehmi-jelassi-dans-un-accident-de-la-route\/"},"author":{"name":"Yusra NY","@id":"https:\/\/kapitalis.com\/tunisie\/#\/schema\/person\/74bbde0154d49d790a92aaeac5bc01d5"},"headline":"Rad\u00e8s : D\u00e9c\u00e8s de l&rsquo;agent Fehmi Jelassi, dans un accident de la route","datePublished":"2020-03-31T22:42:49+00:00","dateModified":"2020-04-01T06:50:31+00:00","mainEntityOfPage":{"@id":"https:\/\/kapitalis.com\/tunisie\/2020\/03\/31\/rades-deces-de-lagent-fehmi-jelassi-dans-un-accident-de-la-route\/"},"wordCount":140,"commentCount":1,"publisher":{"@id":"https:\/\/kapitalis.com\/tunisie\/#organization"},"image":{"@id":"https:\/\/kapitalis.com\/tunisie\/2020\/03\/31\/rades-deces-de-lagent-fehmi-jelassi-dans-un-accident-de-la-route\/#primaryimage"},"thumbnailUrl":"","keywords":["accident","agent","banlieue sud","BNCP","commandos","Fehmi Jelassi","Rad\u00e8s","SFDGUI","Tunis"],"articleSection":["SOCIETE","Tunisie"],"inLanguage":"fr-FR","potentialAction":[{"@type":"CommentAction","name":"Comment","target":["https:\/\/kapitalis.com\/tunisie\/2020\/03\/31\/rades-deces-de-lagent-fehmi-jelassi-dans-un-accident-de-la-route\/#respond"]}]},{"@type":"WebPage","@id":"https:\/\/kapitalis.com\/tunisie\/2020\/03\/31\/rades-deces-de-lagent-fehmi-jelassi-dans-un-accident-de-la-route\/","url":"https:\/\/kapitalis.com\/tunisie\/2020\/03\/31\/rades-deces-de-lagent-fehmi-jelassi-dans-un-accident-de-la-route\/","name":"Rad\u00e8s : D\u00e9c\u00e8s de l'agent Fehmi Jelassi, dans un accident de la route - Kapitalis","isPartOf":{"@id":"https:\/\/kapitalis.com\/tunisie\/#website"},"primaryImageOfPage":{"@id":"https:\/\/kapitalis.com\/tunisie\/2020\/03\/31\/rades-deces-de-lagent-fehmi-jelassi-dans-un-accident-de-la-route\/#primaryimage"},"image":{"@id":"https:\/\/kapitalis.com\/tunisie\/2020\/03\/31\/rades-deces-de-lagent-fehmi-jelassi-dans-un-accident-de-la-route\/#primaryimage"},"thumbnailUrl":"","datePublished":"2020-03-31T22:42:49+00:00","dateModified":"2020-04-01T06:50:31+00:00","breadcrumb":{"@id":"https:\/\/kapitalis.com\/tunisie\/2020\/03\/31\/rades-deces-de-lagent-fehmi-jelassi-dans-un-accident-de-la-route\/#breadcrumb"},"inLanguage":"fr-FR","potentialAction":[{"@type":"ReadAction","target":["https:\/\/kapitalis.com\/tunisie\/2020\/03\/31\/rades-deces-de-lagent-fehmi-jelassi-dans-un-accident-de-la-route\/"]}]},{"@type":"ImageObject","inLanguage":"fr-FR","@id":"https:\/\/kapitalis.com\/tunisie\/2020\/03\/31\/rades-deces-de-lagent-fehmi-jelassi-dans-un-accident-de-la-route\/#primaryimage","url":"","contentUrl":""},{"@type":"BreadcrumbList","@id":"https:\/\/kapitalis.com\/tunisie\/2020\/03\/31\/rades-deces-de-lagent-fehmi-jelassi-dans-un-accident-de-la-route\/#breadcrumb","itemListElement":[{"@type":"ListItem","position":1,"name":"Accueil","item":"https:\/\/kapitalis.com\/tunisie\/"},{"@type":"ListItem","position":2,"name":"Rad\u00e8s : D\u00e9c\u00e8s de l&rsquo;agent Fehmi Jelassi, dans un accident de la route"}]},{"@type":"WebSite","@id":"https:\/\/kapitalis.com\/tunisie\/#website","url":"https:\/\/kapitalis.com\/tunisie\/","name":"Kapitalis","description":"L&#039;actualit\u00e9 en Tunisie et dans le monde","publisher":{"@id":"https:\/\/kapitalis.com\/tunisie\/#organization"},"potentialAction":[{"@type":"SearchAction","target":{"@type":"EntryPoint","urlTemplate":"https:\/\/kapitalis.com\/tunisie\/?s={search_term_string}"},"query-input":{"@type":"PropertyValueSpecification","valueRequired":true,"valueName":"search_term_string"}}],"inLanguage":"fr-FR"},{"@type":"Organization","@id":"https:\/\/kapitalis.com\/tunisie\/#organization","name":"Kapitalis","url":"https:\/\/kapitalis.com\/tunisie\/","logo":{"@type":"ImageObject","inLanguage":"fr-FR","@id":"https:\/\/kapitalis.com\/tunisie\/#\/schema\/logo\/image\/","url":"https:\/\/kapitalis.com\/tunisie\/wp-content\/uploads\/2022\/05\/Kapitalis-big-size.png","contentUrl":"https:\/\/kapitalis.com\/tunisie\/wp-content\/uploads\/2022\/05\/Kapitalis-big-size.png","width":5000,"height":1500,"caption":"Kapitalis"},"image":{"@id":"https:\/\/kapitalis.com\/tunisie\/#\/schema\/logo\/image\/"},"sameAs":["https:\/\/www.facebook.com\/KapitalisInfo\/","https:\/\/x.com\/KapitalisInfo","https:\/\/www.youtube.com\/channel\/UC-yDYrHyfFBWWZaOw3FPg9Q"]},{"@type":"Person","@id":"https:\/\/kapitalis.com\/tunisie\/#\/schema\/person\/74bbde0154d49d790a92aaeac5bc01d5","name":"Yusra NY","url":"https:\/\/kapitalis.com\/tunisie\/author\/yuza_adam\/"}]}},"_links":{"self":[{"href":"https:\/\/kapitalis.com\/tunisie\/wp-json\/wp\/v2\/posts\/291944","targetHints":{"allow":["GET"]}}],"collection":[{"href":"https:\/\/kapitalis.com\/tunisie\/wp-json\/wp\/v2\/posts"}],"about":[{"href":"https:\/\/kapitalis.com\/tunisie\/wp-json\/wp\/v2\/types\/post"}],"author":[{"embeddable":true,"href":"https:\/\/kapitalis.com\/tunisie\/wp-json\/wp\/v2\/users\/6"}],"replies":[{"embeddable":true,"href":"https:\/\/kapitalis.com\/tunisie\/wp-json\/wp\/v2\/comments?post=291944"}],"version-history":[{"count":0,"href":"https:\/\/kapitalis.com\/tunisie\/wp-json\/wp\/v2\/posts\/291944\/revisions"}],"wp:featuredmedia":[{"embeddable":true,"href":"https:\/\/kapitalis.com\/tunisie\/wp-json\/wp\/v2\/media\/291952"}],"wp:attachment":[{"href":"https:\/\/kapitalis.com\/tunisie\/wp-json\/wp\/v2\/media?parent=291944"}],"wp:term":[{"taxonomy":"category","embeddable":true,"href":"https:\/\/kapitalis.com\/tunisie\/wp-json\/wp\/v2\/categories?post=291944"},{"taxonomy":"post_tag","embeddable":true,"href":"https:\/\/kapitalis.com\/tunisie\/wp-json\/wp\/v2\/tags?post=291944"}],"curies":[{"name":"wp","href":"https:\/\/api.w.org\/{rel}","templated":true}]}}