{"id":2921375,"date":"2022-08-10T09:29:06","date_gmt":"2022-08-10T08:29:06","guid":{"rendered":"https:\/\/kapitalis.com\/tunisie\/?p=2921375"},"modified":"2022-08-10T09:32:07","modified_gmt":"2022-08-10T08:32:07","slug":"tunisie-le-tribunal-administratif-repond-favorablement-aux-recours-de-plusieurs-magistrats-revoques","status":"publish","type":"post","link":"https:\/\/kapitalis.com\/tunisie\/2022\/08\/10\/tunisie-le-tribunal-administratif-repond-favorablement-aux-recours-de-plusieurs-magistrats-revoques\/","title":{"rendered":"Tunisie : Le Tribunal administratif r\u00e9pond favorablement aux recours de plusieurs magistrats r\u00e9voqu\u00e9s"},"content":{"rendered":"\n<p><em><span><b>Le <\/b><\/span><strong>Tribunal administratif (TA) a d\u00e9cid\u00e9, ce mercredi 10 ao\u00fbt 2022, de suspendre la r\u00e9vocation de plusieurs magistrats concern\u00e9s par la d\u00e9cision pr\u00e9sidentielle \u00e0 cet effet, prise \u00e0 leur encontre en juin dernier.<\/strong><\/em><\/p>\n\n\n\n<!--more-->\n\n\n\n<p>C&rsquo;est ce qu&rsquo;a affirm\u00e9, ce matin, le porte-parole du TA, Imed Ghabri, dans une d\u00e9claration accord\u00e9e \u00e0 Mosa\u00efque FM, pr\u00e9cisant qu&rsquo;il s&rsquo;agit du verdict\u00a0concernant les recours des 57 magistrats r\u00e9voqu\u00e9s il y a plus de deux mois, et assurant que les d\u00e9cisions de r\u00e9vocation l\u00e9galement non-justifi\u00e9es ont \u00e9t\u00e9 suspendues.<\/p>\n\n\n\n<p>Selon la radio priv\u00e9e, le Tribunal administratifs a suspendu la r\u00e9vocation de 47 juges.<\/p>\n\n\n\n<p class=\"has-text-align-right\"><strong>C. B. Y.<\/strong><\/p>\n\n\n\n<figure class=\"wp-block-embed is-type-wp-embed is-provider-kapitalis wp-block-embed-kapitalis\"><div class=\"wp-block-embed__wrapper\">\n<blockquote class=\"wp-embedded-content\" data-secret=\"7m1YJqwY2B\"><a href=\"https:\/\/kapitalis.com\/tunisie\/2022\/06\/01\/tunisie-saied-annonce-des-mesures-imminentes-contre-des-juges-corrompus\/\">Tunisie : Sa\u00efed annonce des mesures imminentes contre des juges corrompus<\/a><\/blockquote><iframe loading=\"lazy\" class=\"wp-embedded-content\" sandbox=\"allow-scripts\" security=\"restricted\" style=\"position: absolute; clip: rect(1px, 1px, 1px, 1px);\" title=\"\u00ab\u00a0Tunisie : Sa\u00efed annonce des mesures imminentes contre des juges corrompus\u00a0\u00bb &#8212; Kapitalis\" src=\"https:\/\/kapitalis.com\/tunisie\/2022\/06\/01\/tunisie-saied-annonce-des-mesures-imminentes-contre-des-juges-corrompus\/embed\/#?secret=BW4UNKU92N#?secret=7m1YJqwY2B\" data-secret=\"7m1YJqwY2B\" width=\"600\" height=\"338\" frameborder=\"0\" marginwidth=\"0\" marginheight=\"0\" scrolling=\"no\"><\/iframe>\n<\/div><\/figure>\n\n\n\n<figure class=\"wp-block-embed is-type-wp-embed is-provider-kapitalis wp-block-embed-kapitalis\"><div class=\"wp-block-embed__wrapper\">\n<blockquote class=\"wp-embedded-content\" data-secret=\"Ms1kGYR8zK\"><a href=\"https:\/\/kapitalis.com\/tunisie\/2022\/06\/02\/tunisie-liste-des-57-juges-limoges-par-decret-presidentiel-jort\/\">Tunisie : Liste des 57 juges limog\u00e9s par d\u00e9cret pr\u00e9sidentiel (Jort)<\/a><\/blockquote><iframe loading=\"lazy\" class=\"wp-embedded-content\" sandbox=\"allow-scripts\" security=\"restricted\" style=\"position: absolute; clip: rect(1px, 1px, 1px, 1px);\" title=\"\u00ab\u00a0Tunisie : Liste des 57 juges limog\u00e9s par d\u00e9cret pr\u00e9sidentiel (Jort)\u00a0\u00bb &#8212; Kapitalis\" src=\"https:\/\/kapitalis.com\/tunisie\/2022\/06\/02\/tunisie-liste-des-57-juges-limoges-par-decret-presidentiel-jort\/embed\/#?secret=ltnyAKFNUn#?secret=Ms1kGYR8zK\" data-secret=\"Ms1kGYR8zK\" width=\"600\" height=\"338\" frameborder=\"0\" marginwidth=\"0\" marginheight=\"0\" scrolling=\"no\"><\/iframe>\n<\/div><\/figure>\n","protected":false},"excerpt":{"rendered":"<p>Le Tribunal administratif (TA) a d\u00e9cid\u00e9, ce mercredi 10 ao\u00fbt 2022, de suspendre la r\u00e9vocation de plusieurs magistrats concern\u00e9s par la d\u00e9cision pr\u00e9sidentielle \u00e0 cet effet, prise \u00e0 leur encontre en juin dernier.<\/p>\n","protected":false},"author":24,"featured_media":1618215,"comment_status":"open","ping_status":"open","sticky":false,"template":"","format":"standard","meta":{"footnotes":""},"categories":[997,2433],"tags":[93239,76012,100374,1772,62643],"class_list":["post-2921375","post","type-post","status-publish","format-standard","has-post-thumbnail","hentry","category-politique","category-tunisie","tag-imed-ghabri","tag-kais-saied-2","tag-magistrats-revoques","tag-tribunal-administratif","tag-tunisie"],"yoast_head":"<!-- This site is optimized with the Yoast SEO plugin v26.6 - https:\/\/yoast.com\/wordpress\/plugins\/seo\/ -->\n<title>Tunisie : Le Tribunal administratif r\u00e9pond favorablement aux recours de plusieurs magistrats r\u00e9voqu\u00e9s - Kapitalis<\/title>\n<meta name=\"robots\" content=\"index, follow, max-snippet:-1, max-image-preview:large, max-video-preview:-1\" \/>\n<link rel=\"canonical\" href=\"https:\/\/kapitalis.com\/tunisie\/2022\/08\/10\/tunisie-le-tribunal-administratif-repond-favorablement-aux-recours-de-plusieurs-magistrats-revoques\/\" \/>\n<meta property=\"og:locale\" content=\"fr_FR\" \/>\n<meta property=\"og:type\" content=\"article\" \/>\n<meta property=\"og:title\" content=\"Tunisie : Le Tribunal administratif r\u00e9pond favorablement aux recours de plusieurs magistrats r\u00e9voqu\u00e9s - Kapitalis\" \/>\n<meta property=\"og:description\" content=\"Le Tribunal administratif (TA) a d\u00e9cid\u00e9, ce mercredi 10 ao\u00fbt 2022, de suspendre la r\u00e9vocation de plusieurs magistrats concern\u00e9s par la d\u00e9cision pr\u00e9sidentielle \u00e0 cet effet, prise \u00e0 leur encontre en juin dernier.\" \/>\n<meta property=\"og:url\" content=\"https:\/\/kapitalis.com\/tunisie\/2022\/08\/10\/tunisie-le-tribunal-administratif-repond-favorablement-aux-recours-de-plusieurs-magistrats-revoques\/\" \/>\n<meta property=\"og:site_name\" content=\"Kapitalis\" \/>\n<meta property=\"article:publisher\" content=\"https:\/\/www.facebook.com\/KapitalisInfo\/\" \/>\n<meta property=\"article:published_time\" content=\"2022-08-10T08:29:06+00:00\" \/>\n<meta property=\"article:modified_time\" content=\"2022-08-10T08:32:07+00:00\" \/>\n<meta property=\"og:image\" content=\"https:\/\/kapitalis.com\/tunisie\/wp-content\/uploads\/2022\/06\/juges-tunisie.jpg\" \/>\n\t<meta property=\"og:image:width\" content=\"1200\" \/>\n\t<meta property=\"og:image:height\" content=\"620\" \/>\n\t<meta property=\"og:image:type\" content=\"image\/jpeg\" \/>\n<meta name=\"author\" content=\"Cherif Benyounes\" \/>\n<meta name=\"twitter:card\" content=\"summary_large_image\" \/>\n<meta name=\"twitter:creator\" content=\"@KapitalisInfo\" \/>\n<meta name=\"twitter:site\" content=\"@KapitalisInfo\" \/>\n<meta name=\"twitter:label1\" content=\"\u00c9crit par\" \/>\n\t<meta name=\"twitter:data1\" content=\"Cherif Benyounes\" \/>\n\t<meta name=\"twitter:label2\" content=\"Dur\u00e9e de lecture estim\u00e9e\" \/>\n\t<meta name=\"twitter:data2\" content=\"1 minute\" \/>\n<script type=\"application\/ld+json\" class=\"yoast-schema-graph\">{\"@context\":\"https:\/\/schema.org\",\"@graph\":[{\"@type\":\"Article\",\"@id\":\"https:\/\/kapitalis.com\/tunisie\/2022\/08\/10\/tunisie-le-tribunal-administratif-repond-favorablement-aux-recours-de-plusieurs-magistrats-revoques\/#article\",\"isPartOf\":{\"@id\":\"https:\/\/kapitalis.com\/tunisie\/2022\/08\/10\/tunisie-le-tribunal-administratif-repond-favorablement-aux-recours-de-plusieurs-magistrats-revoques\/\"},\"author\":{\"name\":\"Cherif Benyounes\",\"@id\":\"https:\/\/kapitalis.com\/tunisie\/#\/schema\/person\/b35b8d631961131107263178aeb8019e\"},\"headline\":\"Tunisie : Le Tribunal administratif r\u00e9pond favorablement aux recours de plusieurs magistrats r\u00e9voqu\u00e9s\",\"datePublished\":\"2022-08-10T08:29:06+00:00\",\"dateModified\":\"2022-08-10T08:32:07+00:00\",\"mainEntityOfPage\":{\"@id\":\"https:\/\/kapitalis.com\/tunisie\/2022\/08\/10\/tunisie-le-tribunal-administratif-repond-favorablement-aux-recours-de-plusieurs-magistrats-revoques\/\"},\"wordCount\":137,\"commentCount\":1,\"publisher\":{\"@id\":\"https:\/\/kapitalis.com\/tunisie\/#organization\"},\"image\":{\"@id\":\"https:\/\/kapitalis.com\/tunisie\/2022\/08\/10\/tunisie-le-tribunal-administratif-repond-favorablement-aux-recours-de-plusieurs-magistrats-revoques\/#primaryimage\"},\"thumbnailUrl\":\"https:\/\/kapitalis.com\/tunisie\/wp-content\/uploads\/2022\/06\/juges-tunisie.jpg\",\"keywords\":[\"Imed Ghabri\",\"Ka\u00efs Sa\u00efed\",\"magistrats r\u00e9voqu\u00e9s\",\"tribunal administratif\",\"Tunisie\"],\"articleSection\":[\"POLITIQUE\",\"Tunisie\"],\"inLanguage\":\"fr-FR\",\"potentialAction\":[{\"@type\":\"CommentAction\",\"name\":\"Comment\",\"target\":[\"https:\/\/kapitalis.com\/tunisie\/2022\/08\/10\/tunisie-le-tribunal-administratif-repond-favorablement-aux-recours-de-plusieurs-magistrats-revoques\/#respond\"]}]},{\"@type\":\"WebPage\",\"@id\":\"https:\/\/kapitalis.com\/tunisie\/2022\/08\/10\/tunisie-le-tribunal-administratif-repond-favorablement-aux-recours-de-plusieurs-magistrats-revoques\/\",\"url\":\"https:\/\/kapitalis.com\/tunisie\/2022\/08\/10\/tunisie-le-tribunal-administratif-repond-favorablement-aux-recours-de-plusieurs-magistrats-revoques\/\",\"name\":\"Tunisie : Le Tribunal administratif r\u00e9pond favorablement aux recours de plusieurs magistrats r\u00e9voqu\u00e9s - Kapitalis\",\"isPartOf\":{\"@id\":\"https:\/\/kapitalis.com\/tunisie\/#website\"},\"primaryImageOfPage\":{\"@id\":\"https:\/\/kapitalis.com\/tunisie\/2022\/08\/10\/tunisie-le-tribunal-administratif-repond-favorablement-aux-recours-de-plusieurs-magistrats-revoques\/#primaryimage\"},\"image\":{\"@id\":\"https:\/\/kapitalis.com\/tunisie\/2022\/08\/10\/tunisie-le-tribunal-administratif-repond-favorablement-aux-recours-de-plusieurs-magistrats-revoques\/#primaryimage\"},\"thumbnailUrl\":\"https:\/\/kapitalis.com\/tunisie\/wp-content\/uploads\/2022\/06\/juges-tunisie.jpg\",\"datePublished\":\"2022-08-10T08:29:06+00:00\",\"dateModified\":\"2022-08-10T08:32:07+00:00\",\"breadcrumb\":{\"@id\":\"https:\/\/kapitalis.com\/tunisie\/2022\/08\/10\/tunisie-le-tribunal-administratif-repond-favorablement-aux-recours-de-plusieurs-magistrats-revoques\/#breadcrumb\"},\"inLanguage\":\"fr-FR\",\"potentialAction\":[{\"@type\":\"ReadAction\",\"target\":[\"https:\/\/kapitalis.com\/tunisie\/2022\/08\/10\/tunisie-le-tribunal-administratif-repond-favorablement-aux-recours-de-plusieurs-magistrats-revoques\/\"]}]},{\"@type\":\"ImageObject\",\"inLanguage\":\"fr-FR\",\"@id\":\"https:\/\/kapitalis.com\/tunisie\/2022\/08\/10\/tunisie-le-tribunal-administratif-repond-favorablement-aux-recours-de-plusieurs-magistrats-revoques\/#primaryimage\",\"url\":\"https:\/\/kapitalis.com\/tunisie\/wp-content\/uploads\/2022\/06\/juges-tunisie.jpg\",\"contentUrl\":\"https:\/\/kapitalis.com\/tunisie\/wp-content\/uploads\/2022\/06\/juges-tunisie.jpg\",\"width\":1200,\"height\":620},{\"@type\":\"BreadcrumbList\",\"@id\":\"https:\/\/kapitalis.com\/tunisie\/2022\/08\/10\/tunisie-le-tribunal-administratif-repond-favorablement-aux-recours-de-plusieurs-magistrats-revoques\/#breadcrumb\",\"itemListElement\":[{\"@type\":\"ListItem\",\"position\":1,\"name\":\"Accueil\",\"item\":\"https:\/\/kapitalis.com\/tunisie\/\"},{\"@type\":\"ListItem\",\"position\":2,\"name\":\"Tunisie : Le Tribunal administratif r\u00e9pond favorablement aux recours de plusieurs magistrats r\u00e9voqu\u00e9s\"}]},{\"@type\":\"WebSite\",\"@id\":\"https:\/\/kapitalis.com\/tunisie\/#website\",\"url\":\"https:\/\/kapitalis.com\/tunisie\/\",\"name\":\"Kapitalis\",\"description\":\"L&#039;actualit\u00e9 en Tunisie et dans le monde\",\"publisher\":{\"@id\":\"https:\/\/kapitalis.com\/tunisie\/#organization\"},\"potentialAction\":[{\"@type\":\"SearchAction\",\"target\":{\"@type\":\"EntryPoint\",\"urlTemplate\":\"https:\/\/kapitalis.com\/tunisie\/?s={search_term_string}\"},\"query-input\":{\"@type\":\"PropertyValueSpecification\",\"valueRequired\":true,\"valueName\":\"search_term_string\"}}],\"inLanguage\":\"fr-FR\"},{\"@type\":\"Organization\",\"@id\":\"https:\/\/kapitalis.com\/tunisie\/#organization\",\"name\":\"Kapitalis\",\"url\":\"https:\/\/kapitalis.com\/tunisie\/\",\"logo\":{\"@type\":\"ImageObject\",\"inLanguage\":\"fr-FR\",\"@id\":\"https:\/\/kapitalis.com\/tunisie\/#\/schema\/logo\/image\/\",\"url\":\"https:\/\/kapitalis.com\/tunisie\/wp-content\/uploads\/2022\/05\/Kapitalis-big-size.png\",\"contentUrl\":\"https:\/\/kapitalis.com\/tunisie\/wp-content\/uploads\/2022\/05\/Kapitalis-big-size.png\",\"width\":5000,\"height\":1500,\"caption\":\"Kapitalis\"},\"image\":{\"@id\":\"https:\/\/kapitalis.com\/tunisie\/#\/schema\/logo\/image\/\"},\"sameAs\":[\"https:\/\/www.facebook.com\/KapitalisInfo\/\",\"https:\/\/x.com\/KapitalisInfo\",\"https:\/\/www.youtube.com\/channel\/UC-yDYrHyfFBWWZaOw3FPg9Q\"]},{\"@type\":\"Person\",\"@id\":\"https:\/\/kapitalis.com\/tunisie\/#\/schema\/person\/b35b8d631961131107263178aeb8019e\",\"name\":\"Cherif Benyounes\",\"url\":\"https:\/\/kapitalis.com\/tunisie\/author\/cherif\/\"}]}<\/script>\n<!-- \/ Yoast SEO plugin. -->","yoast_head_json":{"title":"Tunisie : Le Tribunal administratif r\u00e9pond favorablement aux recours de plusieurs magistrats r\u00e9voqu\u00e9s - Kapitalis","robots":{"index":"index","follow":"follow","max-snippet":"max-snippet:-1","max-image-preview":"max-image-preview:large","max-video-preview":"max-video-preview:-1"},"canonical":"https:\/\/kapitalis.com\/tunisie\/2022\/08\/10\/tunisie-le-tribunal-administratif-repond-favorablement-aux-recours-de-plusieurs-magistrats-revoques\/","og_locale":"fr_FR","og_type":"article","og_title":"Tunisie : Le Tribunal administratif r\u00e9pond favorablement aux recours de plusieurs magistrats r\u00e9voqu\u00e9s - Kapitalis","og_description":"Le Tribunal administratif (TA) a d\u00e9cid\u00e9, ce mercredi 10 ao\u00fbt 2022, de suspendre la r\u00e9vocation de plusieurs magistrats concern\u00e9s par la d\u00e9cision pr\u00e9sidentielle \u00e0 cet effet, prise \u00e0 leur encontre en juin dernier.","og_url":"https:\/\/kapitalis.com\/tunisie\/2022\/08\/10\/tunisie-le-tribunal-administratif-repond-favorablement-aux-recours-de-plusieurs-magistrats-revoques\/","og_site_name":"Kapitalis","article_publisher":"https:\/\/www.facebook.com\/KapitalisInfo\/","article_published_time":"2022-08-10T08:29:06+00:00","article_modified_time":"2022-08-10T08:32:07+00:00","og_image":[{"width":1200,"height":620,"url":"https:\/\/kapitalis.com\/tunisie\/wp-content\/uploads\/2022\/06\/juges-tunisie.jpg","type":"image\/jpeg"}],"author":"Cherif Benyounes","twitter_card":"summary_large_image","twitter_creator":"@KapitalisInfo","twitter_site":"@KapitalisInfo","twitter_misc":{"\u00c9crit par":"Cherif Benyounes","Dur\u00e9e de lecture estim\u00e9e":"1 minute"},"schema":{"@context":"https:\/\/schema.org","@graph":[{"@type":"Article","@id":"https:\/\/kapitalis.com\/tunisie\/2022\/08\/10\/tunisie-le-tribunal-administratif-repond-favorablement-aux-recours-de-plusieurs-magistrats-revoques\/#article","isPartOf":{"@id":"https:\/\/kapitalis.com\/tunisie\/2022\/08\/10\/tunisie-le-tribunal-administratif-repond-favorablement-aux-recours-de-plusieurs-magistrats-revoques\/"},"author":{"name":"Cherif Benyounes","@id":"https:\/\/kapitalis.com\/tunisie\/#\/schema\/person\/b35b8d631961131107263178aeb8019e"},"headline":"Tunisie : Le Tribunal administratif r\u00e9pond favorablement aux recours de plusieurs magistrats r\u00e9voqu\u00e9s","datePublished":"2022-08-10T08:29:06+00:00","dateModified":"2022-08-10T08:32:07+00:00","mainEntityOfPage":{"@id":"https:\/\/kapitalis.com\/tunisie\/2022\/08\/10\/tunisie-le-tribunal-administratif-repond-favorablement-aux-recours-de-plusieurs-magistrats-revoques\/"},"wordCount":137,"commentCount":1,"publisher":{"@id":"https:\/\/kapitalis.com\/tunisie\/#organization"},"image":{"@id":"https:\/\/kapitalis.com\/tunisie\/2022\/08\/10\/tunisie-le-tribunal-administratif-repond-favorablement-aux-recours-de-plusieurs-magistrats-revoques\/#primaryimage"},"thumbnailUrl":"https:\/\/kapitalis.com\/tunisie\/wp-content\/uploads\/2022\/06\/juges-tunisie.jpg","keywords":["Imed Ghabri","Ka\u00efs Sa\u00efed","magistrats r\u00e9voqu\u00e9s","tribunal administratif","Tunisie"],"articleSection":["POLITIQUE","Tunisie"],"inLanguage":"fr-FR","potentialAction":[{"@type":"CommentAction","name":"Comment","target":["https:\/\/kapitalis.com\/tunisie\/2022\/08\/10\/tunisie-le-tribunal-administratif-repond-favorablement-aux-recours-de-plusieurs-magistrats-revoques\/#respond"]}]},{"@type":"WebPage","@id":"https:\/\/kapitalis.com\/tunisie\/2022\/08\/10\/tunisie-le-tribunal-administratif-repond-favorablement-aux-recours-de-plusieurs-magistrats-revoques\/","url":"https:\/\/kapitalis.com\/tunisie\/2022\/08\/10\/tunisie-le-tribunal-administratif-repond-favorablement-aux-recours-de-plusieurs-magistrats-revoques\/","name":"Tunisie : Le Tribunal administratif r\u00e9pond favorablement aux recours de plusieurs magistrats r\u00e9voqu\u00e9s - Kapitalis","isPartOf":{"@id":"https:\/\/kapitalis.com\/tunisie\/#website"},"primaryImageOfPage":{"@id":"https:\/\/kapitalis.com\/tunisie\/2022\/08\/10\/tunisie-le-tribunal-administratif-repond-favorablement-aux-recours-de-plusieurs-magistrats-revoques\/#primaryimage"},"image":{"@id":"https:\/\/kapitalis.com\/tunisie\/2022\/08\/10\/tunisie-le-tribunal-administratif-repond-favorablement-aux-recours-de-plusieurs-magistrats-revoques\/#primaryimage"},"thumbnailUrl":"https:\/\/kapitalis.com\/tunisie\/wp-content\/uploads\/2022\/06\/juges-tunisie.jpg","datePublished":"2022-08-10T08:29:06+00:00","dateModified":"2022-08-10T08:32:07+00:00","breadcrumb":{"@id":"https:\/\/kapitalis.com\/tunisie\/2022\/08\/10\/tunisie-le-tribunal-administratif-repond-favorablement-aux-recours-de-plusieurs-magistrats-revoques\/#breadcrumb"},"inLanguage":"fr-FR","potentialAction":[{"@type":"ReadAction","target":["https:\/\/kapitalis.com\/tunisie\/2022\/08\/10\/tunisie-le-tribunal-administratif-repond-favorablement-aux-recours-de-plusieurs-magistrats-revoques\/"]}]},{"@type":"ImageObject","inLanguage":"fr-FR","@id":"https:\/\/kapitalis.com\/tunisie\/2022\/08\/10\/tunisie-le-tribunal-administratif-repond-favorablement-aux-recours-de-plusieurs-magistrats-revoques\/#primaryimage","url":"https:\/\/kapitalis.com\/tunisie\/wp-content\/uploads\/2022\/06\/juges-tunisie.jpg","contentUrl":"https:\/\/kapitalis.com\/tunisie\/wp-content\/uploads\/2022\/06\/juges-tunisie.jpg","width":1200,"height":620},{"@type":"BreadcrumbList","@id":"https:\/\/kapitalis.com\/tunisie\/2022\/08\/10\/tunisie-le-tribunal-administratif-repond-favorablement-aux-recours-de-plusieurs-magistrats-revoques\/#breadcrumb","itemListElement":[{"@type":"ListItem","position":1,"name":"Accueil","item":"https:\/\/kapitalis.com\/tunisie\/"},{"@type":"ListItem","position":2,"name":"Tunisie : Le Tribunal administratif r\u00e9pond favorablement aux recours de plusieurs magistrats r\u00e9voqu\u00e9s"}]},{"@type":"WebSite","@id":"https:\/\/kapitalis.com\/tunisie\/#website","url":"https:\/\/kapitalis.com\/tunisie\/","name":"Kapitalis","description":"L&#039;actualit\u00e9 en Tunisie et dans le monde","publisher":{"@id":"https:\/\/kapitalis.com\/tunisie\/#organization"},"potentialAction":[{"@type":"SearchAction","target":{"@type":"EntryPoint","urlTemplate":"https:\/\/kapitalis.com\/tunisie\/?s={search_term_string}"},"query-input":{"@type":"PropertyValueSpecification","valueRequired":true,"valueName":"search_term_string"}}],"inLanguage":"fr-FR"},{"@type":"Organization","@id":"https:\/\/kapitalis.com\/tunisie\/#organization","name":"Kapitalis","url":"https:\/\/kapitalis.com\/tunisie\/","logo":{"@type":"ImageObject","inLanguage":"fr-FR","@id":"https:\/\/kapitalis.com\/tunisie\/#\/schema\/logo\/image\/","url":"https:\/\/kapitalis.com\/tunisie\/wp-content\/uploads\/2022\/05\/Kapitalis-big-size.png","contentUrl":"https:\/\/kapitalis.com\/tunisie\/wp-content\/uploads\/2022\/05\/Kapitalis-big-size.png","width":5000,"height":1500,"caption":"Kapitalis"},"image":{"@id":"https:\/\/kapitalis.com\/tunisie\/#\/schema\/logo\/image\/"},"sameAs":["https:\/\/www.facebook.com\/KapitalisInfo\/","https:\/\/x.com\/KapitalisInfo","https:\/\/www.youtube.com\/channel\/UC-yDYrHyfFBWWZaOw3FPg9Q"]},{"@type":"Person","@id":"https:\/\/kapitalis.com\/tunisie\/#\/schema\/person\/b35b8d631961131107263178aeb8019e","name":"Cherif Benyounes","url":"https:\/\/kapitalis.com\/tunisie\/author\/cherif\/"}]}},"_links":{"self":[{"href":"https:\/\/kapitalis.com\/tunisie\/wp-json\/wp\/v2\/posts\/2921375","targetHints":{"allow":["GET"]}}],"collection":[{"href":"https:\/\/kapitalis.com\/tunisie\/wp-json\/wp\/v2\/posts"}],"about":[{"href":"https:\/\/kapitalis.com\/tunisie\/wp-json\/wp\/v2\/types\/post"}],"author":[{"embeddable":true,"href":"https:\/\/kapitalis.com\/tunisie\/wp-json\/wp\/v2\/users\/24"}],"replies":[{"embeddable":true,"href":"https:\/\/kapitalis.com\/tunisie\/wp-json\/wp\/v2\/comments?post=2921375"}],"version-history":[{"count":0,"href":"https:\/\/kapitalis.com\/tunisie\/wp-json\/wp\/v2\/posts\/2921375\/revisions"}],"wp:featuredmedia":[{"embeddable":true,"href":"https:\/\/kapitalis.com\/tunisie\/wp-json\/wp\/v2\/media\/1618215"}],"wp:attachment":[{"href":"https:\/\/kapitalis.com\/tunisie\/wp-json\/wp\/v2\/media?parent=2921375"}],"wp:term":[{"taxonomy":"category","embeddable":true,"href":"https:\/\/kapitalis.com\/tunisie\/wp-json\/wp\/v2\/categories?post=2921375"},{"taxonomy":"post_tag","embeddable":true,"href":"https:\/\/kapitalis.com\/tunisie\/wp-json\/wp\/v2\/tags?post=2921375"}],"curies":[{"name":"wp","href":"https:\/\/api.w.org\/{rel}","templated":true}]}}