{"id":292205,"date":"2020-04-02T08:47:58","date_gmt":"2020-04-02T07:47:58","guid":{"rendered":"http:\/\/kapitalis.com\/tunisie\/?p=292205"},"modified":"2020-04-02T08:48:07","modified_gmt":"2020-04-02T07:48:07","slug":"la-tunisie-a-remporte-la-1ere-bataille-contre-le-covid-19-mais-pas-encore-la-guerre","status":"publish","type":"post","link":"https:\/\/kapitalis.com\/tunisie\/2020\/04\/02\/la-tunisie-a-remporte-la-1ere-bataille-contre-le-covid-19-mais-pas-encore-la-guerre\/","title":{"rendered":"La Tunisie a remport\u00e9 la 1\u00e8re bataille contre le Covid-19, mais pas encore la guerre"},"content":{"rendered":"\n<figure class=\"wp-block-image size-large\"><img decoding=\"async\" src=\"http:\/\/kapitalis.com\/tunisie\/wp-content\/uploads\/2020\/02\/chinois-a\u00e9roport-de-Tunis-1.jpg\" alt=\"\" class=\"wp-image-278051\"\/><figcaption><em>Contr\u00f4le sanitaire des voyageurs \u00e0 l&rsquo;a\u00e9roport de Tunis-Carthage d\u00e8s le 1er f\u00e9vrier 2020.<\/em><\/figcaption><\/figure>\n\n\n\n<p><strong><em> La pr\u00e9cocit\u00e9 des actions men\u00e9es, malgr\u00e9 quelques h\u00e9sitations aussi bien au niveau du gouvernement (sur les cons\u00e9quences \u00e9conomiques) que des citoyens (ne r\u00e9alisant pas l\u2019ampleur du risque de l\u2019infection), ont permis \u00e0 la Tunisie de ralentir la vitesse de diffusion du coronavirus (Covid-19). <\/em><\/strong><\/p>\n\n\n\n<p> Par <strong>Faouzi Addad<\/strong> *<\/p>\n\n\n\n<!--more-->\n\n\n\n<div class=\"wp-block-image\"><figure class=\"alignleft size-large\"><img decoding=\"async\" src=\"http:\/\/kapitalis.com\/tunisie\/wp-content\/uploads\/2020\/03\/Faouzi-Addad.jpg\" alt=\"\" class=\"wp-image-289193\"\/><\/figure><\/div>\n\n\n\n<p> D\u2019apr\u00e8s le repr\u00e9sentant de l\u2019Organisation mondiale de la sant\u00e9 (OMS) \u00e0 Tunis, Yves Souteyrand, <em>\u00abla Tunisie a r\u00e9agi t\u00f4t avec sa politique de pr\u00e9vention, ce qui a donn\u00e9 des r\u00e9sultats positifs\u00bb<\/em>. Parmi, les d\u00e9cisions probablement les plus importantes et les plus pr\u00e9coces dans la lutte contre le coronavirus (Covid-19), ce fut l\u2019arr\u00eat des cours dans toutes les \u00e9coles, coll\u00e8ges et lyc\u00e9es, permettant de r\u00e9duire de fa\u00e7on consid\u00e9rable le nombre de porteurs sains qui seraient rentr\u00e9s dans tous nos foyers. <\/p>\n\n\n\n<p>\u00c0 titre de comparaison, le 9 mars 2020, 40% des \u00e9l\u00e8ves avaient d\u00e9j\u00e0 quitt\u00e9 les \u00e9coles tunisiennes (encourag\u00e9s principalement par les mamans) et le reste des \u00e9l\u00e8ves, et de fa\u00e7on d\u00e9finitive, le 12 mars (nous avions alors 13 cas d\u00e9tect\u00e9s), contre la date du 16 mars pour la France avec, \u00e0 l\u2019\u00e9poque, 6.473 patients atteints dans ce pays. <\/p>\n\n\n\n<p> La pr\u00e9cocit\u00e9 de nos actions, malgr\u00e9 quelques h\u00e9sitations aussi bien au niveau du gouvernement (sur les cons\u00e9quences \u00e9conomiques) que des citoyens (ne r\u00e9alisant pas l\u2019ampleur du risque de l\u2019infection), ont permis de ralentir la vitesse de diffusion du coronavirus. Cela, on s\u2019en rend compte de plus en plus chaque jour.<\/p>\n\n\n\n<p> Cependant, si la premi\u00e8re bataille a \u00e9t\u00e9 remport\u00e9e, la guerre est loin d\u2019\u00eatre gagn\u00e9e. Aujourd\u2019hui, la barre d\u2019un million de personnes touch\u00e9es par le Covid-19 va \u00eatre atteinte dans le monde, nous rappelant que les mesures barri\u00e8res doivent continuer \u00e0 \u00eatre respect\u00e9es. Encore 2 \u00e0 3 semaines au moins \u00e0 tenir en confinement total, en ne quittant son domicile que par n\u00e9cessit\u00e9 et en respectant la distanciation sociale de 1 m\u00e8tre. Ne mettez donc pas votre vie ou celle des autres en danger !<\/p>\n\n\n\n<p> Le monde est en train de changer et probablement pour le meilleur, si tant est que nous serions suffisamment intelligents pour d\u00e9coder les messages qui nous ont \u00e9t\u00e9 adress\u00e9s \u00e0 travers cette pand\u00e9mie mondiale. <\/p>\n\n\n\n<p> Notre force r\u00e9sultera de notre solidarit\u00e9 et de la mobilisation de l\u2019ensemble des composants de ce pays. Apr\u00e8s l\u2019\u00e9preuve de cette \u00e9pid\u00e9mie, le corps m\u00e9dical retrouvera la place qu\u2019il m\u00e9rite dans notre soci\u00e9t\u00e9. En esp\u00e9rant que les agressions verbales ou physiques, dont il est souvent victime dans les h\u00f4pitaux, dispara\u00eetront bient\u00f4t d\u00e9finitivement de notre pays. L\u2019Etat doit prot\u00e9ger le moral de ses troupes en blouses blanches qui sont aujourd\u2019hui sur le front. Et le seront encore davantage demain.<\/p>\n\n\n\n<p> Je terminerai par la phrase du jour du Pr Didier Raoult : <em>\u00abLa seule chose importante en m\u00e9decine c\u2019est l\u2019efficacit\u00e9\u00bb.<\/em><\/p>\n\n\n\n<p> Que Dieu prot\u00e8ge notre pays. <\/p>\n\n\n\n<p><em>* Professeur de cardiologie.<\/em><\/p>\n","protected":false},"excerpt":{"rendered":"<p>La pr\u00e9cocit\u00e9 des actions men\u00e9es, malgr\u00e9 quelques h\u00e9sitations aussi bien au niveau du gouvernement (sur les cons\u00e9quences \u00e9conomiques) que des citoyens (ne r\u00e9alisant pas l\u2019ampleur du risque de l\u2019infection), ont permis \u00e0 la Tunisie de ralentir la vitesse de diffusion du coronavirus (Covid-19). Par Faouzi Addad *<\/p>\n","protected":false},"author":8,"featured_media":0,"comment_status":"open","ping_status":"open","sticky":false,"template":"","format":"standard","meta":{"footnotes":""},"categories":[992,998,1000,2433],"tags":[76605,73060,75291,77305,76368],"class_list":["post-292205","post","type-post","status-publish","format-standard","hentry","category-a-la-une","category-societe","category-tribune","category-tunisie","tag-confinement","tag-coronavirus","tag-covid-19","tag-ons","tag-yves-souteyrand"],"yoast_head":"<!-- This site is optimized with the Yoast SEO plugin v26.6 - https:\/\/yoast.com\/wordpress\/plugins\/seo\/ -->\n<title>La Tunisie a remport\u00e9 la 1\u00e8re bataille contre le Covid-19, mais pas encore la guerre - Kapitalis<\/title>\n<meta name=\"robots\" content=\"index, follow, max-snippet:-1, max-image-preview:large, max-video-preview:-1\" \/>\n<link rel=\"canonical\" href=\"https:\/\/kapitalis.com\/tunisie\/2020\/04\/02\/la-tunisie-a-remporte-la-1ere-bataille-contre-le-covid-19-mais-pas-encore-la-guerre\/\" \/>\n<meta property=\"og:locale\" content=\"fr_FR\" \/>\n<meta property=\"og:type\" content=\"article\" \/>\n<meta property=\"og:title\" content=\"La Tunisie a remport\u00e9 la 1\u00e8re bataille contre le Covid-19, mais pas encore la guerre - Kapitalis\" \/>\n<meta property=\"og:description\" content=\"La pr\u00e9cocit\u00e9 des actions men\u00e9es, malgr\u00e9 quelques h\u00e9sitations aussi bien au niveau du gouvernement (sur les cons\u00e9quences \u00e9conomiques) que des citoyens (ne r\u00e9alisant pas l\u2019ampleur du risque de l\u2019infection), ont permis \u00e0 la Tunisie de ralentir la vitesse de diffusion du coronavirus (Covid-19). Par Faouzi Addad *\" \/>\n<meta property=\"og:url\" content=\"https:\/\/kapitalis.com\/tunisie\/2020\/04\/02\/la-tunisie-a-remporte-la-1ere-bataille-contre-le-covid-19-mais-pas-encore-la-guerre\/\" \/>\n<meta property=\"og:site_name\" content=\"Kapitalis\" \/>\n<meta property=\"article:publisher\" content=\"https:\/\/www.facebook.com\/KapitalisInfo\/\" \/>\n<meta property=\"article:published_time\" content=\"2020-04-02T07:47:58+00:00\" \/>\n<meta property=\"article:modified_time\" content=\"2020-04-02T07:48:07+00:00\" \/>\n<meta property=\"og:image\" content=\"http:\/\/kapitalis.com\/tunisie\/wp-content\/uploads\/2020\/03\/Faouzi-Addad.jpg\" \/>\n<meta name=\"author\" content=\"webmaster kapitalis\" \/>\n<meta name=\"twitter:card\" content=\"summary_large_image\" \/>\n<meta name=\"twitter:creator\" content=\"@KapitalisInfo\" \/>\n<meta name=\"twitter:site\" content=\"@KapitalisInfo\" \/>\n<meta name=\"twitter:label1\" content=\"\u00c9crit par\" \/>\n\t<meta name=\"twitter:data1\" content=\"webmaster kapitalis\" \/>\n\t<meta name=\"twitter:label2\" content=\"Dur\u00e9e de lecture estim\u00e9e\" \/>\n\t<meta name=\"twitter:data2\" content=\"3 minutes\" \/>\n<script type=\"application\/ld+json\" class=\"yoast-schema-graph\">{\"@context\":\"https:\/\/schema.org\",\"@graph\":[{\"@type\":\"Article\",\"@id\":\"https:\/\/kapitalis.com\/tunisie\/2020\/04\/02\/la-tunisie-a-remporte-la-1ere-bataille-contre-le-covid-19-mais-pas-encore-la-guerre\/#article\",\"isPartOf\":{\"@id\":\"https:\/\/kapitalis.com\/tunisie\/2020\/04\/02\/la-tunisie-a-remporte-la-1ere-bataille-contre-le-covid-19-mais-pas-encore-la-guerre\/\"},\"author\":{\"name\":\"webmaster kapitalis\",\"@id\":\"https:\/\/kapitalis.com\/tunisie\/#\/schema\/person\/d71f33a9ca44f7bad4698210b480c8e9\"},\"headline\":\"La Tunisie a remport\u00e9 la 1\u00e8re bataille contre le Covid-19, mais pas encore la guerre\",\"datePublished\":\"2020-04-02T07:47:58+00:00\",\"dateModified\":\"2020-04-02T07:48:07+00:00\",\"mainEntityOfPage\":{\"@id\":\"https:\/\/kapitalis.com\/tunisie\/2020\/04\/02\/la-tunisie-a-remporte-la-1ere-bataille-contre-le-covid-19-mais-pas-encore-la-guerre\/\"},\"wordCount\":543,\"commentCount\":3,\"publisher\":{\"@id\":\"https:\/\/kapitalis.com\/tunisie\/#organization\"},\"image\":{\"@id\":\"https:\/\/kapitalis.com\/tunisie\/2020\/04\/02\/la-tunisie-a-remporte-la-1ere-bataille-contre-le-covid-19-mais-pas-encore-la-guerre\/#primaryimage\"},\"thumbnailUrl\":\"http:\/\/kapitalis.com\/tunisie\/wp-content\/uploads\/2020\/03\/Faouzi-Addad.jpg\",\"keywords\":[\"confinement\",\"Coronavirus\",\"Covid-19\",\"ONS\",\"Yves Souteyrand\"],\"articleSection\":[\"A LA UNE\",\"SOCIETE\",\"TRIBUNE\",\"Tunisie\"],\"inLanguage\":\"fr-FR\",\"potentialAction\":[{\"@type\":\"CommentAction\",\"name\":\"Comment\",\"target\":[\"https:\/\/kapitalis.com\/tunisie\/2020\/04\/02\/la-tunisie-a-remporte-la-1ere-bataille-contre-le-covid-19-mais-pas-encore-la-guerre\/#respond\"]}]},{\"@type\":\"WebPage\",\"@id\":\"https:\/\/kapitalis.com\/tunisie\/2020\/04\/02\/la-tunisie-a-remporte-la-1ere-bataille-contre-le-covid-19-mais-pas-encore-la-guerre\/\",\"url\":\"https:\/\/kapitalis.com\/tunisie\/2020\/04\/02\/la-tunisie-a-remporte-la-1ere-bataille-contre-le-covid-19-mais-pas-encore-la-guerre\/\",\"name\":\"La Tunisie a remport\u00e9 la 1\u00e8re bataille contre le Covid-19, mais pas encore la guerre - Kapitalis\",\"isPartOf\":{\"@id\":\"https:\/\/kapitalis.com\/tunisie\/#website\"},\"primaryImageOfPage\":{\"@id\":\"https:\/\/kapitalis.com\/tunisie\/2020\/04\/02\/la-tunisie-a-remporte-la-1ere-bataille-contre-le-covid-19-mais-pas-encore-la-guerre\/#primaryimage\"},\"image\":{\"@id\":\"https:\/\/kapitalis.com\/tunisie\/2020\/04\/02\/la-tunisie-a-remporte-la-1ere-bataille-contre-le-covid-19-mais-pas-encore-la-guerre\/#primaryimage\"},\"thumbnailUrl\":\"http:\/\/kapitalis.com\/tunisie\/wp-content\/uploads\/2020\/03\/Faouzi-Addad.jpg\",\"datePublished\":\"2020-04-02T07:47:58+00:00\",\"dateModified\":\"2020-04-02T07:48:07+00:00\",\"breadcrumb\":{\"@id\":\"https:\/\/kapitalis.com\/tunisie\/2020\/04\/02\/la-tunisie-a-remporte-la-1ere-bataille-contre-le-covid-19-mais-pas-encore-la-guerre\/#breadcrumb\"},\"inLanguage\":\"fr-FR\",\"potentialAction\":[{\"@type\":\"ReadAction\",\"target\":[\"https:\/\/kapitalis.com\/tunisie\/2020\/04\/02\/la-tunisie-a-remporte-la-1ere-bataille-contre-le-covid-19-mais-pas-encore-la-guerre\/\"]}]},{\"@type\":\"ImageObject\",\"inLanguage\":\"fr-FR\",\"@id\":\"https:\/\/kapitalis.com\/tunisie\/2020\/04\/02\/la-tunisie-a-remporte-la-1ere-bataille-contre-le-covid-19-mais-pas-encore-la-guerre\/#primaryimage\",\"url\":\"\",\"contentUrl\":\"\"},{\"@type\":\"BreadcrumbList\",\"@id\":\"https:\/\/kapitalis.com\/tunisie\/2020\/04\/02\/la-tunisie-a-remporte-la-1ere-bataille-contre-le-covid-19-mais-pas-encore-la-guerre\/#breadcrumb\",\"itemListElement\":[{\"@type\":\"ListItem\",\"position\":1,\"name\":\"Accueil\",\"item\":\"https:\/\/kapitalis.com\/tunisie\/\"},{\"@type\":\"ListItem\",\"position\":2,\"name\":\"La Tunisie a remport\u00e9 la 1\u00e8re bataille contre le Covid-19, mais pas encore la guerre\"}]},{\"@type\":\"WebSite\",\"@id\":\"https:\/\/kapitalis.com\/tunisie\/#website\",\"url\":\"https:\/\/kapitalis.com\/tunisie\/\",\"name\":\"Kapitalis\",\"description\":\"L&#039;actualit\u00e9 en Tunisie et dans le monde\",\"publisher\":{\"@id\":\"https:\/\/kapitalis.com\/tunisie\/#organization\"},\"potentialAction\":[{\"@type\":\"SearchAction\",\"target\":{\"@type\":\"EntryPoint\",\"urlTemplate\":\"https:\/\/kapitalis.com\/tunisie\/?s={search_term_string}\"},\"query-input\":{\"@type\":\"PropertyValueSpecification\",\"valueRequired\":true,\"valueName\":\"search_term_string\"}}],\"inLanguage\":\"fr-FR\"},{\"@type\":\"Organization\",\"@id\":\"https:\/\/kapitalis.com\/tunisie\/#organization\",\"name\":\"Kapitalis\",\"url\":\"https:\/\/kapitalis.com\/tunisie\/\",\"logo\":{\"@type\":\"ImageObject\",\"inLanguage\":\"fr-FR\",\"@id\":\"https:\/\/kapitalis.com\/tunisie\/#\/schema\/logo\/image\/\",\"url\":\"https:\/\/kapitalis.com\/tunisie\/wp-content\/uploads\/2022\/05\/Kapitalis-big-size.png\",\"contentUrl\":\"https:\/\/kapitalis.com\/tunisie\/wp-content\/uploads\/2022\/05\/Kapitalis-big-size.png\",\"width\":5000,\"height\":1500,\"caption\":\"Kapitalis\"},\"image\":{\"@id\":\"https:\/\/kapitalis.com\/tunisie\/#\/schema\/logo\/image\/\"},\"sameAs\":[\"https:\/\/www.facebook.com\/KapitalisInfo\/\",\"https:\/\/x.com\/KapitalisInfo\",\"https:\/\/www.youtube.com\/channel\/UC-yDYrHyfFBWWZaOw3FPg9Q\"]},{\"@type\":\"Person\",\"@id\":\"https:\/\/kapitalis.com\/tunisie\/#\/schema\/person\/d71f33a9ca44f7bad4698210b480c8e9\",\"name\":\"webmaster kapitalis\",\"url\":\"https:\/\/kapitalis.com\/tunisie\/author\/webmaster-kapitalis\/\"}]}<\/script>\n<!-- \/ Yoast SEO plugin. -->","yoast_head_json":{"title":"La Tunisie a remport\u00e9 la 1\u00e8re bataille contre le Covid-19, mais pas encore la guerre - Kapitalis","robots":{"index":"index","follow":"follow","max-snippet":"max-snippet:-1","max-image-preview":"max-image-preview:large","max-video-preview":"max-video-preview:-1"},"canonical":"https:\/\/kapitalis.com\/tunisie\/2020\/04\/02\/la-tunisie-a-remporte-la-1ere-bataille-contre-le-covid-19-mais-pas-encore-la-guerre\/","og_locale":"fr_FR","og_type":"article","og_title":"La Tunisie a remport\u00e9 la 1\u00e8re bataille contre le Covid-19, mais pas encore la guerre - Kapitalis","og_description":"La pr\u00e9cocit\u00e9 des actions men\u00e9es, malgr\u00e9 quelques h\u00e9sitations aussi bien au niveau du gouvernement (sur les cons\u00e9quences \u00e9conomiques) que des citoyens (ne r\u00e9alisant pas l\u2019ampleur du risque de l\u2019infection), ont permis \u00e0 la Tunisie de ralentir la vitesse de diffusion du coronavirus (Covid-19). Par Faouzi Addad *","og_url":"https:\/\/kapitalis.com\/tunisie\/2020\/04\/02\/la-tunisie-a-remporte-la-1ere-bataille-contre-le-covid-19-mais-pas-encore-la-guerre\/","og_site_name":"Kapitalis","article_publisher":"https:\/\/www.facebook.com\/KapitalisInfo\/","article_published_time":"2020-04-02T07:47:58+00:00","article_modified_time":"2020-04-02T07:48:07+00:00","og_image":[{"url":"http:\/\/kapitalis.com\/tunisie\/wp-content\/uploads\/2020\/03\/Faouzi-Addad.jpg","type":"","width":"","height":""}],"author":"webmaster kapitalis","twitter_card":"summary_large_image","twitter_creator":"@KapitalisInfo","twitter_site":"@KapitalisInfo","twitter_misc":{"\u00c9crit par":"webmaster kapitalis","Dur\u00e9e de lecture estim\u00e9e":"3 minutes"},"schema":{"@context":"https:\/\/schema.org","@graph":[{"@type":"Article","@id":"https:\/\/kapitalis.com\/tunisie\/2020\/04\/02\/la-tunisie-a-remporte-la-1ere-bataille-contre-le-covid-19-mais-pas-encore-la-guerre\/#article","isPartOf":{"@id":"https:\/\/kapitalis.com\/tunisie\/2020\/04\/02\/la-tunisie-a-remporte-la-1ere-bataille-contre-le-covid-19-mais-pas-encore-la-guerre\/"},"author":{"name":"webmaster kapitalis","@id":"https:\/\/kapitalis.com\/tunisie\/#\/schema\/person\/d71f33a9ca44f7bad4698210b480c8e9"},"headline":"La Tunisie a remport\u00e9 la 1\u00e8re bataille contre le Covid-19, mais pas encore la guerre","datePublished":"2020-04-02T07:47:58+00:00","dateModified":"2020-04-02T07:48:07+00:00","mainEntityOfPage":{"@id":"https:\/\/kapitalis.com\/tunisie\/2020\/04\/02\/la-tunisie-a-remporte-la-1ere-bataille-contre-le-covid-19-mais-pas-encore-la-guerre\/"},"wordCount":543,"commentCount":3,"publisher":{"@id":"https:\/\/kapitalis.com\/tunisie\/#organization"},"image":{"@id":"https:\/\/kapitalis.com\/tunisie\/2020\/04\/02\/la-tunisie-a-remporte-la-1ere-bataille-contre-le-covid-19-mais-pas-encore-la-guerre\/#primaryimage"},"thumbnailUrl":"http:\/\/kapitalis.com\/tunisie\/wp-content\/uploads\/2020\/03\/Faouzi-Addad.jpg","keywords":["confinement","Coronavirus","Covid-19","ONS","Yves Souteyrand"],"articleSection":["A LA UNE","SOCIETE","TRIBUNE","Tunisie"],"inLanguage":"fr-FR","potentialAction":[{"@type":"CommentAction","name":"Comment","target":["https:\/\/kapitalis.com\/tunisie\/2020\/04\/02\/la-tunisie-a-remporte-la-1ere-bataille-contre-le-covid-19-mais-pas-encore-la-guerre\/#respond"]}]},{"@type":"WebPage","@id":"https:\/\/kapitalis.com\/tunisie\/2020\/04\/02\/la-tunisie-a-remporte-la-1ere-bataille-contre-le-covid-19-mais-pas-encore-la-guerre\/","url":"https:\/\/kapitalis.com\/tunisie\/2020\/04\/02\/la-tunisie-a-remporte-la-1ere-bataille-contre-le-covid-19-mais-pas-encore-la-guerre\/","name":"La Tunisie a remport\u00e9 la 1\u00e8re bataille contre le Covid-19, mais pas encore la guerre - Kapitalis","isPartOf":{"@id":"https:\/\/kapitalis.com\/tunisie\/#website"},"primaryImageOfPage":{"@id":"https:\/\/kapitalis.com\/tunisie\/2020\/04\/02\/la-tunisie-a-remporte-la-1ere-bataille-contre-le-covid-19-mais-pas-encore-la-guerre\/#primaryimage"},"image":{"@id":"https:\/\/kapitalis.com\/tunisie\/2020\/04\/02\/la-tunisie-a-remporte-la-1ere-bataille-contre-le-covid-19-mais-pas-encore-la-guerre\/#primaryimage"},"thumbnailUrl":"http:\/\/kapitalis.com\/tunisie\/wp-content\/uploads\/2020\/03\/Faouzi-Addad.jpg","datePublished":"2020-04-02T07:47:58+00:00","dateModified":"2020-04-02T07:48:07+00:00","breadcrumb":{"@id":"https:\/\/kapitalis.com\/tunisie\/2020\/04\/02\/la-tunisie-a-remporte-la-1ere-bataille-contre-le-covid-19-mais-pas-encore-la-guerre\/#breadcrumb"},"inLanguage":"fr-FR","potentialAction":[{"@type":"ReadAction","target":["https:\/\/kapitalis.com\/tunisie\/2020\/04\/02\/la-tunisie-a-remporte-la-1ere-bataille-contre-le-covid-19-mais-pas-encore-la-guerre\/"]}]},{"@type":"ImageObject","inLanguage":"fr-FR","@id":"https:\/\/kapitalis.com\/tunisie\/2020\/04\/02\/la-tunisie-a-remporte-la-1ere-bataille-contre-le-covid-19-mais-pas-encore-la-guerre\/#primaryimage","url":"","contentUrl":""},{"@type":"BreadcrumbList","@id":"https:\/\/kapitalis.com\/tunisie\/2020\/04\/02\/la-tunisie-a-remporte-la-1ere-bataille-contre-le-covid-19-mais-pas-encore-la-guerre\/#breadcrumb","itemListElement":[{"@type":"ListItem","position":1,"name":"Accueil","item":"https:\/\/kapitalis.com\/tunisie\/"},{"@type":"ListItem","position":2,"name":"La Tunisie a remport\u00e9 la 1\u00e8re bataille contre le Covid-19, mais pas encore la guerre"}]},{"@type":"WebSite","@id":"https:\/\/kapitalis.com\/tunisie\/#website","url":"https:\/\/kapitalis.com\/tunisie\/","name":"Kapitalis","description":"L&#039;actualit\u00e9 en Tunisie et dans le monde","publisher":{"@id":"https:\/\/kapitalis.com\/tunisie\/#organization"},"potentialAction":[{"@type":"SearchAction","target":{"@type":"EntryPoint","urlTemplate":"https:\/\/kapitalis.com\/tunisie\/?s={search_term_string}"},"query-input":{"@type":"PropertyValueSpecification","valueRequired":true,"valueName":"search_term_string"}}],"inLanguage":"fr-FR"},{"@type":"Organization","@id":"https:\/\/kapitalis.com\/tunisie\/#organization","name":"Kapitalis","url":"https:\/\/kapitalis.com\/tunisie\/","logo":{"@type":"ImageObject","inLanguage":"fr-FR","@id":"https:\/\/kapitalis.com\/tunisie\/#\/schema\/logo\/image\/","url":"https:\/\/kapitalis.com\/tunisie\/wp-content\/uploads\/2022\/05\/Kapitalis-big-size.png","contentUrl":"https:\/\/kapitalis.com\/tunisie\/wp-content\/uploads\/2022\/05\/Kapitalis-big-size.png","width":5000,"height":1500,"caption":"Kapitalis"},"image":{"@id":"https:\/\/kapitalis.com\/tunisie\/#\/schema\/logo\/image\/"},"sameAs":["https:\/\/www.facebook.com\/KapitalisInfo\/","https:\/\/x.com\/KapitalisInfo","https:\/\/www.youtube.com\/channel\/UC-yDYrHyfFBWWZaOw3FPg9Q"]},{"@type":"Person","@id":"https:\/\/kapitalis.com\/tunisie\/#\/schema\/person\/d71f33a9ca44f7bad4698210b480c8e9","name":"webmaster kapitalis","url":"https:\/\/kapitalis.com\/tunisie\/author\/webmaster-kapitalis\/"}]}},"_links":{"self":[{"href":"https:\/\/kapitalis.com\/tunisie\/wp-json\/wp\/v2\/posts\/292205","targetHints":{"allow":["GET"]}}],"collection":[{"href":"https:\/\/kapitalis.com\/tunisie\/wp-json\/wp\/v2\/posts"}],"about":[{"href":"https:\/\/kapitalis.com\/tunisie\/wp-json\/wp\/v2\/types\/post"}],"author":[{"embeddable":true,"href":"https:\/\/kapitalis.com\/tunisie\/wp-json\/wp\/v2\/users\/8"}],"replies":[{"embeddable":true,"href":"https:\/\/kapitalis.com\/tunisie\/wp-json\/wp\/v2\/comments?post=292205"}],"version-history":[{"count":0,"href":"https:\/\/kapitalis.com\/tunisie\/wp-json\/wp\/v2\/posts\/292205\/revisions"}],"wp:attachment":[{"href":"https:\/\/kapitalis.com\/tunisie\/wp-json\/wp\/v2\/media?parent=292205"}],"wp:term":[{"taxonomy":"category","embeddable":true,"href":"https:\/\/kapitalis.com\/tunisie\/wp-json\/wp\/v2\/categories?post=292205"},{"taxonomy":"post_tag","embeddable":true,"href":"https:\/\/kapitalis.com\/tunisie\/wp-json\/wp\/v2\/tags?post=292205"}],"curies":[{"name":"wp","href":"https:\/\/api.w.org\/{rel}","templated":true}]}}