{"id":292222,"date":"2020-04-02T11:29:28","date_gmt":"2020-04-02T10:29:28","guid":{"rendered":"http:\/\/kapitalis.com\/tunisie\/?p=292222"},"modified":"2020-04-02T13:31:28","modified_gmt":"2020-04-02T12:31:28","slug":"coronavirus-kasserine-ouverture-dune-enquete-concernant-laffaire-du-medecin-contamine","status":"publish","type":"post","link":"https:\/\/kapitalis.com\/tunisie\/2020\/04\/02\/coronavirus-kasserine-ouverture-dune-enquete-concernant-laffaire-du-medecin-contamine\/","title":{"rendered":"Coronavirus &#8211; Kasserine : Ouverture d&rsquo;une enqu\u00eate concernant l&rsquo;affaire du m\u00e9decin contamin\u00e9"},"content":{"rendered":"\n<figure class=\"wp-block-image size-large\"><img decoding=\"async\" src=\"http:\/\/kapitalis.com\/tunisie\/wp-content\/uploads\/2016\/08\/Medecin.jpg\" alt=\"\" class=\"wp-image-62516\"\/><\/figure>\n\n\n\n<p><em><strong>Suite \u00e0 <a href=\"http:\/\/kapitalis.com\/tunisie\/2020\/03\/31\/coronavirus-kasserine-un-medecin-de-lhopital-regional-teste-positif\/\">l&rsquo;infection d&rsquo;un m\u00e9decin<\/a> de l&rsquo;h\u00f4pital r\u00e9gional de Kasserine par le coronavirus, Covid-19, il s&rsquo;est av\u00e9r\u00e9 que ce dernier avait continu\u00e9 \u00e0 travailler et \u00e0 traiter les patients m\u00eame apr\u00e8s l&rsquo;apparition de sympt\u00f4mes li\u00e9s au virus. Une raison suffisante pour qu&rsquo;une enqu\u00eate soit ouverte, selon les autorit\u00e9s locales.<\/strong><\/em><\/p>\n\n\n\n<!--more-->\n\n\n\n<p>Intervenu sur la radio IFM, ce matin, jeudi 2 avril 2020, le porte-parole du tribunal de premi\u00e8re instance de Kasserine, Habib Akili, a pr\u00e9cis\u00e9 que m\u00eame apr\u00e8s lui avoir pr\u00e9lev\u00e9 du sang, par le cadre m\u00e9dical de l&rsquo;h\u00f4pital, en vue de tester sa contamination au virus, le m\u00e9decin a poursuivi ses activit\u00e9s professionnelles.<\/p>\n\n\n\n<p>Regrettant cet incident, il a indiqu\u00e9 que l&rsquo;ouverture de l&rsquo;enqu\u00eate \u00e9tait n\u00e9cessaire, \u00ab<em>conform\u00e9ment aux lois qui r\u00e9gissent le pays<\/em>\u00bb, et ce, \u00ab<em>non pas pour condamner le m\u00e9decin, mais pour comprendre ce qui s&rsquo;\u00e9tait pass\u00e9<\/em>\u00bb. <\/p>\n\n\n\n<p>\u00ab<em>Il a peut-\u00eatre \u00e9t\u00e9 contraint \u00e0 continuer \u00e0 travailler par le cadre m\u00e9dical de l&rsquo;h\u00f4pital<\/em>\u00bb, a-t-il ajout\u00e9. <\/p>\n\n\n\n<p>M. Akili a, par ailleurs, rappel\u00e9 que toute personne soup\u00e7onn\u00e9e de porter le virus doit \u00eatre mise en quarantaine, en attendant le r\u00e9sultat de son analyse. Etant du domaine, le m\u00e9decin et le cadre m\u00e9dical \u00e9taient bien plac\u00e9s pour le savoir, selon lui.<\/p>\n\n\n\n<p class=\"has-text-align-right\"><strong>C. B. Y.<\/strong><\/p>\n\n\n\n<figure class=\"wp-block-embed-wordpress wp-block-embed is-type-wp-embed is-provider-kapitalis\"><div class=\"wp-block-embed__wrapper\">\n<blockquote class=\"wp-embedded-content\" data-secret=\"WPuSTtChtu\"><a href=\"https:\/\/kapitalis.com\/tunisie\/2020\/03\/31\/coronavirus-kasserine-un-medecin-de-lhopital-regional-teste-positif\/\">Coronavirus &#8211; Kasserine : Un m\u00e9decin de l&rsquo;h\u00f4pital r\u00e9gional test\u00e9 positif<\/a><\/blockquote><iframe loading=\"lazy\" class=\"wp-embedded-content\" sandbox=\"allow-scripts\" security=\"restricted\" style=\"position: absolute; clip: rect(1px, 1px, 1px, 1px);\" title=\"\u00ab\u00a0Coronavirus &#8211; Kasserine : Un m\u00e9decin de l&rsquo;h\u00f4pital r\u00e9gional test\u00e9 positif\u00a0\u00bb &#8212; Kapitalis\" src=\"https:\/\/kapitalis.com\/tunisie\/2020\/03\/31\/coronavirus-kasserine-un-medecin-de-lhopital-regional-teste-positif\/embed\/#?secret=uODA7RYTa5#?secret=WPuSTtChtu\" data-secret=\"WPuSTtChtu\" width=\"600\" height=\"338\" frameborder=\"0\" marginwidth=\"0\" marginheight=\"0\" scrolling=\"no\"><\/iframe>\n<\/div><\/figure>\n\n\n\n<figure class=\"wp-block-embed-wordpress wp-block-embed is-type-wp-embed is-provider-kapitalis\"><div class=\"wp-block-embed__wrapper\">\n<blockquote class=\"wp-embedded-content\" data-secret=\"gE3XwdwZdx\"><a href=\"https:\/\/kapitalis.com\/tunisie\/2020\/04\/01\/kasserine-le-directeur-regional-de-la-sante-na-pas-ete-demis-de-ses-fonctions\/\">Kasserine : Le directeur r\u00e9gional de la Sant\u00e9 n&rsquo;a pas \u00e9t\u00e9 d\u00e9mis de ses fonctions<\/a><\/blockquote><iframe loading=\"lazy\" class=\"wp-embedded-content\" sandbox=\"allow-scripts\" security=\"restricted\" style=\"position: absolute; clip: rect(1px, 1px, 1px, 1px);\" title=\"\u00ab\u00a0Kasserine : Le directeur r\u00e9gional de la Sant\u00e9 n&rsquo;a pas \u00e9t\u00e9 d\u00e9mis de ses fonctions\u00a0\u00bb &#8212; Kapitalis\" src=\"https:\/\/kapitalis.com\/tunisie\/2020\/04\/01\/kasserine-le-directeur-regional-de-la-sante-na-pas-ete-demis-de-ses-fonctions\/embed\/#?secret=ylILfQvbMQ#?secret=gE3XwdwZdx\" data-secret=\"gE3XwdwZdx\" width=\"600\" height=\"338\" frameborder=\"0\" marginwidth=\"0\" marginheight=\"0\" scrolling=\"no\"><\/iframe>\n<\/div><\/figure>\n","protected":false},"excerpt":{"rendered":"<p>Suite \u00e0 l&rsquo;infection d&rsquo;un m\u00e9decin de l&rsquo;h\u00f4pital r\u00e9gional de Kasserine par le coronavirus, Covid-19, il s&rsquo;est av\u00e9r\u00e9 que ce dernier avait continu\u00e9 \u00e0 travailler et \u00e0 traiter les patients m\u00eame apr\u00e8s l&rsquo;apparition de sympt\u00f4mes li\u00e9s au virus. Une raison suffisante pour qu&rsquo;une enqu\u00eate soit ouverte, selon les autorit\u00e9s locales.<\/p>\n","protected":false},"author":24,"featured_media":0,"comment_status":"open","ping_status":"open","sticky":false,"template":"","format":"standard","meta":{"footnotes":""},"categories":[998,2433],"tags":[73060,525,77309],"class_list":["post-292222","post","type-post","status-publish","format-standard","hentry","category-societe","category-tunisie","tag-coronavirus","tag-kasserine","tag-medecin-contamine"],"yoast_head":"<!-- This site is optimized with the Yoast SEO plugin v26.6 - https:\/\/yoast.com\/wordpress\/plugins\/seo\/ -->\n<title>Coronavirus - Kasserine : Ouverture d&#039;une enqu\u00eate concernant l&#039;affaire du m\u00e9decin contamin\u00e9 - Kapitalis<\/title>\n<meta name=\"robots\" content=\"index, follow, max-snippet:-1, max-image-preview:large, max-video-preview:-1\" \/>\n<link rel=\"canonical\" href=\"https:\/\/kapitalis.com\/tunisie\/2020\/04\/02\/coronavirus-kasserine-ouverture-dune-enquete-concernant-laffaire-du-medecin-contamine\/\" \/>\n<meta property=\"og:locale\" content=\"fr_FR\" \/>\n<meta property=\"og:type\" content=\"article\" \/>\n<meta property=\"og:title\" content=\"Coronavirus - Kasserine : Ouverture d&#039;une enqu\u00eate concernant l&#039;affaire du m\u00e9decin contamin\u00e9 - Kapitalis\" \/>\n<meta property=\"og:description\" content=\"Suite \u00e0 l&rsquo;infection d&rsquo;un m\u00e9decin de l&rsquo;h\u00f4pital r\u00e9gional de Kasserine par le coronavirus, Covid-19, il s&rsquo;est av\u00e9r\u00e9 que ce dernier avait continu\u00e9 \u00e0 travailler et \u00e0 traiter les patients m\u00eame apr\u00e8s l&rsquo;apparition de sympt\u00f4mes li\u00e9s au virus. Une raison suffisante pour qu&rsquo;une enqu\u00eate soit ouverte, selon les autorit\u00e9s locales.\" \/>\n<meta property=\"og:url\" content=\"https:\/\/kapitalis.com\/tunisie\/2020\/04\/02\/coronavirus-kasserine-ouverture-dune-enquete-concernant-laffaire-du-medecin-contamine\/\" \/>\n<meta property=\"og:site_name\" content=\"Kapitalis\" \/>\n<meta property=\"article:publisher\" content=\"https:\/\/www.facebook.com\/KapitalisInfo\/\" \/>\n<meta property=\"article:published_time\" content=\"2020-04-02T10:29:28+00:00\" \/>\n<meta property=\"article:modified_time\" content=\"2020-04-02T12:31:28+00:00\" \/>\n<meta property=\"og:image\" content=\"http:\/\/kapitalis.com\/tunisie\/wp-content\/uploads\/2016\/08\/Medecin.jpg\" \/>\n<meta name=\"author\" content=\"Cherif Benyounes\" \/>\n<meta name=\"twitter:card\" content=\"summary_large_image\" \/>\n<meta name=\"twitter:creator\" content=\"@KapitalisInfo\" \/>\n<meta name=\"twitter:site\" content=\"@KapitalisInfo\" \/>\n<meta name=\"twitter:label1\" content=\"\u00c9crit par\" \/>\n\t<meta name=\"twitter:data1\" content=\"Cherif Benyounes\" \/>\n\t<meta name=\"twitter:label2\" content=\"Dur\u00e9e de lecture estim\u00e9e\" \/>\n\t<meta name=\"twitter:data2\" content=\"1 minute\" \/>\n<script type=\"application\/ld+json\" class=\"yoast-schema-graph\">{\"@context\":\"https:\/\/schema.org\",\"@graph\":[{\"@type\":\"Article\",\"@id\":\"https:\/\/kapitalis.com\/tunisie\/2020\/04\/02\/coronavirus-kasserine-ouverture-dune-enquete-concernant-laffaire-du-medecin-contamine\/#article\",\"isPartOf\":{\"@id\":\"https:\/\/kapitalis.com\/tunisie\/2020\/04\/02\/coronavirus-kasserine-ouverture-dune-enquete-concernant-laffaire-du-medecin-contamine\/\"},\"author\":{\"name\":\"Cherif Benyounes\",\"@id\":\"https:\/\/kapitalis.com\/tunisie\/#\/schema\/person\/b35b8d631961131107263178aeb8019e\"},\"headline\":\"Coronavirus &#8211; Kasserine : Ouverture d&rsquo;une enqu\u00eate concernant l&rsquo;affaire du m\u00e9decin contamin\u00e9\",\"datePublished\":\"2020-04-02T10:29:28+00:00\",\"dateModified\":\"2020-04-02T12:31:28+00:00\",\"mainEntityOfPage\":{\"@id\":\"https:\/\/kapitalis.com\/tunisie\/2020\/04\/02\/coronavirus-kasserine-ouverture-dune-enquete-concernant-laffaire-du-medecin-contamine\/\"},\"wordCount\":249,\"commentCount\":0,\"publisher\":{\"@id\":\"https:\/\/kapitalis.com\/tunisie\/#organization\"},\"image\":{\"@id\":\"https:\/\/kapitalis.com\/tunisie\/2020\/04\/02\/coronavirus-kasserine-ouverture-dune-enquete-concernant-laffaire-du-medecin-contamine\/#primaryimage\"},\"thumbnailUrl\":\"http:\/\/kapitalis.com\/tunisie\/wp-content\/uploads\/2016\/08\/Medecin.jpg\",\"keywords\":[\"Coronavirus\",\"Kasserine\",\"m\u00e9decin contamin\u00e9\"],\"articleSection\":[\"SOCIETE\",\"Tunisie\"],\"inLanguage\":\"fr-FR\",\"potentialAction\":[{\"@type\":\"CommentAction\",\"name\":\"Comment\",\"target\":[\"https:\/\/kapitalis.com\/tunisie\/2020\/04\/02\/coronavirus-kasserine-ouverture-dune-enquete-concernant-laffaire-du-medecin-contamine\/#respond\"]}]},{\"@type\":\"WebPage\",\"@id\":\"https:\/\/kapitalis.com\/tunisie\/2020\/04\/02\/coronavirus-kasserine-ouverture-dune-enquete-concernant-laffaire-du-medecin-contamine\/\",\"url\":\"https:\/\/kapitalis.com\/tunisie\/2020\/04\/02\/coronavirus-kasserine-ouverture-dune-enquete-concernant-laffaire-du-medecin-contamine\/\",\"name\":\"Coronavirus - Kasserine : Ouverture d'une enqu\u00eate concernant l'affaire du m\u00e9decin contamin\u00e9 - Kapitalis\",\"isPartOf\":{\"@id\":\"https:\/\/kapitalis.com\/tunisie\/#website\"},\"primaryImageOfPage\":{\"@id\":\"https:\/\/kapitalis.com\/tunisie\/2020\/04\/02\/coronavirus-kasserine-ouverture-dune-enquete-concernant-laffaire-du-medecin-contamine\/#primaryimage\"},\"image\":{\"@id\":\"https:\/\/kapitalis.com\/tunisie\/2020\/04\/02\/coronavirus-kasserine-ouverture-dune-enquete-concernant-laffaire-du-medecin-contamine\/#primaryimage\"},\"thumbnailUrl\":\"http:\/\/kapitalis.com\/tunisie\/wp-content\/uploads\/2016\/08\/Medecin.jpg\",\"datePublished\":\"2020-04-02T10:29:28+00:00\",\"dateModified\":\"2020-04-02T12:31:28+00:00\",\"breadcrumb\":{\"@id\":\"https:\/\/kapitalis.com\/tunisie\/2020\/04\/02\/coronavirus-kasserine-ouverture-dune-enquete-concernant-laffaire-du-medecin-contamine\/#breadcrumb\"},\"inLanguage\":\"fr-FR\",\"potentialAction\":[{\"@type\":\"ReadAction\",\"target\":[\"https:\/\/kapitalis.com\/tunisie\/2020\/04\/02\/coronavirus-kasserine-ouverture-dune-enquete-concernant-laffaire-du-medecin-contamine\/\"]}]},{\"@type\":\"ImageObject\",\"inLanguage\":\"fr-FR\",\"@id\":\"https:\/\/kapitalis.com\/tunisie\/2020\/04\/02\/coronavirus-kasserine-ouverture-dune-enquete-concernant-laffaire-du-medecin-contamine\/#primaryimage\",\"url\":\"http:\/\/kapitalis.com\/tunisie\/wp-content\/uploads\/2016\/08\/Medecin.jpg\",\"contentUrl\":\"http:\/\/kapitalis.com\/tunisie\/wp-content\/uploads\/2016\/08\/Medecin.jpg\"},{\"@type\":\"BreadcrumbList\",\"@id\":\"https:\/\/kapitalis.com\/tunisie\/2020\/04\/02\/coronavirus-kasserine-ouverture-dune-enquete-concernant-laffaire-du-medecin-contamine\/#breadcrumb\",\"itemListElement\":[{\"@type\":\"ListItem\",\"position\":1,\"name\":\"Accueil\",\"item\":\"https:\/\/kapitalis.com\/tunisie\/\"},{\"@type\":\"ListItem\",\"position\":2,\"name\":\"Coronavirus &#8211; Kasserine : Ouverture d&rsquo;une enqu\u00eate concernant l&rsquo;affaire du m\u00e9decin contamin\u00e9\"}]},{\"@type\":\"WebSite\",\"@id\":\"https:\/\/kapitalis.com\/tunisie\/#website\",\"url\":\"https:\/\/kapitalis.com\/tunisie\/\",\"name\":\"Kapitalis\",\"description\":\"L&#039;actualit\u00e9 en Tunisie et dans le monde\",\"publisher\":{\"@id\":\"https:\/\/kapitalis.com\/tunisie\/#organization\"},\"potentialAction\":[{\"@type\":\"SearchAction\",\"target\":{\"@type\":\"EntryPoint\",\"urlTemplate\":\"https:\/\/kapitalis.com\/tunisie\/?s={search_term_string}\"},\"query-input\":{\"@type\":\"PropertyValueSpecification\",\"valueRequired\":true,\"valueName\":\"search_term_string\"}}],\"inLanguage\":\"fr-FR\"},{\"@type\":\"Organization\",\"@id\":\"https:\/\/kapitalis.com\/tunisie\/#organization\",\"name\":\"Kapitalis\",\"url\":\"https:\/\/kapitalis.com\/tunisie\/\",\"logo\":{\"@type\":\"ImageObject\",\"inLanguage\":\"fr-FR\",\"@id\":\"https:\/\/kapitalis.com\/tunisie\/#\/schema\/logo\/image\/\",\"url\":\"https:\/\/kapitalis.com\/tunisie\/wp-content\/uploads\/2022\/05\/Kapitalis-big-size.png\",\"contentUrl\":\"https:\/\/kapitalis.com\/tunisie\/wp-content\/uploads\/2022\/05\/Kapitalis-big-size.png\",\"width\":5000,\"height\":1500,\"caption\":\"Kapitalis\"},\"image\":{\"@id\":\"https:\/\/kapitalis.com\/tunisie\/#\/schema\/logo\/image\/\"},\"sameAs\":[\"https:\/\/www.facebook.com\/KapitalisInfo\/\",\"https:\/\/x.com\/KapitalisInfo\",\"https:\/\/www.youtube.com\/channel\/UC-yDYrHyfFBWWZaOw3FPg9Q\"]},{\"@type\":\"Person\",\"@id\":\"https:\/\/kapitalis.com\/tunisie\/#\/schema\/person\/b35b8d631961131107263178aeb8019e\",\"name\":\"Cherif Benyounes\",\"url\":\"https:\/\/kapitalis.com\/tunisie\/author\/cherif\/\"}]}<\/script>\n<!-- \/ Yoast SEO plugin. -->","yoast_head_json":{"title":"Coronavirus - Kasserine : Ouverture d'une enqu\u00eate concernant l'affaire du m\u00e9decin contamin\u00e9 - Kapitalis","robots":{"index":"index","follow":"follow","max-snippet":"max-snippet:-1","max-image-preview":"max-image-preview:large","max-video-preview":"max-video-preview:-1"},"canonical":"https:\/\/kapitalis.com\/tunisie\/2020\/04\/02\/coronavirus-kasserine-ouverture-dune-enquete-concernant-laffaire-du-medecin-contamine\/","og_locale":"fr_FR","og_type":"article","og_title":"Coronavirus - Kasserine : Ouverture d'une enqu\u00eate concernant l'affaire du m\u00e9decin contamin\u00e9 - Kapitalis","og_description":"Suite \u00e0 l&rsquo;infection d&rsquo;un m\u00e9decin de l&rsquo;h\u00f4pital r\u00e9gional de Kasserine par le coronavirus, Covid-19, il s&rsquo;est av\u00e9r\u00e9 que ce dernier avait continu\u00e9 \u00e0 travailler et \u00e0 traiter les patients m\u00eame apr\u00e8s l&rsquo;apparition de sympt\u00f4mes li\u00e9s au virus. Une raison suffisante pour qu&rsquo;une enqu\u00eate soit ouverte, selon les autorit\u00e9s locales.","og_url":"https:\/\/kapitalis.com\/tunisie\/2020\/04\/02\/coronavirus-kasserine-ouverture-dune-enquete-concernant-laffaire-du-medecin-contamine\/","og_site_name":"Kapitalis","article_publisher":"https:\/\/www.facebook.com\/KapitalisInfo\/","article_published_time":"2020-04-02T10:29:28+00:00","article_modified_time":"2020-04-02T12:31:28+00:00","og_image":[{"url":"http:\/\/kapitalis.com\/tunisie\/wp-content\/uploads\/2016\/08\/Medecin.jpg","type":"","width":"","height":""}],"author":"Cherif Benyounes","twitter_card":"summary_large_image","twitter_creator":"@KapitalisInfo","twitter_site":"@KapitalisInfo","twitter_misc":{"\u00c9crit par":"Cherif Benyounes","Dur\u00e9e de lecture estim\u00e9e":"1 minute"},"schema":{"@context":"https:\/\/schema.org","@graph":[{"@type":"Article","@id":"https:\/\/kapitalis.com\/tunisie\/2020\/04\/02\/coronavirus-kasserine-ouverture-dune-enquete-concernant-laffaire-du-medecin-contamine\/#article","isPartOf":{"@id":"https:\/\/kapitalis.com\/tunisie\/2020\/04\/02\/coronavirus-kasserine-ouverture-dune-enquete-concernant-laffaire-du-medecin-contamine\/"},"author":{"name":"Cherif Benyounes","@id":"https:\/\/kapitalis.com\/tunisie\/#\/schema\/person\/b35b8d631961131107263178aeb8019e"},"headline":"Coronavirus &#8211; Kasserine : Ouverture d&rsquo;une enqu\u00eate concernant l&rsquo;affaire du m\u00e9decin contamin\u00e9","datePublished":"2020-04-02T10:29:28+00:00","dateModified":"2020-04-02T12:31:28+00:00","mainEntityOfPage":{"@id":"https:\/\/kapitalis.com\/tunisie\/2020\/04\/02\/coronavirus-kasserine-ouverture-dune-enquete-concernant-laffaire-du-medecin-contamine\/"},"wordCount":249,"commentCount":0,"publisher":{"@id":"https:\/\/kapitalis.com\/tunisie\/#organization"},"image":{"@id":"https:\/\/kapitalis.com\/tunisie\/2020\/04\/02\/coronavirus-kasserine-ouverture-dune-enquete-concernant-laffaire-du-medecin-contamine\/#primaryimage"},"thumbnailUrl":"http:\/\/kapitalis.com\/tunisie\/wp-content\/uploads\/2016\/08\/Medecin.jpg","keywords":["Coronavirus","Kasserine","m\u00e9decin contamin\u00e9"],"articleSection":["SOCIETE","Tunisie"],"inLanguage":"fr-FR","potentialAction":[{"@type":"CommentAction","name":"Comment","target":["https:\/\/kapitalis.com\/tunisie\/2020\/04\/02\/coronavirus-kasserine-ouverture-dune-enquete-concernant-laffaire-du-medecin-contamine\/#respond"]}]},{"@type":"WebPage","@id":"https:\/\/kapitalis.com\/tunisie\/2020\/04\/02\/coronavirus-kasserine-ouverture-dune-enquete-concernant-laffaire-du-medecin-contamine\/","url":"https:\/\/kapitalis.com\/tunisie\/2020\/04\/02\/coronavirus-kasserine-ouverture-dune-enquete-concernant-laffaire-du-medecin-contamine\/","name":"Coronavirus - Kasserine : Ouverture d'une enqu\u00eate concernant l'affaire du m\u00e9decin contamin\u00e9 - Kapitalis","isPartOf":{"@id":"https:\/\/kapitalis.com\/tunisie\/#website"},"primaryImageOfPage":{"@id":"https:\/\/kapitalis.com\/tunisie\/2020\/04\/02\/coronavirus-kasserine-ouverture-dune-enquete-concernant-laffaire-du-medecin-contamine\/#primaryimage"},"image":{"@id":"https:\/\/kapitalis.com\/tunisie\/2020\/04\/02\/coronavirus-kasserine-ouverture-dune-enquete-concernant-laffaire-du-medecin-contamine\/#primaryimage"},"thumbnailUrl":"http:\/\/kapitalis.com\/tunisie\/wp-content\/uploads\/2016\/08\/Medecin.jpg","datePublished":"2020-04-02T10:29:28+00:00","dateModified":"2020-04-02T12:31:28+00:00","breadcrumb":{"@id":"https:\/\/kapitalis.com\/tunisie\/2020\/04\/02\/coronavirus-kasserine-ouverture-dune-enquete-concernant-laffaire-du-medecin-contamine\/#breadcrumb"},"inLanguage":"fr-FR","potentialAction":[{"@type":"ReadAction","target":["https:\/\/kapitalis.com\/tunisie\/2020\/04\/02\/coronavirus-kasserine-ouverture-dune-enquete-concernant-laffaire-du-medecin-contamine\/"]}]},{"@type":"ImageObject","inLanguage":"fr-FR","@id":"https:\/\/kapitalis.com\/tunisie\/2020\/04\/02\/coronavirus-kasserine-ouverture-dune-enquete-concernant-laffaire-du-medecin-contamine\/#primaryimage","url":"http:\/\/kapitalis.com\/tunisie\/wp-content\/uploads\/2016\/08\/Medecin.jpg","contentUrl":"http:\/\/kapitalis.com\/tunisie\/wp-content\/uploads\/2016\/08\/Medecin.jpg"},{"@type":"BreadcrumbList","@id":"https:\/\/kapitalis.com\/tunisie\/2020\/04\/02\/coronavirus-kasserine-ouverture-dune-enquete-concernant-laffaire-du-medecin-contamine\/#breadcrumb","itemListElement":[{"@type":"ListItem","position":1,"name":"Accueil","item":"https:\/\/kapitalis.com\/tunisie\/"},{"@type":"ListItem","position":2,"name":"Coronavirus &#8211; Kasserine : Ouverture d&rsquo;une enqu\u00eate concernant l&rsquo;affaire du m\u00e9decin contamin\u00e9"}]},{"@type":"WebSite","@id":"https:\/\/kapitalis.com\/tunisie\/#website","url":"https:\/\/kapitalis.com\/tunisie\/","name":"Kapitalis","description":"L&#039;actualit\u00e9 en Tunisie et dans le monde","publisher":{"@id":"https:\/\/kapitalis.com\/tunisie\/#organization"},"potentialAction":[{"@type":"SearchAction","target":{"@type":"EntryPoint","urlTemplate":"https:\/\/kapitalis.com\/tunisie\/?s={search_term_string}"},"query-input":{"@type":"PropertyValueSpecification","valueRequired":true,"valueName":"search_term_string"}}],"inLanguage":"fr-FR"},{"@type":"Organization","@id":"https:\/\/kapitalis.com\/tunisie\/#organization","name":"Kapitalis","url":"https:\/\/kapitalis.com\/tunisie\/","logo":{"@type":"ImageObject","inLanguage":"fr-FR","@id":"https:\/\/kapitalis.com\/tunisie\/#\/schema\/logo\/image\/","url":"https:\/\/kapitalis.com\/tunisie\/wp-content\/uploads\/2022\/05\/Kapitalis-big-size.png","contentUrl":"https:\/\/kapitalis.com\/tunisie\/wp-content\/uploads\/2022\/05\/Kapitalis-big-size.png","width":5000,"height":1500,"caption":"Kapitalis"},"image":{"@id":"https:\/\/kapitalis.com\/tunisie\/#\/schema\/logo\/image\/"},"sameAs":["https:\/\/www.facebook.com\/KapitalisInfo\/","https:\/\/x.com\/KapitalisInfo","https:\/\/www.youtube.com\/channel\/UC-yDYrHyfFBWWZaOw3FPg9Q"]},{"@type":"Person","@id":"https:\/\/kapitalis.com\/tunisie\/#\/schema\/person\/b35b8d631961131107263178aeb8019e","name":"Cherif Benyounes","url":"https:\/\/kapitalis.com\/tunisie\/author\/cherif\/"}]}},"_links":{"self":[{"href":"https:\/\/kapitalis.com\/tunisie\/wp-json\/wp\/v2\/posts\/292222","targetHints":{"allow":["GET"]}}],"collection":[{"href":"https:\/\/kapitalis.com\/tunisie\/wp-json\/wp\/v2\/posts"}],"about":[{"href":"https:\/\/kapitalis.com\/tunisie\/wp-json\/wp\/v2\/types\/post"}],"author":[{"embeddable":true,"href":"https:\/\/kapitalis.com\/tunisie\/wp-json\/wp\/v2\/users\/24"}],"replies":[{"embeddable":true,"href":"https:\/\/kapitalis.com\/tunisie\/wp-json\/wp\/v2\/comments?post=292222"}],"version-history":[{"count":0,"href":"https:\/\/kapitalis.com\/tunisie\/wp-json\/wp\/v2\/posts\/292222\/revisions"}],"wp:attachment":[{"href":"https:\/\/kapitalis.com\/tunisie\/wp-json\/wp\/v2\/media?parent=292222"}],"wp:term":[{"taxonomy":"category","embeddable":true,"href":"https:\/\/kapitalis.com\/tunisie\/wp-json\/wp\/v2\/categories?post=292222"},{"taxonomy":"post_tag","embeddable":true,"href":"https:\/\/kapitalis.com\/tunisie\/wp-json\/wp\/v2\/tags?post=292222"}],"curies":[{"name":"wp","href":"https:\/\/api.w.org\/{rel}","templated":true}]}}