{"id":29232,"date":"2015-12-08T10:57:32","date_gmt":"2015-12-08T09:57:32","guid":{"rendered":"http:\/\/kapitalis.com\/tunisie\/?p=29232"},"modified":"2015-12-08T11:28:19","modified_gmt":"2015-12-08T10:28:19","slug":"hichem-djait-personnalite-culturelle-de-2016","status":"publish","type":"post","link":"https:\/\/kapitalis.com\/tunisie\/2015\/12\/08\/hichem-djait-personnalite-culturelle-de-2016\/","title":{"rendered":"Hichem Dja\u00eft personnalit\u00e9 culturelle arabe de 2016"},"content":{"rendered":"<p><img loading=\"lazy\" decoding=\"async\" class=\"alignnone size-full wp-image-29236 aligncenter\" src=\"http:\/\/kapitalis.com\/tunisie\/wp-content\/uploads\/2015\/12\/hichem-Dja\u00eft.jpg\" alt=\"hichem Dja\u00eft\" width=\"626\" height=\"380\" \/><\/p>\n<p><em><strong>L\u2019historien, islamologue et penseur tunisien, Hichem Dja\u00eft a \u00e9t\u00e9 d\u00e9sign\u00e9 personnalit\u00e9 culturelle arabe de l\u2019ann\u00e9e 2016.<\/strong><\/em><br \/>\n<!--more--><\/p>\n<p>La Fondation arabe des \u00e9tudes et d\u2019\u00e9dition de Beyrouth a indiqu\u00e9, hier dans un communiqu\u00e9, que le titre de la personnalit\u00e9 culturelle arabe de l\u2019ann\u00e9e 2016 a \u00e9t\u00e9 d\u00e9cern\u00e9 \u00e0 Hichem Dja\u00eft (80 ans), en se r\u00e9jouissant que cela co\u00efncide avec la d\u00e9signation, en avril dernier, de Sfax comme ville de la culture arabe pour la m\u00eame ann\u00e9e, par L&rsquo;Organisation arabe pour l&rsquo;\u00e9ducation, la culture et les sciences (Alecso).<\/p>\n<p>Hichem Dja\u00eft, grand intellectuel tunisien, est issu d\u2019une famille de la bourgeoisie tunisoise. En 1962, il obtient une agr\u00e9gation en histoire \u00e0 Paris et se sp\u00e9cialise en histoire islamique du moyen-\u00e2ge avant de d\u00e9crocher un doctorat en lettres et sciences humaines en 1981.<\/p>\n<p>Historien, islamologue et penseur politique, il a \u00e9crit de nombreux ouvrages, en arabe et en fran\u00e7ais, publi\u00e9s en Tunisie, en France et \u00e0 Beyrouth, notamment <em>\u00ab\u00a0La Grande discorde\u00a0\u00bb<\/em>, o\u00f9 il a pr\u00e9sent\u00e9 une lecture historique objective de la gen\u00e8se de l&rsquo;islam.<\/p>\n<p>Son dernier ouvrage \u00ab\u00a0<em>La vie de Muhammad, le parcours du Proph\u00e8te \u00e0 M\u00e9dine et le triomphe de l&rsquo;islam<\/em>\u00ab\u00a0, a \u00e9t\u00e9 \u00e9dit\u00e9e en 2012, ann\u00e9e \u00e0 laquelle il est nomm\u00e9 pr\u00e9sident de l&rsquo;Acad\u00e9mie tunisienne des sciences, des lettres et des arts (Beit El-Hikma).<\/p>\n<p style=\"text-align: right;\"><strong>Y. N.<\/strong><\/p>\n","protected":false},"excerpt":{"rendered":"<p>L\u2019historien, islamologue et penseur tunisien, Hichem Dja\u00eft a \u00e9t\u00e9 d\u00e9sign\u00e9 personnalit\u00e9 culturelle arabe de l\u2019ann\u00e9e 2016.<\/p>\n","protected":false},"author":11,"featured_media":29236,"comment_status":"open","ping_status":"open","sticky":false,"template":"","format":"standard","meta":{"footnotes":""},"categories":[994,2433],"tags":[4519,8600,10900,10903],"class_list":["post-29232","post","type-post","status-publish","format-standard","has-post-thumbnail","hentry","category-culture","category-tunisie","tag-arabe","tag-beyrouth","tag-hichem-djait","tag-islamologue"],"yoast_head":"<!-- This site is optimized with the Yoast SEO plugin v26.6 - https:\/\/yoast.com\/wordpress\/plugins\/seo\/ -->\n<title>Hichem Dja\u00eft personnalit\u00e9 culturelle arabe de 2016 - Kapitalis<\/title>\n<meta name=\"robots\" content=\"index, follow, max-snippet:-1, max-image-preview:large, max-video-preview:-1\" \/>\n<link rel=\"canonical\" href=\"https:\/\/kapitalis.com\/tunisie\/2015\/12\/08\/hichem-djait-personnalite-culturelle-de-2016\/\" \/>\n<meta property=\"og:locale\" content=\"fr_FR\" \/>\n<meta property=\"og:type\" content=\"article\" \/>\n<meta property=\"og:title\" content=\"Hichem Dja\u00eft personnalit\u00e9 culturelle arabe de 2016 - Kapitalis\" \/>\n<meta property=\"og:description\" content=\"L\u2019historien, islamologue et penseur tunisien, Hichem Dja\u00eft a \u00e9t\u00e9 d\u00e9sign\u00e9 personnalit\u00e9 culturelle arabe de l\u2019ann\u00e9e 2016.\" \/>\n<meta property=\"og:url\" content=\"https:\/\/kapitalis.com\/tunisie\/2015\/12\/08\/hichem-djait-personnalite-culturelle-de-2016\/\" \/>\n<meta property=\"og:site_name\" content=\"Kapitalis\" \/>\n<meta property=\"article:publisher\" content=\"https:\/\/www.facebook.com\/KapitalisInfo\/\" \/>\n<meta property=\"article:published_time\" content=\"2015-12-08T09:57:32+00:00\" \/>\n<meta property=\"article:modified_time\" content=\"2015-12-08T10:28:19+00:00\" \/>\n<meta property=\"og:image\" content=\"https:\/\/kapitalis.com\/tunisie\/wp-content\/uploads\/2022\/05\/kapitalis-logo-fb.png\" \/>\n\t<meta property=\"og:image:width\" content=\"1200\" \/>\n\t<meta property=\"og:image:height\" content=\"630\" \/>\n\t<meta property=\"og:image:type\" content=\"image\/png\" \/>\n<meta name=\"author\" content=\"benmansour3 benmansour\" \/>\n<meta name=\"twitter:card\" content=\"summary_large_image\" \/>\n<meta name=\"twitter:creator\" content=\"@KapitalisInfo\" \/>\n<meta name=\"twitter:site\" content=\"@KapitalisInfo\" \/>\n<meta name=\"twitter:label1\" content=\"\u00c9crit par\" \/>\n\t<meta name=\"twitter:data1\" content=\"benmansour3 benmansour\" \/>\n\t<meta name=\"twitter:label2\" content=\"Dur\u00e9e de lecture estim\u00e9e\" \/>\n\t<meta name=\"twitter:data2\" content=\"1 minute\" \/>\n<script type=\"application\/ld+json\" class=\"yoast-schema-graph\">{\"@context\":\"https:\/\/schema.org\",\"@graph\":[{\"@type\":\"Article\",\"@id\":\"https:\/\/kapitalis.com\/tunisie\/2015\/12\/08\/hichem-djait-personnalite-culturelle-de-2016\/#article\",\"isPartOf\":{\"@id\":\"https:\/\/kapitalis.com\/tunisie\/2015\/12\/08\/hichem-djait-personnalite-culturelle-de-2016\/\"},\"author\":{\"name\":\"benmansour3 benmansour\",\"@id\":\"https:\/\/kapitalis.com\/tunisie\/#\/schema\/person\/035372e645ad321edc01006468cd4c8b\"},\"headline\":\"Hichem Dja\u00eft personnalit\u00e9 culturelle arabe de 2016\",\"datePublished\":\"2015-12-08T09:57:32+00:00\",\"dateModified\":\"2015-12-08T10:28:19+00:00\",\"mainEntityOfPage\":{\"@id\":\"https:\/\/kapitalis.com\/tunisie\/2015\/12\/08\/hichem-djait-personnalite-culturelle-de-2016\/\"},\"wordCount\":241,\"commentCount\":1,\"publisher\":{\"@id\":\"https:\/\/kapitalis.com\/tunisie\/#organization\"},\"image\":{\"@id\":\"https:\/\/kapitalis.com\/tunisie\/2015\/12\/08\/hichem-djait-personnalite-culturelle-de-2016\/#primaryimage\"},\"thumbnailUrl\":\"\",\"keywords\":[\"Arabe\",\"Beyrouth\",\"Hichem Dja\u00eft\",\"islamologue\"],\"articleSection\":[\"CULTURE\",\"Tunisie\"],\"inLanguage\":\"fr-FR\",\"potentialAction\":[{\"@type\":\"CommentAction\",\"name\":\"Comment\",\"target\":[\"https:\/\/kapitalis.com\/tunisie\/2015\/12\/08\/hichem-djait-personnalite-culturelle-de-2016\/#respond\"]}]},{\"@type\":\"WebPage\",\"@id\":\"https:\/\/kapitalis.com\/tunisie\/2015\/12\/08\/hichem-djait-personnalite-culturelle-de-2016\/\",\"url\":\"https:\/\/kapitalis.com\/tunisie\/2015\/12\/08\/hichem-djait-personnalite-culturelle-de-2016\/\",\"name\":\"Hichem Dja\u00eft personnalit\u00e9 culturelle arabe de 2016 - Kapitalis\",\"isPartOf\":{\"@id\":\"https:\/\/kapitalis.com\/tunisie\/#website\"},\"primaryImageOfPage\":{\"@id\":\"https:\/\/kapitalis.com\/tunisie\/2015\/12\/08\/hichem-djait-personnalite-culturelle-de-2016\/#primaryimage\"},\"image\":{\"@id\":\"https:\/\/kapitalis.com\/tunisie\/2015\/12\/08\/hichem-djait-personnalite-culturelle-de-2016\/#primaryimage\"},\"thumbnailUrl\":\"\",\"datePublished\":\"2015-12-08T09:57:32+00:00\",\"dateModified\":\"2015-12-08T10:28:19+00:00\",\"breadcrumb\":{\"@id\":\"https:\/\/kapitalis.com\/tunisie\/2015\/12\/08\/hichem-djait-personnalite-culturelle-de-2016\/#breadcrumb\"},\"inLanguage\":\"fr-FR\",\"potentialAction\":[{\"@type\":\"ReadAction\",\"target\":[\"https:\/\/kapitalis.com\/tunisie\/2015\/12\/08\/hichem-djait-personnalite-culturelle-de-2016\/\"]}]},{\"@type\":\"ImageObject\",\"inLanguage\":\"fr-FR\",\"@id\":\"https:\/\/kapitalis.com\/tunisie\/2015\/12\/08\/hichem-djait-personnalite-culturelle-de-2016\/#primaryimage\",\"url\":\"\",\"contentUrl\":\"\"},{\"@type\":\"BreadcrumbList\",\"@id\":\"https:\/\/kapitalis.com\/tunisie\/2015\/12\/08\/hichem-djait-personnalite-culturelle-de-2016\/#breadcrumb\",\"itemListElement\":[{\"@type\":\"ListItem\",\"position\":1,\"name\":\"Accueil\",\"item\":\"https:\/\/kapitalis.com\/tunisie\/\"},{\"@type\":\"ListItem\",\"position\":2,\"name\":\"Hichem Dja\u00eft personnalit\u00e9 culturelle arabe de 2016\"}]},{\"@type\":\"WebSite\",\"@id\":\"https:\/\/kapitalis.com\/tunisie\/#website\",\"url\":\"https:\/\/kapitalis.com\/tunisie\/\",\"name\":\"Kapitalis\",\"description\":\"L&#039;actualit\u00e9 en Tunisie et dans le monde\",\"publisher\":{\"@id\":\"https:\/\/kapitalis.com\/tunisie\/#organization\"},\"potentialAction\":[{\"@type\":\"SearchAction\",\"target\":{\"@type\":\"EntryPoint\",\"urlTemplate\":\"https:\/\/kapitalis.com\/tunisie\/?s={search_term_string}\"},\"query-input\":{\"@type\":\"PropertyValueSpecification\",\"valueRequired\":true,\"valueName\":\"search_term_string\"}}],\"inLanguage\":\"fr-FR\"},{\"@type\":\"Organization\",\"@id\":\"https:\/\/kapitalis.com\/tunisie\/#organization\",\"name\":\"Kapitalis\",\"url\":\"https:\/\/kapitalis.com\/tunisie\/\",\"logo\":{\"@type\":\"ImageObject\",\"inLanguage\":\"fr-FR\",\"@id\":\"https:\/\/kapitalis.com\/tunisie\/#\/schema\/logo\/image\/\",\"url\":\"https:\/\/kapitalis.com\/tunisie\/wp-content\/uploads\/2022\/05\/Kapitalis-big-size.png\",\"contentUrl\":\"https:\/\/kapitalis.com\/tunisie\/wp-content\/uploads\/2022\/05\/Kapitalis-big-size.png\",\"width\":5000,\"height\":1500,\"caption\":\"Kapitalis\"},\"image\":{\"@id\":\"https:\/\/kapitalis.com\/tunisie\/#\/schema\/logo\/image\/\"},\"sameAs\":[\"https:\/\/www.facebook.com\/KapitalisInfo\/\",\"https:\/\/x.com\/KapitalisInfo\",\"https:\/\/www.youtube.com\/channel\/UC-yDYrHyfFBWWZaOw3FPg9Q\"]},{\"@type\":\"Person\",\"@id\":\"https:\/\/kapitalis.com\/tunisie\/#\/schema\/person\/035372e645ad321edc01006468cd4c8b\",\"name\":\"benmansour3 benmansour\",\"url\":\"https:\/\/kapitalis.com\/tunisie\/author\/benmansour3\/\"}]}<\/script>\n<!-- \/ Yoast SEO plugin. -->","yoast_head_json":{"title":"Hichem Dja\u00eft personnalit\u00e9 culturelle arabe de 2016 - Kapitalis","robots":{"index":"index","follow":"follow","max-snippet":"max-snippet:-1","max-image-preview":"max-image-preview:large","max-video-preview":"max-video-preview:-1"},"canonical":"https:\/\/kapitalis.com\/tunisie\/2015\/12\/08\/hichem-djait-personnalite-culturelle-de-2016\/","og_locale":"fr_FR","og_type":"article","og_title":"Hichem Dja\u00eft personnalit\u00e9 culturelle arabe de 2016 - Kapitalis","og_description":"L\u2019historien, islamologue et penseur tunisien, Hichem Dja\u00eft a \u00e9t\u00e9 d\u00e9sign\u00e9 personnalit\u00e9 culturelle arabe de l\u2019ann\u00e9e 2016.","og_url":"https:\/\/kapitalis.com\/tunisie\/2015\/12\/08\/hichem-djait-personnalite-culturelle-de-2016\/","og_site_name":"Kapitalis","article_publisher":"https:\/\/www.facebook.com\/KapitalisInfo\/","article_published_time":"2015-12-08T09:57:32+00:00","article_modified_time":"2015-12-08T10:28:19+00:00","og_image":[{"width":1200,"height":630,"url":"https:\/\/kapitalis.com\/tunisie\/wp-content\/uploads\/2022\/05\/kapitalis-logo-fb.png","type":"image\/png"}],"author":"benmansour3 benmansour","twitter_card":"summary_large_image","twitter_creator":"@KapitalisInfo","twitter_site":"@KapitalisInfo","twitter_misc":{"\u00c9crit par":"benmansour3 benmansour","Dur\u00e9e de lecture estim\u00e9e":"1 minute"},"schema":{"@context":"https:\/\/schema.org","@graph":[{"@type":"Article","@id":"https:\/\/kapitalis.com\/tunisie\/2015\/12\/08\/hichem-djait-personnalite-culturelle-de-2016\/#article","isPartOf":{"@id":"https:\/\/kapitalis.com\/tunisie\/2015\/12\/08\/hichem-djait-personnalite-culturelle-de-2016\/"},"author":{"name":"benmansour3 benmansour","@id":"https:\/\/kapitalis.com\/tunisie\/#\/schema\/person\/035372e645ad321edc01006468cd4c8b"},"headline":"Hichem Dja\u00eft personnalit\u00e9 culturelle arabe de 2016","datePublished":"2015-12-08T09:57:32+00:00","dateModified":"2015-12-08T10:28:19+00:00","mainEntityOfPage":{"@id":"https:\/\/kapitalis.com\/tunisie\/2015\/12\/08\/hichem-djait-personnalite-culturelle-de-2016\/"},"wordCount":241,"commentCount":1,"publisher":{"@id":"https:\/\/kapitalis.com\/tunisie\/#organization"},"image":{"@id":"https:\/\/kapitalis.com\/tunisie\/2015\/12\/08\/hichem-djait-personnalite-culturelle-de-2016\/#primaryimage"},"thumbnailUrl":"","keywords":["Arabe","Beyrouth","Hichem Dja\u00eft","islamologue"],"articleSection":["CULTURE","Tunisie"],"inLanguage":"fr-FR","potentialAction":[{"@type":"CommentAction","name":"Comment","target":["https:\/\/kapitalis.com\/tunisie\/2015\/12\/08\/hichem-djait-personnalite-culturelle-de-2016\/#respond"]}]},{"@type":"WebPage","@id":"https:\/\/kapitalis.com\/tunisie\/2015\/12\/08\/hichem-djait-personnalite-culturelle-de-2016\/","url":"https:\/\/kapitalis.com\/tunisie\/2015\/12\/08\/hichem-djait-personnalite-culturelle-de-2016\/","name":"Hichem Dja\u00eft personnalit\u00e9 culturelle arabe de 2016 - Kapitalis","isPartOf":{"@id":"https:\/\/kapitalis.com\/tunisie\/#website"},"primaryImageOfPage":{"@id":"https:\/\/kapitalis.com\/tunisie\/2015\/12\/08\/hichem-djait-personnalite-culturelle-de-2016\/#primaryimage"},"image":{"@id":"https:\/\/kapitalis.com\/tunisie\/2015\/12\/08\/hichem-djait-personnalite-culturelle-de-2016\/#primaryimage"},"thumbnailUrl":"","datePublished":"2015-12-08T09:57:32+00:00","dateModified":"2015-12-08T10:28:19+00:00","breadcrumb":{"@id":"https:\/\/kapitalis.com\/tunisie\/2015\/12\/08\/hichem-djait-personnalite-culturelle-de-2016\/#breadcrumb"},"inLanguage":"fr-FR","potentialAction":[{"@type":"ReadAction","target":["https:\/\/kapitalis.com\/tunisie\/2015\/12\/08\/hichem-djait-personnalite-culturelle-de-2016\/"]}]},{"@type":"ImageObject","inLanguage":"fr-FR","@id":"https:\/\/kapitalis.com\/tunisie\/2015\/12\/08\/hichem-djait-personnalite-culturelle-de-2016\/#primaryimage","url":"","contentUrl":""},{"@type":"BreadcrumbList","@id":"https:\/\/kapitalis.com\/tunisie\/2015\/12\/08\/hichem-djait-personnalite-culturelle-de-2016\/#breadcrumb","itemListElement":[{"@type":"ListItem","position":1,"name":"Accueil","item":"https:\/\/kapitalis.com\/tunisie\/"},{"@type":"ListItem","position":2,"name":"Hichem Dja\u00eft personnalit\u00e9 culturelle arabe de 2016"}]},{"@type":"WebSite","@id":"https:\/\/kapitalis.com\/tunisie\/#website","url":"https:\/\/kapitalis.com\/tunisie\/","name":"Kapitalis","description":"L&#039;actualit\u00e9 en Tunisie et dans le monde","publisher":{"@id":"https:\/\/kapitalis.com\/tunisie\/#organization"},"potentialAction":[{"@type":"SearchAction","target":{"@type":"EntryPoint","urlTemplate":"https:\/\/kapitalis.com\/tunisie\/?s={search_term_string}"},"query-input":{"@type":"PropertyValueSpecification","valueRequired":true,"valueName":"search_term_string"}}],"inLanguage":"fr-FR"},{"@type":"Organization","@id":"https:\/\/kapitalis.com\/tunisie\/#organization","name":"Kapitalis","url":"https:\/\/kapitalis.com\/tunisie\/","logo":{"@type":"ImageObject","inLanguage":"fr-FR","@id":"https:\/\/kapitalis.com\/tunisie\/#\/schema\/logo\/image\/","url":"https:\/\/kapitalis.com\/tunisie\/wp-content\/uploads\/2022\/05\/Kapitalis-big-size.png","contentUrl":"https:\/\/kapitalis.com\/tunisie\/wp-content\/uploads\/2022\/05\/Kapitalis-big-size.png","width":5000,"height":1500,"caption":"Kapitalis"},"image":{"@id":"https:\/\/kapitalis.com\/tunisie\/#\/schema\/logo\/image\/"},"sameAs":["https:\/\/www.facebook.com\/KapitalisInfo\/","https:\/\/x.com\/KapitalisInfo","https:\/\/www.youtube.com\/channel\/UC-yDYrHyfFBWWZaOw3FPg9Q"]},{"@type":"Person","@id":"https:\/\/kapitalis.com\/tunisie\/#\/schema\/person\/035372e645ad321edc01006468cd4c8b","name":"benmansour3 benmansour","url":"https:\/\/kapitalis.com\/tunisie\/author\/benmansour3\/"}]}},"_links":{"self":[{"href":"https:\/\/kapitalis.com\/tunisie\/wp-json\/wp\/v2\/posts\/29232","targetHints":{"allow":["GET"]}}],"collection":[{"href":"https:\/\/kapitalis.com\/tunisie\/wp-json\/wp\/v2\/posts"}],"about":[{"href":"https:\/\/kapitalis.com\/tunisie\/wp-json\/wp\/v2\/types\/post"}],"author":[{"embeddable":true,"href":"https:\/\/kapitalis.com\/tunisie\/wp-json\/wp\/v2\/users\/11"}],"replies":[{"embeddable":true,"href":"https:\/\/kapitalis.com\/tunisie\/wp-json\/wp\/v2\/comments?post=29232"}],"version-history":[{"count":0,"href":"https:\/\/kapitalis.com\/tunisie\/wp-json\/wp\/v2\/posts\/29232\/revisions"}],"wp:featuredmedia":[{"embeddable":true,"href":"https:\/\/kapitalis.com\/tunisie\/wp-json\/wp\/v2\/media\/29236"}],"wp:attachment":[{"href":"https:\/\/kapitalis.com\/tunisie\/wp-json\/wp\/v2\/media?parent=29232"}],"wp:term":[{"taxonomy":"category","embeddable":true,"href":"https:\/\/kapitalis.com\/tunisie\/wp-json\/wp\/v2\/categories?post=29232"},{"taxonomy":"post_tag","embeddable":true,"href":"https:\/\/kapitalis.com\/tunisie\/wp-json\/wp\/v2\/tags?post=29232"}],"curies":[{"name":"wp","href":"https:\/\/api.w.org\/{rel}","templated":true}]}}