{"id":292522,"date":"2020-04-04T09:59:00","date_gmt":"2020-04-04T08:59:00","guid":{"rendered":"http:\/\/kapitalis.com\/tunisie\/?p=292522"},"modified":"2020-04-04T09:59:04","modified_gmt":"2020-04-04T08:59:04","slug":"tunisie-la-fondation-kamel-lazaar-lance-culture-solidaire-pour-soutenir-la-creation-artistique-en-confinement","status":"publish","type":"post","link":"https:\/\/kapitalis.com\/tunisie\/2020\/04\/04\/tunisie-la-fondation-kamel-lazaar-lance-culture-solidaire-pour-soutenir-la-creation-artistique-en-confinement\/","title":{"rendered":"Tunisie : La Fondation Kamel Lazaar lance \u00abCulture Solidaire\u00bb pour soutenir la cr\u00e9ation artistique en confinement"},"content":{"rendered":"\n<div class=\"wp-block-image\"><figure class=\"aligncenter size-large\"><img decoding=\"async\" src=\"http:\/\/kapitalis.com\/tunisie\/wp-content\/uploads\/2020\/04\/Untitled-1.jpg\" alt=\"\" class=\"wp-image-292523\"\/><\/figure><\/div>\n\n\n\n<p><strong><em>La Fondation Kamel Lazaar lance un appel \u00e0 candidature\u00a0pour b\u00e9n\u00e9ficier de l\u2019initiative \u00abCulture Solidaire\u00bb, offrant un soutien financier et un accompagnement\u00a0dans la cr\u00e9ation et la diffusion artistique en p\u00e9riode de confinement.<\/em><\/strong><\/p>\n\n\n\n<!--more-->\n\n\n\n<p>Dans le cadre du \u00abFonds Relance Culture\u00bb (FRC) r\u00e9cemment initi\u00e9 par le minist\u00e8re des Affaires culturelles pour aider les diff\u00e9rents acteurs culturels \u00e0 surmonter la crise li\u00e9e \u00e0 la progression du coronavirus (Covid-19), la Fondation Kamel Lazaar vient d\u2019annoncer qu\u2019elle allouera directement aux artistes la somme minimale de 3.000 DT.<\/p>\n\n\n\n<p>\u00abCulture Solidaire\u00bb s\u2019adresse aux artistes tunisiens et r\u00e9sidents en Tunisie, appartenant \u00e0 toutes les disciplines artistiques, porteurs de projets r\u00e9alisables dans la dur\u00e9e de 3 \u00e0 8 semaines, permettant ainsi de r\u00e9fl\u00e9chir \u00e0 de nouveaux outils de cr\u00e9ation adapt\u00e9s au confinement. \u00ab<em>Seul le corps est confin\u00e9, l\u2019esprit est libre<\/em>\u00bb, indique le communiqu\u00e9 de la fondation.<\/p>\n\n\n\n<p>Les projets retenus par un jury de professionnels seront d\u00e9voil\u00e9s le 20 avril; et les artistes s\u00e9lectionn\u00e9s b\u00e9n\u00e9ficieront d\u2019un accompagnement personnalis\u00e9 notamment dans la diffusion de leurs \u0153uvres.<\/p>\n\n\n\n<p>\u00ab<em>Nous n\u2019avons \u00e0 ce jour aucune visibilit\u00e9 sur l\u2019issue de la crise, il nous semble donc important de\u00a0soutenir les artistes \u00e0 cr\u00e9er dans les circonstances actuelles, en tenant compte de la p\u00e9nurie des mati\u00e8res premi\u00e8res. Notre volont\u00e9 est d\u2019accompagner les cr\u00e9ateurs et les interpr\u00e8tes dans une remise en question plurielle, sur leur pratique, sur le monde \u00e0 venir, sur la communication digitale, sur la possibilit\u00e9 de cr\u00e9ations collectives \u00e0 distance<\/em>\u00bb, explique la Fondation.<\/p>\n\n\n\n<p class=\"has-text-align-right\"><strong>Fawz Ben Ali<\/strong><\/p>\n","protected":false},"excerpt":{"rendered":"<p>La Fondation Kamel Lazaar lance un appel \u00e0 candidature\u00a0pour b\u00e9n\u00e9ficier de l\u2019initiative \u00abCulture Solidaire\u00bb, offrant un soutien financier et un accompagnement\u00a0dans la cr\u00e9ation et la diffusion artistique en p\u00e9riode de confinement.<\/p>\n","protected":false},"author":26,"featured_media":292523,"comment_status":"open","ping_status":"open","sticky":false,"template":"","format":"standard","meta":{"footnotes":""},"categories":[994,2433],"tags":[76605,77398,77397,76875],"class_list":["post-292522","post","type-post","status-publish","format-standard","has-post-thumbnail","hentry","category-culture","category-tunisie","tag-confinement","tag-culture-solidaire","tag-fondation-kamel-lazaar","tag-fonds-relance-culture"],"yoast_head":"<!-- This site is optimized with the Yoast SEO plugin v26.6 - https:\/\/yoast.com\/wordpress\/plugins\/seo\/ -->\n<title>Tunisie : La Fondation Kamel Lazaar lance \u00abCulture Solidaire\u00bb pour soutenir la cr\u00e9ation artistique en confinement - Kapitalis<\/title>\n<meta name=\"robots\" content=\"index, follow, max-snippet:-1, max-image-preview:large, max-video-preview:-1\" \/>\n<link rel=\"canonical\" href=\"https:\/\/kapitalis.com\/tunisie\/2020\/04\/04\/tunisie-la-fondation-kamel-lazaar-lance-culture-solidaire-pour-soutenir-la-creation-artistique-en-confinement\/\" \/>\n<meta property=\"og:locale\" content=\"fr_FR\" \/>\n<meta property=\"og:type\" content=\"article\" \/>\n<meta property=\"og:title\" content=\"Tunisie : La Fondation Kamel Lazaar lance \u00abCulture Solidaire\u00bb pour soutenir la cr\u00e9ation artistique en confinement - Kapitalis\" \/>\n<meta property=\"og:description\" content=\"La Fondation Kamel Lazaar lance un appel \u00e0 candidature\u00a0pour b\u00e9n\u00e9ficier de l\u2019initiative \u00abCulture Solidaire\u00bb, offrant un soutien financier et un accompagnement\u00a0dans la cr\u00e9ation et la diffusion artistique en p\u00e9riode de confinement.\" \/>\n<meta property=\"og:url\" content=\"https:\/\/kapitalis.com\/tunisie\/2020\/04\/04\/tunisie-la-fondation-kamel-lazaar-lance-culture-solidaire-pour-soutenir-la-creation-artistique-en-confinement\/\" \/>\n<meta property=\"og:site_name\" content=\"Kapitalis\" \/>\n<meta property=\"article:publisher\" content=\"https:\/\/www.facebook.com\/KapitalisInfo\/\" \/>\n<meta property=\"article:published_time\" content=\"2020-04-04T08:59:00+00:00\" \/>\n<meta property=\"article:modified_time\" content=\"2020-04-04T08:59:04+00:00\" \/>\n<meta property=\"og:image\" content=\"https:\/\/kapitalis.com\/tunisie\/wp-content\/uploads\/2022\/05\/kapitalis-logo-fb.png\" \/>\n\t<meta property=\"og:image:width\" content=\"1200\" \/>\n\t<meta property=\"og:image:height\" content=\"630\" \/>\n\t<meta property=\"og:image:type\" content=\"image\/png\" \/>\n<meta name=\"author\" content=\"Fawz BenAli\" \/>\n<meta name=\"twitter:card\" content=\"summary_large_image\" \/>\n<meta name=\"twitter:creator\" content=\"@KapitalisInfo\" \/>\n<meta name=\"twitter:site\" content=\"@KapitalisInfo\" \/>\n<meta name=\"twitter:label1\" content=\"\u00c9crit par\" \/>\n\t<meta name=\"twitter:data1\" content=\"Fawz BenAli\" \/>\n\t<meta name=\"twitter:label2\" content=\"Dur\u00e9e de lecture estim\u00e9e\" \/>\n\t<meta name=\"twitter:data2\" content=\"1 minute\" \/>\n<script type=\"application\/ld+json\" class=\"yoast-schema-graph\">{\"@context\":\"https:\/\/schema.org\",\"@graph\":[{\"@type\":\"Article\",\"@id\":\"https:\/\/kapitalis.com\/tunisie\/2020\/04\/04\/tunisie-la-fondation-kamel-lazaar-lance-culture-solidaire-pour-soutenir-la-creation-artistique-en-confinement\/#article\",\"isPartOf\":{\"@id\":\"https:\/\/kapitalis.com\/tunisie\/2020\/04\/04\/tunisie-la-fondation-kamel-lazaar-lance-culture-solidaire-pour-soutenir-la-creation-artistique-en-confinement\/\"},\"author\":{\"name\":\"Fawz BenAli\",\"@id\":\"https:\/\/kapitalis.com\/tunisie\/#\/schema\/person\/73a5ecc1f6ae540c6ed91342eadca948\"},\"headline\":\"Tunisie : La Fondation Kamel Lazaar lance \u00abCulture Solidaire\u00bb pour soutenir la cr\u00e9ation artistique en confinement\",\"datePublished\":\"2020-04-04T08:59:00+00:00\",\"dateModified\":\"2020-04-04T08:59:04+00:00\",\"mainEntityOfPage\":{\"@id\":\"https:\/\/kapitalis.com\/tunisie\/2020\/04\/04\/tunisie-la-fondation-kamel-lazaar-lance-culture-solidaire-pour-soutenir-la-creation-artistique-en-confinement\/\"},\"wordCount\":282,\"commentCount\":0,\"publisher\":{\"@id\":\"https:\/\/kapitalis.com\/tunisie\/#organization\"},\"image\":{\"@id\":\"https:\/\/kapitalis.com\/tunisie\/2020\/04\/04\/tunisie-la-fondation-kamel-lazaar-lance-culture-solidaire-pour-soutenir-la-creation-artistique-en-confinement\/#primaryimage\"},\"thumbnailUrl\":\"\",\"keywords\":[\"confinement\",\"Culture Solidaire\",\"Fondation Kamel Lazaar\",\"Fonds relance culture\"],\"articleSection\":[\"CULTURE\",\"Tunisie\"],\"inLanguage\":\"fr-FR\",\"potentialAction\":[{\"@type\":\"CommentAction\",\"name\":\"Comment\",\"target\":[\"https:\/\/kapitalis.com\/tunisie\/2020\/04\/04\/tunisie-la-fondation-kamel-lazaar-lance-culture-solidaire-pour-soutenir-la-creation-artistique-en-confinement\/#respond\"]}]},{\"@type\":\"WebPage\",\"@id\":\"https:\/\/kapitalis.com\/tunisie\/2020\/04\/04\/tunisie-la-fondation-kamel-lazaar-lance-culture-solidaire-pour-soutenir-la-creation-artistique-en-confinement\/\",\"url\":\"https:\/\/kapitalis.com\/tunisie\/2020\/04\/04\/tunisie-la-fondation-kamel-lazaar-lance-culture-solidaire-pour-soutenir-la-creation-artistique-en-confinement\/\",\"name\":\"Tunisie : La Fondation Kamel Lazaar lance \u00abCulture Solidaire\u00bb pour soutenir la cr\u00e9ation artistique en confinement - Kapitalis\",\"isPartOf\":{\"@id\":\"https:\/\/kapitalis.com\/tunisie\/#website\"},\"primaryImageOfPage\":{\"@id\":\"https:\/\/kapitalis.com\/tunisie\/2020\/04\/04\/tunisie-la-fondation-kamel-lazaar-lance-culture-solidaire-pour-soutenir-la-creation-artistique-en-confinement\/#primaryimage\"},\"image\":{\"@id\":\"https:\/\/kapitalis.com\/tunisie\/2020\/04\/04\/tunisie-la-fondation-kamel-lazaar-lance-culture-solidaire-pour-soutenir-la-creation-artistique-en-confinement\/#primaryimage\"},\"thumbnailUrl\":\"\",\"datePublished\":\"2020-04-04T08:59:00+00:00\",\"dateModified\":\"2020-04-04T08:59:04+00:00\",\"breadcrumb\":{\"@id\":\"https:\/\/kapitalis.com\/tunisie\/2020\/04\/04\/tunisie-la-fondation-kamel-lazaar-lance-culture-solidaire-pour-soutenir-la-creation-artistique-en-confinement\/#breadcrumb\"},\"inLanguage\":\"fr-FR\",\"potentialAction\":[{\"@type\":\"ReadAction\",\"target\":[\"https:\/\/kapitalis.com\/tunisie\/2020\/04\/04\/tunisie-la-fondation-kamel-lazaar-lance-culture-solidaire-pour-soutenir-la-creation-artistique-en-confinement\/\"]}]},{\"@type\":\"ImageObject\",\"inLanguage\":\"fr-FR\",\"@id\":\"https:\/\/kapitalis.com\/tunisie\/2020\/04\/04\/tunisie-la-fondation-kamel-lazaar-lance-culture-solidaire-pour-soutenir-la-creation-artistique-en-confinement\/#primaryimage\",\"url\":\"\",\"contentUrl\":\"\"},{\"@type\":\"BreadcrumbList\",\"@id\":\"https:\/\/kapitalis.com\/tunisie\/2020\/04\/04\/tunisie-la-fondation-kamel-lazaar-lance-culture-solidaire-pour-soutenir-la-creation-artistique-en-confinement\/#breadcrumb\",\"itemListElement\":[{\"@type\":\"ListItem\",\"position\":1,\"name\":\"Accueil\",\"item\":\"https:\/\/kapitalis.com\/tunisie\/\"},{\"@type\":\"ListItem\",\"position\":2,\"name\":\"Tunisie : La Fondation Kamel Lazaar lance \u00abCulture Solidaire\u00bb pour soutenir la cr\u00e9ation artistique en confinement\"}]},{\"@type\":\"WebSite\",\"@id\":\"https:\/\/kapitalis.com\/tunisie\/#website\",\"url\":\"https:\/\/kapitalis.com\/tunisie\/\",\"name\":\"Kapitalis\",\"description\":\"L&#039;actualit\u00e9 en Tunisie et dans le monde\",\"publisher\":{\"@id\":\"https:\/\/kapitalis.com\/tunisie\/#organization\"},\"potentialAction\":[{\"@type\":\"SearchAction\",\"target\":{\"@type\":\"EntryPoint\",\"urlTemplate\":\"https:\/\/kapitalis.com\/tunisie\/?s={search_term_string}\"},\"query-input\":{\"@type\":\"PropertyValueSpecification\",\"valueRequired\":true,\"valueName\":\"search_term_string\"}}],\"inLanguage\":\"fr-FR\"},{\"@type\":\"Organization\",\"@id\":\"https:\/\/kapitalis.com\/tunisie\/#organization\",\"name\":\"Kapitalis\",\"url\":\"https:\/\/kapitalis.com\/tunisie\/\",\"logo\":{\"@type\":\"ImageObject\",\"inLanguage\":\"fr-FR\",\"@id\":\"https:\/\/kapitalis.com\/tunisie\/#\/schema\/logo\/image\/\",\"url\":\"https:\/\/kapitalis.com\/tunisie\/wp-content\/uploads\/2022\/05\/Kapitalis-big-size.png\",\"contentUrl\":\"https:\/\/kapitalis.com\/tunisie\/wp-content\/uploads\/2022\/05\/Kapitalis-big-size.png\",\"width\":5000,\"height\":1500,\"caption\":\"Kapitalis\"},\"image\":{\"@id\":\"https:\/\/kapitalis.com\/tunisie\/#\/schema\/logo\/image\/\"},\"sameAs\":[\"https:\/\/www.facebook.com\/KapitalisInfo\/\",\"https:\/\/x.com\/KapitalisInfo\",\"https:\/\/www.youtube.com\/channel\/UC-yDYrHyfFBWWZaOw3FPg9Q\"]},{\"@type\":\"Person\",\"@id\":\"https:\/\/kapitalis.com\/tunisie\/#\/schema\/person\/73a5ecc1f6ae540c6ed91342eadca948\",\"name\":\"Fawz BenAli\",\"url\":\"https:\/\/kapitalis.com\/tunisie\/author\/fawz\/\"}]}<\/script>\n<!-- \/ Yoast SEO plugin. -->","yoast_head_json":{"title":"Tunisie : La Fondation Kamel Lazaar lance \u00abCulture Solidaire\u00bb pour soutenir la cr\u00e9ation artistique en confinement - Kapitalis","robots":{"index":"index","follow":"follow","max-snippet":"max-snippet:-1","max-image-preview":"max-image-preview:large","max-video-preview":"max-video-preview:-1"},"canonical":"https:\/\/kapitalis.com\/tunisie\/2020\/04\/04\/tunisie-la-fondation-kamel-lazaar-lance-culture-solidaire-pour-soutenir-la-creation-artistique-en-confinement\/","og_locale":"fr_FR","og_type":"article","og_title":"Tunisie : La Fondation Kamel Lazaar lance \u00abCulture Solidaire\u00bb pour soutenir la cr\u00e9ation artistique en confinement - Kapitalis","og_description":"La Fondation Kamel Lazaar lance un appel \u00e0 candidature\u00a0pour b\u00e9n\u00e9ficier de l\u2019initiative \u00abCulture Solidaire\u00bb, offrant un soutien financier et un accompagnement\u00a0dans la cr\u00e9ation et la diffusion artistique en p\u00e9riode de confinement.","og_url":"https:\/\/kapitalis.com\/tunisie\/2020\/04\/04\/tunisie-la-fondation-kamel-lazaar-lance-culture-solidaire-pour-soutenir-la-creation-artistique-en-confinement\/","og_site_name":"Kapitalis","article_publisher":"https:\/\/www.facebook.com\/KapitalisInfo\/","article_published_time":"2020-04-04T08:59:00+00:00","article_modified_time":"2020-04-04T08:59:04+00:00","og_image":[{"width":1200,"height":630,"url":"https:\/\/kapitalis.com\/tunisie\/wp-content\/uploads\/2022\/05\/kapitalis-logo-fb.png","type":"image\/png"}],"author":"Fawz BenAli","twitter_card":"summary_large_image","twitter_creator":"@KapitalisInfo","twitter_site":"@KapitalisInfo","twitter_misc":{"\u00c9crit par":"Fawz BenAli","Dur\u00e9e de lecture estim\u00e9e":"1 minute"},"schema":{"@context":"https:\/\/schema.org","@graph":[{"@type":"Article","@id":"https:\/\/kapitalis.com\/tunisie\/2020\/04\/04\/tunisie-la-fondation-kamel-lazaar-lance-culture-solidaire-pour-soutenir-la-creation-artistique-en-confinement\/#article","isPartOf":{"@id":"https:\/\/kapitalis.com\/tunisie\/2020\/04\/04\/tunisie-la-fondation-kamel-lazaar-lance-culture-solidaire-pour-soutenir-la-creation-artistique-en-confinement\/"},"author":{"name":"Fawz BenAli","@id":"https:\/\/kapitalis.com\/tunisie\/#\/schema\/person\/73a5ecc1f6ae540c6ed91342eadca948"},"headline":"Tunisie : La Fondation Kamel Lazaar lance \u00abCulture Solidaire\u00bb pour soutenir la cr\u00e9ation artistique en confinement","datePublished":"2020-04-04T08:59:00+00:00","dateModified":"2020-04-04T08:59:04+00:00","mainEntityOfPage":{"@id":"https:\/\/kapitalis.com\/tunisie\/2020\/04\/04\/tunisie-la-fondation-kamel-lazaar-lance-culture-solidaire-pour-soutenir-la-creation-artistique-en-confinement\/"},"wordCount":282,"commentCount":0,"publisher":{"@id":"https:\/\/kapitalis.com\/tunisie\/#organization"},"image":{"@id":"https:\/\/kapitalis.com\/tunisie\/2020\/04\/04\/tunisie-la-fondation-kamel-lazaar-lance-culture-solidaire-pour-soutenir-la-creation-artistique-en-confinement\/#primaryimage"},"thumbnailUrl":"","keywords":["confinement","Culture Solidaire","Fondation Kamel Lazaar","Fonds relance culture"],"articleSection":["CULTURE","Tunisie"],"inLanguage":"fr-FR","potentialAction":[{"@type":"CommentAction","name":"Comment","target":["https:\/\/kapitalis.com\/tunisie\/2020\/04\/04\/tunisie-la-fondation-kamel-lazaar-lance-culture-solidaire-pour-soutenir-la-creation-artistique-en-confinement\/#respond"]}]},{"@type":"WebPage","@id":"https:\/\/kapitalis.com\/tunisie\/2020\/04\/04\/tunisie-la-fondation-kamel-lazaar-lance-culture-solidaire-pour-soutenir-la-creation-artistique-en-confinement\/","url":"https:\/\/kapitalis.com\/tunisie\/2020\/04\/04\/tunisie-la-fondation-kamel-lazaar-lance-culture-solidaire-pour-soutenir-la-creation-artistique-en-confinement\/","name":"Tunisie : La Fondation Kamel Lazaar lance \u00abCulture Solidaire\u00bb pour soutenir la cr\u00e9ation artistique en confinement - Kapitalis","isPartOf":{"@id":"https:\/\/kapitalis.com\/tunisie\/#website"},"primaryImageOfPage":{"@id":"https:\/\/kapitalis.com\/tunisie\/2020\/04\/04\/tunisie-la-fondation-kamel-lazaar-lance-culture-solidaire-pour-soutenir-la-creation-artistique-en-confinement\/#primaryimage"},"image":{"@id":"https:\/\/kapitalis.com\/tunisie\/2020\/04\/04\/tunisie-la-fondation-kamel-lazaar-lance-culture-solidaire-pour-soutenir-la-creation-artistique-en-confinement\/#primaryimage"},"thumbnailUrl":"","datePublished":"2020-04-04T08:59:00+00:00","dateModified":"2020-04-04T08:59:04+00:00","breadcrumb":{"@id":"https:\/\/kapitalis.com\/tunisie\/2020\/04\/04\/tunisie-la-fondation-kamel-lazaar-lance-culture-solidaire-pour-soutenir-la-creation-artistique-en-confinement\/#breadcrumb"},"inLanguage":"fr-FR","potentialAction":[{"@type":"ReadAction","target":["https:\/\/kapitalis.com\/tunisie\/2020\/04\/04\/tunisie-la-fondation-kamel-lazaar-lance-culture-solidaire-pour-soutenir-la-creation-artistique-en-confinement\/"]}]},{"@type":"ImageObject","inLanguage":"fr-FR","@id":"https:\/\/kapitalis.com\/tunisie\/2020\/04\/04\/tunisie-la-fondation-kamel-lazaar-lance-culture-solidaire-pour-soutenir-la-creation-artistique-en-confinement\/#primaryimage","url":"","contentUrl":""},{"@type":"BreadcrumbList","@id":"https:\/\/kapitalis.com\/tunisie\/2020\/04\/04\/tunisie-la-fondation-kamel-lazaar-lance-culture-solidaire-pour-soutenir-la-creation-artistique-en-confinement\/#breadcrumb","itemListElement":[{"@type":"ListItem","position":1,"name":"Accueil","item":"https:\/\/kapitalis.com\/tunisie\/"},{"@type":"ListItem","position":2,"name":"Tunisie : La Fondation Kamel Lazaar lance \u00abCulture Solidaire\u00bb pour soutenir la cr\u00e9ation artistique en confinement"}]},{"@type":"WebSite","@id":"https:\/\/kapitalis.com\/tunisie\/#website","url":"https:\/\/kapitalis.com\/tunisie\/","name":"Kapitalis","description":"L&#039;actualit\u00e9 en Tunisie et dans le monde","publisher":{"@id":"https:\/\/kapitalis.com\/tunisie\/#organization"},"potentialAction":[{"@type":"SearchAction","target":{"@type":"EntryPoint","urlTemplate":"https:\/\/kapitalis.com\/tunisie\/?s={search_term_string}"},"query-input":{"@type":"PropertyValueSpecification","valueRequired":true,"valueName":"search_term_string"}}],"inLanguage":"fr-FR"},{"@type":"Organization","@id":"https:\/\/kapitalis.com\/tunisie\/#organization","name":"Kapitalis","url":"https:\/\/kapitalis.com\/tunisie\/","logo":{"@type":"ImageObject","inLanguage":"fr-FR","@id":"https:\/\/kapitalis.com\/tunisie\/#\/schema\/logo\/image\/","url":"https:\/\/kapitalis.com\/tunisie\/wp-content\/uploads\/2022\/05\/Kapitalis-big-size.png","contentUrl":"https:\/\/kapitalis.com\/tunisie\/wp-content\/uploads\/2022\/05\/Kapitalis-big-size.png","width":5000,"height":1500,"caption":"Kapitalis"},"image":{"@id":"https:\/\/kapitalis.com\/tunisie\/#\/schema\/logo\/image\/"},"sameAs":["https:\/\/www.facebook.com\/KapitalisInfo\/","https:\/\/x.com\/KapitalisInfo","https:\/\/www.youtube.com\/channel\/UC-yDYrHyfFBWWZaOw3FPg9Q"]},{"@type":"Person","@id":"https:\/\/kapitalis.com\/tunisie\/#\/schema\/person\/73a5ecc1f6ae540c6ed91342eadca948","name":"Fawz BenAli","url":"https:\/\/kapitalis.com\/tunisie\/author\/fawz\/"}]}},"_links":{"self":[{"href":"https:\/\/kapitalis.com\/tunisie\/wp-json\/wp\/v2\/posts\/292522","targetHints":{"allow":["GET"]}}],"collection":[{"href":"https:\/\/kapitalis.com\/tunisie\/wp-json\/wp\/v2\/posts"}],"about":[{"href":"https:\/\/kapitalis.com\/tunisie\/wp-json\/wp\/v2\/types\/post"}],"author":[{"embeddable":true,"href":"https:\/\/kapitalis.com\/tunisie\/wp-json\/wp\/v2\/users\/26"}],"replies":[{"embeddable":true,"href":"https:\/\/kapitalis.com\/tunisie\/wp-json\/wp\/v2\/comments?post=292522"}],"version-history":[{"count":0,"href":"https:\/\/kapitalis.com\/tunisie\/wp-json\/wp\/v2\/posts\/292522\/revisions"}],"wp:featuredmedia":[{"embeddable":true,"href":"https:\/\/kapitalis.com\/tunisie\/wp-json\/wp\/v2\/media\/292523"}],"wp:attachment":[{"href":"https:\/\/kapitalis.com\/tunisie\/wp-json\/wp\/v2\/media?parent=292522"}],"wp:term":[{"taxonomy":"category","embeddable":true,"href":"https:\/\/kapitalis.com\/tunisie\/wp-json\/wp\/v2\/categories?post=292522"},{"taxonomy":"post_tag","embeddable":true,"href":"https:\/\/kapitalis.com\/tunisie\/wp-json\/wp\/v2\/tags?post=292522"}],"curies":[{"name":"wp","href":"https:\/\/api.w.org\/{rel}","templated":true}]}}