{"id":29269,"date":"2015-12-08T14:25:02","date_gmt":"2015-12-08T13:25:02","guid":{"rendered":"http:\/\/kapitalis.com\/tunisie\/?p=29269"},"modified":"2015-12-08T14:59:13","modified_gmt":"2015-12-08T13:59:13","slug":"la-strategie-de-lutte-antiterroriste-bientot-mise-en-application","status":"publish","type":"post","link":"https:\/\/kapitalis.com\/tunisie\/2015\/12\/08\/la-strategie-de-lutte-antiterroriste-bientot-mise-en-application\/","title":{"rendered":"La strat\u00e9gie de lutte antiterroriste bient\u00f4t mise en application"},"content":{"rendered":"<p><img loading=\"lazy\" decoding=\"async\" class=\"alignnone size-full wp-image-9758 aligncenter\" src=\"http:\/\/kapitalis.com\/tunisie\/wp-content\/uploads\/2015\/08\/Brigade-antiterroriste.jpg\" alt=\"Brigade-antiterroriste\" width=\"626\" height=\"380\" \/><\/p>\n<p><em><strong>La strat\u00e9gie nationale de lutte antiterroriste est fin pr\u00eate. Elle sera soumise au pr\u00e9sident de la r\u00e9publique pour approbation avant sa mise en application.<\/strong> <\/em><br \/>\n<!--more--><\/p>\n<p>C&rsquo;est ce qu\u2019a affirm\u00e9 une source de la Commission nationale de lutte contre le terrorisme (CNLCT), cr\u00e9\u00e9e en 2015 sur d\u00e9cision du Conseil national de s\u00e9curit\u00e9 (CNS).<\/p>\n<p>La m\u00eame source a affirm\u00e9 \u00e0 l&rsquo;agence Tap que cette strat\u00e9gie, adopt\u00e9e par le Conseil de s\u00e9curit\u00e9 au lendemain de l&rsquo;attaque terroriste contre un bus de la garde pr\u00e9sidentielle, le 24 novembre dernier, au centre de Tunis (12 morts et 20 bless\u00e9s), sera mise en oeuvre en collaboration avec des instances onusiennes, d&rsquo;autant qu&rsquo;elle a \u00e9t\u00e9 \u00e9labor\u00e9e avec le concours de la Direction ex\u00e9cutive du Comit\u00e9 de l&rsquo;Onu contre le terrorisme et de l&rsquo;Office des Nations unies contre la drogue et le crime.<\/p>\n<p>La strat\u00e9gie repose sur 4 axes : la pr\u00e9vention, la protection, le suivi et la riposte.<\/p>\n<p>Au volet pr\u00e9vention, la menace terroriste est d\u00e9finie comme \u00e9tant le r\u00e9sultat de divers facteurs li\u00e9s, essentiellement, \u00e0 l&rsquo;extr\u00e9misme et au fanatisme violent ainsi qu&rsquo;au crime transfrontalier, \u00e0 la prolif\u00e9ration des armes et \u00e0 l&rsquo;instabilit\u00e9 politique dans la r\u00e9gion.<\/p>\n<p>Les diff\u00e9rents points de la strat\u00e9gie soulignent que, dans ses diff\u00e9rentes \u00e9tapes, la lutte contre le terrorisme et l&rsquo;extr\u00e9misme en Tunisie doit \u00eatre men\u00e9e dans le respect de la loi et des droits humains.<\/p>\n<p>\u00ab<em>La Tunisie devient un terrain favorable pour les groupes terroristes et extr\u00e9mistes<\/em>\u00bb, note le document, qui comporte un rappel des attentats terroristes qui ont eu lieu pendant les deux derni\u00e8res d\u00e9cennies, dont ceux de la synagogue d&rsquo;El-Ghriba, en 2002, \u00e0 Djerba, ou de Soliman, en 2006-2007.<\/p>\n<p>Apr\u00e8s le 14 janvier 2011, la Tunisie a \u00e9t\u00e9 le th\u00e9\u00e2tre de plusieurs attaques terroristes visant les forces de la s\u00e9curit\u00e9 int\u00e9rieure et de l&rsquo;arm\u00e9e ainsi que des personnalit\u00e9s politiques, notamment les dirigeants du Front populaire Chokri Belaid et Mohamed Brahmi, assassin\u00e9s par des extr\u00e9mistes religieux, respectivement le 6 f\u00e9vrier et le 25 juillet 2013.<\/p>\n<p>La commission qui a \u00e9labor\u00e9 la strat\u00e9gie se compose des repr\u00e9sentants de la pr\u00e9sidence de la r\u00e9publique et du gouvernement ainsi que des minist\u00e8res des Affaires \u00e9trang\u00e8res, de la Justice, de l&rsquo;Int\u00e9rieur et de la D\u00e9fense. Elle\u00a0se compose, \u00e9galement, des magistrats relevant du Pole judiciaire de la lutte antiterroriste, de la Douane, de la Commission des analyses financi\u00e8res et de l&rsquo;Agence technique des communications.<\/p>\n<p>Le Conseil de s\u00e9curit\u00e9 nationale, r\u00e9uni le 12 f\u00e9vrier 2015, avait d\u00e9cid\u00e9 la cr\u00e9ation d&rsquo;une commission nationale de lutte contre l&rsquo;extr\u00e9misme et le terrorisme au sein du minist\u00e8re des Affaires \u00e9trang\u00e8res.<\/p>\n<p style=\"text-align: right;\"><strong>A. B. M.<\/strong> <em>(avec Tap)<\/em><\/p>\n","protected":false},"excerpt":{"rendered":"<p>La strat\u00e9gie nationale de lutte antiterroriste est fin pr\u00eate. Elle sera soumise au pr\u00e9sident de la r\u00e9publique pour approbation avant sa mise en application.<\/p>\n","protected":false},"author":11,"featured_media":0,"comment_status":"open","ping_status":"open","sticky":false,"template":"","format":"standard","meta":{"footnotes":""},"categories":[997,2433],"tags":[1862,418,5425,3194,3569,5003,899],"class_list":["post-29269","post","type-post","status-publish","format-standard","hentry","category-politique","category-tunisie","tag-commission","tag-gouvernement","tag-lutte-anti-terroriste","tag-onu","tag-presidence-de-la-republique","tag-strategie","tag-terroristes"],"yoast_head":"<!-- This site is optimized with the Yoast SEO plugin v26.6 - https:\/\/yoast.com\/wordpress\/plugins\/seo\/ -->\n<title>La strat\u00e9gie de lutte antiterroriste bient\u00f4t mise en application - Kapitalis<\/title>\n<meta name=\"robots\" content=\"index, follow, max-snippet:-1, max-image-preview:large, max-video-preview:-1\" \/>\n<link rel=\"canonical\" href=\"https:\/\/kapitalis.com\/tunisie\/2015\/12\/08\/la-strategie-de-lutte-antiterroriste-bientot-mise-en-application\/\" \/>\n<meta property=\"og:locale\" content=\"fr_FR\" \/>\n<meta property=\"og:type\" content=\"article\" \/>\n<meta property=\"og:title\" content=\"La strat\u00e9gie de lutte antiterroriste bient\u00f4t mise en application - Kapitalis\" \/>\n<meta property=\"og:description\" content=\"La strat\u00e9gie nationale de lutte antiterroriste est fin pr\u00eate. Elle sera soumise au pr\u00e9sident de la r\u00e9publique pour approbation avant sa mise en application.\" \/>\n<meta property=\"og:url\" content=\"https:\/\/kapitalis.com\/tunisie\/2015\/12\/08\/la-strategie-de-lutte-antiterroriste-bientot-mise-en-application\/\" \/>\n<meta property=\"og:site_name\" content=\"Kapitalis\" \/>\n<meta property=\"article:publisher\" content=\"https:\/\/www.facebook.com\/KapitalisInfo\/\" \/>\n<meta property=\"article:published_time\" content=\"2015-12-08T13:25:02+00:00\" \/>\n<meta property=\"article:modified_time\" content=\"2015-12-08T13:59:13+00:00\" \/>\n<meta property=\"og:image\" content=\"http:\/\/kapitalis.com\/tunisie\/wp-content\/uploads\/2015\/08\/Brigade-antiterroriste.jpg\" \/>\n<meta name=\"author\" content=\"benmansour3 benmansour\" \/>\n<meta name=\"twitter:card\" content=\"summary_large_image\" \/>\n<meta name=\"twitter:creator\" content=\"@KapitalisInfo\" \/>\n<meta name=\"twitter:site\" content=\"@KapitalisInfo\" \/>\n<meta name=\"twitter:label1\" content=\"\u00c9crit par\" \/>\n\t<meta name=\"twitter:data1\" content=\"benmansour3 benmansour\" \/>\n\t<meta name=\"twitter:label2\" content=\"Dur\u00e9e de lecture estim\u00e9e\" \/>\n\t<meta name=\"twitter:data2\" content=\"2 minutes\" \/>\n<script type=\"application\/ld+json\" class=\"yoast-schema-graph\">{\"@context\":\"https:\/\/schema.org\",\"@graph\":[{\"@type\":\"Article\",\"@id\":\"https:\/\/kapitalis.com\/tunisie\/2015\/12\/08\/la-strategie-de-lutte-antiterroriste-bientot-mise-en-application\/#article\",\"isPartOf\":{\"@id\":\"https:\/\/kapitalis.com\/tunisie\/2015\/12\/08\/la-strategie-de-lutte-antiterroriste-bientot-mise-en-application\/\"},\"author\":{\"name\":\"benmansour3 benmansour\",\"@id\":\"https:\/\/kapitalis.com\/tunisie\/#\/schema\/person\/035372e645ad321edc01006468cd4c8b\"},\"headline\":\"La strat\u00e9gie de lutte antiterroriste bient\u00f4t mise en application\",\"datePublished\":\"2015-12-08T13:25:02+00:00\",\"dateModified\":\"2015-12-08T13:59:13+00:00\",\"mainEntityOfPage\":{\"@id\":\"https:\/\/kapitalis.com\/tunisie\/2015\/12\/08\/la-strategie-de-lutte-antiterroriste-bientot-mise-en-application\/\"},\"wordCount\":476,\"commentCount\":4,\"publisher\":{\"@id\":\"https:\/\/kapitalis.com\/tunisie\/#organization\"},\"image\":{\"@id\":\"https:\/\/kapitalis.com\/tunisie\/2015\/12\/08\/la-strategie-de-lutte-antiterroriste-bientot-mise-en-application\/#primaryimage\"},\"thumbnailUrl\":\"http:\/\/kapitalis.com\/tunisie\/wp-content\/uploads\/2015\/08\/Brigade-antiterroriste.jpg\",\"keywords\":[\"commission\",\"gouvernement\",\"lutte anti-terroriste\",\"Onu\",\"pr\u00e9sidence de la r\u00e9publique\",\"strat\u00e9gie\",\"terroristes\"],\"articleSection\":[\"POLITIQUE\",\"Tunisie\"],\"inLanguage\":\"fr-FR\",\"potentialAction\":[{\"@type\":\"CommentAction\",\"name\":\"Comment\",\"target\":[\"https:\/\/kapitalis.com\/tunisie\/2015\/12\/08\/la-strategie-de-lutte-antiterroriste-bientot-mise-en-application\/#respond\"]}]},{\"@type\":\"WebPage\",\"@id\":\"https:\/\/kapitalis.com\/tunisie\/2015\/12\/08\/la-strategie-de-lutte-antiterroriste-bientot-mise-en-application\/\",\"url\":\"https:\/\/kapitalis.com\/tunisie\/2015\/12\/08\/la-strategie-de-lutte-antiterroriste-bientot-mise-en-application\/\",\"name\":\"La strat\u00e9gie de lutte antiterroriste bient\u00f4t mise en application - Kapitalis\",\"isPartOf\":{\"@id\":\"https:\/\/kapitalis.com\/tunisie\/#website\"},\"primaryImageOfPage\":{\"@id\":\"https:\/\/kapitalis.com\/tunisie\/2015\/12\/08\/la-strategie-de-lutte-antiterroriste-bientot-mise-en-application\/#primaryimage\"},\"image\":{\"@id\":\"https:\/\/kapitalis.com\/tunisie\/2015\/12\/08\/la-strategie-de-lutte-antiterroriste-bientot-mise-en-application\/#primaryimage\"},\"thumbnailUrl\":\"http:\/\/kapitalis.com\/tunisie\/wp-content\/uploads\/2015\/08\/Brigade-antiterroriste.jpg\",\"datePublished\":\"2015-12-08T13:25:02+00:00\",\"dateModified\":\"2015-12-08T13:59:13+00:00\",\"breadcrumb\":{\"@id\":\"https:\/\/kapitalis.com\/tunisie\/2015\/12\/08\/la-strategie-de-lutte-antiterroriste-bientot-mise-en-application\/#breadcrumb\"},\"inLanguage\":\"fr-FR\",\"potentialAction\":[{\"@type\":\"ReadAction\",\"target\":[\"https:\/\/kapitalis.com\/tunisie\/2015\/12\/08\/la-strategie-de-lutte-antiterroriste-bientot-mise-en-application\/\"]}]},{\"@type\":\"ImageObject\",\"inLanguage\":\"fr-FR\",\"@id\":\"https:\/\/kapitalis.com\/tunisie\/2015\/12\/08\/la-strategie-de-lutte-antiterroriste-bientot-mise-en-application\/#primaryimage\",\"url\":\"http:\/\/kapitalis.com\/tunisie\/wp-content\/uploads\/2015\/08\/Brigade-antiterroriste.jpg\",\"contentUrl\":\"http:\/\/kapitalis.com\/tunisie\/wp-content\/uploads\/2015\/08\/Brigade-antiterroriste.jpg\"},{\"@type\":\"BreadcrumbList\",\"@id\":\"https:\/\/kapitalis.com\/tunisie\/2015\/12\/08\/la-strategie-de-lutte-antiterroriste-bientot-mise-en-application\/#breadcrumb\",\"itemListElement\":[{\"@type\":\"ListItem\",\"position\":1,\"name\":\"Accueil\",\"item\":\"https:\/\/kapitalis.com\/tunisie\/\"},{\"@type\":\"ListItem\",\"position\":2,\"name\":\"La strat\u00e9gie de lutte antiterroriste bient\u00f4t mise en application\"}]},{\"@type\":\"WebSite\",\"@id\":\"https:\/\/kapitalis.com\/tunisie\/#website\",\"url\":\"https:\/\/kapitalis.com\/tunisie\/\",\"name\":\"Kapitalis\",\"description\":\"L&#039;actualit\u00e9 en Tunisie et dans le monde\",\"publisher\":{\"@id\":\"https:\/\/kapitalis.com\/tunisie\/#organization\"},\"potentialAction\":[{\"@type\":\"SearchAction\",\"target\":{\"@type\":\"EntryPoint\",\"urlTemplate\":\"https:\/\/kapitalis.com\/tunisie\/?s={search_term_string}\"},\"query-input\":{\"@type\":\"PropertyValueSpecification\",\"valueRequired\":true,\"valueName\":\"search_term_string\"}}],\"inLanguage\":\"fr-FR\"},{\"@type\":\"Organization\",\"@id\":\"https:\/\/kapitalis.com\/tunisie\/#organization\",\"name\":\"Kapitalis\",\"url\":\"https:\/\/kapitalis.com\/tunisie\/\",\"logo\":{\"@type\":\"ImageObject\",\"inLanguage\":\"fr-FR\",\"@id\":\"https:\/\/kapitalis.com\/tunisie\/#\/schema\/logo\/image\/\",\"url\":\"https:\/\/kapitalis.com\/tunisie\/wp-content\/uploads\/2022\/05\/Kapitalis-big-size.png\",\"contentUrl\":\"https:\/\/kapitalis.com\/tunisie\/wp-content\/uploads\/2022\/05\/Kapitalis-big-size.png\",\"width\":5000,\"height\":1500,\"caption\":\"Kapitalis\"},\"image\":{\"@id\":\"https:\/\/kapitalis.com\/tunisie\/#\/schema\/logo\/image\/\"},\"sameAs\":[\"https:\/\/www.facebook.com\/KapitalisInfo\/\",\"https:\/\/x.com\/KapitalisInfo\",\"https:\/\/www.youtube.com\/channel\/UC-yDYrHyfFBWWZaOw3FPg9Q\"]},{\"@type\":\"Person\",\"@id\":\"https:\/\/kapitalis.com\/tunisie\/#\/schema\/person\/035372e645ad321edc01006468cd4c8b\",\"name\":\"benmansour3 benmansour\",\"url\":\"https:\/\/kapitalis.com\/tunisie\/author\/benmansour3\/\"}]}<\/script>\n<!-- \/ Yoast SEO plugin. -->","yoast_head_json":{"title":"La strat\u00e9gie de lutte antiterroriste bient\u00f4t mise en application - Kapitalis","robots":{"index":"index","follow":"follow","max-snippet":"max-snippet:-1","max-image-preview":"max-image-preview:large","max-video-preview":"max-video-preview:-1"},"canonical":"https:\/\/kapitalis.com\/tunisie\/2015\/12\/08\/la-strategie-de-lutte-antiterroriste-bientot-mise-en-application\/","og_locale":"fr_FR","og_type":"article","og_title":"La strat\u00e9gie de lutte antiterroriste bient\u00f4t mise en application - Kapitalis","og_description":"La strat\u00e9gie nationale de lutte antiterroriste est fin pr\u00eate. Elle sera soumise au pr\u00e9sident de la r\u00e9publique pour approbation avant sa mise en application.","og_url":"https:\/\/kapitalis.com\/tunisie\/2015\/12\/08\/la-strategie-de-lutte-antiterroriste-bientot-mise-en-application\/","og_site_name":"Kapitalis","article_publisher":"https:\/\/www.facebook.com\/KapitalisInfo\/","article_published_time":"2015-12-08T13:25:02+00:00","article_modified_time":"2015-12-08T13:59:13+00:00","og_image":[{"url":"http:\/\/kapitalis.com\/tunisie\/wp-content\/uploads\/2015\/08\/Brigade-antiterroriste.jpg","type":"","width":"","height":""}],"author":"benmansour3 benmansour","twitter_card":"summary_large_image","twitter_creator":"@KapitalisInfo","twitter_site":"@KapitalisInfo","twitter_misc":{"\u00c9crit par":"benmansour3 benmansour","Dur\u00e9e de lecture estim\u00e9e":"2 minutes"},"schema":{"@context":"https:\/\/schema.org","@graph":[{"@type":"Article","@id":"https:\/\/kapitalis.com\/tunisie\/2015\/12\/08\/la-strategie-de-lutte-antiterroriste-bientot-mise-en-application\/#article","isPartOf":{"@id":"https:\/\/kapitalis.com\/tunisie\/2015\/12\/08\/la-strategie-de-lutte-antiterroriste-bientot-mise-en-application\/"},"author":{"name":"benmansour3 benmansour","@id":"https:\/\/kapitalis.com\/tunisie\/#\/schema\/person\/035372e645ad321edc01006468cd4c8b"},"headline":"La strat\u00e9gie de lutte antiterroriste bient\u00f4t mise en application","datePublished":"2015-12-08T13:25:02+00:00","dateModified":"2015-12-08T13:59:13+00:00","mainEntityOfPage":{"@id":"https:\/\/kapitalis.com\/tunisie\/2015\/12\/08\/la-strategie-de-lutte-antiterroriste-bientot-mise-en-application\/"},"wordCount":476,"commentCount":4,"publisher":{"@id":"https:\/\/kapitalis.com\/tunisie\/#organization"},"image":{"@id":"https:\/\/kapitalis.com\/tunisie\/2015\/12\/08\/la-strategie-de-lutte-antiterroriste-bientot-mise-en-application\/#primaryimage"},"thumbnailUrl":"http:\/\/kapitalis.com\/tunisie\/wp-content\/uploads\/2015\/08\/Brigade-antiterroriste.jpg","keywords":["commission","gouvernement","lutte anti-terroriste","Onu","pr\u00e9sidence de la r\u00e9publique","strat\u00e9gie","terroristes"],"articleSection":["POLITIQUE","Tunisie"],"inLanguage":"fr-FR","potentialAction":[{"@type":"CommentAction","name":"Comment","target":["https:\/\/kapitalis.com\/tunisie\/2015\/12\/08\/la-strategie-de-lutte-antiterroriste-bientot-mise-en-application\/#respond"]}]},{"@type":"WebPage","@id":"https:\/\/kapitalis.com\/tunisie\/2015\/12\/08\/la-strategie-de-lutte-antiterroriste-bientot-mise-en-application\/","url":"https:\/\/kapitalis.com\/tunisie\/2015\/12\/08\/la-strategie-de-lutte-antiterroriste-bientot-mise-en-application\/","name":"La strat\u00e9gie de lutte antiterroriste bient\u00f4t mise en application - Kapitalis","isPartOf":{"@id":"https:\/\/kapitalis.com\/tunisie\/#website"},"primaryImageOfPage":{"@id":"https:\/\/kapitalis.com\/tunisie\/2015\/12\/08\/la-strategie-de-lutte-antiterroriste-bientot-mise-en-application\/#primaryimage"},"image":{"@id":"https:\/\/kapitalis.com\/tunisie\/2015\/12\/08\/la-strategie-de-lutte-antiterroriste-bientot-mise-en-application\/#primaryimage"},"thumbnailUrl":"http:\/\/kapitalis.com\/tunisie\/wp-content\/uploads\/2015\/08\/Brigade-antiterroriste.jpg","datePublished":"2015-12-08T13:25:02+00:00","dateModified":"2015-12-08T13:59:13+00:00","breadcrumb":{"@id":"https:\/\/kapitalis.com\/tunisie\/2015\/12\/08\/la-strategie-de-lutte-antiterroriste-bientot-mise-en-application\/#breadcrumb"},"inLanguage":"fr-FR","potentialAction":[{"@type":"ReadAction","target":["https:\/\/kapitalis.com\/tunisie\/2015\/12\/08\/la-strategie-de-lutte-antiterroriste-bientot-mise-en-application\/"]}]},{"@type":"ImageObject","inLanguage":"fr-FR","@id":"https:\/\/kapitalis.com\/tunisie\/2015\/12\/08\/la-strategie-de-lutte-antiterroriste-bientot-mise-en-application\/#primaryimage","url":"http:\/\/kapitalis.com\/tunisie\/wp-content\/uploads\/2015\/08\/Brigade-antiterroriste.jpg","contentUrl":"http:\/\/kapitalis.com\/tunisie\/wp-content\/uploads\/2015\/08\/Brigade-antiterroriste.jpg"},{"@type":"BreadcrumbList","@id":"https:\/\/kapitalis.com\/tunisie\/2015\/12\/08\/la-strategie-de-lutte-antiterroriste-bientot-mise-en-application\/#breadcrumb","itemListElement":[{"@type":"ListItem","position":1,"name":"Accueil","item":"https:\/\/kapitalis.com\/tunisie\/"},{"@type":"ListItem","position":2,"name":"La strat\u00e9gie de lutte antiterroriste bient\u00f4t mise en application"}]},{"@type":"WebSite","@id":"https:\/\/kapitalis.com\/tunisie\/#website","url":"https:\/\/kapitalis.com\/tunisie\/","name":"Kapitalis","description":"L&#039;actualit\u00e9 en Tunisie et dans le monde","publisher":{"@id":"https:\/\/kapitalis.com\/tunisie\/#organization"},"potentialAction":[{"@type":"SearchAction","target":{"@type":"EntryPoint","urlTemplate":"https:\/\/kapitalis.com\/tunisie\/?s={search_term_string}"},"query-input":{"@type":"PropertyValueSpecification","valueRequired":true,"valueName":"search_term_string"}}],"inLanguage":"fr-FR"},{"@type":"Organization","@id":"https:\/\/kapitalis.com\/tunisie\/#organization","name":"Kapitalis","url":"https:\/\/kapitalis.com\/tunisie\/","logo":{"@type":"ImageObject","inLanguage":"fr-FR","@id":"https:\/\/kapitalis.com\/tunisie\/#\/schema\/logo\/image\/","url":"https:\/\/kapitalis.com\/tunisie\/wp-content\/uploads\/2022\/05\/Kapitalis-big-size.png","contentUrl":"https:\/\/kapitalis.com\/tunisie\/wp-content\/uploads\/2022\/05\/Kapitalis-big-size.png","width":5000,"height":1500,"caption":"Kapitalis"},"image":{"@id":"https:\/\/kapitalis.com\/tunisie\/#\/schema\/logo\/image\/"},"sameAs":["https:\/\/www.facebook.com\/KapitalisInfo\/","https:\/\/x.com\/KapitalisInfo","https:\/\/www.youtube.com\/channel\/UC-yDYrHyfFBWWZaOw3FPg9Q"]},{"@type":"Person","@id":"https:\/\/kapitalis.com\/tunisie\/#\/schema\/person\/035372e645ad321edc01006468cd4c8b","name":"benmansour3 benmansour","url":"https:\/\/kapitalis.com\/tunisie\/author\/benmansour3\/"}]}},"_links":{"self":[{"href":"https:\/\/kapitalis.com\/tunisie\/wp-json\/wp\/v2\/posts\/29269","targetHints":{"allow":["GET"]}}],"collection":[{"href":"https:\/\/kapitalis.com\/tunisie\/wp-json\/wp\/v2\/posts"}],"about":[{"href":"https:\/\/kapitalis.com\/tunisie\/wp-json\/wp\/v2\/types\/post"}],"author":[{"embeddable":true,"href":"https:\/\/kapitalis.com\/tunisie\/wp-json\/wp\/v2\/users\/11"}],"replies":[{"embeddable":true,"href":"https:\/\/kapitalis.com\/tunisie\/wp-json\/wp\/v2\/comments?post=29269"}],"version-history":[{"count":0,"href":"https:\/\/kapitalis.com\/tunisie\/wp-json\/wp\/v2\/posts\/29269\/revisions"}],"wp:attachment":[{"href":"https:\/\/kapitalis.com\/tunisie\/wp-json\/wp\/v2\/media?parent=29269"}],"wp:term":[{"taxonomy":"category","embeddable":true,"href":"https:\/\/kapitalis.com\/tunisie\/wp-json\/wp\/v2\/categories?post=29269"},{"taxonomy":"post_tag","embeddable":true,"href":"https:\/\/kapitalis.com\/tunisie\/wp-json\/wp\/v2\/tags?post=29269"}],"curies":[{"name":"wp","href":"https:\/\/api.w.org\/{rel}","templated":true}]}}