{"id":292879,"date":"2020-04-06T15:21:16","date_gmt":"2020-04-06T14:21:16","guid":{"rendered":"http:\/\/kapitalis.com\/tunisie\/?p=292879"},"modified":"2020-04-06T15:21:22","modified_gmt":"2020-04-06T14:21:22","slug":"ennakl-automobiles-annonce-la-reouverture-du-terminal-audi-a-la-goulette","status":"publish","type":"post","link":"https:\/\/kapitalis.com\/tunisie\/2020\/04\/06\/ennakl-automobiles-annonce-la-reouverture-du-terminal-audi-a-la-goulette\/","title":{"rendered":"Ennakl Automobiles annonce la r\u00e9ouverture du terminal Audi \u00e0 la Goulette"},"content":{"rendered":"\n<figure class=\"wp-block-image size-large\"><img decoding=\"async\" src=\"http:\/\/kapitalis.com\/tunisie\/wp-content\/uploads\/2020\/04\/Audi.jpg\" alt=\"\" class=\"wp-image-292881\"\/><\/figure>\n\n\n\n<p><strong><em>Ennakl Automobiles, concessionnaire en Tunisie de Volkswagen, Seat, Porsche, Skoda et Audi, annonce la reprise de l\u2019activit\u00e9 du Terminal Audi \u00e0 La Goulette, dans la banlieue de Tunis.<\/em><\/strong><\/p>\n\n\n\n<!--more-->\n\n\n\n<p> <em>\u00abS\u00e9par\u00e9s par la distance, mais connect\u00e9s par notre passion pour les quatre anneaux, nous sommes d\u00e9sormais autoris\u00e9s \u00e0 vous accueillir dans nos locaux tous les jours du lundi au vendredi, selon les horaires administratifs, afin de r\u00e9pondre \u00e0 vos besoins et assurer la continuit\u00e9 de notre service apr\u00e8s-vente. Votre s\u00e9curit\u00e9 et celle de nos employ\u00e9s \u00e9tant une priorit\u00e9 absolue, nous respectons des mesures d\u2019hygi\u00e8ne strictes afin de vous accueillir dans des conditions optimales\u00bb<\/em>, \u00e9crit le concessionnaire dans un communiqu\u00e9 publi\u00e9 aujourd\u2019hui, lundi 6 avril 2020, ajoutant que ses \u00e9quipes commerciales restent \u00e9galement joignables \u00e0 distance et r\u00e9pondent aux demandes d\u2019informations et de devis par t\u00e9l\u00e9phone aux num\u00e9ros 29.456.740 \/ 29.809.152\/ 24.562.390 et par e-mail sur l\u2019adresse suivante : contact@ennakl.com <\/p>\n\n\n\n<p> Ces dispositions sont prises dans le cadre du confinement g\u00e9n\u00e9ral observ\u00e9 dans le cadre de la lutte contre la pand\u00e9mie du coronavirus (Covid-19). <\/p>\n\n\n\n<p><em> \u00abEnsemble, solidaires, prenons soin les uns des autres, soutenons-nous les uns les autres. Ensemble nous vaincrons l\u2019\u00e9pid\u00e9mie. Ensemble, nous reprendrons l\u2019aventure. #WeAreAllInThisTogether #AudiTogether\u00bb<\/em>, conclut le communiqu\u00e9. <\/p>\n","protected":false},"excerpt":{"rendered":"<p>Ennakl Automobiles, concessionnaire en Tunisie de Volkswagen, Seat, Porsche, Skoda et Audi, annonce la reprise de l\u2019activit\u00e9 du Terminal Audi \u00e0 La Goulette, dans la banlieue de Tunis.<\/p>\n","protected":false},"author":8,"featured_media":292881,"comment_status":"open","ping_status":"open","sticky":false,"template":"","format":"standard","meta":{"footnotes":""},"categories":[993,995,2433],"tags":[73060,75291,30553,2917,77502,77501,77503,77500,4710],"class_list":["post-292879","post","type-post","status-publish","format-standard","has-post-thumbnail","hentry","category-conso","category-economie","category-tunisie","tag-coronavirus","tag-covid-19","tag-ennakl-automobiles","tag-la-goulette","tag-porsche","tag-seat","tag-skoda","tag-terminal-audi","tag-volkswagen"],"yoast_head":"<!-- This site is optimized with the Yoast SEO plugin v26.6 - https:\/\/yoast.com\/wordpress\/plugins\/seo\/ -->\n<title>Ennakl Automobiles annonce la r\u00e9ouverture du terminal Audi \u00e0 la Goulette - Kapitalis<\/title>\n<meta name=\"robots\" content=\"index, follow, max-snippet:-1, max-image-preview:large, max-video-preview:-1\" \/>\n<link rel=\"canonical\" href=\"https:\/\/kapitalis.com\/tunisie\/2020\/04\/06\/ennakl-automobiles-annonce-la-reouverture-du-terminal-audi-a-la-goulette\/\" \/>\n<meta property=\"og:locale\" content=\"fr_FR\" \/>\n<meta property=\"og:type\" content=\"article\" \/>\n<meta property=\"og:title\" content=\"Ennakl Automobiles annonce la r\u00e9ouverture du terminal Audi \u00e0 la Goulette - Kapitalis\" \/>\n<meta property=\"og:description\" content=\"Ennakl Automobiles, concessionnaire en Tunisie de Volkswagen, Seat, Porsche, Skoda et Audi, annonce la reprise de l\u2019activit\u00e9 du Terminal Audi \u00e0 La Goulette, dans la banlieue de Tunis.\" \/>\n<meta property=\"og:url\" content=\"https:\/\/kapitalis.com\/tunisie\/2020\/04\/06\/ennakl-automobiles-annonce-la-reouverture-du-terminal-audi-a-la-goulette\/\" \/>\n<meta property=\"og:site_name\" content=\"Kapitalis\" \/>\n<meta property=\"article:publisher\" content=\"https:\/\/www.facebook.com\/KapitalisInfo\/\" \/>\n<meta property=\"article:published_time\" content=\"2020-04-06T14:21:16+00:00\" \/>\n<meta property=\"article:modified_time\" content=\"2020-04-06T14:21:22+00:00\" \/>\n<meta property=\"og:image\" content=\"https:\/\/kapitalis.com\/tunisie\/wp-content\/uploads\/2022\/05\/kapitalis-logo-fb.png\" \/>\n\t<meta property=\"og:image:width\" content=\"1200\" \/>\n\t<meta property=\"og:image:height\" content=\"630\" \/>\n\t<meta property=\"og:image:type\" content=\"image\/png\" \/>\n<meta name=\"author\" content=\"webmaster kapitalis\" \/>\n<meta name=\"twitter:card\" content=\"summary_large_image\" \/>\n<meta name=\"twitter:creator\" content=\"@KapitalisInfo\" \/>\n<meta name=\"twitter:site\" content=\"@KapitalisInfo\" \/>\n<meta name=\"twitter:label1\" content=\"\u00c9crit par\" \/>\n\t<meta name=\"twitter:data1\" content=\"webmaster kapitalis\" \/>\n\t<meta name=\"twitter:label2\" content=\"Dur\u00e9e de lecture estim\u00e9e\" \/>\n\t<meta name=\"twitter:data2\" content=\"1 minute\" \/>\n<script type=\"application\/ld+json\" class=\"yoast-schema-graph\">{\"@context\":\"https:\/\/schema.org\",\"@graph\":[{\"@type\":\"Article\",\"@id\":\"https:\/\/kapitalis.com\/tunisie\/2020\/04\/06\/ennakl-automobiles-annonce-la-reouverture-du-terminal-audi-a-la-goulette\/#article\",\"isPartOf\":{\"@id\":\"https:\/\/kapitalis.com\/tunisie\/2020\/04\/06\/ennakl-automobiles-annonce-la-reouverture-du-terminal-audi-a-la-goulette\/\"},\"author\":{\"name\":\"webmaster kapitalis\",\"@id\":\"https:\/\/kapitalis.com\/tunisie\/#\/schema\/person\/d71f33a9ca44f7bad4698210b480c8e9\"},\"headline\":\"Ennakl Automobiles annonce la r\u00e9ouverture du terminal Audi \u00e0 la Goulette\",\"datePublished\":\"2020-04-06T14:21:16+00:00\",\"dateModified\":\"2020-04-06T14:21:22+00:00\",\"mainEntityOfPage\":{\"@id\":\"https:\/\/kapitalis.com\/tunisie\/2020\/04\/06\/ennakl-automobiles-annonce-la-reouverture-du-terminal-audi-a-la-goulette\/\"},\"wordCount\":223,\"commentCount\":1,\"publisher\":{\"@id\":\"https:\/\/kapitalis.com\/tunisie\/#organization\"},\"image\":{\"@id\":\"https:\/\/kapitalis.com\/tunisie\/2020\/04\/06\/ennakl-automobiles-annonce-la-reouverture-du-terminal-audi-a-la-goulette\/#primaryimage\"},\"thumbnailUrl\":\"\",\"keywords\":[\"Coronavirus\",\"Covid-19\",\"Ennakl Automobiles\",\"La Goulette\",\"Porsche\",\"Seat\",\"Skoda\",\"Terminal Audi\",\"Volkswagen\"],\"articleSection\":[\"CONSO\",\"ECONOMIE\",\"Tunisie\"],\"inLanguage\":\"fr-FR\",\"potentialAction\":[{\"@type\":\"CommentAction\",\"name\":\"Comment\",\"target\":[\"https:\/\/kapitalis.com\/tunisie\/2020\/04\/06\/ennakl-automobiles-annonce-la-reouverture-du-terminal-audi-a-la-goulette\/#respond\"]}]},{\"@type\":\"WebPage\",\"@id\":\"https:\/\/kapitalis.com\/tunisie\/2020\/04\/06\/ennakl-automobiles-annonce-la-reouverture-du-terminal-audi-a-la-goulette\/\",\"url\":\"https:\/\/kapitalis.com\/tunisie\/2020\/04\/06\/ennakl-automobiles-annonce-la-reouverture-du-terminal-audi-a-la-goulette\/\",\"name\":\"Ennakl Automobiles annonce la r\u00e9ouverture du terminal Audi \u00e0 la Goulette - Kapitalis\",\"isPartOf\":{\"@id\":\"https:\/\/kapitalis.com\/tunisie\/#website\"},\"primaryImageOfPage\":{\"@id\":\"https:\/\/kapitalis.com\/tunisie\/2020\/04\/06\/ennakl-automobiles-annonce-la-reouverture-du-terminal-audi-a-la-goulette\/#primaryimage\"},\"image\":{\"@id\":\"https:\/\/kapitalis.com\/tunisie\/2020\/04\/06\/ennakl-automobiles-annonce-la-reouverture-du-terminal-audi-a-la-goulette\/#primaryimage\"},\"thumbnailUrl\":\"\",\"datePublished\":\"2020-04-06T14:21:16+00:00\",\"dateModified\":\"2020-04-06T14:21:22+00:00\",\"breadcrumb\":{\"@id\":\"https:\/\/kapitalis.com\/tunisie\/2020\/04\/06\/ennakl-automobiles-annonce-la-reouverture-du-terminal-audi-a-la-goulette\/#breadcrumb\"},\"inLanguage\":\"fr-FR\",\"potentialAction\":[{\"@type\":\"ReadAction\",\"target\":[\"https:\/\/kapitalis.com\/tunisie\/2020\/04\/06\/ennakl-automobiles-annonce-la-reouverture-du-terminal-audi-a-la-goulette\/\"]}]},{\"@type\":\"ImageObject\",\"inLanguage\":\"fr-FR\",\"@id\":\"https:\/\/kapitalis.com\/tunisie\/2020\/04\/06\/ennakl-automobiles-annonce-la-reouverture-du-terminal-audi-a-la-goulette\/#primaryimage\",\"url\":\"\",\"contentUrl\":\"\"},{\"@type\":\"BreadcrumbList\",\"@id\":\"https:\/\/kapitalis.com\/tunisie\/2020\/04\/06\/ennakl-automobiles-annonce-la-reouverture-du-terminal-audi-a-la-goulette\/#breadcrumb\",\"itemListElement\":[{\"@type\":\"ListItem\",\"position\":1,\"name\":\"Accueil\",\"item\":\"https:\/\/kapitalis.com\/tunisie\/\"},{\"@type\":\"ListItem\",\"position\":2,\"name\":\"Ennakl Automobiles annonce la r\u00e9ouverture du terminal Audi \u00e0 la Goulette\"}]},{\"@type\":\"WebSite\",\"@id\":\"https:\/\/kapitalis.com\/tunisie\/#website\",\"url\":\"https:\/\/kapitalis.com\/tunisie\/\",\"name\":\"Kapitalis\",\"description\":\"L&#039;actualit\u00e9 en Tunisie et dans le monde\",\"publisher\":{\"@id\":\"https:\/\/kapitalis.com\/tunisie\/#organization\"},\"potentialAction\":[{\"@type\":\"SearchAction\",\"target\":{\"@type\":\"EntryPoint\",\"urlTemplate\":\"https:\/\/kapitalis.com\/tunisie\/?s={search_term_string}\"},\"query-input\":{\"@type\":\"PropertyValueSpecification\",\"valueRequired\":true,\"valueName\":\"search_term_string\"}}],\"inLanguage\":\"fr-FR\"},{\"@type\":\"Organization\",\"@id\":\"https:\/\/kapitalis.com\/tunisie\/#organization\",\"name\":\"Kapitalis\",\"url\":\"https:\/\/kapitalis.com\/tunisie\/\",\"logo\":{\"@type\":\"ImageObject\",\"inLanguage\":\"fr-FR\",\"@id\":\"https:\/\/kapitalis.com\/tunisie\/#\/schema\/logo\/image\/\",\"url\":\"https:\/\/kapitalis.com\/tunisie\/wp-content\/uploads\/2022\/05\/Kapitalis-big-size.png\",\"contentUrl\":\"https:\/\/kapitalis.com\/tunisie\/wp-content\/uploads\/2022\/05\/Kapitalis-big-size.png\",\"width\":5000,\"height\":1500,\"caption\":\"Kapitalis\"},\"image\":{\"@id\":\"https:\/\/kapitalis.com\/tunisie\/#\/schema\/logo\/image\/\"},\"sameAs\":[\"https:\/\/www.facebook.com\/KapitalisInfo\/\",\"https:\/\/x.com\/KapitalisInfo\",\"https:\/\/www.youtube.com\/channel\/UC-yDYrHyfFBWWZaOw3FPg9Q\"]},{\"@type\":\"Person\",\"@id\":\"https:\/\/kapitalis.com\/tunisie\/#\/schema\/person\/d71f33a9ca44f7bad4698210b480c8e9\",\"name\":\"webmaster kapitalis\",\"url\":\"https:\/\/kapitalis.com\/tunisie\/author\/webmaster-kapitalis\/\"}]}<\/script>\n<!-- \/ Yoast SEO plugin. -->","yoast_head_json":{"title":"Ennakl Automobiles annonce la r\u00e9ouverture du terminal Audi \u00e0 la Goulette - Kapitalis","robots":{"index":"index","follow":"follow","max-snippet":"max-snippet:-1","max-image-preview":"max-image-preview:large","max-video-preview":"max-video-preview:-1"},"canonical":"https:\/\/kapitalis.com\/tunisie\/2020\/04\/06\/ennakl-automobiles-annonce-la-reouverture-du-terminal-audi-a-la-goulette\/","og_locale":"fr_FR","og_type":"article","og_title":"Ennakl Automobiles annonce la r\u00e9ouverture du terminal Audi \u00e0 la Goulette - Kapitalis","og_description":"Ennakl Automobiles, concessionnaire en Tunisie de Volkswagen, Seat, Porsche, Skoda et Audi, annonce la reprise de l\u2019activit\u00e9 du Terminal Audi \u00e0 La Goulette, dans la banlieue de Tunis.","og_url":"https:\/\/kapitalis.com\/tunisie\/2020\/04\/06\/ennakl-automobiles-annonce-la-reouverture-du-terminal-audi-a-la-goulette\/","og_site_name":"Kapitalis","article_publisher":"https:\/\/www.facebook.com\/KapitalisInfo\/","article_published_time":"2020-04-06T14:21:16+00:00","article_modified_time":"2020-04-06T14:21:22+00:00","og_image":[{"width":1200,"height":630,"url":"https:\/\/kapitalis.com\/tunisie\/wp-content\/uploads\/2022\/05\/kapitalis-logo-fb.png","type":"image\/png"}],"author":"webmaster kapitalis","twitter_card":"summary_large_image","twitter_creator":"@KapitalisInfo","twitter_site":"@KapitalisInfo","twitter_misc":{"\u00c9crit par":"webmaster kapitalis","Dur\u00e9e de lecture estim\u00e9e":"1 minute"},"schema":{"@context":"https:\/\/schema.org","@graph":[{"@type":"Article","@id":"https:\/\/kapitalis.com\/tunisie\/2020\/04\/06\/ennakl-automobiles-annonce-la-reouverture-du-terminal-audi-a-la-goulette\/#article","isPartOf":{"@id":"https:\/\/kapitalis.com\/tunisie\/2020\/04\/06\/ennakl-automobiles-annonce-la-reouverture-du-terminal-audi-a-la-goulette\/"},"author":{"name":"webmaster kapitalis","@id":"https:\/\/kapitalis.com\/tunisie\/#\/schema\/person\/d71f33a9ca44f7bad4698210b480c8e9"},"headline":"Ennakl Automobiles annonce la r\u00e9ouverture du terminal Audi \u00e0 la Goulette","datePublished":"2020-04-06T14:21:16+00:00","dateModified":"2020-04-06T14:21:22+00:00","mainEntityOfPage":{"@id":"https:\/\/kapitalis.com\/tunisie\/2020\/04\/06\/ennakl-automobiles-annonce-la-reouverture-du-terminal-audi-a-la-goulette\/"},"wordCount":223,"commentCount":1,"publisher":{"@id":"https:\/\/kapitalis.com\/tunisie\/#organization"},"image":{"@id":"https:\/\/kapitalis.com\/tunisie\/2020\/04\/06\/ennakl-automobiles-annonce-la-reouverture-du-terminal-audi-a-la-goulette\/#primaryimage"},"thumbnailUrl":"","keywords":["Coronavirus","Covid-19","Ennakl Automobiles","La Goulette","Porsche","Seat","Skoda","Terminal Audi","Volkswagen"],"articleSection":["CONSO","ECONOMIE","Tunisie"],"inLanguage":"fr-FR","potentialAction":[{"@type":"CommentAction","name":"Comment","target":["https:\/\/kapitalis.com\/tunisie\/2020\/04\/06\/ennakl-automobiles-annonce-la-reouverture-du-terminal-audi-a-la-goulette\/#respond"]}]},{"@type":"WebPage","@id":"https:\/\/kapitalis.com\/tunisie\/2020\/04\/06\/ennakl-automobiles-annonce-la-reouverture-du-terminal-audi-a-la-goulette\/","url":"https:\/\/kapitalis.com\/tunisie\/2020\/04\/06\/ennakl-automobiles-annonce-la-reouverture-du-terminal-audi-a-la-goulette\/","name":"Ennakl Automobiles annonce la r\u00e9ouverture du terminal Audi \u00e0 la Goulette - Kapitalis","isPartOf":{"@id":"https:\/\/kapitalis.com\/tunisie\/#website"},"primaryImageOfPage":{"@id":"https:\/\/kapitalis.com\/tunisie\/2020\/04\/06\/ennakl-automobiles-annonce-la-reouverture-du-terminal-audi-a-la-goulette\/#primaryimage"},"image":{"@id":"https:\/\/kapitalis.com\/tunisie\/2020\/04\/06\/ennakl-automobiles-annonce-la-reouverture-du-terminal-audi-a-la-goulette\/#primaryimage"},"thumbnailUrl":"","datePublished":"2020-04-06T14:21:16+00:00","dateModified":"2020-04-06T14:21:22+00:00","breadcrumb":{"@id":"https:\/\/kapitalis.com\/tunisie\/2020\/04\/06\/ennakl-automobiles-annonce-la-reouverture-du-terminal-audi-a-la-goulette\/#breadcrumb"},"inLanguage":"fr-FR","potentialAction":[{"@type":"ReadAction","target":["https:\/\/kapitalis.com\/tunisie\/2020\/04\/06\/ennakl-automobiles-annonce-la-reouverture-du-terminal-audi-a-la-goulette\/"]}]},{"@type":"ImageObject","inLanguage":"fr-FR","@id":"https:\/\/kapitalis.com\/tunisie\/2020\/04\/06\/ennakl-automobiles-annonce-la-reouverture-du-terminal-audi-a-la-goulette\/#primaryimage","url":"","contentUrl":""},{"@type":"BreadcrumbList","@id":"https:\/\/kapitalis.com\/tunisie\/2020\/04\/06\/ennakl-automobiles-annonce-la-reouverture-du-terminal-audi-a-la-goulette\/#breadcrumb","itemListElement":[{"@type":"ListItem","position":1,"name":"Accueil","item":"https:\/\/kapitalis.com\/tunisie\/"},{"@type":"ListItem","position":2,"name":"Ennakl Automobiles annonce la r\u00e9ouverture du terminal Audi \u00e0 la Goulette"}]},{"@type":"WebSite","@id":"https:\/\/kapitalis.com\/tunisie\/#website","url":"https:\/\/kapitalis.com\/tunisie\/","name":"Kapitalis","description":"L&#039;actualit\u00e9 en Tunisie et dans le monde","publisher":{"@id":"https:\/\/kapitalis.com\/tunisie\/#organization"},"potentialAction":[{"@type":"SearchAction","target":{"@type":"EntryPoint","urlTemplate":"https:\/\/kapitalis.com\/tunisie\/?s={search_term_string}"},"query-input":{"@type":"PropertyValueSpecification","valueRequired":true,"valueName":"search_term_string"}}],"inLanguage":"fr-FR"},{"@type":"Organization","@id":"https:\/\/kapitalis.com\/tunisie\/#organization","name":"Kapitalis","url":"https:\/\/kapitalis.com\/tunisie\/","logo":{"@type":"ImageObject","inLanguage":"fr-FR","@id":"https:\/\/kapitalis.com\/tunisie\/#\/schema\/logo\/image\/","url":"https:\/\/kapitalis.com\/tunisie\/wp-content\/uploads\/2022\/05\/Kapitalis-big-size.png","contentUrl":"https:\/\/kapitalis.com\/tunisie\/wp-content\/uploads\/2022\/05\/Kapitalis-big-size.png","width":5000,"height":1500,"caption":"Kapitalis"},"image":{"@id":"https:\/\/kapitalis.com\/tunisie\/#\/schema\/logo\/image\/"},"sameAs":["https:\/\/www.facebook.com\/KapitalisInfo\/","https:\/\/x.com\/KapitalisInfo","https:\/\/www.youtube.com\/channel\/UC-yDYrHyfFBWWZaOw3FPg9Q"]},{"@type":"Person","@id":"https:\/\/kapitalis.com\/tunisie\/#\/schema\/person\/d71f33a9ca44f7bad4698210b480c8e9","name":"webmaster kapitalis","url":"https:\/\/kapitalis.com\/tunisie\/author\/webmaster-kapitalis\/"}]}},"_links":{"self":[{"href":"https:\/\/kapitalis.com\/tunisie\/wp-json\/wp\/v2\/posts\/292879","targetHints":{"allow":["GET"]}}],"collection":[{"href":"https:\/\/kapitalis.com\/tunisie\/wp-json\/wp\/v2\/posts"}],"about":[{"href":"https:\/\/kapitalis.com\/tunisie\/wp-json\/wp\/v2\/types\/post"}],"author":[{"embeddable":true,"href":"https:\/\/kapitalis.com\/tunisie\/wp-json\/wp\/v2\/users\/8"}],"replies":[{"embeddable":true,"href":"https:\/\/kapitalis.com\/tunisie\/wp-json\/wp\/v2\/comments?post=292879"}],"version-history":[{"count":0,"href":"https:\/\/kapitalis.com\/tunisie\/wp-json\/wp\/v2\/posts\/292879\/revisions"}],"wp:featuredmedia":[{"embeddable":true,"href":"https:\/\/kapitalis.com\/tunisie\/wp-json\/wp\/v2\/media\/292881"}],"wp:attachment":[{"href":"https:\/\/kapitalis.com\/tunisie\/wp-json\/wp\/v2\/media?parent=292879"}],"wp:term":[{"taxonomy":"category","embeddable":true,"href":"https:\/\/kapitalis.com\/tunisie\/wp-json\/wp\/v2\/categories?post=292879"},{"taxonomy":"post_tag","embeddable":true,"href":"https:\/\/kapitalis.com\/tunisie\/wp-json\/wp\/v2\/tags?post=292879"}],"curies":[{"name":"wp","href":"https:\/\/api.w.org\/{rel}","templated":true}]}}