{"id":293750,"date":"2020-04-12T10:22:57","date_gmt":"2020-04-12T09:22:57","guid":{"rendered":"http:\/\/kapitalis.com\/tunisie\/?p=293750"},"modified":"2020-04-12T10:23:00","modified_gmt":"2020-04-12T09:23:00","slug":"rapatriement-des-tunisiens-coinces-en-malaisie-lancent-un-appel-a-laide","status":"publish","type":"post","link":"https:\/\/kapitalis.com\/tunisie\/2020\/04\/12\/rapatriement-des-tunisiens-coinces-en-malaisie-lancent-un-appel-a-laide\/","title":{"rendered":"Rapatriement : Des Tunisiens coinc\u00e9s en Malaisie lancent un appel \u00e0 l\u2019aide"},"content":{"rendered":"\n<figure class=\"wp-block-image size-large\"><img decoding=\"async\" src=\"http:\/\/kapitalis.com\/tunisie\/wp-content\/uploads\/2020\/04\/Kuala-Lumpur.jpg\" alt=\"\" class=\"wp-image-293751\"\/><\/figure>\n\n\n\n<p><strong><em> Nous avons re\u00e7u l\u2019appel \u00e0 l\u2019aide reproduit ci-dessous de la part de Houcem Alouani, ing\u00e9nieur qui est parti en Malaisie dans le cadre d\u2019une mission et qui s\u2019est trouv\u00e9 coinc\u00e9 \u00e0 Kuala Lumpur avec trois autres Tunisiens!! Il esp\u00e8re pouvoir \u00eatre rapatri\u00e9 dans les prochains jours.  <\/em><\/strong><\/p>\n\n\n\n<!--more-->\n\n\n\n<p> Dans sa vid\u00e9o partag\u00e9e hier, samedi 11 avril 2020, sur la page officielle de Tunisair, le Pdg de Tunisair, Ilyes Mnakbi, vient d\u2019annoncer qu\u2019Emirates va assurer le rapatriement des Tunisiens bloqu\u00e9s \u00e0 Duba\u00ef \u00e0 partir de 1:22.  <\/p>\n\n\n\n<p> Et pour nous, les Tunisiens coinc\u00e9s en Malaisie, qui doivent passer par Qatar, puisque la seule compagnie a\u00e9rienne qui circule est Qatar Airways, comment pouvons-nous faire ? Aucun vol de rapatriement n\u2019est programm\u00e9 de Qatar et Qatar Airways  n\u2019atterrit pas dans les pays du Golfe. Pour les vols programm\u00e9s \u00e0 partir des pays europ\u00e9ens, nous aurons besoin d\u2019autorisations issues de ces pays qui doivent \u00eatre envoy\u00e9es \u00e0 Qatar Airways pour que la compagnie nous laisse prendre l\u2019avion \u00e0 partir de Kuala Lumpur. Et l\u00e0, c\u2019est le r\u00f4le de notre diplomatie et, donc, du minist\u00e8re des Affaires \u00e9trang\u00e8res. <\/p>\n\n\n\n<p> Les Tunisiens bloqu\u00e9s \u00e0 Qatar n\u2019ont-ils pas le droit de rentrer \u00e0 leur pays? <\/p>\n\n\n\n<p> Pourquoi minist\u00e8re du Transport et de la Logistique n\u2019a-t-il pas programm\u00e9 un vol de rapatriement du Qatar ? Pourquoi n\u2019avez-vous pas donn\u00e9 l\u2019autorisation \u00e0 Qatar Airways de rapatrier les Tunisiens coinc\u00e9s au Qatar comme vous l\u2019avez fait pour Emirates et les Tunisiens coinc\u00e9s \u00e0 Duba\u00ef ? <\/p>\n\n\n\n<p> Les autorit\u00e9s concern\u00e9es sont dans l\u2019obligation de nous donner des explications !! Nous demandons seulement qu\u2019ils nous facilitent notre retour : soit ils nous d\u00e9brouillent des autorisations soit ils laissent Qatar Airways nous rapatrier.<\/p>\n","protected":false},"excerpt":{"rendered":"<p>Nous avons re\u00e7u l\u2019appel \u00e0 l\u2019aide reproduit ci-dessous de la part de Houcem Alouani, ing\u00e9nieur qui est parti en Malaisie dans le cadre d\u2019une mission et qui s\u2019est trouv\u00e9 coinc\u00e9 \u00e0 Kuala Lumpur avec trois autres Tunisiens!! Il esp\u00e8re pouvoir \u00eatre rapatri\u00e9 dans les prochains jours.<\/p>\n","protected":false},"author":8,"featured_media":293751,"comment_status":"open","ping_status":"open","sticky":false,"template":"","format":"standard","meta":{"footnotes":""},"categories":[998,2433],"tags":[18262,77732,28109,77730,77731,24711,1501],"class_list":["post-293750","post","type-post","status-publish","format-standard","has-post-thumbnail","hentry","category-societe","category-tunisie","tag-emirates","tag-houcem-alouani","tag-ilyes-mnakbi","tag-kuala-lumpur","tag-malaisie","tag-qatar-airways","tag-tunisair"],"yoast_head":"<!-- This site is optimized with the Yoast SEO plugin v26.6 - https:\/\/yoast.com\/wordpress\/plugins\/seo\/ -->\n<title>Rapatriement : Des Tunisiens coinc\u00e9s en Malaisie lancent un appel \u00e0 l\u2019aide - Kapitalis<\/title>\n<meta name=\"robots\" content=\"index, follow, max-snippet:-1, max-image-preview:large, max-video-preview:-1\" \/>\n<link rel=\"canonical\" href=\"https:\/\/kapitalis.com\/tunisie\/2020\/04\/12\/rapatriement-des-tunisiens-coinces-en-malaisie-lancent-un-appel-a-laide\/\" \/>\n<meta property=\"og:locale\" content=\"fr_FR\" \/>\n<meta property=\"og:type\" content=\"article\" \/>\n<meta property=\"og:title\" content=\"Rapatriement : Des Tunisiens coinc\u00e9s en Malaisie lancent un appel \u00e0 l\u2019aide - Kapitalis\" \/>\n<meta property=\"og:description\" content=\"Nous avons re\u00e7u l\u2019appel \u00e0 l\u2019aide reproduit ci-dessous de la part de Houcem Alouani, ing\u00e9nieur qui est parti en Malaisie dans le cadre d\u2019une mission et qui s\u2019est trouv\u00e9 coinc\u00e9 \u00e0 Kuala Lumpur avec trois autres Tunisiens!! Il esp\u00e8re pouvoir \u00eatre rapatri\u00e9 dans les prochains jours.\" \/>\n<meta property=\"og:url\" content=\"https:\/\/kapitalis.com\/tunisie\/2020\/04\/12\/rapatriement-des-tunisiens-coinces-en-malaisie-lancent-un-appel-a-laide\/\" \/>\n<meta property=\"og:site_name\" content=\"Kapitalis\" \/>\n<meta property=\"article:publisher\" content=\"https:\/\/www.facebook.com\/KapitalisInfo\/\" \/>\n<meta property=\"article:published_time\" content=\"2020-04-12T09:22:57+00:00\" \/>\n<meta property=\"article:modified_time\" content=\"2020-04-12T09:23:00+00:00\" \/>\n<meta property=\"og:image\" content=\"https:\/\/kapitalis.com\/tunisie\/wp-content\/uploads\/2022\/05\/kapitalis-logo-fb.png\" \/>\n\t<meta property=\"og:image:width\" content=\"1200\" \/>\n\t<meta property=\"og:image:height\" content=\"630\" \/>\n\t<meta property=\"og:image:type\" content=\"image\/png\" \/>\n<meta name=\"author\" content=\"webmaster kapitalis\" \/>\n<meta name=\"twitter:card\" content=\"summary_large_image\" \/>\n<meta name=\"twitter:creator\" content=\"@KapitalisInfo\" \/>\n<meta name=\"twitter:site\" content=\"@KapitalisInfo\" \/>\n<meta name=\"twitter:label1\" content=\"\u00c9crit par\" \/>\n\t<meta name=\"twitter:data1\" content=\"webmaster kapitalis\" \/>\n\t<meta name=\"twitter:label2\" content=\"Dur\u00e9e de lecture estim\u00e9e\" \/>\n\t<meta name=\"twitter:data2\" content=\"1 minute\" \/>\n<script type=\"application\/ld+json\" class=\"yoast-schema-graph\">{\"@context\":\"https:\/\/schema.org\",\"@graph\":[{\"@type\":\"Article\",\"@id\":\"https:\/\/kapitalis.com\/tunisie\/2020\/04\/12\/rapatriement-des-tunisiens-coinces-en-malaisie-lancent-un-appel-a-laide\/#article\",\"isPartOf\":{\"@id\":\"https:\/\/kapitalis.com\/tunisie\/2020\/04\/12\/rapatriement-des-tunisiens-coinces-en-malaisie-lancent-un-appel-a-laide\/\"},\"author\":{\"name\":\"webmaster kapitalis\",\"@id\":\"https:\/\/kapitalis.com\/tunisie\/#\/schema\/person\/d71f33a9ca44f7bad4698210b480c8e9\"},\"headline\":\"Rapatriement : Des Tunisiens coinc\u00e9s en Malaisie lancent un appel \u00e0 l\u2019aide\",\"datePublished\":\"2020-04-12T09:22:57+00:00\",\"dateModified\":\"2020-04-12T09:23:00+00:00\",\"mainEntityOfPage\":{\"@id\":\"https:\/\/kapitalis.com\/tunisie\/2020\/04\/12\/rapatriement-des-tunisiens-coinces-en-malaisie-lancent-un-appel-a-laide\/\"},\"wordCount\":306,\"commentCount\":1,\"publisher\":{\"@id\":\"https:\/\/kapitalis.com\/tunisie\/#organization\"},\"image\":{\"@id\":\"https:\/\/kapitalis.com\/tunisie\/2020\/04\/12\/rapatriement-des-tunisiens-coinces-en-malaisie-lancent-un-appel-a-laide\/#primaryimage\"},\"thumbnailUrl\":\"\",\"keywords\":[\"Emirates\",\"Houcem Alouani\",\"Ilyes Mnakbi\",\"Kuala Lumpur\",\"Malaisie\",\"Qatar Airways\",\"Tunisair\"],\"articleSection\":[\"SOCIETE\",\"Tunisie\"],\"inLanguage\":\"fr-FR\",\"potentialAction\":[{\"@type\":\"CommentAction\",\"name\":\"Comment\",\"target\":[\"https:\/\/kapitalis.com\/tunisie\/2020\/04\/12\/rapatriement-des-tunisiens-coinces-en-malaisie-lancent-un-appel-a-laide\/#respond\"]}]},{\"@type\":\"WebPage\",\"@id\":\"https:\/\/kapitalis.com\/tunisie\/2020\/04\/12\/rapatriement-des-tunisiens-coinces-en-malaisie-lancent-un-appel-a-laide\/\",\"url\":\"https:\/\/kapitalis.com\/tunisie\/2020\/04\/12\/rapatriement-des-tunisiens-coinces-en-malaisie-lancent-un-appel-a-laide\/\",\"name\":\"Rapatriement : Des Tunisiens coinc\u00e9s en Malaisie lancent un appel \u00e0 l\u2019aide - Kapitalis\",\"isPartOf\":{\"@id\":\"https:\/\/kapitalis.com\/tunisie\/#website\"},\"primaryImageOfPage\":{\"@id\":\"https:\/\/kapitalis.com\/tunisie\/2020\/04\/12\/rapatriement-des-tunisiens-coinces-en-malaisie-lancent-un-appel-a-laide\/#primaryimage\"},\"image\":{\"@id\":\"https:\/\/kapitalis.com\/tunisie\/2020\/04\/12\/rapatriement-des-tunisiens-coinces-en-malaisie-lancent-un-appel-a-laide\/#primaryimage\"},\"thumbnailUrl\":\"\",\"datePublished\":\"2020-04-12T09:22:57+00:00\",\"dateModified\":\"2020-04-12T09:23:00+00:00\",\"breadcrumb\":{\"@id\":\"https:\/\/kapitalis.com\/tunisie\/2020\/04\/12\/rapatriement-des-tunisiens-coinces-en-malaisie-lancent-un-appel-a-laide\/#breadcrumb\"},\"inLanguage\":\"fr-FR\",\"potentialAction\":[{\"@type\":\"ReadAction\",\"target\":[\"https:\/\/kapitalis.com\/tunisie\/2020\/04\/12\/rapatriement-des-tunisiens-coinces-en-malaisie-lancent-un-appel-a-laide\/\"]}]},{\"@type\":\"ImageObject\",\"inLanguage\":\"fr-FR\",\"@id\":\"https:\/\/kapitalis.com\/tunisie\/2020\/04\/12\/rapatriement-des-tunisiens-coinces-en-malaisie-lancent-un-appel-a-laide\/#primaryimage\",\"url\":\"\",\"contentUrl\":\"\"},{\"@type\":\"BreadcrumbList\",\"@id\":\"https:\/\/kapitalis.com\/tunisie\/2020\/04\/12\/rapatriement-des-tunisiens-coinces-en-malaisie-lancent-un-appel-a-laide\/#breadcrumb\",\"itemListElement\":[{\"@type\":\"ListItem\",\"position\":1,\"name\":\"Accueil\",\"item\":\"https:\/\/kapitalis.com\/tunisie\/\"},{\"@type\":\"ListItem\",\"position\":2,\"name\":\"Rapatriement : Des Tunisiens coinc\u00e9s en Malaisie lancent un appel \u00e0 l\u2019aide\"}]},{\"@type\":\"WebSite\",\"@id\":\"https:\/\/kapitalis.com\/tunisie\/#website\",\"url\":\"https:\/\/kapitalis.com\/tunisie\/\",\"name\":\"Kapitalis\",\"description\":\"L&#039;actualit\u00e9 en Tunisie et dans le monde\",\"publisher\":{\"@id\":\"https:\/\/kapitalis.com\/tunisie\/#organization\"},\"potentialAction\":[{\"@type\":\"SearchAction\",\"target\":{\"@type\":\"EntryPoint\",\"urlTemplate\":\"https:\/\/kapitalis.com\/tunisie\/?s={search_term_string}\"},\"query-input\":{\"@type\":\"PropertyValueSpecification\",\"valueRequired\":true,\"valueName\":\"search_term_string\"}}],\"inLanguage\":\"fr-FR\"},{\"@type\":\"Organization\",\"@id\":\"https:\/\/kapitalis.com\/tunisie\/#organization\",\"name\":\"Kapitalis\",\"url\":\"https:\/\/kapitalis.com\/tunisie\/\",\"logo\":{\"@type\":\"ImageObject\",\"inLanguage\":\"fr-FR\",\"@id\":\"https:\/\/kapitalis.com\/tunisie\/#\/schema\/logo\/image\/\",\"url\":\"https:\/\/kapitalis.com\/tunisie\/wp-content\/uploads\/2022\/05\/Kapitalis-big-size.png\",\"contentUrl\":\"https:\/\/kapitalis.com\/tunisie\/wp-content\/uploads\/2022\/05\/Kapitalis-big-size.png\",\"width\":5000,\"height\":1500,\"caption\":\"Kapitalis\"},\"image\":{\"@id\":\"https:\/\/kapitalis.com\/tunisie\/#\/schema\/logo\/image\/\"},\"sameAs\":[\"https:\/\/www.facebook.com\/KapitalisInfo\/\",\"https:\/\/x.com\/KapitalisInfo\",\"https:\/\/www.youtube.com\/channel\/UC-yDYrHyfFBWWZaOw3FPg9Q\"]},{\"@type\":\"Person\",\"@id\":\"https:\/\/kapitalis.com\/tunisie\/#\/schema\/person\/d71f33a9ca44f7bad4698210b480c8e9\",\"name\":\"webmaster kapitalis\",\"url\":\"https:\/\/kapitalis.com\/tunisie\/author\/webmaster-kapitalis\/\"}]}<\/script>\n<!-- \/ Yoast SEO plugin. -->","yoast_head_json":{"title":"Rapatriement : Des Tunisiens coinc\u00e9s en Malaisie lancent un appel \u00e0 l\u2019aide - Kapitalis","robots":{"index":"index","follow":"follow","max-snippet":"max-snippet:-1","max-image-preview":"max-image-preview:large","max-video-preview":"max-video-preview:-1"},"canonical":"https:\/\/kapitalis.com\/tunisie\/2020\/04\/12\/rapatriement-des-tunisiens-coinces-en-malaisie-lancent-un-appel-a-laide\/","og_locale":"fr_FR","og_type":"article","og_title":"Rapatriement : Des Tunisiens coinc\u00e9s en Malaisie lancent un appel \u00e0 l\u2019aide - Kapitalis","og_description":"Nous avons re\u00e7u l\u2019appel \u00e0 l\u2019aide reproduit ci-dessous de la part de Houcem Alouani, ing\u00e9nieur qui est parti en Malaisie dans le cadre d\u2019une mission et qui s\u2019est trouv\u00e9 coinc\u00e9 \u00e0 Kuala Lumpur avec trois autres Tunisiens!! Il esp\u00e8re pouvoir \u00eatre rapatri\u00e9 dans les prochains jours.","og_url":"https:\/\/kapitalis.com\/tunisie\/2020\/04\/12\/rapatriement-des-tunisiens-coinces-en-malaisie-lancent-un-appel-a-laide\/","og_site_name":"Kapitalis","article_publisher":"https:\/\/www.facebook.com\/KapitalisInfo\/","article_published_time":"2020-04-12T09:22:57+00:00","article_modified_time":"2020-04-12T09:23:00+00:00","og_image":[{"width":1200,"height":630,"url":"https:\/\/kapitalis.com\/tunisie\/wp-content\/uploads\/2022\/05\/kapitalis-logo-fb.png","type":"image\/png"}],"author":"webmaster kapitalis","twitter_card":"summary_large_image","twitter_creator":"@KapitalisInfo","twitter_site":"@KapitalisInfo","twitter_misc":{"\u00c9crit par":"webmaster kapitalis","Dur\u00e9e de lecture estim\u00e9e":"1 minute"},"schema":{"@context":"https:\/\/schema.org","@graph":[{"@type":"Article","@id":"https:\/\/kapitalis.com\/tunisie\/2020\/04\/12\/rapatriement-des-tunisiens-coinces-en-malaisie-lancent-un-appel-a-laide\/#article","isPartOf":{"@id":"https:\/\/kapitalis.com\/tunisie\/2020\/04\/12\/rapatriement-des-tunisiens-coinces-en-malaisie-lancent-un-appel-a-laide\/"},"author":{"name":"webmaster kapitalis","@id":"https:\/\/kapitalis.com\/tunisie\/#\/schema\/person\/d71f33a9ca44f7bad4698210b480c8e9"},"headline":"Rapatriement : Des Tunisiens coinc\u00e9s en Malaisie lancent un appel \u00e0 l\u2019aide","datePublished":"2020-04-12T09:22:57+00:00","dateModified":"2020-04-12T09:23:00+00:00","mainEntityOfPage":{"@id":"https:\/\/kapitalis.com\/tunisie\/2020\/04\/12\/rapatriement-des-tunisiens-coinces-en-malaisie-lancent-un-appel-a-laide\/"},"wordCount":306,"commentCount":1,"publisher":{"@id":"https:\/\/kapitalis.com\/tunisie\/#organization"},"image":{"@id":"https:\/\/kapitalis.com\/tunisie\/2020\/04\/12\/rapatriement-des-tunisiens-coinces-en-malaisie-lancent-un-appel-a-laide\/#primaryimage"},"thumbnailUrl":"","keywords":["Emirates","Houcem Alouani","Ilyes Mnakbi","Kuala Lumpur","Malaisie","Qatar Airways","Tunisair"],"articleSection":["SOCIETE","Tunisie"],"inLanguage":"fr-FR","potentialAction":[{"@type":"CommentAction","name":"Comment","target":["https:\/\/kapitalis.com\/tunisie\/2020\/04\/12\/rapatriement-des-tunisiens-coinces-en-malaisie-lancent-un-appel-a-laide\/#respond"]}]},{"@type":"WebPage","@id":"https:\/\/kapitalis.com\/tunisie\/2020\/04\/12\/rapatriement-des-tunisiens-coinces-en-malaisie-lancent-un-appel-a-laide\/","url":"https:\/\/kapitalis.com\/tunisie\/2020\/04\/12\/rapatriement-des-tunisiens-coinces-en-malaisie-lancent-un-appel-a-laide\/","name":"Rapatriement : Des Tunisiens coinc\u00e9s en Malaisie lancent un appel \u00e0 l\u2019aide - Kapitalis","isPartOf":{"@id":"https:\/\/kapitalis.com\/tunisie\/#website"},"primaryImageOfPage":{"@id":"https:\/\/kapitalis.com\/tunisie\/2020\/04\/12\/rapatriement-des-tunisiens-coinces-en-malaisie-lancent-un-appel-a-laide\/#primaryimage"},"image":{"@id":"https:\/\/kapitalis.com\/tunisie\/2020\/04\/12\/rapatriement-des-tunisiens-coinces-en-malaisie-lancent-un-appel-a-laide\/#primaryimage"},"thumbnailUrl":"","datePublished":"2020-04-12T09:22:57+00:00","dateModified":"2020-04-12T09:23:00+00:00","breadcrumb":{"@id":"https:\/\/kapitalis.com\/tunisie\/2020\/04\/12\/rapatriement-des-tunisiens-coinces-en-malaisie-lancent-un-appel-a-laide\/#breadcrumb"},"inLanguage":"fr-FR","potentialAction":[{"@type":"ReadAction","target":["https:\/\/kapitalis.com\/tunisie\/2020\/04\/12\/rapatriement-des-tunisiens-coinces-en-malaisie-lancent-un-appel-a-laide\/"]}]},{"@type":"ImageObject","inLanguage":"fr-FR","@id":"https:\/\/kapitalis.com\/tunisie\/2020\/04\/12\/rapatriement-des-tunisiens-coinces-en-malaisie-lancent-un-appel-a-laide\/#primaryimage","url":"","contentUrl":""},{"@type":"BreadcrumbList","@id":"https:\/\/kapitalis.com\/tunisie\/2020\/04\/12\/rapatriement-des-tunisiens-coinces-en-malaisie-lancent-un-appel-a-laide\/#breadcrumb","itemListElement":[{"@type":"ListItem","position":1,"name":"Accueil","item":"https:\/\/kapitalis.com\/tunisie\/"},{"@type":"ListItem","position":2,"name":"Rapatriement : Des Tunisiens coinc\u00e9s en Malaisie lancent un appel \u00e0 l\u2019aide"}]},{"@type":"WebSite","@id":"https:\/\/kapitalis.com\/tunisie\/#website","url":"https:\/\/kapitalis.com\/tunisie\/","name":"Kapitalis","description":"L&#039;actualit\u00e9 en Tunisie et dans le monde","publisher":{"@id":"https:\/\/kapitalis.com\/tunisie\/#organization"},"potentialAction":[{"@type":"SearchAction","target":{"@type":"EntryPoint","urlTemplate":"https:\/\/kapitalis.com\/tunisie\/?s={search_term_string}"},"query-input":{"@type":"PropertyValueSpecification","valueRequired":true,"valueName":"search_term_string"}}],"inLanguage":"fr-FR"},{"@type":"Organization","@id":"https:\/\/kapitalis.com\/tunisie\/#organization","name":"Kapitalis","url":"https:\/\/kapitalis.com\/tunisie\/","logo":{"@type":"ImageObject","inLanguage":"fr-FR","@id":"https:\/\/kapitalis.com\/tunisie\/#\/schema\/logo\/image\/","url":"https:\/\/kapitalis.com\/tunisie\/wp-content\/uploads\/2022\/05\/Kapitalis-big-size.png","contentUrl":"https:\/\/kapitalis.com\/tunisie\/wp-content\/uploads\/2022\/05\/Kapitalis-big-size.png","width":5000,"height":1500,"caption":"Kapitalis"},"image":{"@id":"https:\/\/kapitalis.com\/tunisie\/#\/schema\/logo\/image\/"},"sameAs":["https:\/\/www.facebook.com\/KapitalisInfo\/","https:\/\/x.com\/KapitalisInfo","https:\/\/www.youtube.com\/channel\/UC-yDYrHyfFBWWZaOw3FPg9Q"]},{"@type":"Person","@id":"https:\/\/kapitalis.com\/tunisie\/#\/schema\/person\/d71f33a9ca44f7bad4698210b480c8e9","name":"webmaster kapitalis","url":"https:\/\/kapitalis.com\/tunisie\/author\/webmaster-kapitalis\/"}]}},"_links":{"self":[{"href":"https:\/\/kapitalis.com\/tunisie\/wp-json\/wp\/v2\/posts\/293750","targetHints":{"allow":["GET"]}}],"collection":[{"href":"https:\/\/kapitalis.com\/tunisie\/wp-json\/wp\/v2\/posts"}],"about":[{"href":"https:\/\/kapitalis.com\/tunisie\/wp-json\/wp\/v2\/types\/post"}],"author":[{"embeddable":true,"href":"https:\/\/kapitalis.com\/tunisie\/wp-json\/wp\/v2\/users\/8"}],"replies":[{"embeddable":true,"href":"https:\/\/kapitalis.com\/tunisie\/wp-json\/wp\/v2\/comments?post=293750"}],"version-history":[{"count":0,"href":"https:\/\/kapitalis.com\/tunisie\/wp-json\/wp\/v2\/posts\/293750\/revisions"}],"wp:featuredmedia":[{"embeddable":true,"href":"https:\/\/kapitalis.com\/tunisie\/wp-json\/wp\/v2\/media\/293751"}],"wp:attachment":[{"href":"https:\/\/kapitalis.com\/tunisie\/wp-json\/wp\/v2\/media?parent=293750"}],"wp:term":[{"taxonomy":"category","embeddable":true,"href":"https:\/\/kapitalis.com\/tunisie\/wp-json\/wp\/v2\/categories?post=293750"},{"taxonomy":"post_tag","embeddable":true,"href":"https:\/\/kapitalis.com\/tunisie\/wp-json\/wp\/v2\/tags?post=293750"}],"curies":[{"name":"wp","href":"https:\/\/api.w.org\/{rel}","templated":true}]}}