{"id":293754,"date":"2020-04-12T11:14:36","date_gmt":"2020-04-12T10:14:36","guid":{"rendered":"http:\/\/kapitalis.com\/tunisie\/?p=293754"},"modified":"2020-04-12T11:14:38","modified_gmt":"2020-04-12T10:14:38","slug":"les-employes-de-ooredoo-font-don-de-jours-de-travail-aux-hopitaux-tunisiens","status":"publish","type":"post","link":"https:\/\/kapitalis.com\/tunisie\/2020\/04\/12\/les-employes-de-ooredoo-font-don-de-jours-de-travail-aux-hopitaux-tunisiens\/","title":{"rendered":"Les employ\u00e9s de Ooredoo font don de jours de travail aux h\u00f4pitaux tunisiens"},"content":{"rendered":"\n<figure class=\"wp-block-image size-large\"><img decoding=\"async\" src=\"http:\/\/kapitalis.com\/tunisie\/wp-content\/uploads\/2019\/11\/Mansoor-Rashid-Al-Khater.jpg\" alt=\"\" class=\"wp-image-253047\"\/><figcaption><em> Mansoor Rashid Al Khater.<\/em><\/figcaption><\/figure>\n\n\n\n<p><strong><em> Conscients des r\u00e9percussions du Covid-19 sur l\u2019\u00e9tat de l\u2019infrastructure sanitaire en Tunisie, les employ\u00e9es de Ooredoo ont d\u00e9cid\u00e9 de joindre l\u2019\u00e9lan de solidarit\u00e9 national en faisant don de journ\u00e9es de travail au profit de la sant\u00e9 publique.<\/em><\/strong><\/p>\n\n\n\n<!--more-->\n\n\n\n<p> \u00c0 cette occasion, le directeur g\u00e9n\u00e9ral Mansoor Rashid Al Khater a d\u00e9clar\u00e9 : <em>\u00abNous ne pouvons qu\u2019\u00eatre \u00e9mus devant l\u2019engagement et le patriotisme dont nos collaborateurs ont fait preuve. Nous sommes ravis que notre personnel soutienne cette noble cause et nous sommes particuli\u00e8rement fiers du large \u00e9cho que cette action a eu aupr\u00e8s de lui\u00bb. <\/em><\/p>\n\n\n\n<p> Concernant le montant  des donations, Al Khater a r\u00e9pondu : <em>\u00abNous ne pouvons pas donner de chiffres exacts pour le moment car la participation a largement d\u00e9pass\u00e9 nos attentes mais il semble que nous pouvons d\u2019ores et d\u00e9j\u00e0 affirmer que la somme collect\u00e9e sera sup\u00e9rieure \u00e0 55.000 DT\u00bb.<\/em><\/p>\n\n\n\n<p> D\u2019apr\u00e8s Al Khater, la somme collect\u00e9e sera r\u00e9partie entre trois actions : l\u2019acquisition de tenues de bloc pour l\u2019h\u00f4pital Mongi Slim, l\u2019achat de mat\u00e9riel de protection pour l\u2019h\u00f4pital Charles-Nicolle et la contribution aux am\u00e9nagements de la coupole du palais des sports d\u2019El Menzah pour que l\u2019endroit soit pr\u00e9par\u00e9 \u00e0 recevoir les futurs malades. <\/p>\n\n\n\n<p><em> \u00abNous avons consacr\u00e9 un budget de 10.000 DT pour l\u2019achat d\u2019\u00e9quipements de protection individuelle \u00e0 usage unique pour le corps m\u00e9dical de l\u2019h\u00f4pital Mongi Slim. Ainsi qu\u2019un budget 20.000 DT pour l\u2019acquisition d\u2019\u00e9quipements m\u00e9dicaux pour l\u2019h\u00f4pital Charles-Nicolle. Le budget restant sera allou\u00e9 aux am\u00e9nagements de la coupole d\u2019El Menzah, qui comme d\u2019autres espaces, dans ces circonstances exceptionnelles, sera am\u00e9nag\u00e9e en h\u00f4pital pour accueillir les malades du Covid-19\u00bb<\/em>, a-t-il ajout\u00e9.<\/p>\n\n\n\n<p> Rappelons que depuis le d\u00e9but de la crise, Ooredoo n\u2019a cess\u00e9 de multiplier les actions pour aider au mieux le minist\u00e8re de la Sant\u00e9 \u00e0 y faire face, que ce soit par les dons financiers, notamment celui \u00e0 800.000 DT au profit du fonds 1818 de lutte contre le coronavirus, ou via les diff\u00e9rentes mesures prises dans le but de faciliter \u00e0 ses clients le respect des d\u00e9cisions gouvernementales.<\/p>\n\n\n\n<p> Tounes T3ich !<\/p>\n\n\n\n<p><strong><em> Source<\/em><\/strong> : communiqu\u00e9. <\/p>\n","protected":false},"excerpt":{"rendered":"<p>Conscients des r\u00e9percussions du Covid-19 sur l\u2019\u00e9tat de l\u2019infrastructure sanitaire en Tunisie, les employ\u00e9es de Ooredoo ont d\u00e9cid\u00e9 de joindre l\u2019\u00e9lan de solidarit\u00e9 national en faisant don de journ\u00e9es de travail au profit de la sant\u00e9 publique.<\/p>\n","protected":false},"author":8,"featured_media":0,"comment_status":"open","ping_status":"open","sticky":false,"template":"","format":"standard","meta":{"footnotes":""},"categories":[998,2433],"tags":[75291,4263,12036,76824,6218,1881],"class_list":["post-293754","post","type-post","status-publish","format-standard","hentry","category-societe","category-tunisie","tag-covid-19","tag-hopital-charles-nicolle","tag-hopital-mongi-slim","tag-mansoor-rashid-al-khater","tag-ooredoo-tunisie","tag-sante-publique"],"yoast_head":"<!-- This site is optimized with the Yoast SEO plugin v26.6 - https:\/\/yoast.com\/wordpress\/plugins\/seo\/ -->\n<title>Les employ\u00e9s de Ooredoo font don de jours de travail aux h\u00f4pitaux tunisiens - Kapitalis<\/title>\n<meta name=\"robots\" content=\"index, follow, max-snippet:-1, max-image-preview:large, max-video-preview:-1\" \/>\n<link rel=\"canonical\" href=\"https:\/\/kapitalis.com\/tunisie\/2020\/04\/12\/les-employes-de-ooredoo-font-don-de-jours-de-travail-aux-hopitaux-tunisiens\/\" \/>\n<meta property=\"og:locale\" content=\"fr_FR\" \/>\n<meta property=\"og:type\" content=\"article\" \/>\n<meta property=\"og:title\" content=\"Les employ\u00e9s de Ooredoo font don de jours de travail aux h\u00f4pitaux tunisiens - Kapitalis\" \/>\n<meta property=\"og:description\" content=\"Conscients des r\u00e9percussions du Covid-19 sur l\u2019\u00e9tat de l\u2019infrastructure sanitaire en Tunisie, les employ\u00e9es de Ooredoo ont d\u00e9cid\u00e9 de joindre l\u2019\u00e9lan de solidarit\u00e9 national en faisant don de journ\u00e9es de travail au profit de la sant\u00e9 publique.\" \/>\n<meta property=\"og:url\" content=\"https:\/\/kapitalis.com\/tunisie\/2020\/04\/12\/les-employes-de-ooredoo-font-don-de-jours-de-travail-aux-hopitaux-tunisiens\/\" \/>\n<meta property=\"og:site_name\" content=\"Kapitalis\" \/>\n<meta property=\"article:publisher\" content=\"https:\/\/www.facebook.com\/KapitalisInfo\/\" \/>\n<meta property=\"article:published_time\" content=\"2020-04-12T10:14:36+00:00\" \/>\n<meta property=\"article:modified_time\" content=\"2020-04-12T10:14:38+00:00\" \/>\n<meta property=\"og:image\" content=\"http:\/\/kapitalis.com\/tunisie\/wp-content\/uploads\/2019\/11\/Mansoor-Rashid-Al-Khater.jpg\" \/>\n<meta name=\"author\" content=\"webmaster kapitalis\" \/>\n<meta name=\"twitter:card\" content=\"summary_large_image\" \/>\n<meta name=\"twitter:creator\" content=\"@KapitalisInfo\" \/>\n<meta name=\"twitter:site\" content=\"@KapitalisInfo\" \/>\n<meta name=\"twitter:label1\" content=\"\u00c9crit par\" \/>\n\t<meta name=\"twitter:data1\" content=\"webmaster kapitalis\" \/>\n\t<meta name=\"twitter:label2\" content=\"Dur\u00e9e de lecture estim\u00e9e\" \/>\n\t<meta name=\"twitter:data2\" content=\"2 minutes\" \/>\n<script type=\"application\/ld+json\" class=\"yoast-schema-graph\">{\"@context\":\"https:\/\/schema.org\",\"@graph\":[{\"@type\":\"Article\",\"@id\":\"https:\/\/kapitalis.com\/tunisie\/2020\/04\/12\/les-employes-de-ooredoo-font-don-de-jours-de-travail-aux-hopitaux-tunisiens\/#article\",\"isPartOf\":{\"@id\":\"https:\/\/kapitalis.com\/tunisie\/2020\/04\/12\/les-employes-de-ooredoo-font-don-de-jours-de-travail-aux-hopitaux-tunisiens\/\"},\"author\":{\"name\":\"webmaster kapitalis\",\"@id\":\"https:\/\/kapitalis.com\/tunisie\/#\/schema\/person\/d71f33a9ca44f7bad4698210b480c8e9\"},\"headline\":\"Les employ\u00e9s de Ooredoo font don de jours de travail aux h\u00f4pitaux tunisiens\",\"datePublished\":\"2020-04-12T10:14:36+00:00\",\"dateModified\":\"2020-04-12T10:14:38+00:00\",\"mainEntityOfPage\":{\"@id\":\"https:\/\/kapitalis.com\/tunisie\/2020\/04\/12\/les-employes-de-ooredoo-font-don-de-jours-de-travail-aux-hopitaux-tunisiens\/\"},\"wordCount\":397,\"commentCount\":1,\"publisher\":{\"@id\":\"https:\/\/kapitalis.com\/tunisie\/#organization\"},\"image\":{\"@id\":\"https:\/\/kapitalis.com\/tunisie\/2020\/04\/12\/les-employes-de-ooredoo-font-don-de-jours-de-travail-aux-hopitaux-tunisiens\/#primaryimage\"},\"thumbnailUrl\":\"http:\/\/kapitalis.com\/tunisie\/wp-content\/uploads\/2019\/11\/Mansoor-Rashid-Al-Khater.jpg\",\"keywords\":[\"Covid-19\",\"h\u00f4pital Charles-Nicolle\",\"h\u00f4pital Mongi Slim\",\"Mansoor Rashid Al Khater\",\"Ooredoo Tunisie\",\"sant\u00e9 publique\"],\"articleSection\":[\"SOCIETE\",\"Tunisie\"],\"inLanguage\":\"fr-FR\",\"potentialAction\":[{\"@type\":\"CommentAction\",\"name\":\"Comment\",\"target\":[\"https:\/\/kapitalis.com\/tunisie\/2020\/04\/12\/les-employes-de-ooredoo-font-don-de-jours-de-travail-aux-hopitaux-tunisiens\/#respond\"]}]},{\"@type\":\"WebPage\",\"@id\":\"https:\/\/kapitalis.com\/tunisie\/2020\/04\/12\/les-employes-de-ooredoo-font-don-de-jours-de-travail-aux-hopitaux-tunisiens\/\",\"url\":\"https:\/\/kapitalis.com\/tunisie\/2020\/04\/12\/les-employes-de-ooredoo-font-don-de-jours-de-travail-aux-hopitaux-tunisiens\/\",\"name\":\"Les employ\u00e9s de Ooredoo font don de jours de travail aux h\u00f4pitaux tunisiens - Kapitalis\",\"isPartOf\":{\"@id\":\"https:\/\/kapitalis.com\/tunisie\/#website\"},\"primaryImageOfPage\":{\"@id\":\"https:\/\/kapitalis.com\/tunisie\/2020\/04\/12\/les-employes-de-ooredoo-font-don-de-jours-de-travail-aux-hopitaux-tunisiens\/#primaryimage\"},\"image\":{\"@id\":\"https:\/\/kapitalis.com\/tunisie\/2020\/04\/12\/les-employes-de-ooredoo-font-don-de-jours-de-travail-aux-hopitaux-tunisiens\/#primaryimage\"},\"thumbnailUrl\":\"http:\/\/kapitalis.com\/tunisie\/wp-content\/uploads\/2019\/11\/Mansoor-Rashid-Al-Khater.jpg\",\"datePublished\":\"2020-04-12T10:14:36+00:00\",\"dateModified\":\"2020-04-12T10:14:38+00:00\",\"breadcrumb\":{\"@id\":\"https:\/\/kapitalis.com\/tunisie\/2020\/04\/12\/les-employes-de-ooredoo-font-don-de-jours-de-travail-aux-hopitaux-tunisiens\/#breadcrumb\"},\"inLanguage\":\"fr-FR\",\"potentialAction\":[{\"@type\":\"ReadAction\",\"target\":[\"https:\/\/kapitalis.com\/tunisie\/2020\/04\/12\/les-employes-de-ooredoo-font-don-de-jours-de-travail-aux-hopitaux-tunisiens\/\"]}]},{\"@type\":\"ImageObject\",\"inLanguage\":\"fr-FR\",\"@id\":\"https:\/\/kapitalis.com\/tunisie\/2020\/04\/12\/les-employes-de-ooredoo-font-don-de-jours-de-travail-aux-hopitaux-tunisiens\/#primaryimage\",\"url\":\"\",\"contentUrl\":\"\"},{\"@type\":\"BreadcrumbList\",\"@id\":\"https:\/\/kapitalis.com\/tunisie\/2020\/04\/12\/les-employes-de-ooredoo-font-don-de-jours-de-travail-aux-hopitaux-tunisiens\/#breadcrumb\",\"itemListElement\":[{\"@type\":\"ListItem\",\"position\":1,\"name\":\"Accueil\",\"item\":\"https:\/\/kapitalis.com\/tunisie\/\"},{\"@type\":\"ListItem\",\"position\":2,\"name\":\"Les employ\u00e9s de Ooredoo font don de jours de travail aux h\u00f4pitaux tunisiens\"}]},{\"@type\":\"WebSite\",\"@id\":\"https:\/\/kapitalis.com\/tunisie\/#website\",\"url\":\"https:\/\/kapitalis.com\/tunisie\/\",\"name\":\"Kapitalis\",\"description\":\"L&#039;actualit\u00e9 en Tunisie et dans le monde\",\"publisher\":{\"@id\":\"https:\/\/kapitalis.com\/tunisie\/#organization\"},\"potentialAction\":[{\"@type\":\"SearchAction\",\"target\":{\"@type\":\"EntryPoint\",\"urlTemplate\":\"https:\/\/kapitalis.com\/tunisie\/?s={search_term_string}\"},\"query-input\":{\"@type\":\"PropertyValueSpecification\",\"valueRequired\":true,\"valueName\":\"search_term_string\"}}],\"inLanguage\":\"fr-FR\"},{\"@type\":\"Organization\",\"@id\":\"https:\/\/kapitalis.com\/tunisie\/#organization\",\"name\":\"Kapitalis\",\"url\":\"https:\/\/kapitalis.com\/tunisie\/\",\"logo\":{\"@type\":\"ImageObject\",\"inLanguage\":\"fr-FR\",\"@id\":\"https:\/\/kapitalis.com\/tunisie\/#\/schema\/logo\/image\/\",\"url\":\"https:\/\/kapitalis.com\/tunisie\/wp-content\/uploads\/2022\/05\/Kapitalis-big-size.png\",\"contentUrl\":\"https:\/\/kapitalis.com\/tunisie\/wp-content\/uploads\/2022\/05\/Kapitalis-big-size.png\",\"width\":5000,\"height\":1500,\"caption\":\"Kapitalis\"},\"image\":{\"@id\":\"https:\/\/kapitalis.com\/tunisie\/#\/schema\/logo\/image\/\"},\"sameAs\":[\"https:\/\/www.facebook.com\/KapitalisInfo\/\",\"https:\/\/x.com\/KapitalisInfo\",\"https:\/\/www.youtube.com\/channel\/UC-yDYrHyfFBWWZaOw3FPg9Q\"]},{\"@type\":\"Person\",\"@id\":\"https:\/\/kapitalis.com\/tunisie\/#\/schema\/person\/d71f33a9ca44f7bad4698210b480c8e9\",\"name\":\"webmaster kapitalis\",\"url\":\"https:\/\/kapitalis.com\/tunisie\/author\/webmaster-kapitalis\/\"}]}<\/script>\n<!-- \/ Yoast SEO plugin. -->","yoast_head_json":{"title":"Les employ\u00e9s de Ooredoo font don de jours de travail aux h\u00f4pitaux tunisiens - Kapitalis","robots":{"index":"index","follow":"follow","max-snippet":"max-snippet:-1","max-image-preview":"max-image-preview:large","max-video-preview":"max-video-preview:-1"},"canonical":"https:\/\/kapitalis.com\/tunisie\/2020\/04\/12\/les-employes-de-ooredoo-font-don-de-jours-de-travail-aux-hopitaux-tunisiens\/","og_locale":"fr_FR","og_type":"article","og_title":"Les employ\u00e9s de Ooredoo font don de jours de travail aux h\u00f4pitaux tunisiens - Kapitalis","og_description":"Conscients des r\u00e9percussions du Covid-19 sur l\u2019\u00e9tat de l\u2019infrastructure sanitaire en Tunisie, les employ\u00e9es de Ooredoo ont d\u00e9cid\u00e9 de joindre l\u2019\u00e9lan de solidarit\u00e9 national en faisant don de journ\u00e9es de travail au profit de la sant\u00e9 publique.","og_url":"https:\/\/kapitalis.com\/tunisie\/2020\/04\/12\/les-employes-de-ooredoo-font-don-de-jours-de-travail-aux-hopitaux-tunisiens\/","og_site_name":"Kapitalis","article_publisher":"https:\/\/www.facebook.com\/KapitalisInfo\/","article_published_time":"2020-04-12T10:14:36+00:00","article_modified_time":"2020-04-12T10:14:38+00:00","og_image":[{"url":"http:\/\/kapitalis.com\/tunisie\/wp-content\/uploads\/2019\/11\/Mansoor-Rashid-Al-Khater.jpg","type":"","width":"","height":""}],"author":"webmaster kapitalis","twitter_card":"summary_large_image","twitter_creator":"@KapitalisInfo","twitter_site":"@KapitalisInfo","twitter_misc":{"\u00c9crit par":"webmaster kapitalis","Dur\u00e9e de lecture estim\u00e9e":"2 minutes"},"schema":{"@context":"https:\/\/schema.org","@graph":[{"@type":"Article","@id":"https:\/\/kapitalis.com\/tunisie\/2020\/04\/12\/les-employes-de-ooredoo-font-don-de-jours-de-travail-aux-hopitaux-tunisiens\/#article","isPartOf":{"@id":"https:\/\/kapitalis.com\/tunisie\/2020\/04\/12\/les-employes-de-ooredoo-font-don-de-jours-de-travail-aux-hopitaux-tunisiens\/"},"author":{"name":"webmaster kapitalis","@id":"https:\/\/kapitalis.com\/tunisie\/#\/schema\/person\/d71f33a9ca44f7bad4698210b480c8e9"},"headline":"Les employ\u00e9s de Ooredoo font don de jours de travail aux h\u00f4pitaux tunisiens","datePublished":"2020-04-12T10:14:36+00:00","dateModified":"2020-04-12T10:14:38+00:00","mainEntityOfPage":{"@id":"https:\/\/kapitalis.com\/tunisie\/2020\/04\/12\/les-employes-de-ooredoo-font-don-de-jours-de-travail-aux-hopitaux-tunisiens\/"},"wordCount":397,"commentCount":1,"publisher":{"@id":"https:\/\/kapitalis.com\/tunisie\/#organization"},"image":{"@id":"https:\/\/kapitalis.com\/tunisie\/2020\/04\/12\/les-employes-de-ooredoo-font-don-de-jours-de-travail-aux-hopitaux-tunisiens\/#primaryimage"},"thumbnailUrl":"http:\/\/kapitalis.com\/tunisie\/wp-content\/uploads\/2019\/11\/Mansoor-Rashid-Al-Khater.jpg","keywords":["Covid-19","h\u00f4pital Charles-Nicolle","h\u00f4pital Mongi Slim","Mansoor Rashid Al Khater","Ooredoo Tunisie","sant\u00e9 publique"],"articleSection":["SOCIETE","Tunisie"],"inLanguage":"fr-FR","potentialAction":[{"@type":"CommentAction","name":"Comment","target":["https:\/\/kapitalis.com\/tunisie\/2020\/04\/12\/les-employes-de-ooredoo-font-don-de-jours-de-travail-aux-hopitaux-tunisiens\/#respond"]}]},{"@type":"WebPage","@id":"https:\/\/kapitalis.com\/tunisie\/2020\/04\/12\/les-employes-de-ooredoo-font-don-de-jours-de-travail-aux-hopitaux-tunisiens\/","url":"https:\/\/kapitalis.com\/tunisie\/2020\/04\/12\/les-employes-de-ooredoo-font-don-de-jours-de-travail-aux-hopitaux-tunisiens\/","name":"Les employ\u00e9s de Ooredoo font don de jours de travail aux h\u00f4pitaux tunisiens - Kapitalis","isPartOf":{"@id":"https:\/\/kapitalis.com\/tunisie\/#website"},"primaryImageOfPage":{"@id":"https:\/\/kapitalis.com\/tunisie\/2020\/04\/12\/les-employes-de-ooredoo-font-don-de-jours-de-travail-aux-hopitaux-tunisiens\/#primaryimage"},"image":{"@id":"https:\/\/kapitalis.com\/tunisie\/2020\/04\/12\/les-employes-de-ooredoo-font-don-de-jours-de-travail-aux-hopitaux-tunisiens\/#primaryimage"},"thumbnailUrl":"http:\/\/kapitalis.com\/tunisie\/wp-content\/uploads\/2019\/11\/Mansoor-Rashid-Al-Khater.jpg","datePublished":"2020-04-12T10:14:36+00:00","dateModified":"2020-04-12T10:14:38+00:00","breadcrumb":{"@id":"https:\/\/kapitalis.com\/tunisie\/2020\/04\/12\/les-employes-de-ooredoo-font-don-de-jours-de-travail-aux-hopitaux-tunisiens\/#breadcrumb"},"inLanguage":"fr-FR","potentialAction":[{"@type":"ReadAction","target":["https:\/\/kapitalis.com\/tunisie\/2020\/04\/12\/les-employes-de-ooredoo-font-don-de-jours-de-travail-aux-hopitaux-tunisiens\/"]}]},{"@type":"ImageObject","inLanguage":"fr-FR","@id":"https:\/\/kapitalis.com\/tunisie\/2020\/04\/12\/les-employes-de-ooredoo-font-don-de-jours-de-travail-aux-hopitaux-tunisiens\/#primaryimage","url":"","contentUrl":""},{"@type":"BreadcrumbList","@id":"https:\/\/kapitalis.com\/tunisie\/2020\/04\/12\/les-employes-de-ooredoo-font-don-de-jours-de-travail-aux-hopitaux-tunisiens\/#breadcrumb","itemListElement":[{"@type":"ListItem","position":1,"name":"Accueil","item":"https:\/\/kapitalis.com\/tunisie\/"},{"@type":"ListItem","position":2,"name":"Les employ\u00e9s de Ooredoo font don de jours de travail aux h\u00f4pitaux tunisiens"}]},{"@type":"WebSite","@id":"https:\/\/kapitalis.com\/tunisie\/#website","url":"https:\/\/kapitalis.com\/tunisie\/","name":"Kapitalis","description":"L&#039;actualit\u00e9 en Tunisie et dans le monde","publisher":{"@id":"https:\/\/kapitalis.com\/tunisie\/#organization"},"potentialAction":[{"@type":"SearchAction","target":{"@type":"EntryPoint","urlTemplate":"https:\/\/kapitalis.com\/tunisie\/?s={search_term_string}"},"query-input":{"@type":"PropertyValueSpecification","valueRequired":true,"valueName":"search_term_string"}}],"inLanguage":"fr-FR"},{"@type":"Organization","@id":"https:\/\/kapitalis.com\/tunisie\/#organization","name":"Kapitalis","url":"https:\/\/kapitalis.com\/tunisie\/","logo":{"@type":"ImageObject","inLanguage":"fr-FR","@id":"https:\/\/kapitalis.com\/tunisie\/#\/schema\/logo\/image\/","url":"https:\/\/kapitalis.com\/tunisie\/wp-content\/uploads\/2022\/05\/Kapitalis-big-size.png","contentUrl":"https:\/\/kapitalis.com\/tunisie\/wp-content\/uploads\/2022\/05\/Kapitalis-big-size.png","width":5000,"height":1500,"caption":"Kapitalis"},"image":{"@id":"https:\/\/kapitalis.com\/tunisie\/#\/schema\/logo\/image\/"},"sameAs":["https:\/\/www.facebook.com\/KapitalisInfo\/","https:\/\/x.com\/KapitalisInfo","https:\/\/www.youtube.com\/channel\/UC-yDYrHyfFBWWZaOw3FPg9Q"]},{"@type":"Person","@id":"https:\/\/kapitalis.com\/tunisie\/#\/schema\/person\/d71f33a9ca44f7bad4698210b480c8e9","name":"webmaster kapitalis","url":"https:\/\/kapitalis.com\/tunisie\/author\/webmaster-kapitalis\/"}]}},"_links":{"self":[{"href":"https:\/\/kapitalis.com\/tunisie\/wp-json\/wp\/v2\/posts\/293754","targetHints":{"allow":["GET"]}}],"collection":[{"href":"https:\/\/kapitalis.com\/tunisie\/wp-json\/wp\/v2\/posts"}],"about":[{"href":"https:\/\/kapitalis.com\/tunisie\/wp-json\/wp\/v2\/types\/post"}],"author":[{"embeddable":true,"href":"https:\/\/kapitalis.com\/tunisie\/wp-json\/wp\/v2\/users\/8"}],"replies":[{"embeddable":true,"href":"https:\/\/kapitalis.com\/tunisie\/wp-json\/wp\/v2\/comments?post=293754"}],"version-history":[{"count":0,"href":"https:\/\/kapitalis.com\/tunisie\/wp-json\/wp\/v2\/posts\/293754\/revisions"}],"wp:attachment":[{"href":"https:\/\/kapitalis.com\/tunisie\/wp-json\/wp\/v2\/media?parent=293754"}],"wp:term":[{"taxonomy":"category","embeddable":true,"href":"https:\/\/kapitalis.com\/tunisie\/wp-json\/wp\/v2\/categories?post=293754"},{"taxonomy":"post_tag","embeddable":true,"href":"https:\/\/kapitalis.com\/tunisie\/wp-json\/wp\/v2\/tags?post=293754"}],"curies":[{"name":"wp","href":"https:\/\/api.w.org\/{rel}","templated":true}]}}