{"id":293776,"date":"2020-04-12T13:36:30","date_gmt":"2020-04-12T12:36:30","guid":{"rendered":"http:\/\/kapitalis.com\/tunisie\/?p=293776"},"modified":"2020-04-13T08:46:35","modified_gmt":"2020-04-13T07:46:35","slug":"il-etait-une-fois-un-marchand-de-tapis-en-blouse-blanche","status":"publish","type":"post","link":"https:\/\/kapitalis.com\/tunisie\/2020\/04\/12\/il-etait-une-fois-un-marchand-de-tapis-en-blouse-blanche\/","title":{"rendered":"Il \u00e9tait une fois un marchand de tapis\u2026 en blouse blanche"},"content":{"rendered":"\n<figure class=\"wp-block-image size-large\"><img decoding=\"async\" src=\"http:\/\/kapitalis.com\/tunisie\/wp-content\/uploads\/2020\/04\/Medecine-argent.jpg\" alt=\"\" class=\"wp-image-293781\"\/><\/figure>\n\n\n\n<p><strong><em> Au moment o\u00f9 le Covid-19 ravage le monde et s\u00e9vit en Tunisie, un \u00abmandarin\u00bb \u00e0 la t\u00eate d\u2019une clinique luxueuse, fruit d\u2019une sp\u00e9culation juteuse, dit-on, marchande au prix fort des lits de r\u00e9animation mis \u00e0 la disposition du minist\u00e8re de la Sant\u00e9. De quoi faire rougir Hippocrate\u2026 de honte et de col\u00e8re.  <\/em><\/strong><\/p>\n\n\n\n<p> Par<strong> Farouk Ben Miled<\/strong> *<\/p>\n\n\n\n<!--more-->\n\n\n\n<div class=\"wp-block-image\"><figure class=\"alignleft size-large\"><img decoding=\"async\" src=\"http:\/\/kapitalis.com\/tunisie\/wp-content\/uploads\/2018\/06\/Farouk-Ben-Miled.jpg\" alt=\"\" class=\"wp-image-160525\"\/><\/figure><\/div>\n\n\n\n<p> Revendiquant aussi sans aucune pudeur son r\u00f4le de commer\u00e7ant avant celui de m\u00e9decin, et son affiliation \u00e0 l\u2019Union tunisienne de l\u2019industrie, du commerce et de l\u2019artisanat (Utica) avant celle du Conseil national de l\u2019ordre des m\u00e9decins (Cnom), oubliant ainsi le serment qui le lie \u00e0 ce m\u00e9tier.<br> Je ne vous nommerai pas toubib, d\u2019autres l\u2019ont d\u00e9j\u00e0 fait.<\/p>\n\n\n\n<p> C\u2019\u00e9tait hier, toubib, le lendemain du 9 de ce mois d\u2019avril, mais sans doute vous ne le saviez pas, qu\u2019au m\u00eame jour de l\u2019ann\u00e9e 1938, des centaines d\u2019hommes libres, accompagn\u00e9s d\u2019\u00e9tudiants zitouniens, ont \u00e9t\u00e9 trucid\u00e9s et estropi\u00e9s par la troupe.<\/p>\n\n\n\n<p> Ils l\u2019ont fait pour que vous et moi passions du statut de sujet de Son Altesse Ahmed Pacha Bey Possesseur du Royaume de Tunis, \u00e0 celui de citoyen d\u2019une jeune R\u00e9publique Tunisienne.<\/p>\n\n\n\n<p> Ce jour-l\u00e0 toubib, Ahmed Ben Miled, le m\u00e9decin de Halfaouine, a ramass\u00e9 avec l\u2019aide des riverains, hommes et femmes de bonne volont\u00e9, 35 de ces bless\u00e9s sanguinolents sur les pav\u00e9s de Bab Souika. Pendant trois jours, il les a pans\u00e9s, soign\u00e9s, h\u00e9berg\u00e9s et nourris pour les soustraire \u00e0 la police. Ses propres draps r\u00e9duits en bandages, ceux-ci venant \u00e0 manquer, il a pu ainsi, avec l\u2019aide de sa femme, contenir les h\u00e9morragies. Voil\u00e0 ce qu\u2019on appelle une blouse blanche.<\/p>\n\n\n\n<p> Ce monsieur, toubib, n\u2019a jamais rien demand\u00e9 et \u00e9tait fier d\u2019avoir respect\u00e9 son code d\u00e9ontologique, celui justement que vous avez certainement oubli\u00e9.<\/p>\n\n\n\n<p> Le pouvoir, avec cette ingratitude qui lui colle \u00e0 la peau, n\u2019y a m\u00eame jamais fait allusion. Comme toujours il n\u2019y en avait que pour lui.<\/p>\n\n\n\n<p> Depuis, c\u00e9r\u00e9monies et comm\u00e9morations de cette date o\u00f9 il n\u2019a jamais \u00e9t\u00e9 invit\u00e9, on ne voyait que les opportunistes que vous avez servis jusqu\u2019ici, pour \u00eatre l\u00e0 o\u00f9 vous \u00eates.<\/p>\n\n\n\n<p> Toubib, si vous avez le moindre doute sur ces faits que vous ne connaissez s\u00fbrement pas, et \u00e7a je peux le comprendre, allez faire un tour \u00e0 titre salutaire du c\u00f4t\u00e9 de Bab Souika. Ne craignez rien, personne ne vous reconna\u00eetra. Eh oui, toubib, le temps o\u00f9 les couilles avaient encore un sens est parti.<\/p>\n\n\n\n<p> Cher Hippocrate **, je suis d\u00e9sol\u00e9, avec ce toubib l\u00e0, tu as rat\u00e9 ton coup !<\/p>\n\n\n\n<p><em> * Architecte D.P.L.G.<\/em><\/p>\n\n\n\n<p> <em>** \u00abP\u00e8re de la m\u00e9decine\u00bb, avant v\u00e9cu au IVe si\u00e8cle av. J.-C., dont le serment est traditionnellement pr\u00eat\u00e9 par les m\u00e9decins avant de commencer \u00e0 exercer. Nous reproduisons ci-dessous ce serment que beaucoup de nos praticiens, \u00e0 commencer par le toubib ayant inspir\u00e9 ce billet, ont tendance \u00e0 oublier\u2026 <\/em><br> \u00abJe jure par Apollon, m\u00e9decin, par Ascl\u00e9pios, par Hygie et Panac\u00e9e, par tous les dieux et toutes les d\u00e9esses, les prenant \u00e0 t\u00e9moin que je remplirai, suivant mes forces et ma capacit\u00e9, le serment et l\u2019engagement suivants :<\/p>\n\n\n\n<p> Je mettrai mon ma\u00eetre de m\u00e9decine au m\u00eame rang que les auteurs de mes jours, je partagerai avec lui mon savoir et, le cas \u00e9ch\u00e9ant, je pourvoirai \u00e0 ses besoins; je tiendrai ses enfants pour des fr\u00e8res, et, s&rsquo;ils d\u00e9sirent apprendre la m\u00e9decine, je la leur enseignerai sans salaire ni engagement. Je ferai part de mes pr\u00e9ceptes, des le\u00e7ons orales et du reste de l\u2019enseignement \u00e0 mes fils, \u00e0 ceux de mon ma\u00eetre et aux disciples li\u00e9s par engagement et un serment suivant la loi m\u00e9dicale, mais \u00e0 nul autre.<\/p>\n\n\n\n<p> Je dirigerai le r\u00e9gime des malades \u00e0 leur avantage, suivant mes forces et mon jugement, et je m\u2019abstiendrai de tout mal et de toute injustice. Je ne remettrai \u00e0 personne du poison, si on m\u2019en demande, ni ne prendrai l\u2019initiative d\u2019une pareille suggestion; semblablement, je ne remettrai \u00e0 aucune femme un pessaire abortif. Je passerai ma vie et j\u2019exercerai mon art dans l\u2019innocence et la puret\u00e9.<\/p>\n\n\n\n<p> Je ne pratiquerai pas l\u2019op\u00e9ration de la taille, je la laisserai aux gens qui s\u2019en occupent.<\/p>\n\n\n\n<p> Dans quelque maison que j\u2019entre, j\u2019y entrerai pour l\u2019utilit\u00e9 des malades, me pr\u00e9servant de tout m\u00e9fait volontaire et corrupteur, et surtout de la s\u00e9duction des femmes et des gar\u00e7ons, libres ou esclaves.<\/p>\n\n\n\n<p> Quoi que je voie ou entende dans la soci\u00e9t\u00e9 pendant, ou m\u00eame hors de l\u2019exercice de ma profession, je tairai ce qui n\u2019a jamais besoin d\u2019\u00eatre divulgu\u00e9, regardant la discr\u00e9tion comme un devoir en pareil cas.<\/p>\n\n\n\n<p> Si je remplis ce serment sans l\u2019enfreindre, qu\u2019il me soit donn\u00e9 de jouir heureusement de la vie et de ma profession, honor\u00e9 \u00e0 jamais des hommes; si je le viole et que je me parjure, puiss\u00e9-je avoir un sort contraire!\u00bb<\/p>\n\n\n\n<p class=\"has-text-align-right\"><em> Traduction du grec antique en fran\u00e7ais par<\/em> <strong>\u00c9mile Littr\u00e9<\/strong>.<\/p>\n\n\n\n<h3 class=\"wp-block-heading\">Articles du m\u00eame auteur avec Kapitalis : <\/h3>\n\n\n\n<figure class=\"wp-block-embed-wordpress wp-block-embed is-type-wp-embed is-provider-kapitalis\"><div class=\"wp-block-embed__wrapper\">\n<blockquote class=\"wp-embedded-content\" data-secret=\"j1pEGdGIlq\"><a href=\"https:\/\/kapitalis.com\/tunisie\/2020\/04\/07\/un-soldat-blanc-nomme-ahmed-ben-miled\/\">Un \u00absoldat blanc\u00bb nomm\u00e9 Ahmed Ben Miled<\/a><\/blockquote><iframe loading=\"lazy\" class=\"wp-embedded-content\" sandbox=\"allow-scripts\" security=\"restricted\" style=\"position: absolute; clip: rect(1px, 1px, 1px, 1px);\" title=\"\u00ab\u00a0Un \u00absoldat blanc\u00bb nomm\u00e9 Ahmed Ben Miled\u00a0\u00bb &#8212; Kapitalis\" src=\"https:\/\/kapitalis.com\/tunisie\/2020\/04\/07\/un-soldat-blanc-nomme-ahmed-ben-miled\/embed\/#?secret=SglC8ImceV#?secret=j1pEGdGIlq\" data-secret=\"j1pEGdGIlq\" width=\"600\" height=\"338\" frameborder=\"0\" marginwidth=\"0\" marginheight=\"0\" scrolling=\"no\"><\/iframe>\n<\/div><\/figure>\n\n\n\n<figure class=\"wp-block-embed-wordpress wp-block-embed is-type-wp-embed is-provider-kapitalis\"><div class=\"wp-block-embed__wrapper\">\n<blockquote class=\"wp-embedded-content\" data-secret=\"Gc4aEM00dz\"><a href=\"https:\/\/kapitalis.com\/tunisie\/2019\/11\/16\/souvenirs-dr-ahmed-ben-miled-et-la-guerre-de-bizerte\/\">Souvenirs : Dr Ahmed Ben Miled et la guerre de Bizerte<\/a><\/blockquote><iframe loading=\"lazy\" class=\"wp-embedded-content\" sandbox=\"allow-scripts\" security=\"restricted\" style=\"position: absolute; clip: rect(1px, 1px, 1px, 1px);\" title=\"\u00ab\u00a0Souvenirs : Dr Ahmed Ben Miled et la guerre de Bizerte\u00a0\u00bb &#8212; Kapitalis\" src=\"https:\/\/kapitalis.com\/tunisie\/2019\/11\/16\/souvenirs-dr-ahmed-ben-miled-et-la-guerre-de-bizerte\/embed\/#?secret=Cz8HfNbgRo#?secret=Gc4aEM00dz\" data-secret=\"Gc4aEM00dz\" width=\"600\" height=\"338\" frameborder=\"0\" marginwidth=\"0\" marginheight=\"0\" scrolling=\"no\"><\/iframe>\n<\/div><\/figure>\n\n\n\n<figure class=\"wp-block-embed-wordpress wp-block-embed is-type-wp-embed is-provider-kapitalis\"><div class=\"wp-block-embed__wrapper\">\n<blockquote class=\"wp-embedded-content\" data-secret=\"8kP5NTa0je\"><a href=\"https:\/\/kapitalis.com\/tunisie\/2018\/06\/20\/il-etait-une-fois-des-immigres-italiens-en-tunisie\/\">Il \u00e9tait une fois, des immigr\u00e9s italiens en&#8230; Tunisie<\/a><\/blockquote><iframe loading=\"lazy\" class=\"wp-embedded-content\" sandbox=\"allow-scripts\" security=\"restricted\" style=\"position: absolute; clip: rect(1px, 1px, 1px, 1px);\" title=\"\u00ab\u00a0Il \u00e9tait une fois, des immigr\u00e9s italiens en&#8230; Tunisie\u00a0\u00bb &#8212; Kapitalis\" src=\"https:\/\/kapitalis.com\/tunisie\/2018\/06\/20\/il-etait-une-fois-des-immigres-italiens-en-tunisie\/embed\/#?secret=LNliSujOaR#?secret=8kP5NTa0je\" data-secret=\"8kP5NTa0je\" width=\"600\" height=\"338\" frameborder=\"0\" marginwidth=\"0\" marginheight=\"0\" scrolling=\"no\"><\/iframe>\n<\/div><\/figure>\n","protected":false},"excerpt":{"rendered":"<p>Au moment o\u00f9 le Covid-19 ravage le monde et s\u00e9vit en Tunisie, un \u00abmandarin\u00bb \u00e0 la t\u00eate d\u2019une clinique luxueuse, fruit d\u2019une sp\u00e9culation juteuse, dit-on, marchande au prix fort des lits de r\u00e9animation mis \u00e0 la disposition du minist\u00e8re de la Sant\u00e9. De quoi faire rougir Hippocrate\u2026 de honte et de col\u00e8re. Par Farouk Ben&#8230;<\/p>\n","protected":false},"author":8,"featured_media":293781,"comment_status":"open","ping_status":"open","sticky":false,"template":"","format":"standard","meta":{"footnotes":""},"categories":[992,998,1000,2433],"tags":[77550,21240,2389,75291,48254],"class_list":["post-293776","post","type-post","status-publish","format-standard","has-post-thumbnail","hentry","category-a-la-une","category-societe","category-tribune","category-tunisie","tag-ahmed-ben-miled","tag-bab-souika","tag-clinique-privee","tag-covid-19","tag-halfaouine"],"yoast_head":"<!-- This site is optimized with the Yoast SEO plugin v26.6 - https:\/\/yoast.com\/wordpress\/plugins\/seo\/ -->\n<title>Il \u00e9tait une fois un marchand de tapis\u2026 en blouse blanche - Kapitalis<\/title>\n<meta name=\"robots\" content=\"index, follow, max-snippet:-1, max-image-preview:large, max-video-preview:-1\" \/>\n<link rel=\"canonical\" href=\"https:\/\/kapitalis.com\/tunisie\/2020\/04\/12\/il-etait-une-fois-un-marchand-de-tapis-en-blouse-blanche\/\" \/>\n<meta property=\"og:locale\" content=\"fr_FR\" \/>\n<meta property=\"og:type\" content=\"article\" \/>\n<meta property=\"og:title\" content=\"Il \u00e9tait une fois un marchand de tapis\u2026 en blouse blanche - Kapitalis\" \/>\n<meta property=\"og:description\" content=\"Au moment o\u00f9 le Covid-19 ravage le monde et s\u00e9vit en Tunisie, un \u00abmandarin\u00bb \u00e0 la t\u00eate d\u2019une clinique luxueuse, fruit d\u2019une sp\u00e9culation juteuse, dit-on, marchande au prix fort des lits de r\u00e9animation mis \u00e0 la disposition du minist\u00e8re de la Sant\u00e9. De quoi faire rougir Hippocrate\u2026 de honte et de col\u00e8re. Par Farouk Ben...\" \/>\n<meta property=\"og:url\" content=\"https:\/\/kapitalis.com\/tunisie\/2020\/04\/12\/il-etait-une-fois-un-marchand-de-tapis-en-blouse-blanche\/\" \/>\n<meta property=\"og:site_name\" content=\"Kapitalis\" \/>\n<meta property=\"article:publisher\" content=\"https:\/\/www.facebook.com\/KapitalisInfo\/\" \/>\n<meta property=\"article:published_time\" content=\"2020-04-12T12:36:30+00:00\" \/>\n<meta property=\"article:modified_time\" content=\"2020-04-13T07:46:35+00:00\" \/>\n<meta property=\"og:image\" content=\"https:\/\/kapitalis.com\/tunisie\/wp-content\/uploads\/2022\/05\/kapitalis-logo-fb.png\" \/>\n\t<meta property=\"og:image:width\" content=\"1200\" \/>\n\t<meta property=\"og:image:height\" content=\"630\" \/>\n\t<meta property=\"og:image:type\" content=\"image\/png\" \/>\n<meta name=\"author\" content=\"webmaster kapitalis\" \/>\n<meta name=\"twitter:card\" content=\"summary_large_image\" \/>\n<meta name=\"twitter:creator\" content=\"@KapitalisInfo\" \/>\n<meta name=\"twitter:site\" content=\"@KapitalisInfo\" \/>\n<meta name=\"twitter:label1\" content=\"\u00c9crit par\" \/>\n\t<meta name=\"twitter:data1\" content=\"webmaster kapitalis\" \/>\n\t<meta name=\"twitter:label2\" content=\"Dur\u00e9e de lecture estim\u00e9e\" \/>\n\t<meta name=\"twitter:data2\" content=\"5 minutes\" \/>\n<script type=\"application\/ld+json\" class=\"yoast-schema-graph\">{\"@context\":\"https:\/\/schema.org\",\"@graph\":[{\"@type\":\"Article\",\"@id\":\"https:\/\/kapitalis.com\/tunisie\/2020\/04\/12\/il-etait-une-fois-un-marchand-de-tapis-en-blouse-blanche\/#article\",\"isPartOf\":{\"@id\":\"https:\/\/kapitalis.com\/tunisie\/2020\/04\/12\/il-etait-une-fois-un-marchand-de-tapis-en-blouse-blanche\/\"},\"author\":{\"name\":\"webmaster kapitalis\",\"@id\":\"https:\/\/kapitalis.com\/tunisie\/#\/schema\/person\/d71f33a9ca44f7bad4698210b480c8e9\"},\"headline\":\"Il \u00e9tait une fois un marchand de tapis\u2026 en blouse blanche\",\"datePublished\":\"2020-04-12T12:36:30+00:00\",\"dateModified\":\"2020-04-13T07:46:35+00:00\",\"mainEntityOfPage\":{\"@id\":\"https:\/\/kapitalis.com\/tunisie\/2020\/04\/12\/il-etait-une-fois-un-marchand-de-tapis-en-blouse-blanche\/\"},\"wordCount\":913,\"commentCount\":15,\"publisher\":{\"@id\":\"https:\/\/kapitalis.com\/tunisie\/#organization\"},\"image\":{\"@id\":\"https:\/\/kapitalis.com\/tunisie\/2020\/04\/12\/il-etait-une-fois-un-marchand-de-tapis-en-blouse-blanche\/#primaryimage\"},\"thumbnailUrl\":\"\",\"keywords\":[\"Ahmed Ben Miled\",\"Bab Souika\",\"clinique priv\u00e9e\",\"Covid-19\",\"Halfaouine\"],\"articleSection\":[\"A LA UNE\",\"SOCIETE\",\"TRIBUNE\",\"Tunisie\"],\"inLanguage\":\"fr-FR\",\"potentialAction\":[{\"@type\":\"CommentAction\",\"name\":\"Comment\",\"target\":[\"https:\/\/kapitalis.com\/tunisie\/2020\/04\/12\/il-etait-une-fois-un-marchand-de-tapis-en-blouse-blanche\/#respond\"]}]},{\"@type\":\"WebPage\",\"@id\":\"https:\/\/kapitalis.com\/tunisie\/2020\/04\/12\/il-etait-une-fois-un-marchand-de-tapis-en-blouse-blanche\/\",\"url\":\"https:\/\/kapitalis.com\/tunisie\/2020\/04\/12\/il-etait-une-fois-un-marchand-de-tapis-en-blouse-blanche\/\",\"name\":\"Il \u00e9tait une fois un marchand de tapis\u2026 en blouse blanche - Kapitalis\",\"isPartOf\":{\"@id\":\"https:\/\/kapitalis.com\/tunisie\/#website\"},\"primaryImageOfPage\":{\"@id\":\"https:\/\/kapitalis.com\/tunisie\/2020\/04\/12\/il-etait-une-fois-un-marchand-de-tapis-en-blouse-blanche\/#primaryimage\"},\"image\":{\"@id\":\"https:\/\/kapitalis.com\/tunisie\/2020\/04\/12\/il-etait-une-fois-un-marchand-de-tapis-en-blouse-blanche\/#primaryimage\"},\"thumbnailUrl\":\"\",\"datePublished\":\"2020-04-12T12:36:30+00:00\",\"dateModified\":\"2020-04-13T07:46:35+00:00\",\"breadcrumb\":{\"@id\":\"https:\/\/kapitalis.com\/tunisie\/2020\/04\/12\/il-etait-une-fois-un-marchand-de-tapis-en-blouse-blanche\/#breadcrumb\"},\"inLanguage\":\"fr-FR\",\"potentialAction\":[{\"@type\":\"ReadAction\",\"target\":[\"https:\/\/kapitalis.com\/tunisie\/2020\/04\/12\/il-etait-une-fois-un-marchand-de-tapis-en-blouse-blanche\/\"]}]},{\"@type\":\"ImageObject\",\"inLanguage\":\"fr-FR\",\"@id\":\"https:\/\/kapitalis.com\/tunisie\/2020\/04\/12\/il-etait-une-fois-un-marchand-de-tapis-en-blouse-blanche\/#primaryimage\",\"url\":\"\",\"contentUrl\":\"\"},{\"@type\":\"BreadcrumbList\",\"@id\":\"https:\/\/kapitalis.com\/tunisie\/2020\/04\/12\/il-etait-une-fois-un-marchand-de-tapis-en-blouse-blanche\/#breadcrumb\",\"itemListElement\":[{\"@type\":\"ListItem\",\"position\":1,\"name\":\"Accueil\",\"item\":\"https:\/\/kapitalis.com\/tunisie\/\"},{\"@type\":\"ListItem\",\"position\":2,\"name\":\"Il \u00e9tait une fois un marchand de tapis\u2026 en blouse blanche\"}]},{\"@type\":\"WebSite\",\"@id\":\"https:\/\/kapitalis.com\/tunisie\/#website\",\"url\":\"https:\/\/kapitalis.com\/tunisie\/\",\"name\":\"Kapitalis\",\"description\":\"L&#039;actualit\u00e9 en Tunisie et dans le monde\",\"publisher\":{\"@id\":\"https:\/\/kapitalis.com\/tunisie\/#organization\"},\"potentialAction\":[{\"@type\":\"SearchAction\",\"target\":{\"@type\":\"EntryPoint\",\"urlTemplate\":\"https:\/\/kapitalis.com\/tunisie\/?s={search_term_string}\"},\"query-input\":{\"@type\":\"PropertyValueSpecification\",\"valueRequired\":true,\"valueName\":\"search_term_string\"}}],\"inLanguage\":\"fr-FR\"},{\"@type\":\"Organization\",\"@id\":\"https:\/\/kapitalis.com\/tunisie\/#organization\",\"name\":\"Kapitalis\",\"url\":\"https:\/\/kapitalis.com\/tunisie\/\",\"logo\":{\"@type\":\"ImageObject\",\"inLanguage\":\"fr-FR\",\"@id\":\"https:\/\/kapitalis.com\/tunisie\/#\/schema\/logo\/image\/\",\"url\":\"https:\/\/kapitalis.com\/tunisie\/wp-content\/uploads\/2022\/05\/Kapitalis-big-size.png\",\"contentUrl\":\"https:\/\/kapitalis.com\/tunisie\/wp-content\/uploads\/2022\/05\/Kapitalis-big-size.png\",\"width\":5000,\"height\":1500,\"caption\":\"Kapitalis\"},\"image\":{\"@id\":\"https:\/\/kapitalis.com\/tunisie\/#\/schema\/logo\/image\/\"},\"sameAs\":[\"https:\/\/www.facebook.com\/KapitalisInfo\/\",\"https:\/\/x.com\/KapitalisInfo\",\"https:\/\/www.youtube.com\/channel\/UC-yDYrHyfFBWWZaOw3FPg9Q\"]},{\"@type\":\"Person\",\"@id\":\"https:\/\/kapitalis.com\/tunisie\/#\/schema\/person\/d71f33a9ca44f7bad4698210b480c8e9\",\"name\":\"webmaster kapitalis\",\"url\":\"https:\/\/kapitalis.com\/tunisie\/author\/webmaster-kapitalis\/\"}]}<\/script>\n<!-- \/ Yoast SEO plugin. -->","yoast_head_json":{"title":"Il \u00e9tait une fois un marchand de tapis\u2026 en blouse blanche - Kapitalis","robots":{"index":"index","follow":"follow","max-snippet":"max-snippet:-1","max-image-preview":"max-image-preview:large","max-video-preview":"max-video-preview:-1"},"canonical":"https:\/\/kapitalis.com\/tunisie\/2020\/04\/12\/il-etait-une-fois-un-marchand-de-tapis-en-blouse-blanche\/","og_locale":"fr_FR","og_type":"article","og_title":"Il \u00e9tait une fois un marchand de tapis\u2026 en blouse blanche - Kapitalis","og_description":"Au moment o\u00f9 le Covid-19 ravage le monde et s\u00e9vit en Tunisie, un \u00abmandarin\u00bb \u00e0 la t\u00eate d\u2019une clinique luxueuse, fruit d\u2019une sp\u00e9culation juteuse, dit-on, marchande au prix fort des lits de r\u00e9animation mis \u00e0 la disposition du minist\u00e8re de la Sant\u00e9. De quoi faire rougir Hippocrate\u2026 de honte et de col\u00e8re. Par Farouk Ben...","og_url":"https:\/\/kapitalis.com\/tunisie\/2020\/04\/12\/il-etait-une-fois-un-marchand-de-tapis-en-blouse-blanche\/","og_site_name":"Kapitalis","article_publisher":"https:\/\/www.facebook.com\/KapitalisInfo\/","article_published_time":"2020-04-12T12:36:30+00:00","article_modified_time":"2020-04-13T07:46:35+00:00","og_image":[{"width":1200,"height":630,"url":"https:\/\/kapitalis.com\/tunisie\/wp-content\/uploads\/2022\/05\/kapitalis-logo-fb.png","type":"image\/png"}],"author":"webmaster kapitalis","twitter_card":"summary_large_image","twitter_creator":"@KapitalisInfo","twitter_site":"@KapitalisInfo","twitter_misc":{"\u00c9crit par":"webmaster kapitalis","Dur\u00e9e de lecture estim\u00e9e":"5 minutes"},"schema":{"@context":"https:\/\/schema.org","@graph":[{"@type":"Article","@id":"https:\/\/kapitalis.com\/tunisie\/2020\/04\/12\/il-etait-une-fois-un-marchand-de-tapis-en-blouse-blanche\/#article","isPartOf":{"@id":"https:\/\/kapitalis.com\/tunisie\/2020\/04\/12\/il-etait-une-fois-un-marchand-de-tapis-en-blouse-blanche\/"},"author":{"name":"webmaster kapitalis","@id":"https:\/\/kapitalis.com\/tunisie\/#\/schema\/person\/d71f33a9ca44f7bad4698210b480c8e9"},"headline":"Il \u00e9tait une fois un marchand de tapis\u2026 en blouse blanche","datePublished":"2020-04-12T12:36:30+00:00","dateModified":"2020-04-13T07:46:35+00:00","mainEntityOfPage":{"@id":"https:\/\/kapitalis.com\/tunisie\/2020\/04\/12\/il-etait-une-fois-un-marchand-de-tapis-en-blouse-blanche\/"},"wordCount":913,"commentCount":15,"publisher":{"@id":"https:\/\/kapitalis.com\/tunisie\/#organization"},"image":{"@id":"https:\/\/kapitalis.com\/tunisie\/2020\/04\/12\/il-etait-une-fois-un-marchand-de-tapis-en-blouse-blanche\/#primaryimage"},"thumbnailUrl":"","keywords":["Ahmed Ben Miled","Bab Souika","clinique priv\u00e9e","Covid-19","Halfaouine"],"articleSection":["A LA UNE","SOCIETE","TRIBUNE","Tunisie"],"inLanguage":"fr-FR","potentialAction":[{"@type":"CommentAction","name":"Comment","target":["https:\/\/kapitalis.com\/tunisie\/2020\/04\/12\/il-etait-une-fois-un-marchand-de-tapis-en-blouse-blanche\/#respond"]}]},{"@type":"WebPage","@id":"https:\/\/kapitalis.com\/tunisie\/2020\/04\/12\/il-etait-une-fois-un-marchand-de-tapis-en-blouse-blanche\/","url":"https:\/\/kapitalis.com\/tunisie\/2020\/04\/12\/il-etait-une-fois-un-marchand-de-tapis-en-blouse-blanche\/","name":"Il \u00e9tait une fois un marchand de tapis\u2026 en blouse blanche - Kapitalis","isPartOf":{"@id":"https:\/\/kapitalis.com\/tunisie\/#website"},"primaryImageOfPage":{"@id":"https:\/\/kapitalis.com\/tunisie\/2020\/04\/12\/il-etait-une-fois-un-marchand-de-tapis-en-blouse-blanche\/#primaryimage"},"image":{"@id":"https:\/\/kapitalis.com\/tunisie\/2020\/04\/12\/il-etait-une-fois-un-marchand-de-tapis-en-blouse-blanche\/#primaryimage"},"thumbnailUrl":"","datePublished":"2020-04-12T12:36:30+00:00","dateModified":"2020-04-13T07:46:35+00:00","breadcrumb":{"@id":"https:\/\/kapitalis.com\/tunisie\/2020\/04\/12\/il-etait-une-fois-un-marchand-de-tapis-en-blouse-blanche\/#breadcrumb"},"inLanguage":"fr-FR","potentialAction":[{"@type":"ReadAction","target":["https:\/\/kapitalis.com\/tunisie\/2020\/04\/12\/il-etait-une-fois-un-marchand-de-tapis-en-blouse-blanche\/"]}]},{"@type":"ImageObject","inLanguage":"fr-FR","@id":"https:\/\/kapitalis.com\/tunisie\/2020\/04\/12\/il-etait-une-fois-un-marchand-de-tapis-en-blouse-blanche\/#primaryimage","url":"","contentUrl":""},{"@type":"BreadcrumbList","@id":"https:\/\/kapitalis.com\/tunisie\/2020\/04\/12\/il-etait-une-fois-un-marchand-de-tapis-en-blouse-blanche\/#breadcrumb","itemListElement":[{"@type":"ListItem","position":1,"name":"Accueil","item":"https:\/\/kapitalis.com\/tunisie\/"},{"@type":"ListItem","position":2,"name":"Il \u00e9tait une fois un marchand de tapis\u2026 en blouse blanche"}]},{"@type":"WebSite","@id":"https:\/\/kapitalis.com\/tunisie\/#website","url":"https:\/\/kapitalis.com\/tunisie\/","name":"Kapitalis","description":"L&#039;actualit\u00e9 en Tunisie et dans le monde","publisher":{"@id":"https:\/\/kapitalis.com\/tunisie\/#organization"},"potentialAction":[{"@type":"SearchAction","target":{"@type":"EntryPoint","urlTemplate":"https:\/\/kapitalis.com\/tunisie\/?s={search_term_string}"},"query-input":{"@type":"PropertyValueSpecification","valueRequired":true,"valueName":"search_term_string"}}],"inLanguage":"fr-FR"},{"@type":"Organization","@id":"https:\/\/kapitalis.com\/tunisie\/#organization","name":"Kapitalis","url":"https:\/\/kapitalis.com\/tunisie\/","logo":{"@type":"ImageObject","inLanguage":"fr-FR","@id":"https:\/\/kapitalis.com\/tunisie\/#\/schema\/logo\/image\/","url":"https:\/\/kapitalis.com\/tunisie\/wp-content\/uploads\/2022\/05\/Kapitalis-big-size.png","contentUrl":"https:\/\/kapitalis.com\/tunisie\/wp-content\/uploads\/2022\/05\/Kapitalis-big-size.png","width":5000,"height":1500,"caption":"Kapitalis"},"image":{"@id":"https:\/\/kapitalis.com\/tunisie\/#\/schema\/logo\/image\/"},"sameAs":["https:\/\/www.facebook.com\/KapitalisInfo\/","https:\/\/x.com\/KapitalisInfo","https:\/\/www.youtube.com\/channel\/UC-yDYrHyfFBWWZaOw3FPg9Q"]},{"@type":"Person","@id":"https:\/\/kapitalis.com\/tunisie\/#\/schema\/person\/d71f33a9ca44f7bad4698210b480c8e9","name":"webmaster kapitalis","url":"https:\/\/kapitalis.com\/tunisie\/author\/webmaster-kapitalis\/"}]}},"_links":{"self":[{"href":"https:\/\/kapitalis.com\/tunisie\/wp-json\/wp\/v2\/posts\/293776","targetHints":{"allow":["GET"]}}],"collection":[{"href":"https:\/\/kapitalis.com\/tunisie\/wp-json\/wp\/v2\/posts"}],"about":[{"href":"https:\/\/kapitalis.com\/tunisie\/wp-json\/wp\/v2\/types\/post"}],"author":[{"embeddable":true,"href":"https:\/\/kapitalis.com\/tunisie\/wp-json\/wp\/v2\/users\/8"}],"replies":[{"embeddable":true,"href":"https:\/\/kapitalis.com\/tunisie\/wp-json\/wp\/v2\/comments?post=293776"}],"version-history":[{"count":0,"href":"https:\/\/kapitalis.com\/tunisie\/wp-json\/wp\/v2\/posts\/293776\/revisions"}],"wp:featuredmedia":[{"embeddable":true,"href":"https:\/\/kapitalis.com\/tunisie\/wp-json\/wp\/v2\/media\/293781"}],"wp:attachment":[{"href":"https:\/\/kapitalis.com\/tunisie\/wp-json\/wp\/v2\/media?parent=293776"}],"wp:term":[{"taxonomy":"category","embeddable":true,"href":"https:\/\/kapitalis.com\/tunisie\/wp-json\/wp\/v2\/categories?post=293776"},{"taxonomy":"post_tag","embeddable":true,"href":"https:\/\/kapitalis.com\/tunisie\/wp-json\/wp\/v2\/tags?post=293776"}],"curies":[{"name":"wp","href":"https:\/\/api.w.org\/{rel}","templated":true}]}}