{"id":293985,"date":"2020-04-13T20:40:08","date_gmt":"2020-04-13T19:40:08","guid":{"rendered":"http:\/\/kapitalis.com\/tunisie\/?p=293985"},"modified":"2020-04-14T07:44:55","modified_gmt":"2020-04-14T06:44:55","slug":"fakhfakh-recoit-les-membres-du-comite-scientifique-vers-le-renforcement-du-dispositif-contre-le-coronavirus","status":"publish","type":"post","link":"https:\/\/kapitalis.com\/tunisie\/2020\/04\/13\/fakhfakh-recoit-les-membres-du-comite-scientifique-vers-le-renforcement-du-dispositif-contre-le-coronavirus\/","title":{"rendered":"Fakhfakh re\u00e7oit les membres du comit\u00e9 scientifique : Vers le renforcement du dispositif contre le coronavirus"},"content":{"rendered":"\n<figure class=\"wp-block-image size-large\"><img decoding=\"async\" src=\"http:\/\/kapitalis.com\/tunisie\/wp-content\/uploads\/2020\/04\/pr\u00e9sidence-gouvernement.jpg\" alt=\"\" class=\"wp-image-293988\"\/><\/figure>\n\n\n\n<p><em><strong>Le chef du gouvernement, Elyes Fakhfakh, a rencontr\u00e9 cet apr\u00e8s-midi, lundi 13 avril 2020, au palais de la Kasbah, les membres du comit\u00e9 scientifique de lutte contre le coronavirus, en pr\u00e9sence du ministre de la Sant\u00e9, Abdellatif Mekki.<\/strong><\/em><\/p>\n\n\n\n<!--more-->\n\n\n\n<p>Dans un communiqu\u00e9, la pr\u00e9sidence du gouvernement pr\u00e9cise que M. Fakhfakh a pris connaissance des suggestions des membres du comit\u00e9 scientifique de lutte contre le coronavirus au sujet de probables mesures suppl\u00e9mentaires pouvant \u00eatre prises pour mieux faire face \u00e0 la propagation de ce fl\u00e9au viral.<\/p>\n\n\n\n<p>La r\u00e9union a \u00e9galement port\u00e9 sur l\u2019\u00e9volution de la situation \u00e9pid\u00e9miologique en Tunisie, o\u00f9 l&rsquo;on compte \u00e0 ce jour, 726 contaminations ayant fait 34 morts. <\/p>\n\n\n\n<p>La p\u00e9riode de confinement g\u00e9n\u00e9ral, prolong\u00e9e jusqu&rsquo;au 20 avril courant, pourrait \u00eatre prolong\u00e9e encore d&rsquo;au moins deux semaines, et selon certaines sources, jusqu&rsquo;\u00e0 la fin du moins de ramadan, le 23 mai prochain, afin d&rsquo;\u00e9viter les rassemblements, familiaux, sociaux et autres, auxquels donne souvent lieu souvent le mois du je\u00fbne. <\/p>\n\n\n\n<p>Cette d\u00e9cision doit cependant prendre en consid\u00e9ration l&rsquo;\u00e9volution de la pand\u00e9mie, d&rsquo;un c\u00f4t\u00e9, et de l&rsquo;autre, la n\u00e9cessit\u00e9 de rel\u00e2cher un peu la bride pour permettre la reprise de certaines activit\u00e9s \u00e9conomiques. Il y a un juste \u00e9quilibre \u00e0 trouver entre des exigences contradictoires, ce qui rend la d\u00e9cision politique d&rsquo;autant plus difficile, sachant que la France a d\u00e9cid\u00e9, lundi, de prolonger la p\u00e9riode de confinement g\u00e9n\u00e9ral au 11 mai, en laissant la porte ouverte \u00e0 une autre prolongation, si n\u00e9cessaire.   <\/p>\n\n\n\n<p class=\"has-text-align-right\"><strong>Y. N.<\/strong><\/p>\n","protected":false},"excerpt":{"rendered":"<p>Le chef du gouvernement, Elyes Fakhfakh, a rencontr\u00e9 cet apr\u00e8s-midi, lundi 13 avril 2020, au palais de la Kasbah, les membres du comit\u00e9 scientifique de lutte contre le coronavirus, en pr\u00e9sence du ministre de la Sant\u00e9, Abdellatif Mekki.<\/p>\n","protected":false},"author":6,"featured_media":293988,"comment_status":"open","ping_status":"open","sticky":false,"template":"","format":"standard","meta":{"footnotes":""},"categories":[997,2433],"tags":[17,77783,77784,63723,810],"class_list":["post-293985","post","type-post","status-publish","format-standard","has-post-thumbnail","hentry","category-politique","category-tunisie","tag-abdellatif-mekki","tag-comite-scientifique","tag-dispositif-contre-le-coronavirus","tag-elyes-fakhfakh","tag-sante"],"yoast_head":"<!-- This site is optimized with the Yoast SEO plugin v26.6 - https:\/\/yoast.com\/wordpress\/plugins\/seo\/ -->\n<title>Fakhfakh re\u00e7oit les membres du comit\u00e9 scientifique : Vers le renforcement du dispositif contre le coronavirus - Kapitalis<\/title>\n<meta name=\"robots\" content=\"index, follow, max-snippet:-1, max-image-preview:large, max-video-preview:-1\" \/>\n<link rel=\"canonical\" href=\"https:\/\/kapitalis.com\/tunisie\/2020\/04\/13\/fakhfakh-recoit-les-membres-du-comite-scientifique-vers-le-renforcement-du-dispositif-contre-le-coronavirus\/\" \/>\n<meta property=\"og:locale\" content=\"fr_FR\" \/>\n<meta property=\"og:type\" content=\"article\" \/>\n<meta property=\"og:title\" content=\"Fakhfakh re\u00e7oit les membres du comit\u00e9 scientifique : Vers le renforcement du dispositif contre le coronavirus - Kapitalis\" \/>\n<meta property=\"og:description\" content=\"Le chef du gouvernement, Elyes Fakhfakh, a rencontr\u00e9 cet apr\u00e8s-midi, lundi 13 avril 2020, au palais de la Kasbah, les membres du comit\u00e9 scientifique de lutte contre le coronavirus, en pr\u00e9sence du ministre de la Sant\u00e9, Abdellatif Mekki.\" \/>\n<meta property=\"og:url\" content=\"https:\/\/kapitalis.com\/tunisie\/2020\/04\/13\/fakhfakh-recoit-les-membres-du-comite-scientifique-vers-le-renforcement-du-dispositif-contre-le-coronavirus\/\" \/>\n<meta property=\"og:site_name\" content=\"Kapitalis\" \/>\n<meta property=\"article:publisher\" content=\"https:\/\/www.facebook.com\/KapitalisInfo\/\" \/>\n<meta property=\"article:published_time\" content=\"2020-04-13T19:40:08+00:00\" \/>\n<meta property=\"article:modified_time\" content=\"2020-04-14T06:44:55+00:00\" \/>\n<meta property=\"og:image\" content=\"https:\/\/kapitalis.com\/tunisie\/wp-content\/uploads\/2022\/05\/kapitalis-logo-fb.png\" \/>\n\t<meta property=\"og:image:width\" content=\"1200\" \/>\n\t<meta property=\"og:image:height\" content=\"630\" \/>\n\t<meta property=\"og:image:type\" content=\"image\/png\" \/>\n<meta name=\"author\" content=\"Yusra NY\" \/>\n<meta name=\"twitter:card\" content=\"summary_large_image\" \/>\n<meta name=\"twitter:creator\" content=\"@KapitalisInfo\" \/>\n<meta name=\"twitter:site\" content=\"@KapitalisInfo\" \/>\n<meta name=\"twitter:label1\" content=\"\u00c9crit par\" \/>\n\t<meta name=\"twitter:data1\" content=\"Yusra NY\" \/>\n\t<meta name=\"twitter:label2\" content=\"Dur\u00e9e de lecture estim\u00e9e\" \/>\n\t<meta name=\"twitter:data2\" content=\"1 minute\" \/>\n<script type=\"application\/ld+json\" class=\"yoast-schema-graph\">{\"@context\":\"https:\/\/schema.org\",\"@graph\":[{\"@type\":\"Article\",\"@id\":\"https:\/\/kapitalis.com\/tunisie\/2020\/04\/13\/fakhfakh-recoit-les-membres-du-comite-scientifique-vers-le-renforcement-du-dispositif-contre-le-coronavirus\/#article\",\"isPartOf\":{\"@id\":\"https:\/\/kapitalis.com\/tunisie\/2020\/04\/13\/fakhfakh-recoit-les-membres-du-comite-scientifique-vers-le-renforcement-du-dispositif-contre-le-coronavirus\/\"},\"author\":{\"name\":\"Yusra NY\",\"@id\":\"https:\/\/kapitalis.com\/tunisie\/#\/schema\/person\/74bbde0154d49d790a92aaeac5bc01d5\"},\"headline\":\"Fakhfakh re\u00e7oit les membres du comit\u00e9 scientifique : Vers le renforcement du dispositif contre le coronavirus\",\"datePublished\":\"2020-04-13T19:40:08+00:00\",\"dateModified\":\"2020-04-14T06:44:55+00:00\",\"mainEntityOfPage\":{\"@id\":\"https:\/\/kapitalis.com\/tunisie\/2020\/04\/13\/fakhfakh-recoit-les-membres-du-comite-scientifique-vers-le-renforcement-du-dispositif-contre-le-coronavirus\/\"},\"wordCount\":277,\"commentCount\":1,\"publisher\":{\"@id\":\"https:\/\/kapitalis.com\/tunisie\/#organization\"},\"image\":{\"@id\":\"https:\/\/kapitalis.com\/tunisie\/2020\/04\/13\/fakhfakh-recoit-les-membres-du-comite-scientifique-vers-le-renforcement-du-dispositif-contre-le-coronavirus\/#primaryimage\"},\"thumbnailUrl\":\"\",\"keywords\":[\"Abdellatif Mekki\",\"comit\u00e9 scientifique\",\"dispositif contre le coronavirus\",\"Ely\u00e8s Fakhfakh\",\"Sant\u00e9\"],\"articleSection\":[\"POLITIQUE\",\"Tunisie\"],\"inLanguage\":\"fr-FR\",\"potentialAction\":[{\"@type\":\"CommentAction\",\"name\":\"Comment\",\"target\":[\"https:\/\/kapitalis.com\/tunisie\/2020\/04\/13\/fakhfakh-recoit-les-membres-du-comite-scientifique-vers-le-renforcement-du-dispositif-contre-le-coronavirus\/#respond\"]}]},{\"@type\":\"WebPage\",\"@id\":\"https:\/\/kapitalis.com\/tunisie\/2020\/04\/13\/fakhfakh-recoit-les-membres-du-comite-scientifique-vers-le-renforcement-du-dispositif-contre-le-coronavirus\/\",\"url\":\"https:\/\/kapitalis.com\/tunisie\/2020\/04\/13\/fakhfakh-recoit-les-membres-du-comite-scientifique-vers-le-renforcement-du-dispositif-contre-le-coronavirus\/\",\"name\":\"Fakhfakh re\u00e7oit les membres du comit\u00e9 scientifique : Vers le renforcement du dispositif contre le coronavirus - Kapitalis\",\"isPartOf\":{\"@id\":\"https:\/\/kapitalis.com\/tunisie\/#website\"},\"primaryImageOfPage\":{\"@id\":\"https:\/\/kapitalis.com\/tunisie\/2020\/04\/13\/fakhfakh-recoit-les-membres-du-comite-scientifique-vers-le-renforcement-du-dispositif-contre-le-coronavirus\/#primaryimage\"},\"image\":{\"@id\":\"https:\/\/kapitalis.com\/tunisie\/2020\/04\/13\/fakhfakh-recoit-les-membres-du-comite-scientifique-vers-le-renforcement-du-dispositif-contre-le-coronavirus\/#primaryimage\"},\"thumbnailUrl\":\"\",\"datePublished\":\"2020-04-13T19:40:08+00:00\",\"dateModified\":\"2020-04-14T06:44:55+00:00\",\"breadcrumb\":{\"@id\":\"https:\/\/kapitalis.com\/tunisie\/2020\/04\/13\/fakhfakh-recoit-les-membres-du-comite-scientifique-vers-le-renforcement-du-dispositif-contre-le-coronavirus\/#breadcrumb\"},\"inLanguage\":\"fr-FR\",\"potentialAction\":[{\"@type\":\"ReadAction\",\"target\":[\"https:\/\/kapitalis.com\/tunisie\/2020\/04\/13\/fakhfakh-recoit-les-membres-du-comite-scientifique-vers-le-renforcement-du-dispositif-contre-le-coronavirus\/\"]}]},{\"@type\":\"ImageObject\",\"inLanguage\":\"fr-FR\",\"@id\":\"https:\/\/kapitalis.com\/tunisie\/2020\/04\/13\/fakhfakh-recoit-les-membres-du-comite-scientifique-vers-le-renforcement-du-dispositif-contre-le-coronavirus\/#primaryimage\",\"url\":\"\",\"contentUrl\":\"\"},{\"@type\":\"BreadcrumbList\",\"@id\":\"https:\/\/kapitalis.com\/tunisie\/2020\/04\/13\/fakhfakh-recoit-les-membres-du-comite-scientifique-vers-le-renforcement-du-dispositif-contre-le-coronavirus\/#breadcrumb\",\"itemListElement\":[{\"@type\":\"ListItem\",\"position\":1,\"name\":\"Accueil\",\"item\":\"https:\/\/kapitalis.com\/tunisie\/\"},{\"@type\":\"ListItem\",\"position\":2,\"name\":\"Fakhfakh re\u00e7oit les membres du comit\u00e9 scientifique : Vers le renforcement du dispositif contre le coronavirus\"}]},{\"@type\":\"WebSite\",\"@id\":\"https:\/\/kapitalis.com\/tunisie\/#website\",\"url\":\"https:\/\/kapitalis.com\/tunisie\/\",\"name\":\"Kapitalis\",\"description\":\"L&#039;actualit\u00e9 en Tunisie et dans le monde\",\"publisher\":{\"@id\":\"https:\/\/kapitalis.com\/tunisie\/#organization\"},\"potentialAction\":[{\"@type\":\"SearchAction\",\"target\":{\"@type\":\"EntryPoint\",\"urlTemplate\":\"https:\/\/kapitalis.com\/tunisie\/?s={search_term_string}\"},\"query-input\":{\"@type\":\"PropertyValueSpecification\",\"valueRequired\":true,\"valueName\":\"search_term_string\"}}],\"inLanguage\":\"fr-FR\"},{\"@type\":\"Organization\",\"@id\":\"https:\/\/kapitalis.com\/tunisie\/#organization\",\"name\":\"Kapitalis\",\"url\":\"https:\/\/kapitalis.com\/tunisie\/\",\"logo\":{\"@type\":\"ImageObject\",\"inLanguage\":\"fr-FR\",\"@id\":\"https:\/\/kapitalis.com\/tunisie\/#\/schema\/logo\/image\/\",\"url\":\"https:\/\/kapitalis.com\/tunisie\/wp-content\/uploads\/2022\/05\/Kapitalis-big-size.png\",\"contentUrl\":\"https:\/\/kapitalis.com\/tunisie\/wp-content\/uploads\/2022\/05\/Kapitalis-big-size.png\",\"width\":5000,\"height\":1500,\"caption\":\"Kapitalis\"},\"image\":{\"@id\":\"https:\/\/kapitalis.com\/tunisie\/#\/schema\/logo\/image\/\"},\"sameAs\":[\"https:\/\/www.facebook.com\/KapitalisInfo\/\",\"https:\/\/x.com\/KapitalisInfo\",\"https:\/\/www.youtube.com\/channel\/UC-yDYrHyfFBWWZaOw3FPg9Q\"]},{\"@type\":\"Person\",\"@id\":\"https:\/\/kapitalis.com\/tunisie\/#\/schema\/person\/74bbde0154d49d790a92aaeac5bc01d5\",\"name\":\"Yusra NY\",\"url\":\"https:\/\/kapitalis.com\/tunisie\/author\/yuza_adam\/\"}]}<\/script>\n<!-- \/ Yoast SEO plugin. -->","yoast_head_json":{"title":"Fakhfakh re\u00e7oit les membres du comit\u00e9 scientifique : Vers le renforcement du dispositif contre le coronavirus - Kapitalis","robots":{"index":"index","follow":"follow","max-snippet":"max-snippet:-1","max-image-preview":"max-image-preview:large","max-video-preview":"max-video-preview:-1"},"canonical":"https:\/\/kapitalis.com\/tunisie\/2020\/04\/13\/fakhfakh-recoit-les-membres-du-comite-scientifique-vers-le-renforcement-du-dispositif-contre-le-coronavirus\/","og_locale":"fr_FR","og_type":"article","og_title":"Fakhfakh re\u00e7oit les membres du comit\u00e9 scientifique : Vers le renforcement du dispositif contre le coronavirus - Kapitalis","og_description":"Le chef du gouvernement, Elyes Fakhfakh, a rencontr\u00e9 cet apr\u00e8s-midi, lundi 13 avril 2020, au palais de la Kasbah, les membres du comit\u00e9 scientifique de lutte contre le coronavirus, en pr\u00e9sence du ministre de la Sant\u00e9, Abdellatif Mekki.","og_url":"https:\/\/kapitalis.com\/tunisie\/2020\/04\/13\/fakhfakh-recoit-les-membres-du-comite-scientifique-vers-le-renforcement-du-dispositif-contre-le-coronavirus\/","og_site_name":"Kapitalis","article_publisher":"https:\/\/www.facebook.com\/KapitalisInfo\/","article_published_time":"2020-04-13T19:40:08+00:00","article_modified_time":"2020-04-14T06:44:55+00:00","og_image":[{"width":1200,"height":630,"url":"https:\/\/kapitalis.com\/tunisie\/wp-content\/uploads\/2022\/05\/kapitalis-logo-fb.png","type":"image\/png"}],"author":"Yusra NY","twitter_card":"summary_large_image","twitter_creator":"@KapitalisInfo","twitter_site":"@KapitalisInfo","twitter_misc":{"\u00c9crit par":"Yusra NY","Dur\u00e9e de lecture estim\u00e9e":"1 minute"},"schema":{"@context":"https:\/\/schema.org","@graph":[{"@type":"Article","@id":"https:\/\/kapitalis.com\/tunisie\/2020\/04\/13\/fakhfakh-recoit-les-membres-du-comite-scientifique-vers-le-renforcement-du-dispositif-contre-le-coronavirus\/#article","isPartOf":{"@id":"https:\/\/kapitalis.com\/tunisie\/2020\/04\/13\/fakhfakh-recoit-les-membres-du-comite-scientifique-vers-le-renforcement-du-dispositif-contre-le-coronavirus\/"},"author":{"name":"Yusra NY","@id":"https:\/\/kapitalis.com\/tunisie\/#\/schema\/person\/74bbde0154d49d790a92aaeac5bc01d5"},"headline":"Fakhfakh re\u00e7oit les membres du comit\u00e9 scientifique : Vers le renforcement du dispositif contre le coronavirus","datePublished":"2020-04-13T19:40:08+00:00","dateModified":"2020-04-14T06:44:55+00:00","mainEntityOfPage":{"@id":"https:\/\/kapitalis.com\/tunisie\/2020\/04\/13\/fakhfakh-recoit-les-membres-du-comite-scientifique-vers-le-renforcement-du-dispositif-contre-le-coronavirus\/"},"wordCount":277,"commentCount":1,"publisher":{"@id":"https:\/\/kapitalis.com\/tunisie\/#organization"},"image":{"@id":"https:\/\/kapitalis.com\/tunisie\/2020\/04\/13\/fakhfakh-recoit-les-membres-du-comite-scientifique-vers-le-renforcement-du-dispositif-contre-le-coronavirus\/#primaryimage"},"thumbnailUrl":"","keywords":["Abdellatif Mekki","comit\u00e9 scientifique","dispositif contre le coronavirus","Ely\u00e8s Fakhfakh","Sant\u00e9"],"articleSection":["POLITIQUE","Tunisie"],"inLanguage":"fr-FR","potentialAction":[{"@type":"CommentAction","name":"Comment","target":["https:\/\/kapitalis.com\/tunisie\/2020\/04\/13\/fakhfakh-recoit-les-membres-du-comite-scientifique-vers-le-renforcement-du-dispositif-contre-le-coronavirus\/#respond"]}]},{"@type":"WebPage","@id":"https:\/\/kapitalis.com\/tunisie\/2020\/04\/13\/fakhfakh-recoit-les-membres-du-comite-scientifique-vers-le-renforcement-du-dispositif-contre-le-coronavirus\/","url":"https:\/\/kapitalis.com\/tunisie\/2020\/04\/13\/fakhfakh-recoit-les-membres-du-comite-scientifique-vers-le-renforcement-du-dispositif-contre-le-coronavirus\/","name":"Fakhfakh re\u00e7oit les membres du comit\u00e9 scientifique : Vers le renforcement du dispositif contre le coronavirus - Kapitalis","isPartOf":{"@id":"https:\/\/kapitalis.com\/tunisie\/#website"},"primaryImageOfPage":{"@id":"https:\/\/kapitalis.com\/tunisie\/2020\/04\/13\/fakhfakh-recoit-les-membres-du-comite-scientifique-vers-le-renforcement-du-dispositif-contre-le-coronavirus\/#primaryimage"},"image":{"@id":"https:\/\/kapitalis.com\/tunisie\/2020\/04\/13\/fakhfakh-recoit-les-membres-du-comite-scientifique-vers-le-renforcement-du-dispositif-contre-le-coronavirus\/#primaryimage"},"thumbnailUrl":"","datePublished":"2020-04-13T19:40:08+00:00","dateModified":"2020-04-14T06:44:55+00:00","breadcrumb":{"@id":"https:\/\/kapitalis.com\/tunisie\/2020\/04\/13\/fakhfakh-recoit-les-membres-du-comite-scientifique-vers-le-renforcement-du-dispositif-contre-le-coronavirus\/#breadcrumb"},"inLanguage":"fr-FR","potentialAction":[{"@type":"ReadAction","target":["https:\/\/kapitalis.com\/tunisie\/2020\/04\/13\/fakhfakh-recoit-les-membres-du-comite-scientifique-vers-le-renforcement-du-dispositif-contre-le-coronavirus\/"]}]},{"@type":"ImageObject","inLanguage":"fr-FR","@id":"https:\/\/kapitalis.com\/tunisie\/2020\/04\/13\/fakhfakh-recoit-les-membres-du-comite-scientifique-vers-le-renforcement-du-dispositif-contre-le-coronavirus\/#primaryimage","url":"","contentUrl":""},{"@type":"BreadcrumbList","@id":"https:\/\/kapitalis.com\/tunisie\/2020\/04\/13\/fakhfakh-recoit-les-membres-du-comite-scientifique-vers-le-renforcement-du-dispositif-contre-le-coronavirus\/#breadcrumb","itemListElement":[{"@type":"ListItem","position":1,"name":"Accueil","item":"https:\/\/kapitalis.com\/tunisie\/"},{"@type":"ListItem","position":2,"name":"Fakhfakh re\u00e7oit les membres du comit\u00e9 scientifique : Vers le renforcement du dispositif contre le coronavirus"}]},{"@type":"WebSite","@id":"https:\/\/kapitalis.com\/tunisie\/#website","url":"https:\/\/kapitalis.com\/tunisie\/","name":"Kapitalis","description":"L&#039;actualit\u00e9 en Tunisie et dans le monde","publisher":{"@id":"https:\/\/kapitalis.com\/tunisie\/#organization"},"potentialAction":[{"@type":"SearchAction","target":{"@type":"EntryPoint","urlTemplate":"https:\/\/kapitalis.com\/tunisie\/?s={search_term_string}"},"query-input":{"@type":"PropertyValueSpecification","valueRequired":true,"valueName":"search_term_string"}}],"inLanguage":"fr-FR"},{"@type":"Organization","@id":"https:\/\/kapitalis.com\/tunisie\/#organization","name":"Kapitalis","url":"https:\/\/kapitalis.com\/tunisie\/","logo":{"@type":"ImageObject","inLanguage":"fr-FR","@id":"https:\/\/kapitalis.com\/tunisie\/#\/schema\/logo\/image\/","url":"https:\/\/kapitalis.com\/tunisie\/wp-content\/uploads\/2022\/05\/Kapitalis-big-size.png","contentUrl":"https:\/\/kapitalis.com\/tunisie\/wp-content\/uploads\/2022\/05\/Kapitalis-big-size.png","width":5000,"height":1500,"caption":"Kapitalis"},"image":{"@id":"https:\/\/kapitalis.com\/tunisie\/#\/schema\/logo\/image\/"},"sameAs":["https:\/\/www.facebook.com\/KapitalisInfo\/","https:\/\/x.com\/KapitalisInfo","https:\/\/www.youtube.com\/channel\/UC-yDYrHyfFBWWZaOw3FPg9Q"]},{"@type":"Person","@id":"https:\/\/kapitalis.com\/tunisie\/#\/schema\/person\/74bbde0154d49d790a92aaeac5bc01d5","name":"Yusra NY","url":"https:\/\/kapitalis.com\/tunisie\/author\/yuza_adam\/"}]}},"_links":{"self":[{"href":"https:\/\/kapitalis.com\/tunisie\/wp-json\/wp\/v2\/posts\/293985","targetHints":{"allow":["GET"]}}],"collection":[{"href":"https:\/\/kapitalis.com\/tunisie\/wp-json\/wp\/v2\/posts"}],"about":[{"href":"https:\/\/kapitalis.com\/tunisie\/wp-json\/wp\/v2\/types\/post"}],"author":[{"embeddable":true,"href":"https:\/\/kapitalis.com\/tunisie\/wp-json\/wp\/v2\/users\/6"}],"replies":[{"embeddable":true,"href":"https:\/\/kapitalis.com\/tunisie\/wp-json\/wp\/v2\/comments?post=293985"}],"version-history":[{"count":0,"href":"https:\/\/kapitalis.com\/tunisie\/wp-json\/wp\/v2\/posts\/293985\/revisions"}],"wp:featuredmedia":[{"embeddable":true,"href":"https:\/\/kapitalis.com\/tunisie\/wp-json\/wp\/v2\/media\/293988"}],"wp:attachment":[{"href":"https:\/\/kapitalis.com\/tunisie\/wp-json\/wp\/v2\/media?parent=293985"}],"wp:term":[{"taxonomy":"category","embeddable":true,"href":"https:\/\/kapitalis.com\/tunisie\/wp-json\/wp\/v2\/categories?post=293985"},{"taxonomy":"post_tag","embeddable":true,"href":"https:\/\/kapitalis.com\/tunisie\/wp-json\/wp\/v2\/tags?post=293985"}],"curies":[{"name":"wp","href":"https:\/\/api.w.org\/{rel}","templated":true}]}}