{"id":294206,"date":"2020-04-14T23:05:14","date_gmt":"2020-04-14T22:05:14","guid":{"rendered":"http:\/\/kapitalis.com\/tunisie\/?p=294206"},"modified":"2020-04-15T08:03:03","modified_gmt":"2020-04-15T07:03:03","slug":"le-tribunal-administratif-decide-le-report-de-la-reprise-des-tournages-des-feuilletons-ramadanesques","status":"publish","type":"post","link":"https:\/\/kapitalis.com\/tunisie\/2020\/04\/14\/le-tribunal-administratif-decide-le-report-de-la-reprise-des-tournages-des-feuilletons-ramadanesques\/","title":{"rendered":"Le Tribunal administratif d\u00e9cide le report de la reprise des tournages des feuilletons ramadanesques"},"content":{"rendered":"\n<figure class=\"wp-block-image size-large\"><img decoding=\"async\" src=\"http:\/\/kapitalis.com\/tunisie\/wp-content\/uploads\/2020\/04\/tournage-cin\u00e9ma.jpg\" alt=\"\" class=\"wp-image-293423\"\/><\/figure>\n\n\n\n<p><em><strong>Le Tribunal administratif a d\u00e9cid\u00e9 aujourd&rsquo;hui, mardi 14 avril 2020, la suspension provisoire de l\u2019ex\u00e9cution de la d\u00e9cision du minist\u00e8re des Affaires culturelles relative \u00e0 la reprise du tournage des feuilletons ramadanesques, lors de la p\u00e9riode de confinement g\u00e9n\u00e9ral.<\/strong><\/em><\/p>\n\n\n\n<!--more-->\n\n\n\n<p>Cette d\u00e9cision, v\u00e9ritable camouflet pour la ministre des Affaires culturelles Chiraz Laatiri, fait suite \u00e0 une plainte d\u00e9pos\u00e9e, vendredi dernier, par l\u2019Observatoire Raqabah, qui a saisi le Tribunal administratif pour demander l\u2019annulation de cette d\u00e9cision, annonc\u00e9e le 8 avril et qui a fait l&rsquo;objet de vives critiques, par plusieurs parties, certaines m\u00eame issues du secteur du cin\u00e9ma et de la t\u00e9l\u00e9vision.<\/p>\n\n\n\n<p>Le tribunal devra se prononcer ult\u00e9rieurement sur la demande d\u00e9pos\u00e9e par Raqabah pour l\u2019annulation d\u00e9finitive de cette d\u00e9cision, ajoute l\u2019observatoire.<\/p>\n\n\n\n<p>Notons que l\u2019observatoire Raqabah avait aussi adress\u00e9e une correspondance au chef du gouvernement, Elyes Fakhfakh, pour lui demander de revenir sur cette d\u00e9cision, estimant qu&rsquo;elle est contraire aux consignes sanitaires prises par les autorit\u00e9s pour lutter contre la propagation du virus et qui exige l&rsquo;observation du confinement g\u00e9n\u00e9ral par toutes les parties, y compris les producteurs de films et de feuilletons t\u00e9l\u00e9vis\u00e9s.<\/p>\n\n\n\n<p class=\"has-text-align-right\"><strong>Y. N.<\/strong><\/p>\n","protected":false},"excerpt":{"rendered":"<p>Le Tribunal administratif a d\u00e9cid\u00e9 aujourd&rsquo;hui, mardi 14 avril 2020, la suspension provisoire de l\u2019ex\u00e9cution de la d\u00e9cision du minist\u00e8re des Affaires culturelles relative \u00e0 la reprise du tournage des feuilletons ramadanesques, lors de la p\u00e9riode de confinement g\u00e9n\u00e9ral.<\/p>\n","protected":false},"author":6,"featured_media":0,"comment_status":"open","ping_status":"open","sticky":false,"template":"","format":"standard","meta":{"footnotes":""},"categories":[994,996,2433],"tags":[22395,76605,77649,612,7869,1772],"class_list":["post-294206","post","type-post","status-publish","format-standard","hentry","category-culture","category-media","category-tunisie","tag-affaires-culturelles","tag-confinement","tag-feuilletons-ramadanesques","tag-ministere","tag-tournage","tag-tribunal-administratif"],"yoast_head":"<!-- This site is optimized with the Yoast SEO plugin v26.6 - https:\/\/yoast.com\/wordpress\/plugins\/seo\/ -->\n<title>Le Tribunal administratif d\u00e9cide le report de la reprise des tournages des feuilletons ramadanesques - Kapitalis<\/title>\n<meta name=\"robots\" content=\"index, follow, max-snippet:-1, max-image-preview:large, max-video-preview:-1\" \/>\n<link rel=\"canonical\" href=\"https:\/\/kapitalis.com\/tunisie\/2020\/04\/14\/le-tribunal-administratif-decide-le-report-de-la-reprise-des-tournages-des-feuilletons-ramadanesques\/\" \/>\n<meta property=\"og:locale\" content=\"fr_FR\" \/>\n<meta property=\"og:type\" content=\"article\" \/>\n<meta property=\"og:title\" content=\"Le Tribunal administratif d\u00e9cide le report de la reprise des tournages des feuilletons ramadanesques - Kapitalis\" \/>\n<meta property=\"og:description\" content=\"Le Tribunal administratif a d\u00e9cid\u00e9 aujourd&rsquo;hui, mardi 14 avril 2020, la suspension provisoire de l\u2019ex\u00e9cution de la d\u00e9cision du minist\u00e8re des Affaires culturelles relative \u00e0 la reprise du tournage des feuilletons ramadanesques, lors de la p\u00e9riode de confinement g\u00e9n\u00e9ral.\" \/>\n<meta property=\"og:url\" content=\"https:\/\/kapitalis.com\/tunisie\/2020\/04\/14\/le-tribunal-administratif-decide-le-report-de-la-reprise-des-tournages-des-feuilletons-ramadanesques\/\" \/>\n<meta property=\"og:site_name\" content=\"Kapitalis\" \/>\n<meta property=\"article:publisher\" content=\"https:\/\/www.facebook.com\/KapitalisInfo\/\" \/>\n<meta property=\"article:published_time\" content=\"2020-04-14T22:05:14+00:00\" \/>\n<meta property=\"article:modified_time\" content=\"2020-04-15T07:03:03+00:00\" \/>\n<meta property=\"og:image\" content=\"https:\/\/kapitalis.com\/tunisie\/wp-content\/uploads\/2022\/05\/kapitalis-logo-fb.png\" \/>\n\t<meta property=\"og:image:width\" content=\"1200\" \/>\n\t<meta property=\"og:image:height\" content=\"630\" \/>\n\t<meta property=\"og:image:type\" content=\"image\/png\" \/>\n<meta name=\"author\" content=\"Yusra NY\" \/>\n<meta name=\"twitter:card\" content=\"summary_large_image\" \/>\n<meta name=\"twitter:creator\" content=\"@KapitalisInfo\" \/>\n<meta name=\"twitter:site\" content=\"@KapitalisInfo\" \/>\n<meta name=\"twitter:label1\" content=\"\u00c9crit par\" \/>\n\t<meta name=\"twitter:data1\" content=\"Yusra NY\" \/>\n\t<meta name=\"twitter:label2\" content=\"Dur\u00e9e de lecture estim\u00e9e\" \/>\n\t<meta name=\"twitter:data2\" content=\"1 minute\" \/>\n<script type=\"application\/ld+json\" class=\"yoast-schema-graph\">{\"@context\":\"https:\/\/schema.org\",\"@graph\":[{\"@type\":\"Article\",\"@id\":\"https:\/\/kapitalis.com\/tunisie\/2020\/04\/14\/le-tribunal-administratif-decide-le-report-de-la-reprise-des-tournages-des-feuilletons-ramadanesques\/#article\",\"isPartOf\":{\"@id\":\"https:\/\/kapitalis.com\/tunisie\/2020\/04\/14\/le-tribunal-administratif-decide-le-report-de-la-reprise-des-tournages-des-feuilletons-ramadanesques\/\"},\"author\":{\"name\":\"Yusra NY\",\"@id\":\"https:\/\/kapitalis.com\/tunisie\/#\/schema\/person\/74bbde0154d49d790a92aaeac5bc01d5\"},\"headline\":\"Le Tribunal administratif d\u00e9cide le report de la reprise des tournages des feuilletons ramadanesques\",\"datePublished\":\"2020-04-14T22:05:14+00:00\",\"dateModified\":\"2020-04-15T07:03:03+00:00\",\"mainEntityOfPage\":{\"@id\":\"https:\/\/kapitalis.com\/tunisie\/2020\/04\/14\/le-tribunal-administratif-decide-le-report-de-la-reprise-des-tournages-des-feuilletons-ramadanesques\/\"},\"wordCount\":230,\"commentCount\":1,\"publisher\":{\"@id\":\"https:\/\/kapitalis.com\/tunisie\/#organization\"},\"keywords\":[\"affaires culturelles\",\"confinement\",\"feuilletons ramadanesques\",\"minist\u00e8re\",\"tournage\",\"tribunal administratif\"],\"articleSection\":[\"CULTURE\",\"MEDIA\",\"Tunisie\"],\"inLanguage\":\"fr-FR\",\"potentialAction\":[{\"@type\":\"CommentAction\",\"name\":\"Comment\",\"target\":[\"https:\/\/kapitalis.com\/tunisie\/2020\/04\/14\/le-tribunal-administratif-decide-le-report-de-la-reprise-des-tournages-des-feuilletons-ramadanesques\/#respond\"]}]},{\"@type\":\"WebPage\",\"@id\":\"https:\/\/kapitalis.com\/tunisie\/2020\/04\/14\/le-tribunal-administratif-decide-le-report-de-la-reprise-des-tournages-des-feuilletons-ramadanesques\/\",\"url\":\"https:\/\/kapitalis.com\/tunisie\/2020\/04\/14\/le-tribunal-administratif-decide-le-report-de-la-reprise-des-tournages-des-feuilletons-ramadanesques\/\",\"name\":\"Le Tribunal administratif d\u00e9cide le report de la reprise des tournages des feuilletons ramadanesques - Kapitalis\",\"isPartOf\":{\"@id\":\"https:\/\/kapitalis.com\/tunisie\/#website\"},\"datePublished\":\"2020-04-14T22:05:14+00:00\",\"dateModified\":\"2020-04-15T07:03:03+00:00\",\"breadcrumb\":{\"@id\":\"https:\/\/kapitalis.com\/tunisie\/2020\/04\/14\/le-tribunal-administratif-decide-le-report-de-la-reprise-des-tournages-des-feuilletons-ramadanesques\/#breadcrumb\"},\"inLanguage\":\"fr-FR\",\"potentialAction\":[{\"@type\":\"ReadAction\",\"target\":[\"https:\/\/kapitalis.com\/tunisie\/2020\/04\/14\/le-tribunal-administratif-decide-le-report-de-la-reprise-des-tournages-des-feuilletons-ramadanesques\/\"]}]},{\"@type\":\"BreadcrumbList\",\"@id\":\"https:\/\/kapitalis.com\/tunisie\/2020\/04\/14\/le-tribunal-administratif-decide-le-report-de-la-reprise-des-tournages-des-feuilletons-ramadanesques\/#breadcrumb\",\"itemListElement\":[{\"@type\":\"ListItem\",\"position\":1,\"name\":\"Accueil\",\"item\":\"https:\/\/kapitalis.com\/tunisie\/\"},{\"@type\":\"ListItem\",\"position\":2,\"name\":\"Le Tribunal administratif d\u00e9cide le report de la reprise des tournages des feuilletons ramadanesques\"}]},{\"@type\":\"WebSite\",\"@id\":\"https:\/\/kapitalis.com\/tunisie\/#website\",\"url\":\"https:\/\/kapitalis.com\/tunisie\/\",\"name\":\"Kapitalis\",\"description\":\"L&#039;actualit\u00e9 en Tunisie et dans le monde\",\"publisher\":{\"@id\":\"https:\/\/kapitalis.com\/tunisie\/#organization\"},\"potentialAction\":[{\"@type\":\"SearchAction\",\"target\":{\"@type\":\"EntryPoint\",\"urlTemplate\":\"https:\/\/kapitalis.com\/tunisie\/?s={search_term_string}\"},\"query-input\":{\"@type\":\"PropertyValueSpecification\",\"valueRequired\":true,\"valueName\":\"search_term_string\"}}],\"inLanguage\":\"fr-FR\"},{\"@type\":\"Organization\",\"@id\":\"https:\/\/kapitalis.com\/tunisie\/#organization\",\"name\":\"Kapitalis\",\"url\":\"https:\/\/kapitalis.com\/tunisie\/\",\"logo\":{\"@type\":\"ImageObject\",\"inLanguage\":\"fr-FR\",\"@id\":\"https:\/\/kapitalis.com\/tunisie\/#\/schema\/logo\/image\/\",\"url\":\"https:\/\/kapitalis.com\/tunisie\/wp-content\/uploads\/2022\/05\/Kapitalis-big-size.png\",\"contentUrl\":\"https:\/\/kapitalis.com\/tunisie\/wp-content\/uploads\/2022\/05\/Kapitalis-big-size.png\",\"width\":5000,\"height\":1500,\"caption\":\"Kapitalis\"},\"image\":{\"@id\":\"https:\/\/kapitalis.com\/tunisie\/#\/schema\/logo\/image\/\"},\"sameAs\":[\"https:\/\/www.facebook.com\/KapitalisInfo\/\",\"https:\/\/x.com\/KapitalisInfo\",\"https:\/\/www.youtube.com\/channel\/UC-yDYrHyfFBWWZaOw3FPg9Q\"]},{\"@type\":\"Person\",\"@id\":\"https:\/\/kapitalis.com\/tunisie\/#\/schema\/person\/74bbde0154d49d790a92aaeac5bc01d5\",\"name\":\"Yusra NY\",\"url\":\"https:\/\/kapitalis.com\/tunisie\/author\/yuza_adam\/\"}]}<\/script>\n<!-- \/ Yoast SEO plugin. -->","yoast_head_json":{"title":"Le Tribunal administratif d\u00e9cide le report de la reprise des tournages des feuilletons ramadanesques - Kapitalis","robots":{"index":"index","follow":"follow","max-snippet":"max-snippet:-1","max-image-preview":"max-image-preview:large","max-video-preview":"max-video-preview:-1"},"canonical":"https:\/\/kapitalis.com\/tunisie\/2020\/04\/14\/le-tribunal-administratif-decide-le-report-de-la-reprise-des-tournages-des-feuilletons-ramadanesques\/","og_locale":"fr_FR","og_type":"article","og_title":"Le Tribunal administratif d\u00e9cide le report de la reprise des tournages des feuilletons ramadanesques - Kapitalis","og_description":"Le Tribunal administratif a d\u00e9cid\u00e9 aujourd&rsquo;hui, mardi 14 avril 2020, la suspension provisoire de l\u2019ex\u00e9cution de la d\u00e9cision du minist\u00e8re des Affaires culturelles relative \u00e0 la reprise du tournage des feuilletons ramadanesques, lors de la p\u00e9riode de confinement g\u00e9n\u00e9ral.","og_url":"https:\/\/kapitalis.com\/tunisie\/2020\/04\/14\/le-tribunal-administratif-decide-le-report-de-la-reprise-des-tournages-des-feuilletons-ramadanesques\/","og_site_name":"Kapitalis","article_publisher":"https:\/\/www.facebook.com\/KapitalisInfo\/","article_published_time":"2020-04-14T22:05:14+00:00","article_modified_time":"2020-04-15T07:03:03+00:00","og_image":[{"width":1200,"height":630,"url":"https:\/\/kapitalis.com\/tunisie\/wp-content\/uploads\/2022\/05\/kapitalis-logo-fb.png","type":"image\/png"}],"author":"Yusra NY","twitter_card":"summary_large_image","twitter_creator":"@KapitalisInfo","twitter_site":"@KapitalisInfo","twitter_misc":{"\u00c9crit par":"Yusra NY","Dur\u00e9e de lecture estim\u00e9e":"1 minute"},"schema":{"@context":"https:\/\/schema.org","@graph":[{"@type":"Article","@id":"https:\/\/kapitalis.com\/tunisie\/2020\/04\/14\/le-tribunal-administratif-decide-le-report-de-la-reprise-des-tournages-des-feuilletons-ramadanesques\/#article","isPartOf":{"@id":"https:\/\/kapitalis.com\/tunisie\/2020\/04\/14\/le-tribunal-administratif-decide-le-report-de-la-reprise-des-tournages-des-feuilletons-ramadanesques\/"},"author":{"name":"Yusra NY","@id":"https:\/\/kapitalis.com\/tunisie\/#\/schema\/person\/74bbde0154d49d790a92aaeac5bc01d5"},"headline":"Le Tribunal administratif d\u00e9cide le report de la reprise des tournages des feuilletons ramadanesques","datePublished":"2020-04-14T22:05:14+00:00","dateModified":"2020-04-15T07:03:03+00:00","mainEntityOfPage":{"@id":"https:\/\/kapitalis.com\/tunisie\/2020\/04\/14\/le-tribunal-administratif-decide-le-report-de-la-reprise-des-tournages-des-feuilletons-ramadanesques\/"},"wordCount":230,"commentCount":1,"publisher":{"@id":"https:\/\/kapitalis.com\/tunisie\/#organization"},"keywords":["affaires culturelles","confinement","feuilletons ramadanesques","minist\u00e8re","tournage","tribunal administratif"],"articleSection":["CULTURE","MEDIA","Tunisie"],"inLanguage":"fr-FR","potentialAction":[{"@type":"CommentAction","name":"Comment","target":["https:\/\/kapitalis.com\/tunisie\/2020\/04\/14\/le-tribunal-administratif-decide-le-report-de-la-reprise-des-tournages-des-feuilletons-ramadanesques\/#respond"]}]},{"@type":"WebPage","@id":"https:\/\/kapitalis.com\/tunisie\/2020\/04\/14\/le-tribunal-administratif-decide-le-report-de-la-reprise-des-tournages-des-feuilletons-ramadanesques\/","url":"https:\/\/kapitalis.com\/tunisie\/2020\/04\/14\/le-tribunal-administratif-decide-le-report-de-la-reprise-des-tournages-des-feuilletons-ramadanesques\/","name":"Le Tribunal administratif d\u00e9cide le report de la reprise des tournages des feuilletons ramadanesques - Kapitalis","isPartOf":{"@id":"https:\/\/kapitalis.com\/tunisie\/#website"},"datePublished":"2020-04-14T22:05:14+00:00","dateModified":"2020-04-15T07:03:03+00:00","breadcrumb":{"@id":"https:\/\/kapitalis.com\/tunisie\/2020\/04\/14\/le-tribunal-administratif-decide-le-report-de-la-reprise-des-tournages-des-feuilletons-ramadanesques\/#breadcrumb"},"inLanguage":"fr-FR","potentialAction":[{"@type":"ReadAction","target":["https:\/\/kapitalis.com\/tunisie\/2020\/04\/14\/le-tribunal-administratif-decide-le-report-de-la-reprise-des-tournages-des-feuilletons-ramadanesques\/"]}]},{"@type":"BreadcrumbList","@id":"https:\/\/kapitalis.com\/tunisie\/2020\/04\/14\/le-tribunal-administratif-decide-le-report-de-la-reprise-des-tournages-des-feuilletons-ramadanesques\/#breadcrumb","itemListElement":[{"@type":"ListItem","position":1,"name":"Accueil","item":"https:\/\/kapitalis.com\/tunisie\/"},{"@type":"ListItem","position":2,"name":"Le Tribunal administratif d\u00e9cide le report de la reprise des tournages des feuilletons ramadanesques"}]},{"@type":"WebSite","@id":"https:\/\/kapitalis.com\/tunisie\/#website","url":"https:\/\/kapitalis.com\/tunisie\/","name":"Kapitalis","description":"L&#039;actualit\u00e9 en Tunisie et dans le monde","publisher":{"@id":"https:\/\/kapitalis.com\/tunisie\/#organization"},"potentialAction":[{"@type":"SearchAction","target":{"@type":"EntryPoint","urlTemplate":"https:\/\/kapitalis.com\/tunisie\/?s={search_term_string}"},"query-input":{"@type":"PropertyValueSpecification","valueRequired":true,"valueName":"search_term_string"}}],"inLanguage":"fr-FR"},{"@type":"Organization","@id":"https:\/\/kapitalis.com\/tunisie\/#organization","name":"Kapitalis","url":"https:\/\/kapitalis.com\/tunisie\/","logo":{"@type":"ImageObject","inLanguage":"fr-FR","@id":"https:\/\/kapitalis.com\/tunisie\/#\/schema\/logo\/image\/","url":"https:\/\/kapitalis.com\/tunisie\/wp-content\/uploads\/2022\/05\/Kapitalis-big-size.png","contentUrl":"https:\/\/kapitalis.com\/tunisie\/wp-content\/uploads\/2022\/05\/Kapitalis-big-size.png","width":5000,"height":1500,"caption":"Kapitalis"},"image":{"@id":"https:\/\/kapitalis.com\/tunisie\/#\/schema\/logo\/image\/"},"sameAs":["https:\/\/www.facebook.com\/KapitalisInfo\/","https:\/\/x.com\/KapitalisInfo","https:\/\/www.youtube.com\/channel\/UC-yDYrHyfFBWWZaOw3FPg9Q"]},{"@type":"Person","@id":"https:\/\/kapitalis.com\/tunisie\/#\/schema\/person\/74bbde0154d49d790a92aaeac5bc01d5","name":"Yusra NY","url":"https:\/\/kapitalis.com\/tunisie\/author\/yuza_adam\/"}]}},"_links":{"self":[{"href":"https:\/\/kapitalis.com\/tunisie\/wp-json\/wp\/v2\/posts\/294206","targetHints":{"allow":["GET"]}}],"collection":[{"href":"https:\/\/kapitalis.com\/tunisie\/wp-json\/wp\/v2\/posts"}],"about":[{"href":"https:\/\/kapitalis.com\/tunisie\/wp-json\/wp\/v2\/types\/post"}],"author":[{"embeddable":true,"href":"https:\/\/kapitalis.com\/tunisie\/wp-json\/wp\/v2\/users\/6"}],"replies":[{"embeddable":true,"href":"https:\/\/kapitalis.com\/tunisie\/wp-json\/wp\/v2\/comments?post=294206"}],"version-history":[{"count":0,"href":"https:\/\/kapitalis.com\/tunisie\/wp-json\/wp\/v2\/posts\/294206\/revisions"}],"wp:attachment":[{"href":"https:\/\/kapitalis.com\/tunisie\/wp-json\/wp\/v2\/media?parent=294206"}],"wp:term":[{"taxonomy":"category","embeddable":true,"href":"https:\/\/kapitalis.com\/tunisie\/wp-json\/wp\/v2\/categories?post=294206"},{"taxonomy":"post_tag","embeddable":true,"href":"https:\/\/kapitalis.com\/tunisie\/wp-json\/wp\/v2\/tags?post=294206"}],"curies":[{"name":"wp","href":"https:\/\/api.w.org\/{rel}","templated":true}]}}