{"id":294662,"date":"2020-04-17T10:31:59","date_gmt":"2020-04-17T09:31:59","guid":{"rendered":"http:\/\/kapitalis.com\/tunisie\/?p=294662"},"modified":"2020-04-17T11:37:45","modified_gmt":"2020-04-17T10:37:45","slug":"abdellatif-mekki-on-soriente-vers-linstallation-de-nouveaux-laboratoires-dans-les-regions","status":"publish","type":"post","link":"https:\/\/kapitalis.com\/tunisie\/2020\/04\/17\/abdellatif-mekki-on-soriente-vers-linstallation-de-nouveaux-laboratoires-dans-les-regions\/","title":{"rendered":"Abdellatif Mekki : On s&rsquo;oriente vers l&rsquo;installation de nouveaux laboratoires dans les r\u00e9gions"},"content":{"rendered":"\n<figure class=\"wp-block-image size-large\"><img decoding=\"async\" src=\"http:\/\/kapitalis.com\/tunisie\/wp-content\/uploads\/2020\/04\/tests-covid-19.jpg\" alt=\"\" class=\"wp-image-294474\"\/><\/figure>\n\n\n\n<p><strong><em>Le ministre de la Sant\u00e9 publique, Abdellatif Mekki, a indiqu\u00e9, ce matin du vendredi 17 avril 2020, que son d\u00e9partement travaille actuellement sur le lancement d&rsquo;un plus grand nombre de laboratoires de d\u00e9pistage du coronavirus dans les diff\u00e9rentes r\u00e9gions tunisiennes.<\/em><\/strong><\/p>\n\n\n\n<!--more-->\n\n\n\n<p>Mekki a, par ailleurs, pr\u00e9cis\u00e9, dans un poste facebook, que l&rsquo;objectif du minist\u00e8re est d\u2019\u00e9lever la capacit\u00e9 nationale de d\u00e9pistage et de r\u00e9duire les distances parcourues pour faire parvenir les \u00e9chantillons.\u00a0<\/p>\n\n\n\n<p>Le ministre a notamment insist\u00e9 sur le fait que les laboratoires (actuels et futurs) ne sont pas sp\u00e9cifiques aux r\u00e9gions dans lesquels ils se trouvent et que les analyses leur sont distribu\u00e9es selon leurs capacit\u00e9s, tout en prenant en compte la proximit\u00e9 g\u00e9ographique. <\/p>\n\n\n\n<p>Il n&rsquo;y a donc pas de strat\u00e9gies r\u00e9gionales par rapport au d\u00e9pistage de la Covid-19.<\/p>\n\n\n\n<p>Rappelons qu&rsquo;actuellement, 6 laboratoires effectuent les analyses quotidiennes de coronavirus : \u00e0 l&rsquo;h\u00f4pital Charles-Nicolle (Tunis), \u00e0 l&rsquo;Institut Pasteur (Tunis), \u00e0 l&rsquo;h\u00f4pital Fattouma-Bourguiba (Monastir), \u00e0 l&rsquo;h\u00f4pital Farhat-Hached (Sousse), \u00e0 l&rsquo;h\u00f4pital Habib-Bourguiba (Sfax), en plus du laboratoire mobile rattach\u00e9 au minist\u00e8re de la D\u00e9fense nationale.<\/p>\n\n\n\n<p class=\"has-text-align-right\"><strong>C. B. Y.<\/strong><\/p>\n","protected":false},"excerpt":{"rendered":"<p>Le ministre de la Sant\u00e9 publique, Abdellatif Mekki, a indiqu\u00e9, ce matin du vendredi 17 avril 2020, que son d\u00e9partement travaille actuellement sur le lancement d&rsquo;un plus grand nombre de laboratoires de d\u00e9pistage du coronavirus dans les diff\u00e9rentes r\u00e9gions tunisiennes.<\/p>\n","protected":false},"author":24,"featured_media":0,"comment_status":"open","ping_status":"open","sticky":false,"template":"","format":"standard","meta":{"footnotes":""},"categories":[998,2433],"tags":[17,76976,77454,77899,77678,487],"class_list":["post-294662","post","type-post","status-publish","format-standard","hentry","category-societe","category-tunisie","tag-abdellatif-mekki","tag-charles-nicolle-2","tag-farhat-hached-2","tag-fattouma-bourguiba-2","tag-habib-bourguiba-2","tag-institut-pasteur"],"yoast_head":"<!-- This site is optimized with the Yoast SEO plugin v26.6 - https:\/\/yoast.com\/wordpress\/plugins\/seo\/ -->\n<title>Abdellatif Mekki : On s&#039;oriente vers l&#039;installation de nouveaux laboratoires dans les r\u00e9gions - Kapitalis<\/title>\n<meta name=\"robots\" content=\"index, follow, max-snippet:-1, max-image-preview:large, max-video-preview:-1\" \/>\n<link rel=\"canonical\" href=\"https:\/\/kapitalis.com\/tunisie\/2020\/04\/17\/abdellatif-mekki-on-soriente-vers-linstallation-de-nouveaux-laboratoires-dans-les-regions\/\" \/>\n<meta property=\"og:locale\" content=\"fr_FR\" \/>\n<meta property=\"og:type\" content=\"article\" \/>\n<meta property=\"og:title\" content=\"Abdellatif Mekki : On s&#039;oriente vers l&#039;installation de nouveaux laboratoires dans les r\u00e9gions - Kapitalis\" \/>\n<meta property=\"og:description\" content=\"Le ministre de la Sant\u00e9 publique, Abdellatif Mekki, a indiqu\u00e9, ce matin du vendredi 17 avril 2020, que son d\u00e9partement travaille actuellement sur le lancement d&rsquo;un plus grand nombre de laboratoires de d\u00e9pistage du coronavirus dans les diff\u00e9rentes r\u00e9gions tunisiennes.\" \/>\n<meta property=\"og:url\" content=\"https:\/\/kapitalis.com\/tunisie\/2020\/04\/17\/abdellatif-mekki-on-soriente-vers-linstallation-de-nouveaux-laboratoires-dans-les-regions\/\" \/>\n<meta property=\"og:site_name\" content=\"Kapitalis\" \/>\n<meta property=\"article:publisher\" content=\"https:\/\/www.facebook.com\/KapitalisInfo\/\" \/>\n<meta property=\"article:published_time\" content=\"2020-04-17T09:31:59+00:00\" \/>\n<meta property=\"article:modified_time\" content=\"2020-04-17T10:37:45+00:00\" \/>\n<meta property=\"og:image\" content=\"http:\/\/kapitalis.com\/tunisie\/wp-content\/uploads\/2020\/04\/tests-covid-19.jpg\" \/>\n<meta name=\"author\" content=\"Cherif Benyounes\" \/>\n<meta name=\"twitter:card\" content=\"summary_large_image\" \/>\n<meta name=\"twitter:creator\" content=\"@KapitalisInfo\" \/>\n<meta name=\"twitter:site\" content=\"@KapitalisInfo\" \/>\n<meta name=\"twitter:label1\" content=\"\u00c9crit par\" \/>\n\t<meta name=\"twitter:data1\" content=\"Cherif Benyounes\" \/>\n\t<meta name=\"twitter:label2\" content=\"Dur\u00e9e de lecture estim\u00e9e\" \/>\n\t<meta name=\"twitter:data2\" content=\"1 minute\" \/>\n<script type=\"application\/ld+json\" class=\"yoast-schema-graph\">{\"@context\":\"https:\/\/schema.org\",\"@graph\":[{\"@type\":\"Article\",\"@id\":\"https:\/\/kapitalis.com\/tunisie\/2020\/04\/17\/abdellatif-mekki-on-soriente-vers-linstallation-de-nouveaux-laboratoires-dans-les-regions\/#article\",\"isPartOf\":{\"@id\":\"https:\/\/kapitalis.com\/tunisie\/2020\/04\/17\/abdellatif-mekki-on-soriente-vers-linstallation-de-nouveaux-laboratoires-dans-les-regions\/\"},\"author\":{\"name\":\"Cherif Benyounes\",\"@id\":\"https:\/\/kapitalis.com\/tunisie\/#\/schema\/person\/b35b8d631961131107263178aeb8019e\"},\"headline\":\"Abdellatif Mekki : On s&rsquo;oriente vers l&rsquo;installation de nouveaux laboratoires dans les r\u00e9gions\",\"datePublished\":\"2020-04-17T09:31:59+00:00\",\"dateModified\":\"2020-04-17T10:37:45+00:00\",\"mainEntityOfPage\":{\"@id\":\"https:\/\/kapitalis.com\/tunisie\/2020\/04\/17\/abdellatif-mekki-on-soriente-vers-linstallation-de-nouveaux-laboratoires-dans-les-regions\/\"},\"wordCount\":202,\"commentCount\":1,\"publisher\":{\"@id\":\"https:\/\/kapitalis.com\/tunisie\/#organization\"},\"image\":{\"@id\":\"https:\/\/kapitalis.com\/tunisie\/2020\/04\/17\/abdellatif-mekki-on-soriente-vers-linstallation-de-nouveaux-laboratoires-dans-les-regions\/#primaryimage\"},\"thumbnailUrl\":\"http:\/\/kapitalis.com\/tunisie\/wp-content\/uploads\/2020\/04\/tests-covid-19.jpg\",\"keywords\":[\"Abdellatif Mekki\",\"charles-nicolle\",\"Farhat-Hached\",\"Fattouma-Bourguiba\",\"habib-bourguiba\",\"Institut Pasteur\"],\"articleSection\":[\"SOCIETE\",\"Tunisie\"],\"inLanguage\":\"fr-FR\",\"potentialAction\":[{\"@type\":\"CommentAction\",\"name\":\"Comment\",\"target\":[\"https:\/\/kapitalis.com\/tunisie\/2020\/04\/17\/abdellatif-mekki-on-soriente-vers-linstallation-de-nouveaux-laboratoires-dans-les-regions\/#respond\"]}]},{\"@type\":\"WebPage\",\"@id\":\"https:\/\/kapitalis.com\/tunisie\/2020\/04\/17\/abdellatif-mekki-on-soriente-vers-linstallation-de-nouveaux-laboratoires-dans-les-regions\/\",\"url\":\"https:\/\/kapitalis.com\/tunisie\/2020\/04\/17\/abdellatif-mekki-on-soriente-vers-linstallation-de-nouveaux-laboratoires-dans-les-regions\/\",\"name\":\"Abdellatif Mekki : On s'oriente vers l'installation de nouveaux laboratoires dans les r\u00e9gions - Kapitalis\",\"isPartOf\":{\"@id\":\"https:\/\/kapitalis.com\/tunisie\/#website\"},\"primaryImageOfPage\":{\"@id\":\"https:\/\/kapitalis.com\/tunisie\/2020\/04\/17\/abdellatif-mekki-on-soriente-vers-linstallation-de-nouveaux-laboratoires-dans-les-regions\/#primaryimage\"},\"image\":{\"@id\":\"https:\/\/kapitalis.com\/tunisie\/2020\/04\/17\/abdellatif-mekki-on-soriente-vers-linstallation-de-nouveaux-laboratoires-dans-les-regions\/#primaryimage\"},\"thumbnailUrl\":\"http:\/\/kapitalis.com\/tunisie\/wp-content\/uploads\/2020\/04\/tests-covid-19.jpg\",\"datePublished\":\"2020-04-17T09:31:59+00:00\",\"dateModified\":\"2020-04-17T10:37:45+00:00\",\"breadcrumb\":{\"@id\":\"https:\/\/kapitalis.com\/tunisie\/2020\/04\/17\/abdellatif-mekki-on-soriente-vers-linstallation-de-nouveaux-laboratoires-dans-les-regions\/#breadcrumb\"},\"inLanguage\":\"fr-FR\",\"potentialAction\":[{\"@type\":\"ReadAction\",\"target\":[\"https:\/\/kapitalis.com\/tunisie\/2020\/04\/17\/abdellatif-mekki-on-soriente-vers-linstallation-de-nouveaux-laboratoires-dans-les-regions\/\"]}]},{\"@type\":\"ImageObject\",\"inLanguage\":\"fr-FR\",\"@id\":\"https:\/\/kapitalis.com\/tunisie\/2020\/04\/17\/abdellatif-mekki-on-soriente-vers-linstallation-de-nouveaux-laboratoires-dans-les-regions\/#primaryimage\",\"url\":\"\",\"contentUrl\":\"\"},{\"@type\":\"BreadcrumbList\",\"@id\":\"https:\/\/kapitalis.com\/tunisie\/2020\/04\/17\/abdellatif-mekki-on-soriente-vers-linstallation-de-nouveaux-laboratoires-dans-les-regions\/#breadcrumb\",\"itemListElement\":[{\"@type\":\"ListItem\",\"position\":1,\"name\":\"Accueil\",\"item\":\"https:\/\/kapitalis.com\/tunisie\/\"},{\"@type\":\"ListItem\",\"position\":2,\"name\":\"Abdellatif Mekki : On s&rsquo;oriente vers l&rsquo;installation de nouveaux laboratoires dans les r\u00e9gions\"}]},{\"@type\":\"WebSite\",\"@id\":\"https:\/\/kapitalis.com\/tunisie\/#website\",\"url\":\"https:\/\/kapitalis.com\/tunisie\/\",\"name\":\"Kapitalis\",\"description\":\"L&#039;actualit\u00e9 en Tunisie et dans le monde\",\"publisher\":{\"@id\":\"https:\/\/kapitalis.com\/tunisie\/#organization\"},\"potentialAction\":[{\"@type\":\"SearchAction\",\"target\":{\"@type\":\"EntryPoint\",\"urlTemplate\":\"https:\/\/kapitalis.com\/tunisie\/?s={search_term_string}\"},\"query-input\":{\"@type\":\"PropertyValueSpecification\",\"valueRequired\":true,\"valueName\":\"search_term_string\"}}],\"inLanguage\":\"fr-FR\"},{\"@type\":\"Organization\",\"@id\":\"https:\/\/kapitalis.com\/tunisie\/#organization\",\"name\":\"Kapitalis\",\"url\":\"https:\/\/kapitalis.com\/tunisie\/\",\"logo\":{\"@type\":\"ImageObject\",\"inLanguage\":\"fr-FR\",\"@id\":\"https:\/\/kapitalis.com\/tunisie\/#\/schema\/logo\/image\/\",\"url\":\"https:\/\/kapitalis.com\/tunisie\/wp-content\/uploads\/2022\/05\/Kapitalis-big-size.png\",\"contentUrl\":\"https:\/\/kapitalis.com\/tunisie\/wp-content\/uploads\/2022\/05\/Kapitalis-big-size.png\",\"width\":5000,\"height\":1500,\"caption\":\"Kapitalis\"},\"image\":{\"@id\":\"https:\/\/kapitalis.com\/tunisie\/#\/schema\/logo\/image\/\"},\"sameAs\":[\"https:\/\/www.facebook.com\/KapitalisInfo\/\",\"https:\/\/x.com\/KapitalisInfo\",\"https:\/\/www.youtube.com\/channel\/UC-yDYrHyfFBWWZaOw3FPg9Q\"]},{\"@type\":\"Person\",\"@id\":\"https:\/\/kapitalis.com\/tunisie\/#\/schema\/person\/b35b8d631961131107263178aeb8019e\",\"name\":\"Cherif Benyounes\",\"url\":\"https:\/\/kapitalis.com\/tunisie\/author\/cherif\/\"}]}<\/script>\n<!-- \/ Yoast SEO plugin. -->","yoast_head_json":{"title":"Abdellatif Mekki : On s'oriente vers l'installation de nouveaux laboratoires dans les r\u00e9gions - Kapitalis","robots":{"index":"index","follow":"follow","max-snippet":"max-snippet:-1","max-image-preview":"max-image-preview:large","max-video-preview":"max-video-preview:-1"},"canonical":"https:\/\/kapitalis.com\/tunisie\/2020\/04\/17\/abdellatif-mekki-on-soriente-vers-linstallation-de-nouveaux-laboratoires-dans-les-regions\/","og_locale":"fr_FR","og_type":"article","og_title":"Abdellatif Mekki : On s'oriente vers l'installation de nouveaux laboratoires dans les r\u00e9gions - Kapitalis","og_description":"Le ministre de la Sant\u00e9 publique, Abdellatif Mekki, a indiqu\u00e9, ce matin du vendredi 17 avril 2020, que son d\u00e9partement travaille actuellement sur le lancement d&rsquo;un plus grand nombre de laboratoires de d\u00e9pistage du coronavirus dans les diff\u00e9rentes r\u00e9gions tunisiennes.","og_url":"https:\/\/kapitalis.com\/tunisie\/2020\/04\/17\/abdellatif-mekki-on-soriente-vers-linstallation-de-nouveaux-laboratoires-dans-les-regions\/","og_site_name":"Kapitalis","article_publisher":"https:\/\/www.facebook.com\/KapitalisInfo\/","article_published_time":"2020-04-17T09:31:59+00:00","article_modified_time":"2020-04-17T10:37:45+00:00","og_image":[{"url":"http:\/\/kapitalis.com\/tunisie\/wp-content\/uploads\/2020\/04\/tests-covid-19.jpg","type":"","width":"","height":""}],"author":"Cherif Benyounes","twitter_card":"summary_large_image","twitter_creator":"@KapitalisInfo","twitter_site":"@KapitalisInfo","twitter_misc":{"\u00c9crit par":"Cherif Benyounes","Dur\u00e9e de lecture estim\u00e9e":"1 minute"},"schema":{"@context":"https:\/\/schema.org","@graph":[{"@type":"Article","@id":"https:\/\/kapitalis.com\/tunisie\/2020\/04\/17\/abdellatif-mekki-on-soriente-vers-linstallation-de-nouveaux-laboratoires-dans-les-regions\/#article","isPartOf":{"@id":"https:\/\/kapitalis.com\/tunisie\/2020\/04\/17\/abdellatif-mekki-on-soriente-vers-linstallation-de-nouveaux-laboratoires-dans-les-regions\/"},"author":{"name":"Cherif Benyounes","@id":"https:\/\/kapitalis.com\/tunisie\/#\/schema\/person\/b35b8d631961131107263178aeb8019e"},"headline":"Abdellatif Mekki : On s&rsquo;oriente vers l&rsquo;installation de nouveaux laboratoires dans les r\u00e9gions","datePublished":"2020-04-17T09:31:59+00:00","dateModified":"2020-04-17T10:37:45+00:00","mainEntityOfPage":{"@id":"https:\/\/kapitalis.com\/tunisie\/2020\/04\/17\/abdellatif-mekki-on-soriente-vers-linstallation-de-nouveaux-laboratoires-dans-les-regions\/"},"wordCount":202,"commentCount":1,"publisher":{"@id":"https:\/\/kapitalis.com\/tunisie\/#organization"},"image":{"@id":"https:\/\/kapitalis.com\/tunisie\/2020\/04\/17\/abdellatif-mekki-on-soriente-vers-linstallation-de-nouveaux-laboratoires-dans-les-regions\/#primaryimage"},"thumbnailUrl":"http:\/\/kapitalis.com\/tunisie\/wp-content\/uploads\/2020\/04\/tests-covid-19.jpg","keywords":["Abdellatif Mekki","charles-nicolle","Farhat-Hached","Fattouma-Bourguiba","habib-bourguiba","Institut Pasteur"],"articleSection":["SOCIETE","Tunisie"],"inLanguage":"fr-FR","potentialAction":[{"@type":"CommentAction","name":"Comment","target":["https:\/\/kapitalis.com\/tunisie\/2020\/04\/17\/abdellatif-mekki-on-soriente-vers-linstallation-de-nouveaux-laboratoires-dans-les-regions\/#respond"]}]},{"@type":"WebPage","@id":"https:\/\/kapitalis.com\/tunisie\/2020\/04\/17\/abdellatif-mekki-on-soriente-vers-linstallation-de-nouveaux-laboratoires-dans-les-regions\/","url":"https:\/\/kapitalis.com\/tunisie\/2020\/04\/17\/abdellatif-mekki-on-soriente-vers-linstallation-de-nouveaux-laboratoires-dans-les-regions\/","name":"Abdellatif Mekki : On s'oriente vers l'installation de nouveaux laboratoires dans les r\u00e9gions - Kapitalis","isPartOf":{"@id":"https:\/\/kapitalis.com\/tunisie\/#website"},"primaryImageOfPage":{"@id":"https:\/\/kapitalis.com\/tunisie\/2020\/04\/17\/abdellatif-mekki-on-soriente-vers-linstallation-de-nouveaux-laboratoires-dans-les-regions\/#primaryimage"},"image":{"@id":"https:\/\/kapitalis.com\/tunisie\/2020\/04\/17\/abdellatif-mekki-on-soriente-vers-linstallation-de-nouveaux-laboratoires-dans-les-regions\/#primaryimage"},"thumbnailUrl":"http:\/\/kapitalis.com\/tunisie\/wp-content\/uploads\/2020\/04\/tests-covid-19.jpg","datePublished":"2020-04-17T09:31:59+00:00","dateModified":"2020-04-17T10:37:45+00:00","breadcrumb":{"@id":"https:\/\/kapitalis.com\/tunisie\/2020\/04\/17\/abdellatif-mekki-on-soriente-vers-linstallation-de-nouveaux-laboratoires-dans-les-regions\/#breadcrumb"},"inLanguage":"fr-FR","potentialAction":[{"@type":"ReadAction","target":["https:\/\/kapitalis.com\/tunisie\/2020\/04\/17\/abdellatif-mekki-on-soriente-vers-linstallation-de-nouveaux-laboratoires-dans-les-regions\/"]}]},{"@type":"ImageObject","inLanguage":"fr-FR","@id":"https:\/\/kapitalis.com\/tunisie\/2020\/04\/17\/abdellatif-mekki-on-soriente-vers-linstallation-de-nouveaux-laboratoires-dans-les-regions\/#primaryimage","url":"","contentUrl":""},{"@type":"BreadcrumbList","@id":"https:\/\/kapitalis.com\/tunisie\/2020\/04\/17\/abdellatif-mekki-on-soriente-vers-linstallation-de-nouveaux-laboratoires-dans-les-regions\/#breadcrumb","itemListElement":[{"@type":"ListItem","position":1,"name":"Accueil","item":"https:\/\/kapitalis.com\/tunisie\/"},{"@type":"ListItem","position":2,"name":"Abdellatif Mekki : On s&rsquo;oriente vers l&rsquo;installation de nouveaux laboratoires dans les r\u00e9gions"}]},{"@type":"WebSite","@id":"https:\/\/kapitalis.com\/tunisie\/#website","url":"https:\/\/kapitalis.com\/tunisie\/","name":"Kapitalis","description":"L&#039;actualit\u00e9 en Tunisie et dans le monde","publisher":{"@id":"https:\/\/kapitalis.com\/tunisie\/#organization"},"potentialAction":[{"@type":"SearchAction","target":{"@type":"EntryPoint","urlTemplate":"https:\/\/kapitalis.com\/tunisie\/?s={search_term_string}"},"query-input":{"@type":"PropertyValueSpecification","valueRequired":true,"valueName":"search_term_string"}}],"inLanguage":"fr-FR"},{"@type":"Organization","@id":"https:\/\/kapitalis.com\/tunisie\/#organization","name":"Kapitalis","url":"https:\/\/kapitalis.com\/tunisie\/","logo":{"@type":"ImageObject","inLanguage":"fr-FR","@id":"https:\/\/kapitalis.com\/tunisie\/#\/schema\/logo\/image\/","url":"https:\/\/kapitalis.com\/tunisie\/wp-content\/uploads\/2022\/05\/Kapitalis-big-size.png","contentUrl":"https:\/\/kapitalis.com\/tunisie\/wp-content\/uploads\/2022\/05\/Kapitalis-big-size.png","width":5000,"height":1500,"caption":"Kapitalis"},"image":{"@id":"https:\/\/kapitalis.com\/tunisie\/#\/schema\/logo\/image\/"},"sameAs":["https:\/\/www.facebook.com\/KapitalisInfo\/","https:\/\/x.com\/KapitalisInfo","https:\/\/www.youtube.com\/channel\/UC-yDYrHyfFBWWZaOw3FPg9Q"]},{"@type":"Person","@id":"https:\/\/kapitalis.com\/tunisie\/#\/schema\/person\/b35b8d631961131107263178aeb8019e","name":"Cherif Benyounes","url":"https:\/\/kapitalis.com\/tunisie\/author\/cherif\/"}]}},"_links":{"self":[{"href":"https:\/\/kapitalis.com\/tunisie\/wp-json\/wp\/v2\/posts\/294662","targetHints":{"allow":["GET"]}}],"collection":[{"href":"https:\/\/kapitalis.com\/tunisie\/wp-json\/wp\/v2\/posts"}],"about":[{"href":"https:\/\/kapitalis.com\/tunisie\/wp-json\/wp\/v2\/types\/post"}],"author":[{"embeddable":true,"href":"https:\/\/kapitalis.com\/tunisie\/wp-json\/wp\/v2\/users\/24"}],"replies":[{"embeddable":true,"href":"https:\/\/kapitalis.com\/tunisie\/wp-json\/wp\/v2\/comments?post=294662"}],"version-history":[{"count":0,"href":"https:\/\/kapitalis.com\/tunisie\/wp-json\/wp\/v2\/posts\/294662\/revisions"}],"wp:attachment":[{"href":"https:\/\/kapitalis.com\/tunisie\/wp-json\/wp\/v2\/media?parent=294662"}],"wp:term":[{"taxonomy":"category","embeddable":true,"href":"https:\/\/kapitalis.com\/tunisie\/wp-json\/wp\/v2\/categories?post=294662"},{"taxonomy":"post_tag","embeddable":true,"href":"https:\/\/kapitalis.com\/tunisie\/wp-json\/wp\/v2\/tags?post=294662"}],"curies":[{"name":"wp","href":"https:\/\/api.w.org\/{rel}","templated":true}]}}