{"id":29468,"date":"2015-12-09T14:42:43","date_gmt":"2015-12-09T13:42:43","guid":{"rendered":"http:\/\/kapitalis.com\/tunisie\/?p=29468"},"modified":"2015-12-09T17:40:32","modified_gmt":"2015-12-09T16:40:32","slug":"arrestation-de-10-takfiristes-dont-3-eleves-a-sbiba","status":"publish","type":"post","link":"https:\/\/kapitalis.com\/tunisie\/2015\/12\/09\/arrestation-de-10-takfiristes-dont-3-eleves-a-sbiba\/","title":{"rendered":"Arrestation de 10 takfiristes dont 3 \u00e9l\u00e8ves \u00e0 Sbiba"},"content":{"rendered":"<p><img loading=\"lazy\" decoding=\"async\" class=\"alignnone size-full wp-image-29470 aligncenter\" src=\"http:\/\/kapitalis.com\/tunisie\/wp-content\/uploads\/2015\/12\/sbiba.jpg\" alt=\"sbiba\" width=\"626\" height=\"380\" \/><\/p>\n<p><em><strong>La police a arr\u00eat\u00e9, dans la d\u00e9l\u00e9gation de Sbiba, gouvernorat de Kasserine, 10 individus dont 3 \u00e9l\u00e8ves, suspect\u00e9s d\u2019\u00eatre li\u00e9s \u00e0 des affaires terroristes.<\/strong> <\/em><br \/>\n<!--more--><\/p>\n<p>Le directeur du lyc\u00e9e de Sbiba a d\u00e9couvert, lundi, une lettre de menaces dans laquelle les signataires, se revendiquant membres d\u2019une cellule terroriste, lui demandaient d&rsquo;enseigner la charia et mena\u00e7aient de perp\u00e9trer des attentats dans la r\u00e9gion si le corps \u00e9ducatif ne s&rsquo;ex\u00e9cutait pas.<\/p>\n<p>La police a ouvert une enqu\u00eate et arr\u00eat\u00e9 5 extr\u00e9mistes religieux de la r\u00e9gion. Ces arrestations ont permis d&rsquo;arr\u00eater de 2 autres takfiristes et 3 \u00e9l\u00e8ves du lyc\u00e9e de Sbiba. Les suspects ont \u00e9t\u00e9 transf\u00e9r\u00e9s \u00e0 Tunis.<\/p>\n<p>On notera que c\u2019est la 3e lettre de menace retrouv\u00e9e dans des lyc\u00e9es au cours de ce mois, avec celle d\u00e9couverte, la semaine derni\u00e8re, \u00e0 l\u2019\u00e9cole Bechechma, d\u00e9l\u00e9gation de Kondar, dans la r\u00e9gion du Sahel, et celle retrouv\u00e9e hier au lyc\u00e9e Ibn Arafa, \u00e0 Chebika, gouvernorat de Kairouan.<\/p>\n<p style=\"text-align: right;\"><strong>Y. N.<\/strong><\/p>\n","protected":false},"excerpt":{"rendered":"<p>La police a arr\u00eat\u00e9, dans la d\u00e9l\u00e9gation de Sbiba, gouvernorat de Kasserine, 10 individus dont 3 \u00e9l\u00e8ves, suspect\u00e9s d\u2019\u00eatre li\u00e9s \u00e0 des affaires terroristes.<\/p>\n","protected":false},"author":11,"featured_media":29470,"comment_status":"open","ping_status":"open","sticky":false,"template":"","format":"standard","meta":{"footnotes":""},"categories":[998,2433],"tags":[315,1179,3038,4108,2765],"class_list":["post-29468","post","type-post","status-publish","format-standard","has-post-thumbnail","hentry","category-societe","category-tunisie","tag-eleves","tag-extremiste-religieux","tag-kondar","tag-sbiba","tag-takfiriste"],"yoast_head":"<!-- This site is optimized with the Yoast SEO plugin v26.6 - https:\/\/yoast.com\/wordpress\/plugins\/seo\/ -->\n<title>Arrestation de 10 takfiristes dont 3 \u00e9l\u00e8ves \u00e0 Sbiba - Kapitalis<\/title>\n<meta name=\"robots\" content=\"index, follow, max-snippet:-1, max-image-preview:large, max-video-preview:-1\" \/>\n<link rel=\"canonical\" href=\"https:\/\/kapitalis.com\/tunisie\/2015\/12\/09\/arrestation-de-10-takfiristes-dont-3-eleves-a-sbiba\/\" \/>\n<meta property=\"og:locale\" content=\"fr_FR\" \/>\n<meta property=\"og:type\" content=\"article\" \/>\n<meta property=\"og:title\" content=\"Arrestation de 10 takfiristes dont 3 \u00e9l\u00e8ves \u00e0 Sbiba - Kapitalis\" \/>\n<meta property=\"og:description\" content=\"La police a arr\u00eat\u00e9, dans la d\u00e9l\u00e9gation de Sbiba, gouvernorat de Kasserine, 10 individus dont 3 \u00e9l\u00e8ves, suspect\u00e9s d\u2019\u00eatre li\u00e9s \u00e0 des affaires terroristes.\" \/>\n<meta property=\"og:url\" content=\"https:\/\/kapitalis.com\/tunisie\/2015\/12\/09\/arrestation-de-10-takfiristes-dont-3-eleves-a-sbiba\/\" \/>\n<meta property=\"og:site_name\" content=\"Kapitalis\" \/>\n<meta property=\"article:publisher\" content=\"https:\/\/www.facebook.com\/KapitalisInfo\/\" \/>\n<meta property=\"article:published_time\" content=\"2015-12-09T13:42:43+00:00\" \/>\n<meta property=\"article:modified_time\" content=\"2015-12-09T16:40:32+00:00\" \/>\n<meta property=\"og:image\" content=\"https:\/\/kapitalis.com\/tunisie\/wp-content\/uploads\/2022\/05\/kapitalis-logo-fb.png\" \/>\n\t<meta property=\"og:image:width\" content=\"1200\" \/>\n\t<meta property=\"og:image:height\" content=\"630\" \/>\n\t<meta property=\"og:image:type\" content=\"image\/png\" \/>\n<meta name=\"author\" content=\"benmansour3 benmansour\" \/>\n<meta name=\"twitter:card\" content=\"summary_large_image\" \/>\n<meta name=\"twitter:creator\" content=\"@KapitalisInfo\" \/>\n<meta name=\"twitter:site\" content=\"@KapitalisInfo\" \/>\n<meta name=\"twitter:label1\" content=\"\u00c9crit par\" \/>\n\t<meta name=\"twitter:data1\" content=\"benmansour3 benmansour\" \/>\n\t<meta name=\"twitter:label2\" content=\"Dur\u00e9e de lecture estim\u00e9e\" \/>\n\t<meta name=\"twitter:data2\" content=\"1 minute\" \/>\n<script type=\"application\/ld+json\" class=\"yoast-schema-graph\">{\"@context\":\"https:\/\/schema.org\",\"@graph\":[{\"@type\":\"Article\",\"@id\":\"https:\/\/kapitalis.com\/tunisie\/2015\/12\/09\/arrestation-de-10-takfiristes-dont-3-eleves-a-sbiba\/#article\",\"isPartOf\":{\"@id\":\"https:\/\/kapitalis.com\/tunisie\/2015\/12\/09\/arrestation-de-10-takfiristes-dont-3-eleves-a-sbiba\/\"},\"author\":{\"name\":\"benmansour3 benmansour\",\"@id\":\"https:\/\/kapitalis.com\/tunisie\/#\/schema\/person\/035372e645ad321edc01006468cd4c8b\"},\"headline\":\"Arrestation de 10 takfiristes dont 3 \u00e9l\u00e8ves \u00e0 Sbiba\",\"datePublished\":\"2015-12-09T13:42:43+00:00\",\"dateModified\":\"2015-12-09T16:40:32+00:00\",\"mainEntityOfPage\":{\"@id\":\"https:\/\/kapitalis.com\/tunisie\/2015\/12\/09\/arrestation-de-10-takfiristes-dont-3-eleves-a-sbiba\/\"},\"wordCount\":187,\"commentCount\":0,\"publisher\":{\"@id\":\"https:\/\/kapitalis.com\/tunisie\/#organization\"},\"image\":{\"@id\":\"https:\/\/kapitalis.com\/tunisie\/2015\/12\/09\/arrestation-de-10-takfiristes-dont-3-eleves-a-sbiba\/#primaryimage\"},\"thumbnailUrl\":\"\",\"keywords\":[\"\u00e9l\u00e8ves\",\"extr\u00e9miste religieux\",\"Kondar\",\"Sbiba\",\"takfiriste\"],\"articleSection\":[\"SOCIETE\",\"Tunisie\"],\"inLanguage\":\"fr-FR\",\"potentialAction\":[{\"@type\":\"CommentAction\",\"name\":\"Comment\",\"target\":[\"https:\/\/kapitalis.com\/tunisie\/2015\/12\/09\/arrestation-de-10-takfiristes-dont-3-eleves-a-sbiba\/#respond\"]}]},{\"@type\":\"WebPage\",\"@id\":\"https:\/\/kapitalis.com\/tunisie\/2015\/12\/09\/arrestation-de-10-takfiristes-dont-3-eleves-a-sbiba\/\",\"url\":\"https:\/\/kapitalis.com\/tunisie\/2015\/12\/09\/arrestation-de-10-takfiristes-dont-3-eleves-a-sbiba\/\",\"name\":\"Arrestation de 10 takfiristes dont 3 \u00e9l\u00e8ves \u00e0 Sbiba - Kapitalis\",\"isPartOf\":{\"@id\":\"https:\/\/kapitalis.com\/tunisie\/#website\"},\"primaryImageOfPage\":{\"@id\":\"https:\/\/kapitalis.com\/tunisie\/2015\/12\/09\/arrestation-de-10-takfiristes-dont-3-eleves-a-sbiba\/#primaryimage\"},\"image\":{\"@id\":\"https:\/\/kapitalis.com\/tunisie\/2015\/12\/09\/arrestation-de-10-takfiristes-dont-3-eleves-a-sbiba\/#primaryimage\"},\"thumbnailUrl\":\"\",\"datePublished\":\"2015-12-09T13:42:43+00:00\",\"dateModified\":\"2015-12-09T16:40:32+00:00\",\"breadcrumb\":{\"@id\":\"https:\/\/kapitalis.com\/tunisie\/2015\/12\/09\/arrestation-de-10-takfiristes-dont-3-eleves-a-sbiba\/#breadcrumb\"},\"inLanguage\":\"fr-FR\",\"potentialAction\":[{\"@type\":\"ReadAction\",\"target\":[\"https:\/\/kapitalis.com\/tunisie\/2015\/12\/09\/arrestation-de-10-takfiristes-dont-3-eleves-a-sbiba\/\"]}]},{\"@type\":\"ImageObject\",\"inLanguage\":\"fr-FR\",\"@id\":\"https:\/\/kapitalis.com\/tunisie\/2015\/12\/09\/arrestation-de-10-takfiristes-dont-3-eleves-a-sbiba\/#primaryimage\",\"url\":\"\",\"contentUrl\":\"\"},{\"@type\":\"BreadcrumbList\",\"@id\":\"https:\/\/kapitalis.com\/tunisie\/2015\/12\/09\/arrestation-de-10-takfiristes-dont-3-eleves-a-sbiba\/#breadcrumb\",\"itemListElement\":[{\"@type\":\"ListItem\",\"position\":1,\"name\":\"Accueil\",\"item\":\"https:\/\/kapitalis.com\/tunisie\/\"},{\"@type\":\"ListItem\",\"position\":2,\"name\":\"Arrestation de 10 takfiristes dont 3 \u00e9l\u00e8ves \u00e0 Sbiba\"}]},{\"@type\":\"WebSite\",\"@id\":\"https:\/\/kapitalis.com\/tunisie\/#website\",\"url\":\"https:\/\/kapitalis.com\/tunisie\/\",\"name\":\"Kapitalis\",\"description\":\"L&#039;actualit\u00e9 en Tunisie et dans le monde\",\"publisher\":{\"@id\":\"https:\/\/kapitalis.com\/tunisie\/#organization\"},\"potentialAction\":[{\"@type\":\"SearchAction\",\"target\":{\"@type\":\"EntryPoint\",\"urlTemplate\":\"https:\/\/kapitalis.com\/tunisie\/?s={search_term_string}\"},\"query-input\":{\"@type\":\"PropertyValueSpecification\",\"valueRequired\":true,\"valueName\":\"search_term_string\"}}],\"inLanguage\":\"fr-FR\"},{\"@type\":\"Organization\",\"@id\":\"https:\/\/kapitalis.com\/tunisie\/#organization\",\"name\":\"Kapitalis\",\"url\":\"https:\/\/kapitalis.com\/tunisie\/\",\"logo\":{\"@type\":\"ImageObject\",\"inLanguage\":\"fr-FR\",\"@id\":\"https:\/\/kapitalis.com\/tunisie\/#\/schema\/logo\/image\/\",\"url\":\"https:\/\/kapitalis.com\/tunisie\/wp-content\/uploads\/2022\/05\/Kapitalis-big-size.png\",\"contentUrl\":\"https:\/\/kapitalis.com\/tunisie\/wp-content\/uploads\/2022\/05\/Kapitalis-big-size.png\",\"width\":5000,\"height\":1500,\"caption\":\"Kapitalis\"},\"image\":{\"@id\":\"https:\/\/kapitalis.com\/tunisie\/#\/schema\/logo\/image\/\"},\"sameAs\":[\"https:\/\/www.facebook.com\/KapitalisInfo\/\",\"https:\/\/x.com\/KapitalisInfo\",\"https:\/\/www.youtube.com\/channel\/UC-yDYrHyfFBWWZaOw3FPg9Q\"]},{\"@type\":\"Person\",\"@id\":\"https:\/\/kapitalis.com\/tunisie\/#\/schema\/person\/035372e645ad321edc01006468cd4c8b\",\"name\":\"benmansour3 benmansour\",\"url\":\"https:\/\/kapitalis.com\/tunisie\/author\/benmansour3\/\"}]}<\/script>\n<!-- \/ Yoast SEO plugin. -->","yoast_head_json":{"title":"Arrestation de 10 takfiristes dont 3 \u00e9l\u00e8ves \u00e0 Sbiba - Kapitalis","robots":{"index":"index","follow":"follow","max-snippet":"max-snippet:-1","max-image-preview":"max-image-preview:large","max-video-preview":"max-video-preview:-1"},"canonical":"https:\/\/kapitalis.com\/tunisie\/2015\/12\/09\/arrestation-de-10-takfiristes-dont-3-eleves-a-sbiba\/","og_locale":"fr_FR","og_type":"article","og_title":"Arrestation de 10 takfiristes dont 3 \u00e9l\u00e8ves \u00e0 Sbiba - Kapitalis","og_description":"La police a arr\u00eat\u00e9, dans la d\u00e9l\u00e9gation de Sbiba, gouvernorat de Kasserine, 10 individus dont 3 \u00e9l\u00e8ves, suspect\u00e9s d\u2019\u00eatre li\u00e9s \u00e0 des affaires terroristes.","og_url":"https:\/\/kapitalis.com\/tunisie\/2015\/12\/09\/arrestation-de-10-takfiristes-dont-3-eleves-a-sbiba\/","og_site_name":"Kapitalis","article_publisher":"https:\/\/www.facebook.com\/KapitalisInfo\/","article_published_time":"2015-12-09T13:42:43+00:00","article_modified_time":"2015-12-09T16:40:32+00:00","og_image":[{"width":1200,"height":630,"url":"https:\/\/kapitalis.com\/tunisie\/wp-content\/uploads\/2022\/05\/kapitalis-logo-fb.png","type":"image\/png"}],"author":"benmansour3 benmansour","twitter_card":"summary_large_image","twitter_creator":"@KapitalisInfo","twitter_site":"@KapitalisInfo","twitter_misc":{"\u00c9crit par":"benmansour3 benmansour","Dur\u00e9e de lecture estim\u00e9e":"1 minute"},"schema":{"@context":"https:\/\/schema.org","@graph":[{"@type":"Article","@id":"https:\/\/kapitalis.com\/tunisie\/2015\/12\/09\/arrestation-de-10-takfiristes-dont-3-eleves-a-sbiba\/#article","isPartOf":{"@id":"https:\/\/kapitalis.com\/tunisie\/2015\/12\/09\/arrestation-de-10-takfiristes-dont-3-eleves-a-sbiba\/"},"author":{"name":"benmansour3 benmansour","@id":"https:\/\/kapitalis.com\/tunisie\/#\/schema\/person\/035372e645ad321edc01006468cd4c8b"},"headline":"Arrestation de 10 takfiristes dont 3 \u00e9l\u00e8ves \u00e0 Sbiba","datePublished":"2015-12-09T13:42:43+00:00","dateModified":"2015-12-09T16:40:32+00:00","mainEntityOfPage":{"@id":"https:\/\/kapitalis.com\/tunisie\/2015\/12\/09\/arrestation-de-10-takfiristes-dont-3-eleves-a-sbiba\/"},"wordCount":187,"commentCount":0,"publisher":{"@id":"https:\/\/kapitalis.com\/tunisie\/#organization"},"image":{"@id":"https:\/\/kapitalis.com\/tunisie\/2015\/12\/09\/arrestation-de-10-takfiristes-dont-3-eleves-a-sbiba\/#primaryimage"},"thumbnailUrl":"","keywords":["\u00e9l\u00e8ves","extr\u00e9miste religieux","Kondar","Sbiba","takfiriste"],"articleSection":["SOCIETE","Tunisie"],"inLanguage":"fr-FR","potentialAction":[{"@type":"CommentAction","name":"Comment","target":["https:\/\/kapitalis.com\/tunisie\/2015\/12\/09\/arrestation-de-10-takfiristes-dont-3-eleves-a-sbiba\/#respond"]}]},{"@type":"WebPage","@id":"https:\/\/kapitalis.com\/tunisie\/2015\/12\/09\/arrestation-de-10-takfiristes-dont-3-eleves-a-sbiba\/","url":"https:\/\/kapitalis.com\/tunisie\/2015\/12\/09\/arrestation-de-10-takfiristes-dont-3-eleves-a-sbiba\/","name":"Arrestation de 10 takfiristes dont 3 \u00e9l\u00e8ves \u00e0 Sbiba - Kapitalis","isPartOf":{"@id":"https:\/\/kapitalis.com\/tunisie\/#website"},"primaryImageOfPage":{"@id":"https:\/\/kapitalis.com\/tunisie\/2015\/12\/09\/arrestation-de-10-takfiristes-dont-3-eleves-a-sbiba\/#primaryimage"},"image":{"@id":"https:\/\/kapitalis.com\/tunisie\/2015\/12\/09\/arrestation-de-10-takfiristes-dont-3-eleves-a-sbiba\/#primaryimage"},"thumbnailUrl":"","datePublished":"2015-12-09T13:42:43+00:00","dateModified":"2015-12-09T16:40:32+00:00","breadcrumb":{"@id":"https:\/\/kapitalis.com\/tunisie\/2015\/12\/09\/arrestation-de-10-takfiristes-dont-3-eleves-a-sbiba\/#breadcrumb"},"inLanguage":"fr-FR","potentialAction":[{"@type":"ReadAction","target":["https:\/\/kapitalis.com\/tunisie\/2015\/12\/09\/arrestation-de-10-takfiristes-dont-3-eleves-a-sbiba\/"]}]},{"@type":"ImageObject","inLanguage":"fr-FR","@id":"https:\/\/kapitalis.com\/tunisie\/2015\/12\/09\/arrestation-de-10-takfiristes-dont-3-eleves-a-sbiba\/#primaryimage","url":"","contentUrl":""},{"@type":"BreadcrumbList","@id":"https:\/\/kapitalis.com\/tunisie\/2015\/12\/09\/arrestation-de-10-takfiristes-dont-3-eleves-a-sbiba\/#breadcrumb","itemListElement":[{"@type":"ListItem","position":1,"name":"Accueil","item":"https:\/\/kapitalis.com\/tunisie\/"},{"@type":"ListItem","position":2,"name":"Arrestation de 10 takfiristes dont 3 \u00e9l\u00e8ves \u00e0 Sbiba"}]},{"@type":"WebSite","@id":"https:\/\/kapitalis.com\/tunisie\/#website","url":"https:\/\/kapitalis.com\/tunisie\/","name":"Kapitalis","description":"L&#039;actualit\u00e9 en Tunisie et dans le monde","publisher":{"@id":"https:\/\/kapitalis.com\/tunisie\/#organization"},"potentialAction":[{"@type":"SearchAction","target":{"@type":"EntryPoint","urlTemplate":"https:\/\/kapitalis.com\/tunisie\/?s={search_term_string}"},"query-input":{"@type":"PropertyValueSpecification","valueRequired":true,"valueName":"search_term_string"}}],"inLanguage":"fr-FR"},{"@type":"Organization","@id":"https:\/\/kapitalis.com\/tunisie\/#organization","name":"Kapitalis","url":"https:\/\/kapitalis.com\/tunisie\/","logo":{"@type":"ImageObject","inLanguage":"fr-FR","@id":"https:\/\/kapitalis.com\/tunisie\/#\/schema\/logo\/image\/","url":"https:\/\/kapitalis.com\/tunisie\/wp-content\/uploads\/2022\/05\/Kapitalis-big-size.png","contentUrl":"https:\/\/kapitalis.com\/tunisie\/wp-content\/uploads\/2022\/05\/Kapitalis-big-size.png","width":5000,"height":1500,"caption":"Kapitalis"},"image":{"@id":"https:\/\/kapitalis.com\/tunisie\/#\/schema\/logo\/image\/"},"sameAs":["https:\/\/www.facebook.com\/KapitalisInfo\/","https:\/\/x.com\/KapitalisInfo","https:\/\/www.youtube.com\/channel\/UC-yDYrHyfFBWWZaOw3FPg9Q"]},{"@type":"Person","@id":"https:\/\/kapitalis.com\/tunisie\/#\/schema\/person\/035372e645ad321edc01006468cd4c8b","name":"benmansour3 benmansour","url":"https:\/\/kapitalis.com\/tunisie\/author\/benmansour3\/"}]}},"_links":{"self":[{"href":"https:\/\/kapitalis.com\/tunisie\/wp-json\/wp\/v2\/posts\/29468","targetHints":{"allow":["GET"]}}],"collection":[{"href":"https:\/\/kapitalis.com\/tunisie\/wp-json\/wp\/v2\/posts"}],"about":[{"href":"https:\/\/kapitalis.com\/tunisie\/wp-json\/wp\/v2\/types\/post"}],"author":[{"embeddable":true,"href":"https:\/\/kapitalis.com\/tunisie\/wp-json\/wp\/v2\/users\/11"}],"replies":[{"embeddable":true,"href":"https:\/\/kapitalis.com\/tunisie\/wp-json\/wp\/v2\/comments?post=29468"}],"version-history":[{"count":0,"href":"https:\/\/kapitalis.com\/tunisie\/wp-json\/wp\/v2\/posts\/29468\/revisions"}],"wp:featuredmedia":[{"embeddable":true,"href":"https:\/\/kapitalis.com\/tunisie\/wp-json\/wp\/v2\/media\/29470"}],"wp:attachment":[{"href":"https:\/\/kapitalis.com\/tunisie\/wp-json\/wp\/v2\/media?parent=29468"}],"wp:term":[{"taxonomy":"category","embeddable":true,"href":"https:\/\/kapitalis.com\/tunisie\/wp-json\/wp\/v2\/categories?post=29468"},{"taxonomy":"post_tag","embeddable":true,"href":"https:\/\/kapitalis.com\/tunisie\/wp-json\/wp\/v2\/tags?post=29468"}],"curies":[{"name":"wp","href":"https:\/\/api.w.org\/{rel}","templated":true}]}}