{"id":295136,"date":"2020-04-20T18:39:53","date_gmt":"2020-04-20T17:39:53","guid":{"rendered":"http:\/\/kapitalis.com\/tunisie\/?p=295136"},"modified":"2020-04-21T07:18:52","modified_gmt":"2020-04-21T06:18:52","slug":"ras-jedir-les-652-tunisiens-rentres-de-libye-pris-en-charge-par-les-autorites-et-seront-places-a-lisolement","status":"publish","type":"post","link":"https:\/\/kapitalis.com\/tunisie\/2020\/04\/20\/ras-jedir-les-652-tunisiens-rentres-de-libye-pris-en-charge-par-les-autorites-et-seront-places-a-lisolement\/","title":{"rendered":"Ras Jedir : Les 652 Tunisiens rentr\u00e9s de Libye, pris en charge par les autorit\u00e9s et seront plac\u00e9s \u00e0 l&rsquo;isolement"},"content":{"rendered":"\n<figure class=\"wp-block-image size-large\"><img decoding=\"async\" src=\"http:\/\/kapitalis.com\/tunisie\/wp-content\/uploads\/2020\/04\/Ras-Jedir-1.jpg\" alt=\"\" class=\"wp-image-295140\"\/><\/figure>\n\n\n\n<p><strong><em>Le minist\u00e8re de l&rsquo;Int\u00e9rieur a annonc\u00e9 que les autorit\u00e9s tunisiennes ont pris en charge les 652 Tunisiens, rentr\u00e9s aujourd&rsquo;hui, lundi 20 avril 2020, de Libye pour les soumettre aux contr\u00f4les de proc\u00e9dures frontali\u00e8res avant de les transf\u00e9rer dans des centres d&rsquo;isolement, par mesure de pr\u00e9caution contre la propagation du coronavirus.<\/em><\/strong><\/p>\n\n\n\n<!--more-->\n\n\n\n<p>La m\u00eame source indique que les forces arm\u00e9es et s\u00e9curitaires charg\u00e9es des fronti\u00e8res proc\u00e8dent \u00e0 des contr\u00f4les d\u2019identit\u00e9, des passeports et de tous les \u00e9l\u00e9ments relatifs \u00e0 la s\u00e9curit\u00e9, avant de confier ces 652 Tunisiens aux \u00e9quipes m\u00e9dicales qui se chargeront de leur transfert dans les centres d\u00e9di\u00e9s, o\u00f9 ils seront plac\u00e9s en quarantaine.<\/p>\n\n\n\n<figure class=\"wp-block-gallery columns-2 is-cropped wp-block-gallery-1 is-layout-flex wp-block-gallery-is-layout-flex\"><ul class=\"blocks-gallery-grid\"><li class=\"blocks-gallery-item\"><figure><img decoding=\"async\" src=\"http:\/\/kapitalis.com\/tunisie\/wp-content\/uploads\/2020\/04\/ph-1.jpg\" alt=\"\" data-id=\"295186\" data-full-url=\"http:\/\/kapitalis.com\/tunisie\/wp-content\/uploads\/2020\/04\/ph-1.jpg\" data-link=\"http:\/\/kapitalis.com\/tunisie\/2020\/04\/20\/ras-jedir-les-652-tunisiens-rentres-de-libye-pris-en-charge-par-les-autorites-et-seront-places-a-lisolement\/ph-1\/\" class=\"wp-image-295186\"\/><\/figure><\/li><li class=\"blocks-gallery-item\"><figure><img decoding=\"async\" src=\"http:\/\/kapitalis.com\/tunisie\/wp-content\/uploads\/2020\/04\/Ras-jedir2.jpg\" alt=\"\" data-id=\"295184\" data-full-url=\"http:\/\/kapitalis.com\/tunisie\/wp-content\/uploads\/2020\/04\/Ras-jedir2.jpg\" data-link=\"http:\/\/kapitalis.com\/tunisie\/2020\/04\/20\/ras-jedir-les-652-tunisiens-rentres-de-libye-pris-en-charge-par-les-autorites-et-seront-places-a-lisolement\/ras-jedir2\/\" class=\"wp-image-295184\"\/><\/figure><\/li><li class=\"blocks-gallery-item\"><figure><img decoding=\"async\" src=\"http:\/\/kapitalis.com\/tunisie\/wp-content\/uploads\/2020\/04\/ras-jedir-2.jpg\" alt=\"\" data-id=\"295185\" data-full-url=\"http:\/\/kapitalis.com\/tunisie\/wp-content\/uploads\/2020\/04\/ras-jedir-2.jpg\" data-link=\"http:\/\/kapitalis.com\/tunisie\/2020\/04\/20\/ras-jedir-les-652-tunisiens-rentres-de-libye-pris-en-charge-par-les-autorites-et-seront-places-a-lisolement\/ras-jedir-2-2\/\" class=\"wp-image-295185\"\/><\/figure><\/li><\/ul><\/figure>\n\n\n\n<p>Rappelons que les ressortissants tunisiens, bloqu\u00e9s en Libye depuis la fermeture des fronti\u00e8res, ont forc\u00e9 le passage frontalier de Ras Jedir, o\u00f9 des grabuges ont \u00e9t\u00e9 enregistr\u00e9s avant que la situation soit finalement ma\u00eetris\u00e9e\u2026<\/p>\n\n\n\n<p class=\"has-text-align-right\"><strong>Y. N.<\/strong><\/p>\n\n\n\n<figure class=\"wp-block-embed-wordpress wp-block-embed is-type-wp-embed is-provider-kapitalis\"><div class=\"wp-block-embed__wrapper\">\n<blockquote class=\"wp-embedded-content\" data-secret=\"g4cOe5k2Os\"><a href=\"https:\/\/kapitalis.com\/tunisie\/2020\/04\/20\/les-ressortissant-tunisiens-bloques-en-libye-forcent-la-porte-du-passage-frontalier-de-ras-jedir\/\">Des ressortissants tunisiens bloqu\u00e9s en Libye forcent la porte du passage frontalier de Ras Jedir<\/a><\/blockquote><iframe loading=\"lazy\" class=\"wp-embedded-content\" sandbox=\"allow-scripts\" security=\"restricted\" style=\"position: absolute; clip: rect(1px, 1px, 1px, 1px);\" title=\"\u00ab\u00a0Des ressortissants tunisiens bloqu\u00e9s en Libye forcent la porte du passage frontalier de Ras Jedir\u00a0\u00bb &#8212; Kapitalis\" src=\"https:\/\/kapitalis.com\/tunisie\/2020\/04\/20\/les-ressortissant-tunisiens-bloques-en-libye-forcent-la-porte-du-passage-frontalier-de-ras-jedir\/embed\/#?secret=6ggR2egeM2#?secret=g4cOe5k2Os\" data-secret=\"g4cOe5k2Os\" width=\"600\" height=\"338\" frameborder=\"0\" marginwidth=\"0\" marginheight=\"0\" scrolling=\"no\"><\/iframe>\n<\/div><\/figure>\n","protected":false},"excerpt":{"rendered":"<p>Le minist\u00e8re de l&rsquo;Int\u00e9rieur a annonc\u00e9 que les autorit\u00e9s tunisiennes ont pris en charge les 652 Tunisiens, rentr\u00e9s aujourd&rsquo;hui, lundi 20 avril 2020, de Libye pour les soumettre aux contr\u00f4les de proc\u00e9dures frontali\u00e8res avant de les transf\u00e9rer dans des centres d&rsquo;isolement, par mesure de pr\u00e9caution contre la propagation du coronavirus.<\/p>\n","protected":false},"author":6,"featured_media":295140,"comment_status":"open","ping_status":"open","sticky":false,"template":"","format":"standard","meta":{"footnotes":""},"categories":[998,2433],"tags":[80,73060,2682,75863,544,616,766,1117],"class_list":["post-295136","post","type-post","status-publish","format-standard","has-post-thumbnail","hentry","category-societe","category-tunisie","tag-armee","tag-coronavirus","tag-frontieres","tag-isolement","tag-libye","tag-ministere-interieur","tag-ras-jedir","tag-tunisiens"],"yoast_head":"<!-- This site is optimized with the Yoast SEO plugin v26.6 - https:\/\/yoast.com\/wordpress\/plugins\/seo\/ -->\n<title>Ras Jedir : Les 652 Tunisiens rentr\u00e9s de Libye, pris en charge par les autorit\u00e9s et seront plac\u00e9s \u00e0 l&#039;isolement - Kapitalis<\/title>\n<meta name=\"robots\" content=\"index, follow, max-snippet:-1, max-image-preview:large, max-video-preview:-1\" \/>\n<link rel=\"canonical\" href=\"https:\/\/kapitalis.com\/tunisie\/2020\/04\/20\/ras-jedir-les-652-tunisiens-rentres-de-libye-pris-en-charge-par-les-autorites-et-seront-places-a-lisolement\/\" \/>\n<meta property=\"og:locale\" content=\"fr_FR\" \/>\n<meta property=\"og:type\" content=\"article\" \/>\n<meta property=\"og:title\" content=\"Ras Jedir : Les 652 Tunisiens rentr\u00e9s de Libye, pris en charge par les autorit\u00e9s et seront plac\u00e9s \u00e0 l&#039;isolement - Kapitalis\" \/>\n<meta property=\"og:description\" content=\"Le minist\u00e8re de l&rsquo;Int\u00e9rieur a annonc\u00e9 que les autorit\u00e9s tunisiennes ont pris en charge les 652 Tunisiens, rentr\u00e9s aujourd&rsquo;hui, lundi 20 avril 2020, de Libye pour les soumettre aux contr\u00f4les de proc\u00e9dures frontali\u00e8res avant de les transf\u00e9rer dans des centres d&rsquo;isolement, par mesure de pr\u00e9caution contre la propagation du coronavirus.\" \/>\n<meta property=\"og:url\" content=\"https:\/\/kapitalis.com\/tunisie\/2020\/04\/20\/ras-jedir-les-652-tunisiens-rentres-de-libye-pris-en-charge-par-les-autorites-et-seront-places-a-lisolement\/\" \/>\n<meta property=\"og:site_name\" content=\"Kapitalis\" \/>\n<meta property=\"article:publisher\" content=\"https:\/\/www.facebook.com\/KapitalisInfo\/\" \/>\n<meta property=\"article:published_time\" content=\"2020-04-20T17:39:53+00:00\" \/>\n<meta property=\"article:modified_time\" content=\"2020-04-21T06:18:52+00:00\" \/>\n<meta property=\"og:image\" content=\"https:\/\/kapitalis.com\/tunisie\/wp-content\/uploads\/2022\/05\/kapitalis-logo-fb.png\" \/>\n\t<meta property=\"og:image:width\" content=\"1200\" \/>\n\t<meta property=\"og:image:height\" content=\"630\" \/>\n\t<meta property=\"og:image:type\" content=\"image\/png\" \/>\n<meta name=\"author\" content=\"Yusra NY\" \/>\n<meta name=\"twitter:card\" content=\"summary_large_image\" \/>\n<meta name=\"twitter:creator\" content=\"@KapitalisInfo\" \/>\n<meta name=\"twitter:site\" content=\"@KapitalisInfo\" \/>\n<meta name=\"twitter:label1\" content=\"\u00c9crit par\" \/>\n\t<meta name=\"twitter:data1\" content=\"Yusra NY\" \/>\n\t<meta name=\"twitter:label2\" content=\"Dur\u00e9e de lecture estim\u00e9e\" \/>\n\t<meta name=\"twitter:data2\" content=\"1 minute\" \/>\n<script type=\"application\/ld+json\" class=\"yoast-schema-graph\">{\"@context\":\"https:\/\/schema.org\",\"@graph\":[{\"@type\":\"Article\",\"@id\":\"https:\/\/kapitalis.com\/tunisie\/2020\/04\/20\/ras-jedir-les-652-tunisiens-rentres-de-libye-pris-en-charge-par-les-autorites-et-seront-places-a-lisolement\/#article\",\"isPartOf\":{\"@id\":\"https:\/\/kapitalis.com\/tunisie\/2020\/04\/20\/ras-jedir-les-652-tunisiens-rentres-de-libye-pris-en-charge-par-les-autorites-et-seront-places-a-lisolement\/\"},\"author\":{\"name\":\"Yusra NY\",\"@id\":\"https:\/\/kapitalis.com\/tunisie\/#\/schema\/person\/74bbde0154d49d790a92aaeac5bc01d5\"},\"headline\":\"Ras Jedir : Les 652 Tunisiens rentr\u00e9s de Libye, pris en charge par les autorit\u00e9s et seront plac\u00e9s \u00e0 l&rsquo;isolement\",\"datePublished\":\"2020-04-20T17:39:53+00:00\",\"dateModified\":\"2020-04-21T06:18:52+00:00\",\"mainEntityOfPage\":{\"@id\":\"https:\/\/kapitalis.com\/tunisie\/2020\/04\/20\/ras-jedir-les-652-tunisiens-rentres-de-libye-pris-en-charge-par-les-autorites-et-seront-places-a-lisolement\/\"},\"wordCount\":187,\"commentCount\":2,\"publisher\":{\"@id\":\"https:\/\/kapitalis.com\/tunisie\/#organization\"},\"image\":{\"@id\":\"https:\/\/kapitalis.com\/tunisie\/2020\/04\/20\/ras-jedir-les-652-tunisiens-rentres-de-libye-pris-en-charge-par-les-autorites-et-seront-places-a-lisolement\/#primaryimage\"},\"thumbnailUrl\":\"\",\"keywords\":[\"arm\u00e9e\",\"Coronavirus\",\"fronti\u00e8res\",\"isolement\",\"Libye\",\"minist\u00e8re int\u00e9rieur\",\"Ras Jedir\",\"tunisiens\"],\"articleSection\":[\"SOCIETE\",\"Tunisie\"],\"inLanguage\":\"fr-FR\",\"potentialAction\":[{\"@type\":\"CommentAction\",\"name\":\"Comment\",\"target\":[\"https:\/\/kapitalis.com\/tunisie\/2020\/04\/20\/ras-jedir-les-652-tunisiens-rentres-de-libye-pris-en-charge-par-les-autorites-et-seront-places-a-lisolement\/#respond\"]}]},{\"@type\":\"WebPage\",\"@id\":\"https:\/\/kapitalis.com\/tunisie\/2020\/04\/20\/ras-jedir-les-652-tunisiens-rentres-de-libye-pris-en-charge-par-les-autorites-et-seront-places-a-lisolement\/\",\"url\":\"https:\/\/kapitalis.com\/tunisie\/2020\/04\/20\/ras-jedir-les-652-tunisiens-rentres-de-libye-pris-en-charge-par-les-autorites-et-seront-places-a-lisolement\/\",\"name\":\"Ras Jedir : Les 652 Tunisiens rentr\u00e9s de Libye, pris en charge par les autorit\u00e9s et seront plac\u00e9s \u00e0 l'isolement - Kapitalis\",\"isPartOf\":{\"@id\":\"https:\/\/kapitalis.com\/tunisie\/#website\"},\"primaryImageOfPage\":{\"@id\":\"https:\/\/kapitalis.com\/tunisie\/2020\/04\/20\/ras-jedir-les-652-tunisiens-rentres-de-libye-pris-en-charge-par-les-autorites-et-seront-places-a-lisolement\/#primaryimage\"},\"image\":{\"@id\":\"https:\/\/kapitalis.com\/tunisie\/2020\/04\/20\/ras-jedir-les-652-tunisiens-rentres-de-libye-pris-en-charge-par-les-autorites-et-seront-places-a-lisolement\/#primaryimage\"},\"thumbnailUrl\":\"\",\"datePublished\":\"2020-04-20T17:39:53+00:00\",\"dateModified\":\"2020-04-21T06:18:52+00:00\",\"breadcrumb\":{\"@id\":\"https:\/\/kapitalis.com\/tunisie\/2020\/04\/20\/ras-jedir-les-652-tunisiens-rentres-de-libye-pris-en-charge-par-les-autorites-et-seront-places-a-lisolement\/#breadcrumb\"},\"inLanguage\":\"fr-FR\",\"potentialAction\":[{\"@type\":\"ReadAction\",\"target\":[\"https:\/\/kapitalis.com\/tunisie\/2020\/04\/20\/ras-jedir-les-652-tunisiens-rentres-de-libye-pris-en-charge-par-les-autorites-et-seront-places-a-lisolement\/\"]}]},{\"@type\":\"ImageObject\",\"inLanguage\":\"fr-FR\",\"@id\":\"https:\/\/kapitalis.com\/tunisie\/2020\/04\/20\/ras-jedir-les-652-tunisiens-rentres-de-libye-pris-en-charge-par-les-autorites-et-seront-places-a-lisolement\/#primaryimage\",\"url\":\"\",\"contentUrl\":\"\"},{\"@type\":\"BreadcrumbList\",\"@id\":\"https:\/\/kapitalis.com\/tunisie\/2020\/04\/20\/ras-jedir-les-652-tunisiens-rentres-de-libye-pris-en-charge-par-les-autorites-et-seront-places-a-lisolement\/#breadcrumb\",\"itemListElement\":[{\"@type\":\"ListItem\",\"position\":1,\"name\":\"Accueil\",\"item\":\"https:\/\/kapitalis.com\/tunisie\/\"},{\"@type\":\"ListItem\",\"position\":2,\"name\":\"Ras Jedir : Les 652 Tunisiens rentr\u00e9s de Libye, pris en charge par les autorit\u00e9s et seront plac\u00e9s \u00e0 l&rsquo;isolement\"}]},{\"@type\":\"WebSite\",\"@id\":\"https:\/\/kapitalis.com\/tunisie\/#website\",\"url\":\"https:\/\/kapitalis.com\/tunisie\/\",\"name\":\"Kapitalis\",\"description\":\"L&#039;actualit\u00e9 en Tunisie et dans le monde\",\"publisher\":{\"@id\":\"https:\/\/kapitalis.com\/tunisie\/#organization\"},\"potentialAction\":[{\"@type\":\"SearchAction\",\"target\":{\"@type\":\"EntryPoint\",\"urlTemplate\":\"https:\/\/kapitalis.com\/tunisie\/?s={search_term_string}\"},\"query-input\":{\"@type\":\"PropertyValueSpecification\",\"valueRequired\":true,\"valueName\":\"search_term_string\"}}],\"inLanguage\":\"fr-FR\"},{\"@type\":\"Organization\",\"@id\":\"https:\/\/kapitalis.com\/tunisie\/#organization\",\"name\":\"Kapitalis\",\"url\":\"https:\/\/kapitalis.com\/tunisie\/\",\"logo\":{\"@type\":\"ImageObject\",\"inLanguage\":\"fr-FR\",\"@id\":\"https:\/\/kapitalis.com\/tunisie\/#\/schema\/logo\/image\/\",\"url\":\"https:\/\/kapitalis.com\/tunisie\/wp-content\/uploads\/2022\/05\/Kapitalis-big-size.png\",\"contentUrl\":\"https:\/\/kapitalis.com\/tunisie\/wp-content\/uploads\/2022\/05\/Kapitalis-big-size.png\",\"width\":5000,\"height\":1500,\"caption\":\"Kapitalis\"},\"image\":{\"@id\":\"https:\/\/kapitalis.com\/tunisie\/#\/schema\/logo\/image\/\"},\"sameAs\":[\"https:\/\/www.facebook.com\/KapitalisInfo\/\",\"https:\/\/x.com\/KapitalisInfo\",\"https:\/\/www.youtube.com\/channel\/UC-yDYrHyfFBWWZaOw3FPg9Q\"]},{\"@type\":\"Person\",\"@id\":\"https:\/\/kapitalis.com\/tunisie\/#\/schema\/person\/74bbde0154d49d790a92aaeac5bc01d5\",\"name\":\"Yusra NY\",\"url\":\"https:\/\/kapitalis.com\/tunisie\/author\/yuza_adam\/\"}]}<\/script>\n<!-- \/ Yoast SEO plugin. -->","yoast_head_json":{"title":"Ras Jedir : Les 652 Tunisiens rentr\u00e9s de Libye, pris en charge par les autorit\u00e9s et seront plac\u00e9s \u00e0 l'isolement - Kapitalis","robots":{"index":"index","follow":"follow","max-snippet":"max-snippet:-1","max-image-preview":"max-image-preview:large","max-video-preview":"max-video-preview:-1"},"canonical":"https:\/\/kapitalis.com\/tunisie\/2020\/04\/20\/ras-jedir-les-652-tunisiens-rentres-de-libye-pris-en-charge-par-les-autorites-et-seront-places-a-lisolement\/","og_locale":"fr_FR","og_type":"article","og_title":"Ras Jedir : Les 652 Tunisiens rentr\u00e9s de Libye, pris en charge par les autorit\u00e9s et seront plac\u00e9s \u00e0 l'isolement - Kapitalis","og_description":"Le minist\u00e8re de l&rsquo;Int\u00e9rieur a annonc\u00e9 que les autorit\u00e9s tunisiennes ont pris en charge les 652 Tunisiens, rentr\u00e9s aujourd&rsquo;hui, lundi 20 avril 2020, de Libye pour les soumettre aux contr\u00f4les de proc\u00e9dures frontali\u00e8res avant de les transf\u00e9rer dans des centres d&rsquo;isolement, par mesure de pr\u00e9caution contre la propagation du coronavirus.","og_url":"https:\/\/kapitalis.com\/tunisie\/2020\/04\/20\/ras-jedir-les-652-tunisiens-rentres-de-libye-pris-en-charge-par-les-autorites-et-seront-places-a-lisolement\/","og_site_name":"Kapitalis","article_publisher":"https:\/\/www.facebook.com\/KapitalisInfo\/","article_published_time":"2020-04-20T17:39:53+00:00","article_modified_time":"2020-04-21T06:18:52+00:00","og_image":[{"width":1200,"height":630,"url":"https:\/\/kapitalis.com\/tunisie\/wp-content\/uploads\/2022\/05\/kapitalis-logo-fb.png","type":"image\/png"}],"author":"Yusra NY","twitter_card":"summary_large_image","twitter_creator":"@KapitalisInfo","twitter_site":"@KapitalisInfo","twitter_misc":{"\u00c9crit par":"Yusra NY","Dur\u00e9e de lecture estim\u00e9e":"1 minute"},"schema":{"@context":"https:\/\/schema.org","@graph":[{"@type":"Article","@id":"https:\/\/kapitalis.com\/tunisie\/2020\/04\/20\/ras-jedir-les-652-tunisiens-rentres-de-libye-pris-en-charge-par-les-autorites-et-seront-places-a-lisolement\/#article","isPartOf":{"@id":"https:\/\/kapitalis.com\/tunisie\/2020\/04\/20\/ras-jedir-les-652-tunisiens-rentres-de-libye-pris-en-charge-par-les-autorites-et-seront-places-a-lisolement\/"},"author":{"name":"Yusra NY","@id":"https:\/\/kapitalis.com\/tunisie\/#\/schema\/person\/74bbde0154d49d790a92aaeac5bc01d5"},"headline":"Ras Jedir : Les 652 Tunisiens rentr\u00e9s de Libye, pris en charge par les autorit\u00e9s et seront plac\u00e9s \u00e0 l&rsquo;isolement","datePublished":"2020-04-20T17:39:53+00:00","dateModified":"2020-04-21T06:18:52+00:00","mainEntityOfPage":{"@id":"https:\/\/kapitalis.com\/tunisie\/2020\/04\/20\/ras-jedir-les-652-tunisiens-rentres-de-libye-pris-en-charge-par-les-autorites-et-seront-places-a-lisolement\/"},"wordCount":187,"commentCount":2,"publisher":{"@id":"https:\/\/kapitalis.com\/tunisie\/#organization"},"image":{"@id":"https:\/\/kapitalis.com\/tunisie\/2020\/04\/20\/ras-jedir-les-652-tunisiens-rentres-de-libye-pris-en-charge-par-les-autorites-et-seront-places-a-lisolement\/#primaryimage"},"thumbnailUrl":"","keywords":["arm\u00e9e","Coronavirus","fronti\u00e8res","isolement","Libye","minist\u00e8re int\u00e9rieur","Ras Jedir","tunisiens"],"articleSection":["SOCIETE","Tunisie"],"inLanguage":"fr-FR","potentialAction":[{"@type":"CommentAction","name":"Comment","target":["https:\/\/kapitalis.com\/tunisie\/2020\/04\/20\/ras-jedir-les-652-tunisiens-rentres-de-libye-pris-en-charge-par-les-autorites-et-seront-places-a-lisolement\/#respond"]}]},{"@type":"WebPage","@id":"https:\/\/kapitalis.com\/tunisie\/2020\/04\/20\/ras-jedir-les-652-tunisiens-rentres-de-libye-pris-en-charge-par-les-autorites-et-seront-places-a-lisolement\/","url":"https:\/\/kapitalis.com\/tunisie\/2020\/04\/20\/ras-jedir-les-652-tunisiens-rentres-de-libye-pris-en-charge-par-les-autorites-et-seront-places-a-lisolement\/","name":"Ras Jedir : Les 652 Tunisiens rentr\u00e9s de Libye, pris en charge par les autorit\u00e9s et seront plac\u00e9s \u00e0 l'isolement - Kapitalis","isPartOf":{"@id":"https:\/\/kapitalis.com\/tunisie\/#website"},"primaryImageOfPage":{"@id":"https:\/\/kapitalis.com\/tunisie\/2020\/04\/20\/ras-jedir-les-652-tunisiens-rentres-de-libye-pris-en-charge-par-les-autorites-et-seront-places-a-lisolement\/#primaryimage"},"image":{"@id":"https:\/\/kapitalis.com\/tunisie\/2020\/04\/20\/ras-jedir-les-652-tunisiens-rentres-de-libye-pris-en-charge-par-les-autorites-et-seront-places-a-lisolement\/#primaryimage"},"thumbnailUrl":"","datePublished":"2020-04-20T17:39:53+00:00","dateModified":"2020-04-21T06:18:52+00:00","breadcrumb":{"@id":"https:\/\/kapitalis.com\/tunisie\/2020\/04\/20\/ras-jedir-les-652-tunisiens-rentres-de-libye-pris-en-charge-par-les-autorites-et-seront-places-a-lisolement\/#breadcrumb"},"inLanguage":"fr-FR","potentialAction":[{"@type":"ReadAction","target":["https:\/\/kapitalis.com\/tunisie\/2020\/04\/20\/ras-jedir-les-652-tunisiens-rentres-de-libye-pris-en-charge-par-les-autorites-et-seront-places-a-lisolement\/"]}]},{"@type":"ImageObject","inLanguage":"fr-FR","@id":"https:\/\/kapitalis.com\/tunisie\/2020\/04\/20\/ras-jedir-les-652-tunisiens-rentres-de-libye-pris-en-charge-par-les-autorites-et-seront-places-a-lisolement\/#primaryimage","url":"","contentUrl":""},{"@type":"BreadcrumbList","@id":"https:\/\/kapitalis.com\/tunisie\/2020\/04\/20\/ras-jedir-les-652-tunisiens-rentres-de-libye-pris-en-charge-par-les-autorites-et-seront-places-a-lisolement\/#breadcrumb","itemListElement":[{"@type":"ListItem","position":1,"name":"Accueil","item":"https:\/\/kapitalis.com\/tunisie\/"},{"@type":"ListItem","position":2,"name":"Ras Jedir : Les 652 Tunisiens rentr\u00e9s de Libye, pris en charge par les autorit\u00e9s et seront plac\u00e9s \u00e0 l&rsquo;isolement"}]},{"@type":"WebSite","@id":"https:\/\/kapitalis.com\/tunisie\/#website","url":"https:\/\/kapitalis.com\/tunisie\/","name":"Kapitalis","description":"L&#039;actualit\u00e9 en Tunisie et dans le monde","publisher":{"@id":"https:\/\/kapitalis.com\/tunisie\/#organization"},"potentialAction":[{"@type":"SearchAction","target":{"@type":"EntryPoint","urlTemplate":"https:\/\/kapitalis.com\/tunisie\/?s={search_term_string}"},"query-input":{"@type":"PropertyValueSpecification","valueRequired":true,"valueName":"search_term_string"}}],"inLanguage":"fr-FR"},{"@type":"Organization","@id":"https:\/\/kapitalis.com\/tunisie\/#organization","name":"Kapitalis","url":"https:\/\/kapitalis.com\/tunisie\/","logo":{"@type":"ImageObject","inLanguage":"fr-FR","@id":"https:\/\/kapitalis.com\/tunisie\/#\/schema\/logo\/image\/","url":"https:\/\/kapitalis.com\/tunisie\/wp-content\/uploads\/2022\/05\/Kapitalis-big-size.png","contentUrl":"https:\/\/kapitalis.com\/tunisie\/wp-content\/uploads\/2022\/05\/Kapitalis-big-size.png","width":5000,"height":1500,"caption":"Kapitalis"},"image":{"@id":"https:\/\/kapitalis.com\/tunisie\/#\/schema\/logo\/image\/"},"sameAs":["https:\/\/www.facebook.com\/KapitalisInfo\/","https:\/\/x.com\/KapitalisInfo","https:\/\/www.youtube.com\/channel\/UC-yDYrHyfFBWWZaOw3FPg9Q"]},{"@type":"Person","@id":"https:\/\/kapitalis.com\/tunisie\/#\/schema\/person\/74bbde0154d49d790a92aaeac5bc01d5","name":"Yusra NY","url":"https:\/\/kapitalis.com\/tunisie\/author\/yuza_adam\/"}]}},"_links":{"self":[{"href":"https:\/\/kapitalis.com\/tunisie\/wp-json\/wp\/v2\/posts\/295136","targetHints":{"allow":["GET"]}}],"collection":[{"href":"https:\/\/kapitalis.com\/tunisie\/wp-json\/wp\/v2\/posts"}],"about":[{"href":"https:\/\/kapitalis.com\/tunisie\/wp-json\/wp\/v2\/types\/post"}],"author":[{"embeddable":true,"href":"https:\/\/kapitalis.com\/tunisie\/wp-json\/wp\/v2\/users\/6"}],"replies":[{"embeddable":true,"href":"https:\/\/kapitalis.com\/tunisie\/wp-json\/wp\/v2\/comments?post=295136"}],"version-history":[{"count":0,"href":"https:\/\/kapitalis.com\/tunisie\/wp-json\/wp\/v2\/posts\/295136\/revisions"}],"wp:featuredmedia":[{"embeddable":true,"href":"https:\/\/kapitalis.com\/tunisie\/wp-json\/wp\/v2\/media\/295140"}],"wp:attachment":[{"href":"https:\/\/kapitalis.com\/tunisie\/wp-json\/wp\/v2\/media?parent=295136"}],"wp:term":[{"taxonomy":"category","embeddable":true,"href":"https:\/\/kapitalis.com\/tunisie\/wp-json\/wp\/v2\/categories?post=295136"},{"taxonomy":"post_tag","embeddable":true,"href":"https:\/\/kapitalis.com\/tunisie\/wp-json\/wp\/v2\/tags?post=295136"}],"curies":[{"name":"wp","href":"https:\/\/api.w.org\/{rel}","templated":true}]}}