{"id":295161,"date":"2020-04-21T08:02:29","date_gmt":"2020-04-21T07:02:29","guid":{"rendered":"http:\/\/kapitalis.com\/tunisie\/?p=295161"},"modified":"2020-04-21T08:02:30","modified_gmt":"2020-04-21T07:02:30","slug":"la-29e-edition-du-mois-du-patrimoine-se-deroule-sur-la-toile","status":"publish","type":"post","link":"https:\/\/kapitalis.com\/tunisie\/2020\/04\/21\/la-29e-edition-du-mois-du-patrimoine-se-deroule-sur-la-toile\/","title":{"rendered":"La 29e \u00e9dition du Mois du Patrimoine se d\u00e9roule sur la toile"},"content":{"rendered":"\n<figure class=\"wp-block-image size-large\"><img decoding=\"async\" src=\"http:\/\/kapitalis.com\/tunisie\/wp-content\/uploads\/2020\/04\/Untitled-3-1.jpg\" alt=\"\" class=\"wp-image-295174\"\/><\/figure>\n\n\n\n<p><strong><em>Le minist\u00e8re des Affaires culturelles organise la 29<sup>e<\/sup> \u00e9dition du Mois du Patrimoine qui se tient jusqu\u2019au 18 mai 2020&#8230; sur la toile.<\/em><\/strong><\/p>\n\n\n\n<!--more-->\n\n\n\n<p>La 29<sup>e<\/sup> \u00e9dition du Mois du Patrimoine est maintenue malgr\u00e9 le confinement g\u00e9n\u00e9ral, a annonc\u00e9 la ministre des Affaires culturelles, Chiraz Laatiri; le programme se d\u00e9roulera cependant enti\u00e8rement sur internet.<\/p>\n\n\n\n<p>Le coup d\u2019envoi a \u00e9t\u00e9 donn\u00e9 le samedi 18 avril proclam\u00e9e Journ\u00e9e internationale des monuments et des sites depuis 1982 par l\u2019Unesco, et la cl\u00f4ture est pr\u00e9vue pour le 18 mai qui co\u00efncide avec la Journ\u00e9e mondiale des mus\u00e9es.<\/p>\n\n\n\n<p>Dans un communiqu\u00e9 publi\u00e9 sur sa page officielle, le minist\u00e8re des Affaires culturelles indique que cette nouvelle \u00e9dition du Mois du patrimoine est l\u2019occasion de c\u00e9l\u00e9brer l\u2019identit\u00e9 culturelle tunisienne, de faire conna\u00eetre davantage notre patrimoine \u00e0 l\u2019\u00e9chelle internationale et mieux exploiter la richesse de nos monuments r\u00e9gionaux.<\/p>\n\n\n\n<p>Ainsi, tout au long de ce mois, le minist\u00e8re proposera des projections de films documentaires sur l\u2019histoire des grands monuments tunisiens, \u00e0 l\u2019instar du th\u00e9\u00e2tre d\u2019El Jem ou du Site arch\u00e9ologique d\u2019Oudhna, ainsi que des conf\u00e9rences enregistr\u00e9es ou transmises en direct de chercheurs, d\u2019universitaires et d\u2019architectes.<\/p>\n\n\n\n<p>Cette \u00e9dition mettra \u00e9galement l\u2019accent sur les nouveaux d\u00e9fis technologiques auxquels la Tunisie doit s\u2019adapter, notamment en termes d\u2019industries culturelles num\u00e9riques, ce qui fut d\u2019ailleurs au c\u0153ur des th\u00e9matiques abord\u00e9es lors de la derni\u00e8re \u00e9dition.<\/p>\n\n\n\n<p class=\"has-text-align-right\"><strong>Fawz Ben Ali<\/strong><\/p>\n","protected":false},"excerpt":{"rendered":"<p>Le minist\u00e8re des Affaires culturelles organise la 29e \u00e9dition du Mois du Patrimoine qui se tient jusqu\u2019au 18 mai 2020&#8230; sur la toile.<\/p>\n","protected":false},"author":26,"featured_media":295174,"comment_status":"open","ping_status":"open","sticky":false,"template":"","format":"standard","meta":{"footnotes":""},"categories":[994,2433],"tags":[78028,22337,78027,71877],"class_list":["post-295161","post","type-post","status-publish","format-standard","has-post-thumbnail","hentry","category-culture","category-tunisie","tag-journee-mondiale-des-musees","tag-ministere-des-affaires-culturelles","tag-mois-du-patrimoine","tag-patrimoine-tunisien"],"yoast_head":"<!-- This site is optimized with the Yoast SEO plugin v26.6 - https:\/\/yoast.com\/wordpress\/plugins\/seo\/ -->\n<title>La 29e \u00e9dition du Mois du Patrimoine se d\u00e9roule sur la toile - Kapitalis<\/title>\n<meta name=\"robots\" content=\"index, follow, max-snippet:-1, max-image-preview:large, max-video-preview:-1\" \/>\n<link rel=\"canonical\" href=\"https:\/\/kapitalis.com\/tunisie\/2020\/04\/21\/la-29e-edition-du-mois-du-patrimoine-se-deroule-sur-la-toile\/\" \/>\n<meta property=\"og:locale\" content=\"fr_FR\" \/>\n<meta property=\"og:type\" content=\"article\" \/>\n<meta property=\"og:title\" content=\"La 29e \u00e9dition du Mois du Patrimoine se d\u00e9roule sur la toile - Kapitalis\" \/>\n<meta property=\"og:description\" content=\"Le minist\u00e8re des Affaires culturelles organise la 29e \u00e9dition du Mois du Patrimoine qui se tient jusqu\u2019au 18 mai 2020&#8230; sur la toile.\" \/>\n<meta property=\"og:url\" content=\"https:\/\/kapitalis.com\/tunisie\/2020\/04\/21\/la-29e-edition-du-mois-du-patrimoine-se-deroule-sur-la-toile\/\" \/>\n<meta property=\"og:site_name\" content=\"Kapitalis\" \/>\n<meta property=\"article:publisher\" content=\"https:\/\/www.facebook.com\/KapitalisInfo\/\" \/>\n<meta property=\"article:published_time\" content=\"2020-04-21T07:02:29+00:00\" \/>\n<meta property=\"article:modified_time\" content=\"2020-04-21T07:02:30+00:00\" \/>\n<meta property=\"og:image\" content=\"https:\/\/kapitalis.com\/tunisie\/wp-content\/uploads\/2022\/05\/kapitalis-logo-fb.png\" \/>\n\t<meta property=\"og:image:width\" content=\"1200\" \/>\n\t<meta property=\"og:image:height\" content=\"630\" \/>\n\t<meta property=\"og:image:type\" content=\"image\/png\" \/>\n<meta name=\"author\" content=\"Fawz BenAli\" \/>\n<meta name=\"twitter:card\" content=\"summary_large_image\" \/>\n<meta name=\"twitter:creator\" content=\"@KapitalisInfo\" \/>\n<meta name=\"twitter:site\" content=\"@KapitalisInfo\" \/>\n<meta name=\"twitter:label1\" content=\"\u00c9crit par\" \/>\n\t<meta name=\"twitter:data1\" content=\"Fawz BenAli\" \/>\n\t<meta name=\"twitter:label2\" content=\"Dur\u00e9e de lecture estim\u00e9e\" \/>\n\t<meta name=\"twitter:data2\" content=\"1 minute\" \/>\n<script type=\"application\/ld+json\" class=\"yoast-schema-graph\">{\"@context\":\"https:\/\/schema.org\",\"@graph\":[{\"@type\":\"Article\",\"@id\":\"https:\/\/kapitalis.com\/tunisie\/2020\/04\/21\/la-29e-edition-du-mois-du-patrimoine-se-deroule-sur-la-toile\/#article\",\"isPartOf\":{\"@id\":\"https:\/\/kapitalis.com\/tunisie\/2020\/04\/21\/la-29e-edition-du-mois-du-patrimoine-se-deroule-sur-la-toile\/\"},\"author\":{\"name\":\"Fawz BenAli\",\"@id\":\"https:\/\/kapitalis.com\/tunisie\/#\/schema\/person\/73a5ecc1f6ae540c6ed91342eadca948\"},\"headline\":\"La 29e \u00e9dition du Mois du Patrimoine se d\u00e9roule sur la toile\",\"datePublished\":\"2020-04-21T07:02:29+00:00\",\"dateModified\":\"2020-04-21T07:02:30+00:00\",\"mainEntityOfPage\":{\"@id\":\"https:\/\/kapitalis.com\/tunisie\/2020\/04\/21\/la-29e-edition-du-mois-du-patrimoine-se-deroule-sur-la-toile\/\"},\"wordCount\":273,\"commentCount\":0,\"publisher\":{\"@id\":\"https:\/\/kapitalis.com\/tunisie\/#organization\"},\"image\":{\"@id\":\"https:\/\/kapitalis.com\/tunisie\/2020\/04\/21\/la-29e-edition-du-mois-du-patrimoine-se-deroule-sur-la-toile\/#primaryimage\"},\"thumbnailUrl\":\"\",\"keywords\":[\"Journ\u00e9e mondiale des mus\u00e9es\",\"minist\u00e8re des Affaires culturelles\",\"Mois du patrimoine\",\"patrimoine tunisien\"],\"articleSection\":[\"CULTURE\",\"Tunisie\"],\"inLanguage\":\"fr-FR\",\"potentialAction\":[{\"@type\":\"CommentAction\",\"name\":\"Comment\",\"target\":[\"https:\/\/kapitalis.com\/tunisie\/2020\/04\/21\/la-29e-edition-du-mois-du-patrimoine-se-deroule-sur-la-toile\/#respond\"]}]},{\"@type\":\"WebPage\",\"@id\":\"https:\/\/kapitalis.com\/tunisie\/2020\/04\/21\/la-29e-edition-du-mois-du-patrimoine-se-deroule-sur-la-toile\/\",\"url\":\"https:\/\/kapitalis.com\/tunisie\/2020\/04\/21\/la-29e-edition-du-mois-du-patrimoine-se-deroule-sur-la-toile\/\",\"name\":\"La 29e \u00e9dition du Mois du Patrimoine se d\u00e9roule sur la toile - Kapitalis\",\"isPartOf\":{\"@id\":\"https:\/\/kapitalis.com\/tunisie\/#website\"},\"primaryImageOfPage\":{\"@id\":\"https:\/\/kapitalis.com\/tunisie\/2020\/04\/21\/la-29e-edition-du-mois-du-patrimoine-se-deroule-sur-la-toile\/#primaryimage\"},\"image\":{\"@id\":\"https:\/\/kapitalis.com\/tunisie\/2020\/04\/21\/la-29e-edition-du-mois-du-patrimoine-se-deroule-sur-la-toile\/#primaryimage\"},\"thumbnailUrl\":\"\",\"datePublished\":\"2020-04-21T07:02:29+00:00\",\"dateModified\":\"2020-04-21T07:02:30+00:00\",\"breadcrumb\":{\"@id\":\"https:\/\/kapitalis.com\/tunisie\/2020\/04\/21\/la-29e-edition-du-mois-du-patrimoine-se-deroule-sur-la-toile\/#breadcrumb\"},\"inLanguage\":\"fr-FR\",\"potentialAction\":[{\"@type\":\"ReadAction\",\"target\":[\"https:\/\/kapitalis.com\/tunisie\/2020\/04\/21\/la-29e-edition-du-mois-du-patrimoine-se-deroule-sur-la-toile\/\"]}]},{\"@type\":\"ImageObject\",\"inLanguage\":\"fr-FR\",\"@id\":\"https:\/\/kapitalis.com\/tunisie\/2020\/04\/21\/la-29e-edition-du-mois-du-patrimoine-se-deroule-sur-la-toile\/#primaryimage\",\"url\":\"\",\"contentUrl\":\"\"},{\"@type\":\"BreadcrumbList\",\"@id\":\"https:\/\/kapitalis.com\/tunisie\/2020\/04\/21\/la-29e-edition-du-mois-du-patrimoine-se-deroule-sur-la-toile\/#breadcrumb\",\"itemListElement\":[{\"@type\":\"ListItem\",\"position\":1,\"name\":\"Accueil\",\"item\":\"https:\/\/kapitalis.com\/tunisie\/\"},{\"@type\":\"ListItem\",\"position\":2,\"name\":\"La 29e \u00e9dition du Mois du Patrimoine se d\u00e9roule sur la toile\"}]},{\"@type\":\"WebSite\",\"@id\":\"https:\/\/kapitalis.com\/tunisie\/#website\",\"url\":\"https:\/\/kapitalis.com\/tunisie\/\",\"name\":\"Kapitalis\",\"description\":\"L&#039;actualit\u00e9 en Tunisie et dans le monde\",\"publisher\":{\"@id\":\"https:\/\/kapitalis.com\/tunisie\/#organization\"},\"potentialAction\":[{\"@type\":\"SearchAction\",\"target\":{\"@type\":\"EntryPoint\",\"urlTemplate\":\"https:\/\/kapitalis.com\/tunisie\/?s={search_term_string}\"},\"query-input\":{\"@type\":\"PropertyValueSpecification\",\"valueRequired\":true,\"valueName\":\"search_term_string\"}}],\"inLanguage\":\"fr-FR\"},{\"@type\":\"Organization\",\"@id\":\"https:\/\/kapitalis.com\/tunisie\/#organization\",\"name\":\"Kapitalis\",\"url\":\"https:\/\/kapitalis.com\/tunisie\/\",\"logo\":{\"@type\":\"ImageObject\",\"inLanguage\":\"fr-FR\",\"@id\":\"https:\/\/kapitalis.com\/tunisie\/#\/schema\/logo\/image\/\",\"url\":\"https:\/\/kapitalis.com\/tunisie\/wp-content\/uploads\/2022\/05\/Kapitalis-big-size.png\",\"contentUrl\":\"https:\/\/kapitalis.com\/tunisie\/wp-content\/uploads\/2022\/05\/Kapitalis-big-size.png\",\"width\":5000,\"height\":1500,\"caption\":\"Kapitalis\"},\"image\":{\"@id\":\"https:\/\/kapitalis.com\/tunisie\/#\/schema\/logo\/image\/\"},\"sameAs\":[\"https:\/\/www.facebook.com\/KapitalisInfo\/\",\"https:\/\/x.com\/KapitalisInfo\",\"https:\/\/www.youtube.com\/channel\/UC-yDYrHyfFBWWZaOw3FPg9Q\"]},{\"@type\":\"Person\",\"@id\":\"https:\/\/kapitalis.com\/tunisie\/#\/schema\/person\/73a5ecc1f6ae540c6ed91342eadca948\",\"name\":\"Fawz BenAli\",\"url\":\"https:\/\/kapitalis.com\/tunisie\/author\/fawz\/\"}]}<\/script>\n<!-- \/ Yoast SEO plugin. -->","yoast_head_json":{"title":"La 29e \u00e9dition du Mois du Patrimoine se d\u00e9roule sur la toile - Kapitalis","robots":{"index":"index","follow":"follow","max-snippet":"max-snippet:-1","max-image-preview":"max-image-preview:large","max-video-preview":"max-video-preview:-1"},"canonical":"https:\/\/kapitalis.com\/tunisie\/2020\/04\/21\/la-29e-edition-du-mois-du-patrimoine-se-deroule-sur-la-toile\/","og_locale":"fr_FR","og_type":"article","og_title":"La 29e \u00e9dition du Mois du Patrimoine se d\u00e9roule sur la toile - Kapitalis","og_description":"Le minist\u00e8re des Affaires culturelles organise la 29e \u00e9dition du Mois du Patrimoine qui se tient jusqu\u2019au 18 mai 2020&#8230; sur la toile.","og_url":"https:\/\/kapitalis.com\/tunisie\/2020\/04\/21\/la-29e-edition-du-mois-du-patrimoine-se-deroule-sur-la-toile\/","og_site_name":"Kapitalis","article_publisher":"https:\/\/www.facebook.com\/KapitalisInfo\/","article_published_time":"2020-04-21T07:02:29+00:00","article_modified_time":"2020-04-21T07:02:30+00:00","og_image":[{"width":1200,"height":630,"url":"https:\/\/kapitalis.com\/tunisie\/wp-content\/uploads\/2022\/05\/kapitalis-logo-fb.png","type":"image\/png"}],"author":"Fawz BenAli","twitter_card":"summary_large_image","twitter_creator":"@KapitalisInfo","twitter_site":"@KapitalisInfo","twitter_misc":{"\u00c9crit par":"Fawz BenAli","Dur\u00e9e de lecture estim\u00e9e":"1 minute"},"schema":{"@context":"https:\/\/schema.org","@graph":[{"@type":"Article","@id":"https:\/\/kapitalis.com\/tunisie\/2020\/04\/21\/la-29e-edition-du-mois-du-patrimoine-se-deroule-sur-la-toile\/#article","isPartOf":{"@id":"https:\/\/kapitalis.com\/tunisie\/2020\/04\/21\/la-29e-edition-du-mois-du-patrimoine-se-deroule-sur-la-toile\/"},"author":{"name":"Fawz BenAli","@id":"https:\/\/kapitalis.com\/tunisie\/#\/schema\/person\/73a5ecc1f6ae540c6ed91342eadca948"},"headline":"La 29e \u00e9dition du Mois du Patrimoine se d\u00e9roule sur la toile","datePublished":"2020-04-21T07:02:29+00:00","dateModified":"2020-04-21T07:02:30+00:00","mainEntityOfPage":{"@id":"https:\/\/kapitalis.com\/tunisie\/2020\/04\/21\/la-29e-edition-du-mois-du-patrimoine-se-deroule-sur-la-toile\/"},"wordCount":273,"commentCount":0,"publisher":{"@id":"https:\/\/kapitalis.com\/tunisie\/#organization"},"image":{"@id":"https:\/\/kapitalis.com\/tunisie\/2020\/04\/21\/la-29e-edition-du-mois-du-patrimoine-se-deroule-sur-la-toile\/#primaryimage"},"thumbnailUrl":"","keywords":["Journ\u00e9e mondiale des mus\u00e9es","minist\u00e8re des Affaires culturelles","Mois du patrimoine","patrimoine tunisien"],"articleSection":["CULTURE","Tunisie"],"inLanguage":"fr-FR","potentialAction":[{"@type":"CommentAction","name":"Comment","target":["https:\/\/kapitalis.com\/tunisie\/2020\/04\/21\/la-29e-edition-du-mois-du-patrimoine-se-deroule-sur-la-toile\/#respond"]}]},{"@type":"WebPage","@id":"https:\/\/kapitalis.com\/tunisie\/2020\/04\/21\/la-29e-edition-du-mois-du-patrimoine-se-deroule-sur-la-toile\/","url":"https:\/\/kapitalis.com\/tunisie\/2020\/04\/21\/la-29e-edition-du-mois-du-patrimoine-se-deroule-sur-la-toile\/","name":"La 29e \u00e9dition du Mois du Patrimoine se d\u00e9roule sur la toile - Kapitalis","isPartOf":{"@id":"https:\/\/kapitalis.com\/tunisie\/#website"},"primaryImageOfPage":{"@id":"https:\/\/kapitalis.com\/tunisie\/2020\/04\/21\/la-29e-edition-du-mois-du-patrimoine-se-deroule-sur-la-toile\/#primaryimage"},"image":{"@id":"https:\/\/kapitalis.com\/tunisie\/2020\/04\/21\/la-29e-edition-du-mois-du-patrimoine-se-deroule-sur-la-toile\/#primaryimage"},"thumbnailUrl":"","datePublished":"2020-04-21T07:02:29+00:00","dateModified":"2020-04-21T07:02:30+00:00","breadcrumb":{"@id":"https:\/\/kapitalis.com\/tunisie\/2020\/04\/21\/la-29e-edition-du-mois-du-patrimoine-se-deroule-sur-la-toile\/#breadcrumb"},"inLanguage":"fr-FR","potentialAction":[{"@type":"ReadAction","target":["https:\/\/kapitalis.com\/tunisie\/2020\/04\/21\/la-29e-edition-du-mois-du-patrimoine-se-deroule-sur-la-toile\/"]}]},{"@type":"ImageObject","inLanguage":"fr-FR","@id":"https:\/\/kapitalis.com\/tunisie\/2020\/04\/21\/la-29e-edition-du-mois-du-patrimoine-se-deroule-sur-la-toile\/#primaryimage","url":"","contentUrl":""},{"@type":"BreadcrumbList","@id":"https:\/\/kapitalis.com\/tunisie\/2020\/04\/21\/la-29e-edition-du-mois-du-patrimoine-se-deroule-sur-la-toile\/#breadcrumb","itemListElement":[{"@type":"ListItem","position":1,"name":"Accueil","item":"https:\/\/kapitalis.com\/tunisie\/"},{"@type":"ListItem","position":2,"name":"La 29e \u00e9dition du Mois du Patrimoine se d\u00e9roule sur la toile"}]},{"@type":"WebSite","@id":"https:\/\/kapitalis.com\/tunisie\/#website","url":"https:\/\/kapitalis.com\/tunisie\/","name":"Kapitalis","description":"L&#039;actualit\u00e9 en Tunisie et dans le monde","publisher":{"@id":"https:\/\/kapitalis.com\/tunisie\/#organization"},"potentialAction":[{"@type":"SearchAction","target":{"@type":"EntryPoint","urlTemplate":"https:\/\/kapitalis.com\/tunisie\/?s={search_term_string}"},"query-input":{"@type":"PropertyValueSpecification","valueRequired":true,"valueName":"search_term_string"}}],"inLanguage":"fr-FR"},{"@type":"Organization","@id":"https:\/\/kapitalis.com\/tunisie\/#organization","name":"Kapitalis","url":"https:\/\/kapitalis.com\/tunisie\/","logo":{"@type":"ImageObject","inLanguage":"fr-FR","@id":"https:\/\/kapitalis.com\/tunisie\/#\/schema\/logo\/image\/","url":"https:\/\/kapitalis.com\/tunisie\/wp-content\/uploads\/2022\/05\/Kapitalis-big-size.png","contentUrl":"https:\/\/kapitalis.com\/tunisie\/wp-content\/uploads\/2022\/05\/Kapitalis-big-size.png","width":5000,"height":1500,"caption":"Kapitalis"},"image":{"@id":"https:\/\/kapitalis.com\/tunisie\/#\/schema\/logo\/image\/"},"sameAs":["https:\/\/www.facebook.com\/KapitalisInfo\/","https:\/\/x.com\/KapitalisInfo","https:\/\/www.youtube.com\/channel\/UC-yDYrHyfFBWWZaOw3FPg9Q"]},{"@type":"Person","@id":"https:\/\/kapitalis.com\/tunisie\/#\/schema\/person\/73a5ecc1f6ae540c6ed91342eadca948","name":"Fawz BenAli","url":"https:\/\/kapitalis.com\/tunisie\/author\/fawz\/"}]}},"_links":{"self":[{"href":"https:\/\/kapitalis.com\/tunisie\/wp-json\/wp\/v2\/posts\/295161","targetHints":{"allow":["GET"]}}],"collection":[{"href":"https:\/\/kapitalis.com\/tunisie\/wp-json\/wp\/v2\/posts"}],"about":[{"href":"https:\/\/kapitalis.com\/tunisie\/wp-json\/wp\/v2\/types\/post"}],"author":[{"embeddable":true,"href":"https:\/\/kapitalis.com\/tunisie\/wp-json\/wp\/v2\/users\/26"}],"replies":[{"embeddable":true,"href":"https:\/\/kapitalis.com\/tunisie\/wp-json\/wp\/v2\/comments?post=295161"}],"version-history":[{"count":0,"href":"https:\/\/kapitalis.com\/tunisie\/wp-json\/wp\/v2\/posts\/295161\/revisions"}],"wp:featuredmedia":[{"embeddable":true,"href":"https:\/\/kapitalis.com\/tunisie\/wp-json\/wp\/v2\/media\/295174"}],"wp:attachment":[{"href":"https:\/\/kapitalis.com\/tunisie\/wp-json\/wp\/v2\/media?parent=295161"}],"wp:term":[{"taxonomy":"category","embeddable":true,"href":"https:\/\/kapitalis.com\/tunisie\/wp-json\/wp\/v2\/categories?post=295161"},{"taxonomy":"post_tag","embeddable":true,"href":"https:\/\/kapitalis.com\/tunisie\/wp-json\/wp\/v2\/tags?post=295161"}],"curies":[{"name":"wp","href":"https:\/\/api.w.org\/{rel}","templated":true}]}}