{"id":295525,"date":"2020-04-22T16:08:51","date_gmt":"2020-04-22T15:08:51","guid":{"rendered":"http:\/\/kapitalis.com\/tunisie\/?p=295525"},"modified":"2020-04-22T16:44:42","modified_gmt":"2020-04-22T15:44:42","slug":"un-blogueur-tunisien-residant-au-canada-appelle-a-la-guerre-civile","status":"publish","type":"post","link":"https:\/\/kapitalis.com\/tunisie\/2020\/04\/22\/un-blogueur-tunisien-residant-au-canada-appelle-a-la-guerre-civile\/","title":{"rendered":"Un blogueur tunisien r\u00e9sidant au Canada appelle \u00e0 la guerre civile"},"content":{"rendered":"\n<figure class=\"wp-block-image size-large\"><img decoding=\"async\" src=\"http:\/\/kapitalis.com\/tunisie\/wp-content\/uploads\/2020\/04\/mtimet.jpg\" alt=\"\" class=\"wp-image-295529\"\/><\/figure>\n\n\n\n<p><strong><em>Un blogueur islamiste tunisien qui r\u00e9side au Canada, nomm\u00e9 Kacem Mtimet, a r\u00e9cemment publi\u00e9 une <a href=\"https:\/\/www.facebook.com\/298208874322472\/videos\/804712270053387\/?v=804712270053387\">vid\u00e9o<\/a> qui a beaucoup circul\u00e9 sur les r\u00e9seaux sociaux, o\u00f9 il a ouvertement appel\u00e9 \u00e0 la haine, et m\u00eame aux assassinats politiques et \u00e0 la guerre civile.<\/em><\/strong><\/p>\n\n\n\n<!--more-->\n\n\n\n<p>Se pr\u00e9sentant comme un Nahdhaoui, Kacem Mtimet a pr\u00e9tendu que le pr\u00e9sident de la r\u00e9publique, Ka\u00efs Sa\u00efed, manigance avec les Sah\u00e9liens et m\u00e8ne une guerre avec eux contre Ennahdha ainsi que son chef, Rached Ghannouchi, et les habitants du sud de la Tunisie, puisque ce sont eux qui ont \u00e9lu le parti islamiste, selon ses dires. <\/p>\n\n\n\n<p>Poursuivant dans son d\u00e9lire, l&rsquo;homme a affirm\u00e9 que tous les sudistes, ainsi que le reste des Tunisiens, s&rsquo;engageront dans cette guerre, contre le Sahel et Tunis, assurant que m\u00eame les enfants de plus de 10 ans seront arm\u00e9s.<\/p>\n\n\n\n<p>En outre, il a promis le crucifiement de Mabrouk Korchid, d\u00e9put\u00e9 de Tahya Tounes \u00e0 l&rsquo;Assembl\u00e9e des repr\u00e9sentants du peuple (ARP) et ancien ministre des Domaines de l&rsquo;Etat, homme du sud s&rsquo;il en est, visiblement consid\u00e9r\u00e9 comme un <em>\u00abtra\u00eetre\u00bb<\/em>.<\/p>\n\n\n\n<p>Vu la gravit\u00e9 de ces propos, la Tunisie doit coordonner avec le Canada pour arr\u00eater cette personne et la transf\u00e9rer \u00e0 la justice ou \u00e0 l&rsquo;h\u00f4pital psychiatrique, selon son \u00e9tat de sant\u00e9 mentale.<\/p>\n\n\n\n<p class=\"has-text-align-right\"><strong>C. B. Y.<\/strong><\/p>\n","protected":false},"excerpt":{"rendered":"<p>Un blogueur islamiste tunisien qui r\u00e9side au Canada, nomm\u00e9 Kacem Mtimet, a r\u00e9cemment publi\u00e9 une vid\u00e9o qui a beaucoup circul\u00e9 sur les r\u00e9seaux sociaux, o\u00f9 il a ouvertement appel\u00e9 \u00e0 la haine, et m\u00eame aux assassinats politiques et \u00e0 la guerre civile.<\/p>\n","protected":false},"author":24,"featured_media":295529,"comment_status":"open","ping_status":"open","sticky":false,"template":"","format":"standard","meta":{"footnotes":""},"categories":[998,2433],"tags":[49543,78095,76012,23898,758],"class_list":["post-295525","post","type-post","status-publish","format-standard","has-post-thumbnail","hentry","category-societe","category-tunisie","tag-ennahdha","tag-kacem-mtimet","tag-kais-saied-2","tag-mabrouk-korchid","tag-rached-ghannouchi"],"yoast_head":"<!-- This site is optimized with the Yoast SEO plugin v26.6 - https:\/\/yoast.com\/wordpress\/plugins\/seo\/ -->\n<title>Un blogueur tunisien r\u00e9sidant au Canada appelle \u00e0 la guerre civile - Kapitalis<\/title>\n<meta name=\"robots\" content=\"index, follow, max-snippet:-1, max-image-preview:large, max-video-preview:-1\" \/>\n<link rel=\"canonical\" href=\"https:\/\/kapitalis.com\/tunisie\/2020\/04\/22\/un-blogueur-tunisien-residant-au-canada-appelle-a-la-guerre-civile\/\" \/>\n<meta property=\"og:locale\" content=\"fr_FR\" \/>\n<meta property=\"og:type\" content=\"article\" \/>\n<meta property=\"og:title\" content=\"Un blogueur tunisien r\u00e9sidant au Canada appelle \u00e0 la guerre civile - Kapitalis\" \/>\n<meta property=\"og:description\" content=\"Un blogueur islamiste tunisien qui r\u00e9side au Canada, nomm\u00e9 Kacem Mtimet, a r\u00e9cemment publi\u00e9 une vid\u00e9o qui a beaucoup circul\u00e9 sur les r\u00e9seaux sociaux, o\u00f9 il a ouvertement appel\u00e9 \u00e0 la haine, et m\u00eame aux assassinats politiques et \u00e0 la guerre civile.\" \/>\n<meta property=\"og:url\" content=\"https:\/\/kapitalis.com\/tunisie\/2020\/04\/22\/un-blogueur-tunisien-residant-au-canada-appelle-a-la-guerre-civile\/\" \/>\n<meta property=\"og:site_name\" content=\"Kapitalis\" \/>\n<meta property=\"article:publisher\" content=\"https:\/\/www.facebook.com\/KapitalisInfo\/\" \/>\n<meta property=\"article:published_time\" content=\"2020-04-22T15:08:51+00:00\" \/>\n<meta property=\"article:modified_time\" content=\"2020-04-22T15:44:42+00:00\" \/>\n<meta property=\"og:image\" content=\"https:\/\/kapitalis.com\/tunisie\/wp-content\/uploads\/2022\/05\/kapitalis-logo-fb.png\" \/>\n\t<meta property=\"og:image:width\" content=\"1200\" \/>\n\t<meta property=\"og:image:height\" content=\"630\" \/>\n\t<meta property=\"og:image:type\" content=\"image\/png\" \/>\n<meta name=\"author\" content=\"Cherif Benyounes\" \/>\n<meta name=\"twitter:card\" content=\"summary_large_image\" \/>\n<meta name=\"twitter:creator\" content=\"@KapitalisInfo\" \/>\n<meta name=\"twitter:site\" content=\"@KapitalisInfo\" \/>\n<meta name=\"twitter:label1\" content=\"\u00c9crit par\" \/>\n\t<meta name=\"twitter:data1\" content=\"Cherif Benyounes\" \/>\n\t<meta name=\"twitter:label2\" content=\"Dur\u00e9e de lecture estim\u00e9e\" \/>\n\t<meta name=\"twitter:data2\" content=\"1 minute\" \/>\n<script type=\"application\/ld+json\" class=\"yoast-schema-graph\">{\"@context\":\"https:\/\/schema.org\",\"@graph\":[{\"@type\":\"Article\",\"@id\":\"https:\/\/kapitalis.com\/tunisie\/2020\/04\/22\/un-blogueur-tunisien-residant-au-canada-appelle-a-la-guerre-civile\/#article\",\"isPartOf\":{\"@id\":\"https:\/\/kapitalis.com\/tunisie\/2020\/04\/22\/un-blogueur-tunisien-residant-au-canada-appelle-a-la-guerre-civile\/\"},\"author\":{\"name\":\"Cherif Benyounes\",\"@id\":\"https:\/\/kapitalis.com\/tunisie\/#\/schema\/person\/b35b8d631961131107263178aeb8019e\"},\"headline\":\"Un blogueur tunisien r\u00e9sidant au Canada appelle \u00e0 la guerre civile\",\"datePublished\":\"2020-04-22T15:08:51+00:00\",\"dateModified\":\"2020-04-22T15:44:42+00:00\",\"mainEntityOfPage\":{\"@id\":\"https:\/\/kapitalis.com\/tunisie\/2020\/04\/22\/un-blogueur-tunisien-residant-au-canada-appelle-a-la-guerre-civile\/\"},\"wordCount\":240,\"commentCount\":12,\"publisher\":{\"@id\":\"https:\/\/kapitalis.com\/tunisie\/#organization\"},\"image\":{\"@id\":\"https:\/\/kapitalis.com\/tunisie\/2020\/04\/22\/un-blogueur-tunisien-residant-au-canada-appelle-a-la-guerre-civile\/#primaryimage\"},\"thumbnailUrl\":\"\",\"keywords\":[\"Ennahdha\",\"kacem mtimet\",\"Ka\u00efs Sa\u00efed\",\"Mabrouk Korchid\",\"Rached Ghannouchi\"],\"articleSection\":[\"SOCIETE\",\"Tunisie\"],\"inLanguage\":\"fr-FR\",\"potentialAction\":[{\"@type\":\"CommentAction\",\"name\":\"Comment\",\"target\":[\"https:\/\/kapitalis.com\/tunisie\/2020\/04\/22\/un-blogueur-tunisien-residant-au-canada-appelle-a-la-guerre-civile\/#respond\"]}]},{\"@type\":\"WebPage\",\"@id\":\"https:\/\/kapitalis.com\/tunisie\/2020\/04\/22\/un-blogueur-tunisien-residant-au-canada-appelle-a-la-guerre-civile\/\",\"url\":\"https:\/\/kapitalis.com\/tunisie\/2020\/04\/22\/un-blogueur-tunisien-residant-au-canada-appelle-a-la-guerre-civile\/\",\"name\":\"Un blogueur tunisien r\u00e9sidant au Canada appelle \u00e0 la guerre civile - Kapitalis\",\"isPartOf\":{\"@id\":\"https:\/\/kapitalis.com\/tunisie\/#website\"},\"primaryImageOfPage\":{\"@id\":\"https:\/\/kapitalis.com\/tunisie\/2020\/04\/22\/un-blogueur-tunisien-residant-au-canada-appelle-a-la-guerre-civile\/#primaryimage\"},\"image\":{\"@id\":\"https:\/\/kapitalis.com\/tunisie\/2020\/04\/22\/un-blogueur-tunisien-residant-au-canada-appelle-a-la-guerre-civile\/#primaryimage\"},\"thumbnailUrl\":\"\",\"datePublished\":\"2020-04-22T15:08:51+00:00\",\"dateModified\":\"2020-04-22T15:44:42+00:00\",\"breadcrumb\":{\"@id\":\"https:\/\/kapitalis.com\/tunisie\/2020\/04\/22\/un-blogueur-tunisien-residant-au-canada-appelle-a-la-guerre-civile\/#breadcrumb\"},\"inLanguage\":\"fr-FR\",\"potentialAction\":[{\"@type\":\"ReadAction\",\"target\":[\"https:\/\/kapitalis.com\/tunisie\/2020\/04\/22\/un-blogueur-tunisien-residant-au-canada-appelle-a-la-guerre-civile\/\"]}]},{\"@type\":\"ImageObject\",\"inLanguage\":\"fr-FR\",\"@id\":\"https:\/\/kapitalis.com\/tunisie\/2020\/04\/22\/un-blogueur-tunisien-residant-au-canada-appelle-a-la-guerre-civile\/#primaryimage\",\"url\":\"\",\"contentUrl\":\"\"},{\"@type\":\"BreadcrumbList\",\"@id\":\"https:\/\/kapitalis.com\/tunisie\/2020\/04\/22\/un-blogueur-tunisien-residant-au-canada-appelle-a-la-guerre-civile\/#breadcrumb\",\"itemListElement\":[{\"@type\":\"ListItem\",\"position\":1,\"name\":\"Accueil\",\"item\":\"https:\/\/kapitalis.com\/tunisie\/\"},{\"@type\":\"ListItem\",\"position\":2,\"name\":\"Un blogueur tunisien r\u00e9sidant au Canada appelle \u00e0 la guerre civile\"}]},{\"@type\":\"WebSite\",\"@id\":\"https:\/\/kapitalis.com\/tunisie\/#website\",\"url\":\"https:\/\/kapitalis.com\/tunisie\/\",\"name\":\"Kapitalis\",\"description\":\"L&#039;actualit\u00e9 en Tunisie et dans le monde\",\"publisher\":{\"@id\":\"https:\/\/kapitalis.com\/tunisie\/#organization\"},\"potentialAction\":[{\"@type\":\"SearchAction\",\"target\":{\"@type\":\"EntryPoint\",\"urlTemplate\":\"https:\/\/kapitalis.com\/tunisie\/?s={search_term_string}\"},\"query-input\":{\"@type\":\"PropertyValueSpecification\",\"valueRequired\":true,\"valueName\":\"search_term_string\"}}],\"inLanguage\":\"fr-FR\"},{\"@type\":\"Organization\",\"@id\":\"https:\/\/kapitalis.com\/tunisie\/#organization\",\"name\":\"Kapitalis\",\"url\":\"https:\/\/kapitalis.com\/tunisie\/\",\"logo\":{\"@type\":\"ImageObject\",\"inLanguage\":\"fr-FR\",\"@id\":\"https:\/\/kapitalis.com\/tunisie\/#\/schema\/logo\/image\/\",\"url\":\"https:\/\/kapitalis.com\/tunisie\/wp-content\/uploads\/2022\/05\/Kapitalis-big-size.png\",\"contentUrl\":\"https:\/\/kapitalis.com\/tunisie\/wp-content\/uploads\/2022\/05\/Kapitalis-big-size.png\",\"width\":5000,\"height\":1500,\"caption\":\"Kapitalis\"},\"image\":{\"@id\":\"https:\/\/kapitalis.com\/tunisie\/#\/schema\/logo\/image\/\"},\"sameAs\":[\"https:\/\/www.facebook.com\/KapitalisInfo\/\",\"https:\/\/x.com\/KapitalisInfo\",\"https:\/\/www.youtube.com\/channel\/UC-yDYrHyfFBWWZaOw3FPg9Q\"]},{\"@type\":\"Person\",\"@id\":\"https:\/\/kapitalis.com\/tunisie\/#\/schema\/person\/b35b8d631961131107263178aeb8019e\",\"name\":\"Cherif Benyounes\",\"url\":\"https:\/\/kapitalis.com\/tunisie\/author\/cherif\/\"}]}<\/script>\n<!-- \/ Yoast SEO plugin. -->","yoast_head_json":{"title":"Un blogueur tunisien r\u00e9sidant au Canada appelle \u00e0 la guerre civile - Kapitalis","robots":{"index":"index","follow":"follow","max-snippet":"max-snippet:-1","max-image-preview":"max-image-preview:large","max-video-preview":"max-video-preview:-1"},"canonical":"https:\/\/kapitalis.com\/tunisie\/2020\/04\/22\/un-blogueur-tunisien-residant-au-canada-appelle-a-la-guerre-civile\/","og_locale":"fr_FR","og_type":"article","og_title":"Un blogueur tunisien r\u00e9sidant au Canada appelle \u00e0 la guerre civile - Kapitalis","og_description":"Un blogueur islamiste tunisien qui r\u00e9side au Canada, nomm\u00e9 Kacem Mtimet, a r\u00e9cemment publi\u00e9 une vid\u00e9o qui a beaucoup circul\u00e9 sur les r\u00e9seaux sociaux, o\u00f9 il a ouvertement appel\u00e9 \u00e0 la haine, et m\u00eame aux assassinats politiques et \u00e0 la guerre civile.","og_url":"https:\/\/kapitalis.com\/tunisie\/2020\/04\/22\/un-blogueur-tunisien-residant-au-canada-appelle-a-la-guerre-civile\/","og_site_name":"Kapitalis","article_publisher":"https:\/\/www.facebook.com\/KapitalisInfo\/","article_published_time":"2020-04-22T15:08:51+00:00","article_modified_time":"2020-04-22T15:44:42+00:00","og_image":[{"width":1200,"height":630,"url":"https:\/\/kapitalis.com\/tunisie\/wp-content\/uploads\/2022\/05\/kapitalis-logo-fb.png","type":"image\/png"}],"author":"Cherif Benyounes","twitter_card":"summary_large_image","twitter_creator":"@KapitalisInfo","twitter_site":"@KapitalisInfo","twitter_misc":{"\u00c9crit par":"Cherif Benyounes","Dur\u00e9e de lecture estim\u00e9e":"1 minute"},"schema":{"@context":"https:\/\/schema.org","@graph":[{"@type":"Article","@id":"https:\/\/kapitalis.com\/tunisie\/2020\/04\/22\/un-blogueur-tunisien-residant-au-canada-appelle-a-la-guerre-civile\/#article","isPartOf":{"@id":"https:\/\/kapitalis.com\/tunisie\/2020\/04\/22\/un-blogueur-tunisien-residant-au-canada-appelle-a-la-guerre-civile\/"},"author":{"name":"Cherif Benyounes","@id":"https:\/\/kapitalis.com\/tunisie\/#\/schema\/person\/b35b8d631961131107263178aeb8019e"},"headline":"Un blogueur tunisien r\u00e9sidant au Canada appelle \u00e0 la guerre civile","datePublished":"2020-04-22T15:08:51+00:00","dateModified":"2020-04-22T15:44:42+00:00","mainEntityOfPage":{"@id":"https:\/\/kapitalis.com\/tunisie\/2020\/04\/22\/un-blogueur-tunisien-residant-au-canada-appelle-a-la-guerre-civile\/"},"wordCount":240,"commentCount":12,"publisher":{"@id":"https:\/\/kapitalis.com\/tunisie\/#organization"},"image":{"@id":"https:\/\/kapitalis.com\/tunisie\/2020\/04\/22\/un-blogueur-tunisien-residant-au-canada-appelle-a-la-guerre-civile\/#primaryimage"},"thumbnailUrl":"","keywords":["Ennahdha","kacem mtimet","Ka\u00efs Sa\u00efed","Mabrouk Korchid","Rached Ghannouchi"],"articleSection":["SOCIETE","Tunisie"],"inLanguage":"fr-FR","potentialAction":[{"@type":"CommentAction","name":"Comment","target":["https:\/\/kapitalis.com\/tunisie\/2020\/04\/22\/un-blogueur-tunisien-residant-au-canada-appelle-a-la-guerre-civile\/#respond"]}]},{"@type":"WebPage","@id":"https:\/\/kapitalis.com\/tunisie\/2020\/04\/22\/un-blogueur-tunisien-residant-au-canada-appelle-a-la-guerre-civile\/","url":"https:\/\/kapitalis.com\/tunisie\/2020\/04\/22\/un-blogueur-tunisien-residant-au-canada-appelle-a-la-guerre-civile\/","name":"Un blogueur tunisien r\u00e9sidant au Canada appelle \u00e0 la guerre civile - Kapitalis","isPartOf":{"@id":"https:\/\/kapitalis.com\/tunisie\/#website"},"primaryImageOfPage":{"@id":"https:\/\/kapitalis.com\/tunisie\/2020\/04\/22\/un-blogueur-tunisien-residant-au-canada-appelle-a-la-guerre-civile\/#primaryimage"},"image":{"@id":"https:\/\/kapitalis.com\/tunisie\/2020\/04\/22\/un-blogueur-tunisien-residant-au-canada-appelle-a-la-guerre-civile\/#primaryimage"},"thumbnailUrl":"","datePublished":"2020-04-22T15:08:51+00:00","dateModified":"2020-04-22T15:44:42+00:00","breadcrumb":{"@id":"https:\/\/kapitalis.com\/tunisie\/2020\/04\/22\/un-blogueur-tunisien-residant-au-canada-appelle-a-la-guerre-civile\/#breadcrumb"},"inLanguage":"fr-FR","potentialAction":[{"@type":"ReadAction","target":["https:\/\/kapitalis.com\/tunisie\/2020\/04\/22\/un-blogueur-tunisien-residant-au-canada-appelle-a-la-guerre-civile\/"]}]},{"@type":"ImageObject","inLanguage":"fr-FR","@id":"https:\/\/kapitalis.com\/tunisie\/2020\/04\/22\/un-blogueur-tunisien-residant-au-canada-appelle-a-la-guerre-civile\/#primaryimage","url":"","contentUrl":""},{"@type":"BreadcrumbList","@id":"https:\/\/kapitalis.com\/tunisie\/2020\/04\/22\/un-blogueur-tunisien-residant-au-canada-appelle-a-la-guerre-civile\/#breadcrumb","itemListElement":[{"@type":"ListItem","position":1,"name":"Accueil","item":"https:\/\/kapitalis.com\/tunisie\/"},{"@type":"ListItem","position":2,"name":"Un blogueur tunisien r\u00e9sidant au Canada appelle \u00e0 la guerre civile"}]},{"@type":"WebSite","@id":"https:\/\/kapitalis.com\/tunisie\/#website","url":"https:\/\/kapitalis.com\/tunisie\/","name":"Kapitalis","description":"L&#039;actualit\u00e9 en Tunisie et dans le monde","publisher":{"@id":"https:\/\/kapitalis.com\/tunisie\/#organization"},"potentialAction":[{"@type":"SearchAction","target":{"@type":"EntryPoint","urlTemplate":"https:\/\/kapitalis.com\/tunisie\/?s={search_term_string}"},"query-input":{"@type":"PropertyValueSpecification","valueRequired":true,"valueName":"search_term_string"}}],"inLanguage":"fr-FR"},{"@type":"Organization","@id":"https:\/\/kapitalis.com\/tunisie\/#organization","name":"Kapitalis","url":"https:\/\/kapitalis.com\/tunisie\/","logo":{"@type":"ImageObject","inLanguage":"fr-FR","@id":"https:\/\/kapitalis.com\/tunisie\/#\/schema\/logo\/image\/","url":"https:\/\/kapitalis.com\/tunisie\/wp-content\/uploads\/2022\/05\/Kapitalis-big-size.png","contentUrl":"https:\/\/kapitalis.com\/tunisie\/wp-content\/uploads\/2022\/05\/Kapitalis-big-size.png","width":5000,"height":1500,"caption":"Kapitalis"},"image":{"@id":"https:\/\/kapitalis.com\/tunisie\/#\/schema\/logo\/image\/"},"sameAs":["https:\/\/www.facebook.com\/KapitalisInfo\/","https:\/\/x.com\/KapitalisInfo","https:\/\/www.youtube.com\/channel\/UC-yDYrHyfFBWWZaOw3FPg9Q"]},{"@type":"Person","@id":"https:\/\/kapitalis.com\/tunisie\/#\/schema\/person\/b35b8d631961131107263178aeb8019e","name":"Cherif Benyounes","url":"https:\/\/kapitalis.com\/tunisie\/author\/cherif\/"}]}},"_links":{"self":[{"href":"https:\/\/kapitalis.com\/tunisie\/wp-json\/wp\/v2\/posts\/295525","targetHints":{"allow":["GET"]}}],"collection":[{"href":"https:\/\/kapitalis.com\/tunisie\/wp-json\/wp\/v2\/posts"}],"about":[{"href":"https:\/\/kapitalis.com\/tunisie\/wp-json\/wp\/v2\/types\/post"}],"author":[{"embeddable":true,"href":"https:\/\/kapitalis.com\/tunisie\/wp-json\/wp\/v2\/users\/24"}],"replies":[{"embeddable":true,"href":"https:\/\/kapitalis.com\/tunisie\/wp-json\/wp\/v2\/comments?post=295525"}],"version-history":[{"count":0,"href":"https:\/\/kapitalis.com\/tunisie\/wp-json\/wp\/v2\/posts\/295525\/revisions"}],"wp:featuredmedia":[{"embeddable":true,"href":"https:\/\/kapitalis.com\/tunisie\/wp-json\/wp\/v2\/media\/295529"}],"wp:attachment":[{"href":"https:\/\/kapitalis.com\/tunisie\/wp-json\/wp\/v2\/media?parent=295525"}],"wp:term":[{"taxonomy":"category","embeddable":true,"href":"https:\/\/kapitalis.com\/tunisie\/wp-json\/wp\/v2\/categories?post=295525"},{"taxonomy":"post_tag","embeddable":true,"href":"https:\/\/kapitalis.com\/tunisie\/wp-json\/wp\/v2\/tags?post=295525"}],"curies":[{"name":"wp","href":"https:\/\/api.w.org\/{rel}","templated":true}]}}