{"id":2956220,"date":"2022-08-11T08:22:03","date_gmt":"2022-08-11T07:22:03","guid":{"rendered":"https:\/\/kapitalis.com\/tunisie\/?p=2956220"},"modified":"2022-08-11T08:22:05","modified_gmt":"2022-08-11T07:22:05","slug":"tunisie-trois-week-ends-de-proprete-et-apres","status":"publish","type":"post","link":"https:\/\/kapitalis.com\/tunisie\/2022\/08\/11\/tunisie-trois-week-ends-de-proprete-et-apres\/","title":{"rendered":"Tunisie : trois week-ends de propret\u00e9, et apr\u00e8s !"},"content":{"rendered":"\n<p><em><strong>Il y a en Tunisie un minist\u00e8re de l\u2019Environnement, mais \u00e0 voir les salet\u00e9s qui s\u2019amoncellent un peu partout dans le pays, y compris dans les zones touristiques et les quartiers hupp\u00e9s, on se demande ce que ce d\u00e9partement fait en plus de la c\u00e9l\u00e9bration de la Journ\u00e9e mondiale de l\u2019environnement, le 5 juin de chaque ann\u00e9e. \u00a0\u00a0\u00a0<\/strong><\/em><\/p>\n\n\n\n<p>Par <strong>Imed Bahri<\/strong><\/p>\n\n\n\n<!--more-->\n\n\n\n<p>On peut toujours chercher des justifications \u00e0 cette situation que les citoyens ne cessent de d\u00e9plorer. Parmi ces justifications, on citera notamment le manque de civisme de ces m\u00eames citoyens, ou de bon nombre d\u2019entre eux, l\u2019absence d\u2019une conscience \u00e9cologique et d\u2019une culture environnementale, le manque de moyens dont se plaignent les acteurs du secteur\u2026\u00a0Mais cela ne justifie pas le faible engagement voire l\u2019immobilisme du d\u00e9partement de l\u2019Environnement qui, outre le budget allou\u00e9 par l\u2019Etat, dispose aussi de fonds cons\u00e9quents attribu\u00e9s dans le cadre de la coop\u00e9ration internationale. Merci les Su\u00e9dois, les Allemands et les autres, qui sont plus soucieux que nous de la qualit\u00e9 de notre cadre de vie !<\/p>\n\n\n\n<h2 class=\"wp-block-heading\">Une bonne conscience \u00e0 peu de frais\u00a0\u00a0<\/h2>\n\n\n\n<p>En annon\u00e7ant, hier, mercredi 10 ao\u00fbt 2022, une manifestation environnementale intitul\u00e9e <em>\u00abMois de la propret\u00e9\u00bb<\/em>, qui sera lanc\u00e9e le 14 ao\u00fbt, dans toutes les villes tunisiennes, la ministre de l&rsquo;Environnement, Leila Chikhaoui, l\u2019a fait avec tout le s\u00e9rieux requis et sans ironie aucune, alors que l\u2019on sait que la propret\u00e9 n\u2019est pas une affaire saisonni\u00e8re qui peut se suffire de l\u2019organisation d\u2019un <em>\u00ab\u00e9v\u00e9nement\u00bb<\/em> pour le fun, pour faire mouvement, pour dire qu\u2019on existe ou pour avoir bonne conscience \u00e0 peu de frais.<\/p>\n\n\n\n<p>Pour donner plus de solennit\u00e9 \u00e0 l&rsquo;\u00e9v\u00e9nement, Mme Chikhaoui s&rsquo;est fait entourer de cinq autres ministres (excusez du peu!) : Mohamed Moez Belhassine (Tourisme et Artisanat), Mahmoud Elyes Hamza (Agriculture, Ressources hydrauliques et p\u00eache), Rabie Majidi (Transport), Ali Mrabet (Sant\u00e9) Moncef Boukthir (Enseignement sup\u00e9rieur et Recherche scientifique), align\u00e9s en rang d&rsquo;oignon. Effet <em>\u00abhadhba\u00bb<\/em> garanti !<\/p>\n\n\n\n<figure class=\"wp-block-embed is-type-wp-embed is-provider-kapitalis wp-block-embed-kapitalis\"><div class=\"wp-block-embed__wrapper\">\n<blockquote class=\"wp-embedded-content\" data-secret=\"lSz3f5g5fX\"><a href=\"https:\/\/kapitalis.com\/tunisie\/2022\/07\/13\/tunisie-les-violations-environnementales-sont-quotidiennes\/\">Tunisie\u00a0: les violations environnementales sont quotidiennes<\/a><\/blockquote><iframe loading=\"lazy\" class=\"wp-embedded-content\" sandbox=\"allow-scripts\" security=\"restricted\" style=\"position: absolute; clip: rect(1px, 1px, 1px, 1px);\" title=\"\u00ab\u00a0Tunisie\u00a0: les violations environnementales sont quotidiennes\u00a0\u00bb &#8212; Kapitalis\" src=\"https:\/\/kapitalis.com\/tunisie\/2022\/07\/13\/tunisie-les-violations-environnementales-sont-quotidiennes\/embed\/#?secret=cMSO1xMhTE#?secret=lSz3f5g5fX\" data-secret=\"lSz3f5g5fX\" width=\"600\" height=\"338\" frameborder=\"0\" marginwidth=\"0\" marginheight=\"0\" scrolling=\"no\"><\/iframe>\n<\/div><\/figure>\n\n\n\n<p>La propret\u00e9 est cens\u00e9e \u00eatre une affaire de tous les jours, car notre qualit\u00e9 de vie voire notre sant\u00e9 physique et psychique en d\u00e9pend. Demandez aux citoyens qui vivent dans des quartiers transform\u00e9s en d\u00e9charges \u00e0 ciel ouvert, comme \u00e0 <a href=\"https:\/\/kapitalis.com\/tunisie\/2021\/11\/01\/crime-contre-lenvironnement-a-sfax\/\" target=\"_blank\" rel=\"noreferrer noopener\">Sfax <\/a>o\u00f9 le probl\u00e8me de la lev\u00e9e des ordures dure depuis plusieurs mois, et ils vous diront ce qu\u2019il leur co\u00fbte de vivre comme des chiens entre les poubelles.<\/p>\n\n\n\n<p>Pour la ministre Chikhaoui, le <em>\u00abMois de la propret\u00e9\u00bb<\/em> (Clean Up Month), qui se poursuivra durant les week-ends du 21 ao\u00fbt, 28 ao\u00fbt et 4 septembre, vise \u00e0 encourager les citoyens, la soci\u00e9t\u00e9 civile et les entreprises \u00e0 adh\u00e9rer volontairement au mouvement pour promouvoir des indicateurs de propret\u00e9 dans toutes les villes tunisiennes.<\/p>\n\n\n\n<p>Les d\u00e9chets plastiques et les d\u00e9chets l\u00e9gers seront collect\u00e9s dans toutes les r\u00e9gions du pays, gr\u00e2ce aux efforts conjoints de toutes les parties concern\u00e9es, a encore indiqu\u00e9 la ministre, qui appelle \u00e0 la participation des citoyens, individuellement ou en \u00e9quipes de 10 b\u00e9n\u00e9voles de plus de 18 ans.<\/p>\n\n\n\n<p>Des repr\u00e9sentants d\u2019organisations actives localement telles que les scouts, le Croissant-Rouge, ainsi que des \u00e9l\u00e8ves, des \u00e9tudiants et des citoyens sont ainsi invit\u00e9s \u00e0 participer \u00e0 l\u2019\u00e9v\u00e9nement. Tous ceux qui souhaitent participer sont appel\u00e9s \u00e0 s&rsquo;inscrire sur <a href=\"http:\/\/www.cleanup-month.tn\" target=\"_blank\" rel=\"noreferrer noopener\">ce site<\/a>.<\/p>\n\n\n\n<p>Le travail des \u00e9quipes participantes sera \u00e9valu\u00e9 au plus pr\u00e8s, en fonction de la quantit\u00e9 de d\u00e9chets collect\u00e9s et de leur qualit\u00e9 (tri\u00e9s ou non tri\u00e9s) et les trois premi\u00e8res \u00e9quipes recevront des prix symboliques.<\/p>\n\n\n\n<figure class=\"wp-block-embed is-type-wp-embed is-provider-kapitalis wp-block-embed-kapitalis\"><div class=\"wp-block-embed__wrapper\">\n<blockquote class=\"wp-embedded-content\" data-secret=\"9VHqfh8t63\"><a href=\"https:\/\/kapitalis.com\/tunisie\/2021\/11\/01\/crime-contre-lenvironnement-a-sfax\/\">Crime contre l&rsquo;environnement \u00e0 Sfax<\/a><\/blockquote><iframe loading=\"lazy\" class=\"wp-embedded-content\" sandbox=\"allow-scripts\" security=\"restricted\" style=\"position: absolute; clip: rect(1px, 1px, 1px, 1px);\" title=\"\u00ab\u00a0Crime contre l&rsquo;environnement \u00e0 Sfax\u00a0\u00bb &#8212; Kapitalis\" src=\"https:\/\/kapitalis.com\/tunisie\/2021\/11\/01\/crime-contre-lenvironnement-a-sfax\/embed\/#?secret=649OLTOkCv#?secret=9VHqfh8t63\" data-secret=\"9VHqfh8t63\" width=\"600\" height=\"338\" frameborder=\"0\" marginwidth=\"0\" marginheight=\"0\" scrolling=\"no\"><\/iframe>\n<\/div><\/figure>\n\n\n\n<p>Le minist\u00e8re fournira aux participants des sacs pour la collecte des d\u00e9chets, des gants, des tabliers, des casques et du mat\u00e9riel de pes\u00e9e dans les zones de collecte.<\/p>\n\n\n\n<p>Les collectivit\u00e9s locales d\u00e9termineront les zones d&rsquo;intervention, notamment aux entr\u00e9es de villes, circuits strat\u00e9giques, places publiques, quartiers populaires et zones industrielles.<\/p>\n\n\n\n<h2 class=\"wp-block-heading\">Communication n&rsquo;est pas action <\/h2>\n\n\n\n<p>Outre le fait l\u2019appel \u00e0 la soci\u00e9t\u00e9 civile est devenu une \u00e9chappatoire pour un Etat impuissant et une administration publique prolifique, incomp\u00e9tente et inefficace, tout cela est utile et charmant, mais l\u2019\u00e9tat catastrophique de l\u2019environnement dans notre pays n\u00e9cessite plus qu\u2019un simple<em> \u00ab\u00e9v\u00e9nement\u00bb<\/em> et <em>\u00abtrois week-ends de propret\u00e9\u00bb<\/em>. <\/p>\n\n\n\n<p>Encore qu&rsquo;on esp\u00e8re que les citoyens et les Ong sollicit\u00e9s r\u00e9pondront favorablement \u00e0 l\u2019appel, que la participation sera au niveau des esp\u00e9rances et que le r\u00e9sultat final ne se r\u00e9sumera pas \u00e0 quelque \u00e9mission de propagande t\u00e9l\u00e9vis\u00e9e\u00a0! <\/p>\n\n\n\n<p>La Tunisie a besoin d\u2019une vision et d\u2019une strat\u00e9gie \u00e0 court, moyen et long termes pour pr\u00e9server ses ressources naturelles, assainir son environnement et poser les jalons d\u2019un d\u00e9veloppement \u00e9conomique plus respectueux de la terre, de l\u2019eau, de l\u2019air, bref de la vie. <\/p>\n","protected":false},"excerpt":{"rendered":"<p>Plus que d&rsquo;un \u00ab\u00a0Mois de la propret\u00e9\u00a0\u00bb, la Tunisie a besoin d\u2019une strat\u00e9gie pour pr\u00e9server ses ressources naturelles, assainir son environnement et poser les jalons d\u2019un d\u00e9veloppement \u00e9conomique plus respectueux de la terre, de l\u2019eau, de l\u2019air, bref de la vie. <\/p>\n","protected":false},"author":8,"featured_media":2956999,"comment_status":"open","ping_status":"open","sticky":false,"template":"","format":"standard","meta":{"footnotes":""},"categories":[992,997,998,2433],"tags":[92489,335,94560,95003,84802,101971,94475,98562,62643],"class_list":["post-2956220","post","type-post","status-publish","format-standard","has-post-thumbnail","hentry","category-a-la-une","category-politique","category-societe","category-tunisie","tag-ali-mrabet","tag-environnement","tag-leila-chikhaoui","tag-mahmoud-elyes-hamza","tag-mohamed-moez-belhassine","tag-mois-de-la-proprete","tag-moncef-boukthir","tag-rabie-majidi","tag-tunisie"],"yoast_head":"<!-- This site is optimized with the Yoast SEO plugin v26.6 - https:\/\/yoast.com\/wordpress\/plugins\/seo\/ -->\n<title>Tunisie : trois week-ends de propret\u00e9, et apr\u00e8s ! - Kapitalis<\/title>\n<meta name=\"robots\" content=\"index, follow, max-snippet:-1, max-image-preview:large, max-video-preview:-1\" \/>\n<link rel=\"canonical\" href=\"https:\/\/kapitalis.com\/tunisie\/2022\/08\/11\/tunisie-trois-week-ends-de-proprete-et-apres\/\" \/>\n<meta property=\"og:locale\" content=\"fr_FR\" \/>\n<meta property=\"og:type\" content=\"article\" \/>\n<meta property=\"og:title\" content=\"Tunisie : trois week-ends de propret\u00e9, et apr\u00e8s ! - Kapitalis\" \/>\n<meta property=\"og:description\" content=\"Plus que d&#039;un &quot;Mois de la propret\u00e9&quot;, la Tunisie a besoin d\u2019une strat\u00e9gie pour pr\u00e9server ses ressources naturelles, assainir son environnement et poser les jalons d\u2019un d\u00e9veloppement \u00e9conomique plus respectueux de la terre, de l\u2019eau, de l\u2019air, bref de la vie.\" \/>\n<meta property=\"og:url\" content=\"https:\/\/kapitalis.com\/tunisie\/2022\/08\/11\/tunisie-trois-week-ends-de-proprete-et-apres\/\" \/>\n<meta property=\"og:site_name\" content=\"Kapitalis\" \/>\n<meta property=\"article:publisher\" content=\"https:\/\/www.facebook.com\/KapitalisInfo\/\" \/>\n<meta property=\"article:published_time\" content=\"2022-08-11T07:22:03+00:00\" \/>\n<meta property=\"article:modified_time\" content=\"2022-08-11T07:22:05+00:00\" \/>\n<meta property=\"og:image\" content=\"https:\/\/kapitalis.com\/tunisie\/wp-content\/uploads\/2022\/08\/Leila-Chikaoui-Mois-de-la-proprete.jpg\" \/>\n\t<meta property=\"og:image:width\" content=\"1200\" \/>\n\t<meta property=\"og:image:height\" content=\"630\" \/>\n\t<meta property=\"og:image:type\" content=\"image\/jpeg\" \/>\n<meta name=\"author\" content=\"webmaster kapitalis\" \/>\n<meta name=\"twitter:card\" content=\"summary_large_image\" \/>\n<meta name=\"twitter:creator\" content=\"@KapitalisInfo\" \/>\n<meta name=\"twitter:site\" content=\"@KapitalisInfo\" \/>\n<meta name=\"twitter:label1\" content=\"\u00c9crit par\" \/>\n\t<meta name=\"twitter:data1\" content=\"webmaster kapitalis\" \/>\n\t<meta name=\"twitter:label2\" content=\"Dur\u00e9e de lecture estim\u00e9e\" \/>\n\t<meta name=\"twitter:data2\" content=\"4 minutes\" \/>\n<script type=\"application\/ld+json\" class=\"yoast-schema-graph\">{\"@context\":\"https:\/\/schema.org\",\"@graph\":[{\"@type\":\"Article\",\"@id\":\"https:\/\/kapitalis.com\/tunisie\/2022\/08\/11\/tunisie-trois-week-ends-de-proprete-et-apres\/#article\",\"isPartOf\":{\"@id\":\"https:\/\/kapitalis.com\/tunisie\/2022\/08\/11\/tunisie-trois-week-ends-de-proprete-et-apres\/\"},\"author\":{\"name\":\"webmaster kapitalis\",\"@id\":\"https:\/\/kapitalis.com\/tunisie\/#\/schema\/person\/d71f33a9ca44f7bad4698210b480c8e9\"},\"headline\":\"Tunisie : trois week-ends de propret\u00e9, et apr\u00e8s !\",\"datePublished\":\"2022-08-11T07:22:03+00:00\",\"dateModified\":\"2022-08-11T07:22:05+00:00\",\"mainEntityOfPage\":{\"@id\":\"https:\/\/kapitalis.com\/tunisie\/2022\/08\/11\/tunisie-trois-week-ends-de-proprete-et-apres\/\"},\"wordCount\":842,\"commentCount\":2,\"publisher\":{\"@id\":\"https:\/\/kapitalis.com\/tunisie\/#organization\"},\"image\":{\"@id\":\"https:\/\/kapitalis.com\/tunisie\/2022\/08\/11\/tunisie-trois-week-ends-de-proprete-et-apres\/#primaryimage\"},\"thumbnailUrl\":\"https:\/\/kapitalis.com\/tunisie\/wp-content\/uploads\/2022\/08\/Leila-Chikaoui-Mois-de-la-proprete.jpg\",\"keywords\":[\"Ali Mrabet\",\"environnement\",\"Leila Chikhaoui\",\"Mahmoud Elyes Hamza\",\"Mohamed Moez Belhassine\",\"Mois de la propret\u00e9\",\"Moncef Boukthir\",\"Rabie Majidi\",\"Tunisie\"],\"articleSection\":[\"A LA UNE\",\"POLITIQUE\",\"SOCIETE\",\"Tunisie\"],\"inLanguage\":\"fr-FR\",\"potentialAction\":[{\"@type\":\"CommentAction\",\"name\":\"Comment\",\"target\":[\"https:\/\/kapitalis.com\/tunisie\/2022\/08\/11\/tunisie-trois-week-ends-de-proprete-et-apres\/#respond\"]}]},{\"@type\":\"WebPage\",\"@id\":\"https:\/\/kapitalis.com\/tunisie\/2022\/08\/11\/tunisie-trois-week-ends-de-proprete-et-apres\/\",\"url\":\"https:\/\/kapitalis.com\/tunisie\/2022\/08\/11\/tunisie-trois-week-ends-de-proprete-et-apres\/\",\"name\":\"Tunisie : trois week-ends de propret\u00e9, et apr\u00e8s ! - Kapitalis\",\"isPartOf\":{\"@id\":\"https:\/\/kapitalis.com\/tunisie\/#website\"},\"primaryImageOfPage\":{\"@id\":\"https:\/\/kapitalis.com\/tunisie\/2022\/08\/11\/tunisie-trois-week-ends-de-proprete-et-apres\/#primaryimage\"},\"image\":{\"@id\":\"https:\/\/kapitalis.com\/tunisie\/2022\/08\/11\/tunisie-trois-week-ends-de-proprete-et-apres\/#primaryimage\"},\"thumbnailUrl\":\"https:\/\/kapitalis.com\/tunisie\/wp-content\/uploads\/2022\/08\/Leila-Chikaoui-Mois-de-la-proprete.jpg\",\"datePublished\":\"2022-08-11T07:22:03+00:00\",\"dateModified\":\"2022-08-11T07:22:05+00:00\",\"breadcrumb\":{\"@id\":\"https:\/\/kapitalis.com\/tunisie\/2022\/08\/11\/tunisie-trois-week-ends-de-proprete-et-apres\/#breadcrumb\"},\"inLanguage\":\"fr-FR\",\"potentialAction\":[{\"@type\":\"ReadAction\",\"target\":[\"https:\/\/kapitalis.com\/tunisie\/2022\/08\/11\/tunisie-trois-week-ends-de-proprete-et-apres\/\"]}]},{\"@type\":\"ImageObject\",\"inLanguage\":\"fr-FR\",\"@id\":\"https:\/\/kapitalis.com\/tunisie\/2022\/08\/11\/tunisie-trois-week-ends-de-proprete-et-apres\/#primaryimage\",\"url\":\"https:\/\/kapitalis.com\/tunisie\/wp-content\/uploads\/2022\/08\/Leila-Chikaoui-Mois-de-la-proprete.jpg\",\"contentUrl\":\"https:\/\/kapitalis.com\/tunisie\/wp-content\/uploads\/2022\/08\/Leila-Chikaoui-Mois-de-la-proprete.jpg\",\"width\":1200,\"height\":630},{\"@type\":\"BreadcrumbList\",\"@id\":\"https:\/\/kapitalis.com\/tunisie\/2022\/08\/11\/tunisie-trois-week-ends-de-proprete-et-apres\/#breadcrumb\",\"itemListElement\":[{\"@type\":\"ListItem\",\"position\":1,\"name\":\"Accueil\",\"item\":\"https:\/\/kapitalis.com\/tunisie\/\"},{\"@type\":\"ListItem\",\"position\":2,\"name\":\"Tunisie : trois week-ends de propret\u00e9, et apr\u00e8s !\"}]},{\"@type\":\"WebSite\",\"@id\":\"https:\/\/kapitalis.com\/tunisie\/#website\",\"url\":\"https:\/\/kapitalis.com\/tunisie\/\",\"name\":\"Kapitalis\",\"description\":\"L&#039;actualit\u00e9 en Tunisie et dans le monde\",\"publisher\":{\"@id\":\"https:\/\/kapitalis.com\/tunisie\/#organization\"},\"potentialAction\":[{\"@type\":\"SearchAction\",\"target\":{\"@type\":\"EntryPoint\",\"urlTemplate\":\"https:\/\/kapitalis.com\/tunisie\/?s={search_term_string}\"},\"query-input\":{\"@type\":\"PropertyValueSpecification\",\"valueRequired\":true,\"valueName\":\"search_term_string\"}}],\"inLanguage\":\"fr-FR\"},{\"@type\":\"Organization\",\"@id\":\"https:\/\/kapitalis.com\/tunisie\/#organization\",\"name\":\"Kapitalis\",\"url\":\"https:\/\/kapitalis.com\/tunisie\/\",\"logo\":{\"@type\":\"ImageObject\",\"inLanguage\":\"fr-FR\",\"@id\":\"https:\/\/kapitalis.com\/tunisie\/#\/schema\/logo\/image\/\",\"url\":\"https:\/\/kapitalis.com\/tunisie\/wp-content\/uploads\/2022\/05\/Kapitalis-big-size.png\",\"contentUrl\":\"https:\/\/kapitalis.com\/tunisie\/wp-content\/uploads\/2022\/05\/Kapitalis-big-size.png\",\"width\":5000,\"height\":1500,\"caption\":\"Kapitalis\"},\"image\":{\"@id\":\"https:\/\/kapitalis.com\/tunisie\/#\/schema\/logo\/image\/\"},\"sameAs\":[\"https:\/\/www.facebook.com\/KapitalisInfo\/\",\"https:\/\/x.com\/KapitalisInfo\",\"https:\/\/www.youtube.com\/channel\/UC-yDYrHyfFBWWZaOw3FPg9Q\"]},{\"@type\":\"Person\",\"@id\":\"https:\/\/kapitalis.com\/tunisie\/#\/schema\/person\/d71f33a9ca44f7bad4698210b480c8e9\",\"name\":\"webmaster kapitalis\",\"url\":\"https:\/\/kapitalis.com\/tunisie\/author\/webmaster-kapitalis\/\"}]}<\/script>\n<!-- \/ Yoast SEO plugin. -->","yoast_head_json":{"title":"Tunisie : trois week-ends de propret\u00e9, et apr\u00e8s ! - Kapitalis","robots":{"index":"index","follow":"follow","max-snippet":"max-snippet:-1","max-image-preview":"max-image-preview:large","max-video-preview":"max-video-preview:-1"},"canonical":"https:\/\/kapitalis.com\/tunisie\/2022\/08\/11\/tunisie-trois-week-ends-de-proprete-et-apres\/","og_locale":"fr_FR","og_type":"article","og_title":"Tunisie : trois week-ends de propret\u00e9, et apr\u00e8s ! - Kapitalis","og_description":"Plus que d'un \"Mois de la propret\u00e9\", la Tunisie a besoin d\u2019une strat\u00e9gie pour pr\u00e9server ses ressources naturelles, assainir son environnement et poser les jalons d\u2019un d\u00e9veloppement \u00e9conomique plus respectueux de la terre, de l\u2019eau, de l\u2019air, bref de la vie.","og_url":"https:\/\/kapitalis.com\/tunisie\/2022\/08\/11\/tunisie-trois-week-ends-de-proprete-et-apres\/","og_site_name":"Kapitalis","article_publisher":"https:\/\/www.facebook.com\/KapitalisInfo\/","article_published_time":"2022-08-11T07:22:03+00:00","article_modified_time":"2022-08-11T07:22:05+00:00","og_image":[{"width":1200,"height":630,"url":"https:\/\/kapitalis.com\/tunisie\/wp-content\/uploads\/2022\/08\/Leila-Chikaoui-Mois-de-la-proprete.jpg","type":"image\/jpeg"}],"author":"webmaster kapitalis","twitter_card":"summary_large_image","twitter_creator":"@KapitalisInfo","twitter_site":"@KapitalisInfo","twitter_misc":{"\u00c9crit par":"webmaster kapitalis","Dur\u00e9e de lecture estim\u00e9e":"4 minutes"},"schema":{"@context":"https:\/\/schema.org","@graph":[{"@type":"Article","@id":"https:\/\/kapitalis.com\/tunisie\/2022\/08\/11\/tunisie-trois-week-ends-de-proprete-et-apres\/#article","isPartOf":{"@id":"https:\/\/kapitalis.com\/tunisie\/2022\/08\/11\/tunisie-trois-week-ends-de-proprete-et-apres\/"},"author":{"name":"webmaster kapitalis","@id":"https:\/\/kapitalis.com\/tunisie\/#\/schema\/person\/d71f33a9ca44f7bad4698210b480c8e9"},"headline":"Tunisie : trois week-ends de propret\u00e9, et apr\u00e8s !","datePublished":"2022-08-11T07:22:03+00:00","dateModified":"2022-08-11T07:22:05+00:00","mainEntityOfPage":{"@id":"https:\/\/kapitalis.com\/tunisie\/2022\/08\/11\/tunisie-trois-week-ends-de-proprete-et-apres\/"},"wordCount":842,"commentCount":2,"publisher":{"@id":"https:\/\/kapitalis.com\/tunisie\/#organization"},"image":{"@id":"https:\/\/kapitalis.com\/tunisie\/2022\/08\/11\/tunisie-trois-week-ends-de-proprete-et-apres\/#primaryimage"},"thumbnailUrl":"https:\/\/kapitalis.com\/tunisie\/wp-content\/uploads\/2022\/08\/Leila-Chikaoui-Mois-de-la-proprete.jpg","keywords":["Ali Mrabet","environnement","Leila Chikhaoui","Mahmoud Elyes Hamza","Mohamed Moez Belhassine","Mois de la propret\u00e9","Moncef Boukthir","Rabie Majidi","Tunisie"],"articleSection":["A LA UNE","POLITIQUE","SOCIETE","Tunisie"],"inLanguage":"fr-FR","potentialAction":[{"@type":"CommentAction","name":"Comment","target":["https:\/\/kapitalis.com\/tunisie\/2022\/08\/11\/tunisie-trois-week-ends-de-proprete-et-apres\/#respond"]}]},{"@type":"WebPage","@id":"https:\/\/kapitalis.com\/tunisie\/2022\/08\/11\/tunisie-trois-week-ends-de-proprete-et-apres\/","url":"https:\/\/kapitalis.com\/tunisie\/2022\/08\/11\/tunisie-trois-week-ends-de-proprete-et-apres\/","name":"Tunisie : trois week-ends de propret\u00e9, et apr\u00e8s ! - Kapitalis","isPartOf":{"@id":"https:\/\/kapitalis.com\/tunisie\/#website"},"primaryImageOfPage":{"@id":"https:\/\/kapitalis.com\/tunisie\/2022\/08\/11\/tunisie-trois-week-ends-de-proprete-et-apres\/#primaryimage"},"image":{"@id":"https:\/\/kapitalis.com\/tunisie\/2022\/08\/11\/tunisie-trois-week-ends-de-proprete-et-apres\/#primaryimage"},"thumbnailUrl":"https:\/\/kapitalis.com\/tunisie\/wp-content\/uploads\/2022\/08\/Leila-Chikaoui-Mois-de-la-proprete.jpg","datePublished":"2022-08-11T07:22:03+00:00","dateModified":"2022-08-11T07:22:05+00:00","breadcrumb":{"@id":"https:\/\/kapitalis.com\/tunisie\/2022\/08\/11\/tunisie-trois-week-ends-de-proprete-et-apres\/#breadcrumb"},"inLanguage":"fr-FR","potentialAction":[{"@type":"ReadAction","target":["https:\/\/kapitalis.com\/tunisie\/2022\/08\/11\/tunisie-trois-week-ends-de-proprete-et-apres\/"]}]},{"@type":"ImageObject","inLanguage":"fr-FR","@id":"https:\/\/kapitalis.com\/tunisie\/2022\/08\/11\/tunisie-trois-week-ends-de-proprete-et-apres\/#primaryimage","url":"https:\/\/kapitalis.com\/tunisie\/wp-content\/uploads\/2022\/08\/Leila-Chikaoui-Mois-de-la-proprete.jpg","contentUrl":"https:\/\/kapitalis.com\/tunisie\/wp-content\/uploads\/2022\/08\/Leila-Chikaoui-Mois-de-la-proprete.jpg","width":1200,"height":630},{"@type":"BreadcrumbList","@id":"https:\/\/kapitalis.com\/tunisie\/2022\/08\/11\/tunisie-trois-week-ends-de-proprete-et-apres\/#breadcrumb","itemListElement":[{"@type":"ListItem","position":1,"name":"Accueil","item":"https:\/\/kapitalis.com\/tunisie\/"},{"@type":"ListItem","position":2,"name":"Tunisie : trois week-ends de propret\u00e9, et apr\u00e8s !"}]},{"@type":"WebSite","@id":"https:\/\/kapitalis.com\/tunisie\/#website","url":"https:\/\/kapitalis.com\/tunisie\/","name":"Kapitalis","description":"L&#039;actualit\u00e9 en Tunisie et dans le monde","publisher":{"@id":"https:\/\/kapitalis.com\/tunisie\/#organization"},"potentialAction":[{"@type":"SearchAction","target":{"@type":"EntryPoint","urlTemplate":"https:\/\/kapitalis.com\/tunisie\/?s={search_term_string}"},"query-input":{"@type":"PropertyValueSpecification","valueRequired":true,"valueName":"search_term_string"}}],"inLanguage":"fr-FR"},{"@type":"Organization","@id":"https:\/\/kapitalis.com\/tunisie\/#organization","name":"Kapitalis","url":"https:\/\/kapitalis.com\/tunisie\/","logo":{"@type":"ImageObject","inLanguage":"fr-FR","@id":"https:\/\/kapitalis.com\/tunisie\/#\/schema\/logo\/image\/","url":"https:\/\/kapitalis.com\/tunisie\/wp-content\/uploads\/2022\/05\/Kapitalis-big-size.png","contentUrl":"https:\/\/kapitalis.com\/tunisie\/wp-content\/uploads\/2022\/05\/Kapitalis-big-size.png","width":5000,"height":1500,"caption":"Kapitalis"},"image":{"@id":"https:\/\/kapitalis.com\/tunisie\/#\/schema\/logo\/image\/"},"sameAs":["https:\/\/www.facebook.com\/KapitalisInfo\/","https:\/\/x.com\/KapitalisInfo","https:\/\/www.youtube.com\/channel\/UC-yDYrHyfFBWWZaOw3FPg9Q"]},{"@type":"Person","@id":"https:\/\/kapitalis.com\/tunisie\/#\/schema\/person\/d71f33a9ca44f7bad4698210b480c8e9","name":"webmaster kapitalis","url":"https:\/\/kapitalis.com\/tunisie\/author\/webmaster-kapitalis\/"}]}},"_links":{"self":[{"href":"https:\/\/kapitalis.com\/tunisie\/wp-json\/wp\/v2\/posts\/2956220","targetHints":{"allow":["GET"]}}],"collection":[{"href":"https:\/\/kapitalis.com\/tunisie\/wp-json\/wp\/v2\/posts"}],"about":[{"href":"https:\/\/kapitalis.com\/tunisie\/wp-json\/wp\/v2\/types\/post"}],"author":[{"embeddable":true,"href":"https:\/\/kapitalis.com\/tunisie\/wp-json\/wp\/v2\/users\/8"}],"replies":[{"embeddable":true,"href":"https:\/\/kapitalis.com\/tunisie\/wp-json\/wp\/v2\/comments?post=2956220"}],"version-history":[{"count":0,"href":"https:\/\/kapitalis.com\/tunisie\/wp-json\/wp\/v2\/posts\/2956220\/revisions"}],"wp:featuredmedia":[{"embeddable":true,"href":"https:\/\/kapitalis.com\/tunisie\/wp-json\/wp\/v2\/media\/2956999"}],"wp:attachment":[{"href":"https:\/\/kapitalis.com\/tunisie\/wp-json\/wp\/v2\/media?parent=2956220"}],"wp:term":[{"taxonomy":"category","embeddable":true,"href":"https:\/\/kapitalis.com\/tunisie\/wp-json\/wp\/v2\/categories?post=2956220"},{"taxonomy":"post_tag","embeddable":true,"href":"https:\/\/kapitalis.com\/tunisie\/wp-json\/wp\/v2\/tags?post=2956220"}],"curies":[{"name":"wp","href":"https:\/\/api.w.org\/{rel}","templated":true}]}}