{"id":2957423,"date":"2022-08-11T08:40:51","date_gmt":"2022-08-11T07:40:51","guid":{"rendered":"https:\/\/kapitalis.com\/tunisie\/?p=2957423"},"modified":"2022-08-11T08:43:48","modified_gmt":"2022-08-11T07:43:48","slug":"tunisie-la-conect-insiste-sur-la-necessite-de-reformer-le-systeme-fiscal","status":"publish","type":"post","link":"https:\/\/kapitalis.com\/tunisie\/2022\/08\/11\/tunisie-la-conect-insiste-sur-la-necessite-de-reformer-le-systeme-fiscal\/","title":{"rendered":"Tunisie\u00a0: la Conect insiste sur la n\u00e9cessit\u00e9 de r\u00e9former le syst\u00e8me fiscal"},"content":{"rendered":"\n<p><strong><em>Le Fonds mon\u00e9taire international (FMI) \u00e9tudie actuellement les vues du secteur priv\u00e9 sur la fiscalit\u00e9, dans le cadre de l\u2019assistance technique qu\u2019il fournit au gouvernement tunisien, a d\u00e9clar\u00e9 Mehdi Bhouri, membre du conseil d&rsquo;administration de la Conf\u00e9d\u00e9ration tunisienne des entreprises citoyennes tunisiennes (Conect).<\/em><\/strong><\/p>\n\n\n\n<!--more-->\n\n\n\n<p>L\u2019expert international en politique budg\u00e9taire Patrick Petit, expert du FMI, a discut\u00e9 lors d\u2019une r\u00e9union avec le pr\u00e9sident de la Conect, Tarak Cherif, mardi 9 ao\u00fbt 2022, des m\u00e9canismes permettant au secteur priv\u00e9 de participer \u00e0 l\u2019\u00e9laboration de la politique budg\u00e9taire en Tunisie, a d\u00e9clar\u00e9 Bhouri \u00e0 l&rsquo;agence Tap.<\/p>\n\n\n\n<p>Conect estime que les finances publiques en Tunisie ont besoin d\u2019un syst\u00e8me fiscal qui englobe les diff\u00e9rents secteurs, en plus de l\u2019\u00e9largissement de l\u2019assiette fiscale, a ajout\u00e9 Bhouri, en soulignant l\u2019importance d\u2019encourager davantage les entreprises priv\u00e9es, de renforcer la comp\u00e9titivit\u00e9 des entreprises nationales et de mettre en place une l\u00e9gislation qui stimulerait l\u2019investissement et soutiendrait l\u2019\u00e9conomie.<\/p>\n\n\n\n<p>M. Bhoury a, en outre, estim\u00e9 que le d\u00e9veloppement du recouvrement des imp\u00f4ts en Tunisie n\u00e9cessite \u00e9galement une plus grande int\u00e9gration du secteur informel dans l\u2019\u00e9conomie nationale et une plus large participation des secteurs, des institutions et des entreprises.<\/p>\n\n\n\n<figure class=\"wp-block-embed is-type-wp-embed is-provider-kapitalis wp-block-embed-kapitalis\"><div class=\"wp-block-embed__wrapper\">\n<blockquote class=\"wp-embedded-content\" data-secret=\"IuCSBVkcUm\"><a href=\"https:\/\/kapitalis.com\/tunisie\/2022\/07\/20\/tunisie-fmi-laccord-mijote-a-feu-doux\/\">Tunisie-FMI : l&rsquo;accord mijote \u00e0 feu doux<\/a><\/blockquote><iframe loading=\"lazy\" class=\"wp-embedded-content\" sandbox=\"allow-scripts\" security=\"restricted\" style=\"position: absolute; clip: rect(1px, 1px, 1px, 1px);\" title=\"\u00ab\u00a0Tunisie-FMI : l&rsquo;accord mijote \u00e0 feu doux\u00a0\u00bb &#8212; Kapitalis\" src=\"https:\/\/kapitalis.com\/tunisie\/2022\/07\/20\/tunisie-fmi-laccord-mijote-a-feu-doux\/embed\/#?secret=UzVBF5cDiF#?secret=IuCSBVkcUm\" data-secret=\"IuCSBVkcUm\" width=\"600\" height=\"338\" frameborder=\"0\" marginwidth=\"0\" marginheight=\"0\" scrolling=\"no\"><\/iframe>\n<\/div><\/figure>\n\n\n\n<p>Le ministre des Finances, Sihem Nemsia, a d\u00e9clar\u00e9 le 24 juin que la r\u00e9forme fiscale en Tunisie vise \u00e0 rationaliser les incitations fiscales en les redirigeant vers les secteurs et institutions \u00e0 forte valeur ajout\u00e9e.<\/p>\n\n\n\n<p><strong><em>D\u2019apr\u00e8s Tap.<\/em><\/strong><\/p>\n","protected":false},"excerpt":{"rendered":"<p>Le pr\u00e9sident de la Conect, Tarak Cherif, plaide pour des m\u00e9canismes permettant au secteur priv\u00e9 de participer \u00e0 l\u2019\u00e9laboration de la politique budg\u00e9taire en Tunisie.<\/p>\n","protected":false},"author":8,"featured_media":2957669,"comment_status":"open","ping_status":"open","sticky":false,"template":"","format":"standard","meta":{"footnotes":""},"categories":[995,2433],"tags":[2144,77068,2385,388,98468,101972,11124,72707,100203,3558,62643],"class_list":["post-2957423","post","type-post","status-publish","format-standard","has-post-thumbnail","hentry","category-economie","category-tunisie","tag-conect","tag-entreprises-privees","tag-finances-publiques","tag-fmi","tag-mehdi-bhouri","tag-patrick-petit","tag-secteur-informel","tag-sihem-nemsia","tag-systeme-fiscal","tag-tarak-cherif","tag-tunisie"],"yoast_head":"<!-- This site is optimized with the Yoast SEO plugin v26.6 - https:\/\/yoast.com\/wordpress\/plugins\/seo\/ -->\n<title>Tunisie\u00a0: la Conect insiste sur la n\u00e9cessit\u00e9 de r\u00e9former le syst\u00e8me fiscal - Kapitalis<\/title>\n<meta name=\"robots\" content=\"index, follow, max-snippet:-1, max-image-preview:large, max-video-preview:-1\" \/>\n<link rel=\"canonical\" href=\"https:\/\/kapitalis.com\/tunisie\/2022\/08\/11\/tunisie-la-conect-insiste-sur-la-necessite-de-reformer-le-systeme-fiscal\/\" \/>\n<meta property=\"og:locale\" content=\"fr_FR\" \/>\n<meta property=\"og:type\" content=\"article\" \/>\n<meta property=\"og:title\" content=\"Tunisie\u00a0: la Conect insiste sur la n\u00e9cessit\u00e9 de r\u00e9former le syst\u00e8me fiscal - Kapitalis\" \/>\n<meta property=\"og:description\" content=\"Le pr\u00e9sident de la Conect, Tarak Cherif, plaide pour des m\u00e9canismes permettant au secteur priv\u00e9 de participer \u00e0 l\u2019\u00e9laboration de la politique budg\u00e9taire en Tunisie.\" \/>\n<meta property=\"og:url\" content=\"https:\/\/kapitalis.com\/tunisie\/2022\/08\/11\/tunisie-la-conect-insiste-sur-la-necessite-de-reformer-le-systeme-fiscal\/\" \/>\n<meta property=\"og:site_name\" content=\"Kapitalis\" \/>\n<meta property=\"article:publisher\" content=\"https:\/\/www.facebook.com\/KapitalisInfo\/\" \/>\n<meta property=\"article:published_time\" content=\"2022-08-11T07:40:51+00:00\" \/>\n<meta property=\"article:modified_time\" content=\"2022-08-11T07:43:48+00:00\" \/>\n<meta property=\"og:image\" content=\"https:\/\/kapitalis.com\/tunisie\/wp-content\/uploads\/2022\/08\/Conect-FMI.jpg\" \/>\n\t<meta property=\"og:image:width\" content=\"1200\" \/>\n\t<meta property=\"og:image:height\" content=\"630\" \/>\n\t<meta property=\"og:image:type\" content=\"image\/jpeg\" \/>\n<meta name=\"author\" content=\"webmaster kapitalis\" \/>\n<meta name=\"twitter:card\" content=\"summary_large_image\" \/>\n<meta name=\"twitter:creator\" content=\"@KapitalisInfo\" \/>\n<meta name=\"twitter:site\" content=\"@KapitalisInfo\" \/>\n<meta name=\"twitter:label1\" content=\"\u00c9crit par\" \/>\n\t<meta name=\"twitter:data1\" content=\"webmaster kapitalis\" \/>\n\t<meta name=\"twitter:label2\" content=\"Dur\u00e9e de lecture estim\u00e9e\" \/>\n\t<meta name=\"twitter:data2\" content=\"2 minutes\" \/>\n<script type=\"application\/ld+json\" class=\"yoast-schema-graph\">{\"@context\":\"https:\/\/schema.org\",\"@graph\":[{\"@type\":\"Article\",\"@id\":\"https:\/\/kapitalis.com\/tunisie\/2022\/08\/11\/tunisie-la-conect-insiste-sur-la-necessite-de-reformer-le-systeme-fiscal\/#article\",\"isPartOf\":{\"@id\":\"https:\/\/kapitalis.com\/tunisie\/2022\/08\/11\/tunisie-la-conect-insiste-sur-la-necessite-de-reformer-le-systeme-fiscal\/\"},\"author\":{\"name\":\"webmaster kapitalis\",\"@id\":\"https:\/\/kapitalis.com\/tunisie\/#\/schema\/person\/d71f33a9ca44f7bad4698210b480c8e9\"},\"headline\":\"Tunisie\u00a0: la Conect insiste sur la n\u00e9cessit\u00e9 de r\u00e9former le syst\u00e8me fiscal\",\"datePublished\":\"2022-08-11T07:40:51+00:00\",\"dateModified\":\"2022-08-11T07:43:48+00:00\",\"mainEntityOfPage\":{\"@id\":\"https:\/\/kapitalis.com\/tunisie\/2022\/08\/11\/tunisie-la-conect-insiste-sur-la-necessite-de-reformer-le-systeme-fiscal\/\"},\"wordCount\":275,\"commentCount\":5,\"publisher\":{\"@id\":\"https:\/\/kapitalis.com\/tunisie\/#organization\"},\"image\":{\"@id\":\"https:\/\/kapitalis.com\/tunisie\/2022\/08\/11\/tunisie-la-conect-insiste-sur-la-necessite-de-reformer-le-systeme-fiscal\/#primaryimage\"},\"thumbnailUrl\":\"https:\/\/kapitalis.com\/tunisie\/wp-content\/uploads\/2022\/08\/Conect-FMI.jpg\",\"keywords\":[\"Conect\",\"entreprises priv\u00e9es\",\"finances publiques\",\"FMI\",\"Mehdi Bhouri\",\"Patrick Petit\",\"secteur informel\",\"Sihem Nemsia\",\"syst\u00e8me fiscal\",\"Tarak Cherif\",\"Tunisie\"],\"articleSection\":[\"ECONOMIE\",\"Tunisie\"],\"inLanguage\":\"fr-FR\",\"potentialAction\":[{\"@type\":\"CommentAction\",\"name\":\"Comment\",\"target\":[\"https:\/\/kapitalis.com\/tunisie\/2022\/08\/11\/tunisie-la-conect-insiste-sur-la-necessite-de-reformer-le-systeme-fiscal\/#respond\"]}]},{\"@type\":\"WebPage\",\"@id\":\"https:\/\/kapitalis.com\/tunisie\/2022\/08\/11\/tunisie-la-conect-insiste-sur-la-necessite-de-reformer-le-systeme-fiscal\/\",\"url\":\"https:\/\/kapitalis.com\/tunisie\/2022\/08\/11\/tunisie-la-conect-insiste-sur-la-necessite-de-reformer-le-systeme-fiscal\/\",\"name\":\"Tunisie\u00a0: la Conect insiste sur la n\u00e9cessit\u00e9 de r\u00e9former le syst\u00e8me fiscal - Kapitalis\",\"isPartOf\":{\"@id\":\"https:\/\/kapitalis.com\/tunisie\/#website\"},\"primaryImageOfPage\":{\"@id\":\"https:\/\/kapitalis.com\/tunisie\/2022\/08\/11\/tunisie-la-conect-insiste-sur-la-necessite-de-reformer-le-systeme-fiscal\/#primaryimage\"},\"image\":{\"@id\":\"https:\/\/kapitalis.com\/tunisie\/2022\/08\/11\/tunisie-la-conect-insiste-sur-la-necessite-de-reformer-le-systeme-fiscal\/#primaryimage\"},\"thumbnailUrl\":\"https:\/\/kapitalis.com\/tunisie\/wp-content\/uploads\/2022\/08\/Conect-FMI.jpg\",\"datePublished\":\"2022-08-11T07:40:51+00:00\",\"dateModified\":\"2022-08-11T07:43:48+00:00\",\"breadcrumb\":{\"@id\":\"https:\/\/kapitalis.com\/tunisie\/2022\/08\/11\/tunisie-la-conect-insiste-sur-la-necessite-de-reformer-le-systeme-fiscal\/#breadcrumb\"},\"inLanguage\":\"fr-FR\",\"potentialAction\":[{\"@type\":\"ReadAction\",\"target\":[\"https:\/\/kapitalis.com\/tunisie\/2022\/08\/11\/tunisie-la-conect-insiste-sur-la-necessite-de-reformer-le-systeme-fiscal\/\"]}]},{\"@type\":\"ImageObject\",\"inLanguage\":\"fr-FR\",\"@id\":\"https:\/\/kapitalis.com\/tunisie\/2022\/08\/11\/tunisie-la-conect-insiste-sur-la-necessite-de-reformer-le-systeme-fiscal\/#primaryimage\",\"url\":\"https:\/\/kapitalis.com\/tunisie\/wp-content\/uploads\/2022\/08\/Conect-FMI.jpg\",\"contentUrl\":\"https:\/\/kapitalis.com\/tunisie\/wp-content\/uploads\/2022\/08\/Conect-FMI.jpg\",\"width\":1200,\"height\":630},{\"@type\":\"BreadcrumbList\",\"@id\":\"https:\/\/kapitalis.com\/tunisie\/2022\/08\/11\/tunisie-la-conect-insiste-sur-la-necessite-de-reformer-le-systeme-fiscal\/#breadcrumb\",\"itemListElement\":[{\"@type\":\"ListItem\",\"position\":1,\"name\":\"Accueil\",\"item\":\"https:\/\/kapitalis.com\/tunisie\/\"},{\"@type\":\"ListItem\",\"position\":2,\"name\":\"Tunisie\u00a0: la Conect insiste sur la n\u00e9cessit\u00e9 de r\u00e9former le syst\u00e8me fiscal\"}]},{\"@type\":\"WebSite\",\"@id\":\"https:\/\/kapitalis.com\/tunisie\/#website\",\"url\":\"https:\/\/kapitalis.com\/tunisie\/\",\"name\":\"Kapitalis\",\"description\":\"L&#039;actualit\u00e9 en Tunisie et dans le monde\",\"publisher\":{\"@id\":\"https:\/\/kapitalis.com\/tunisie\/#organization\"},\"potentialAction\":[{\"@type\":\"SearchAction\",\"target\":{\"@type\":\"EntryPoint\",\"urlTemplate\":\"https:\/\/kapitalis.com\/tunisie\/?s={search_term_string}\"},\"query-input\":{\"@type\":\"PropertyValueSpecification\",\"valueRequired\":true,\"valueName\":\"search_term_string\"}}],\"inLanguage\":\"fr-FR\"},{\"@type\":\"Organization\",\"@id\":\"https:\/\/kapitalis.com\/tunisie\/#organization\",\"name\":\"Kapitalis\",\"url\":\"https:\/\/kapitalis.com\/tunisie\/\",\"logo\":{\"@type\":\"ImageObject\",\"inLanguage\":\"fr-FR\",\"@id\":\"https:\/\/kapitalis.com\/tunisie\/#\/schema\/logo\/image\/\",\"url\":\"https:\/\/kapitalis.com\/tunisie\/wp-content\/uploads\/2022\/05\/Kapitalis-big-size.png\",\"contentUrl\":\"https:\/\/kapitalis.com\/tunisie\/wp-content\/uploads\/2022\/05\/Kapitalis-big-size.png\",\"width\":5000,\"height\":1500,\"caption\":\"Kapitalis\"},\"image\":{\"@id\":\"https:\/\/kapitalis.com\/tunisie\/#\/schema\/logo\/image\/\"},\"sameAs\":[\"https:\/\/www.facebook.com\/KapitalisInfo\/\",\"https:\/\/x.com\/KapitalisInfo\",\"https:\/\/www.youtube.com\/channel\/UC-yDYrHyfFBWWZaOw3FPg9Q\"]},{\"@type\":\"Person\",\"@id\":\"https:\/\/kapitalis.com\/tunisie\/#\/schema\/person\/d71f33a9ca44f7bad4698210b480c8e9\",\"name\":\"webmaster kapitalis\",\"url\":\"https:\/\/kapitalis.com\/tunisie\/author\/webmaster-kapitalis\/\"}]}<\/script>\n<!-- \/ Yoast SEO plugin. -->","yoast_head_json":{"title":"Tunisie\u00a0: la Conect insiste sur la n\u00e9cessit\u00e9 de r\u00e9former le syst\u00e8me fiscal - Kapitalis","robots":{"index":"index","follow":"follow","max-snippet":"max-snippet:-1","max-image-preview":"max-image-preview:large","max-video-preview":"max-video-preview:-1"},"canonical":"https:\/\/kapitalis.com\/tunisie\/2022\/08\/11\/tunisie-la-conect-insiste-sur-la-necessite-de-reformer-le-systeme-fiscal\/","og_locale":"fr_FR","og_type":"article","og_title":"Tunisie\u00a0: la Conect insiste sur la n\u00e9cessit\u00e9 de r\u00e9former le syst\u00e8me fiscal - Kapitalis","og_description":"Le pr\u00e9sident de la Conect, Tarak Cherif, plaide pour des m\u00e9canismes permettant au secteur priv\u00e9 de participer \u00e0 l\u2019\u00e9laboration de la politique budg\u00e9taire en Tunisie.","og_url":"https:\/\/kapitalis.com\/tunisie\/2022\/08\/11\/tunisie-la-conect-insiste-sur-la-necessite-de-reformer-le-systeme-fiscal\/","og_site_name":"Kapitalis","article_publisher":"https:\/\/www.facebook.com\/KapitalisInfo\/","article_published_time":"2022-08-11T07:40:51+00:00","article_modified_time":"2022-08-11T07:43:48+00:00","og_image":[{"width":1200,"height":630,"url":"https:\/\/kapitalis.com\/tunisie\/wp-content\/uploads\/2022\/08\/Conect-FMI.jpg","type":"image\/jpeg"}],"author":"webmaster kapitalis","twitter_card":"summary_large_image","twitter_creator":"@KapitalisInfo","twitter_site":"@KapitalisInfo","twitter_misc":{"\u00c9crit par":"webmaster kapitalis","Dur\u00e9e de lecture estim\u00e9e":"2 minutes"},"schema":{"@context":"https:\/\/schema.org","@graph":[{"@type":"Article","@id":"https:\/\/kapitalis.com\/tunisie\/2022\/08\/11\/tunisie-la-conect-insiste-sur-la-necessite-de-reformer-le-systeme-fiscal\/#article","isPartOf":{"@id":"https:\/\/kapitalis.com\/tunisie\/2022\/08\/11\/tunisie-la-conect-insiste-sur-la-necessite-de-reformer-le-systeme-fiscal\/"},"author":{"name":"webmaster kapitalis","@id":"https:\/\/kapitalis.com\/tunisie\/#\/schema\/person\/d71f33a9ca44f7bad4698210b480c8e9"},"headline":"Tunisie\u00a0: la Conect insiste sur la n\u00e9cessit\u00e9 de r\u00e9former le syst\u00e8me fiscal","datePublished":"2022-08-11T07:40:51+00:00","dateModified":"2022-08-11T07:43:48+00:00","mainEntityOfPage":{"@id":"https:\/\/kapitalis.com\/tunisie\/2022\/08\/11\/tunisie-la-conect-insiste-sur-la-necessite-de-reformer-le-systeme-fiscal\/"},"wordCount":275,"commentCount":5,"publisher":{"@id":"https:\/\/kapitalis.com\/tunisie\/#organization"},"image":{"@id":"https:\/\/kapitalis.com\/tunisie\/2022\/08\/11\/tunisie-la-conect-insiste-sur-la-necessite-de-reformer-le-systeme-fiscal\/#primaryimage"},"thumbnailUrl":"https:\/\/kapitalis.com\/tunisie\/wp-content\/uploads\/2022\/08\/Conect-FMI.jpg","keywords":["Conect","entreprises priv\u00e9es","finances publiques","FMI","Mehdi Bhouri","Patrick Petit","secteur informel","Sihem Nemsia","syst\u00e8me fiscal","Tarak Cherif","Tunisie"],"articleSection":["ECONOMIE","Tunisie"],"inLanguage":"fr-FR","potentialAction":[{"@type":"CommentAction","name":"Comment","target":["https:\/\/kapitalis.com\/tunisie\/2022\/08\/11\/tunisie-la-conect-insiste-sur-la-necessite-de-reformer-le-systeme-fiscal\/#respond"]}]},{"@type":"WebPage","@id":"https:\/\/kapitalis.com\/tunisie\/2022\/08\/11\/tunisie-la-conect-insiste-sur-la-necessite-de-reformer-le-systeme-fiscal\/","url":"https:\/\/kapitalis.com\/tunisie\/2022\/08\/11\/tunisie-la-conect-insiste-sur-la-necessite-de-reformer-le-systeme-fiscal\/","name":"Tunisie\u00a0: la Conect insiste sur la n\u00e9cessit\u00e9 de r\u00e9former le syst\u00e8me fiscal - Kapitalis","isPartOf":{"@id":"https:\/\/kapitalis.com\/tunisie\/#website"},"primaryImageOfPage":{"@id":"https:\/\/kapitalis.com\/tunisie\/2022\/08\/11\/tunisie-la-conect-insiste-sur-la-necessite-de-reformer-le-systeme-fiscal\/#primaryimage"},"image":{"@id":"https:\/\/kapitalis.com\/tunisie\/2022\/08\/11\/tunisie-la-conect-insiste-sur-la-necessite-de-reformer-le-systeme-fiscal\/#primaryimage"},"thumbnailUrl":"https:\/\/kapitalis.com\/tunisie\/wp-content\/uploads\/2022\/08\/Conect-FMI.jpg","datePublished":"2022-08-11T07:40:51+00:00","dateModified":"2022-08-11T07:43:48+00:00","breadcrumb":{"@id":"https:\/\/kapitalis.com\/tunisie\/2022\/08\/11\/tunisie-la-conect-insiste-sur-la-necessite-de-reformer-le-systeme-fiscal\/#breadcrumb"},"inLanguage":"fr-FR","potentialAction":[{"@type":"ReadAction","target":["https:\/\/kapitalis.com\/tunisie\/2022\/08\/11\/tunisie-la-conect-insiste-sur-la-necessite-de-reformer-le-systeme-fiscal\/"]}]},{"@type":"ImageObject","inLanguage":"fr-FR","@id":"https:\/\/kapitalis.com\/tunisie\/2022\/08\/11\/tunisie-la-conect-insiste-sur-la-necessite-de-reformer-le-systeme-fiscal\/#primaryimage","url":"https:\/\/kapitalis.com\/tunisie\/wp-content\/uploads\/2022\/08\/Conect-FMI.jpg","contentUrl":"https:\/\/kapitalis.com\/tunisie\/wp-content\/uploads\/2022\/08\/Conect-FMI.jpg","width":1200,"height":630},{"@type":"BreadcrumbList","@id":"https:\/\/kapitalis.com\/tunisie\/2022\/08\/11\/tunisie-la-conect-insiste-sur-la-necessite-de-reformer-le-systeme-fiscal\/#breadcrumb","itemListElement":[{"@type":"ListItem","position":1,"name":"Accueil","item":"https:\/\/kapitalis.com\/tunisie\/"},{"@type":"ListItem","position":2,"name":"Tunisie\u00a0: la Conect insiste sur la n\u00e9cessit\u00e9 de r\u00e9former le syst\u00e8me fiscal"}]},{"@type":"WebSite","@id":"https:\/\/kapitalis.com\/tunisie\/#website","url":"https:\/\/kapitalis.com\/tunisie\/","name":"Kapitalis","description":"L&#039;actualit\u00e9 en Tunisie et dans le monde","publisher":{"@id":"https:\/\/kapitalis.com\/tunisie\/#organization"},"potentialAction":[{"@type":"SearchAction","target":{"@type":"EntryPoint","urlTemplate":"https:\/\/kapitalis.com\/tunisie\/?s={search_term_string}"},"query-input":{"@type":"PropertyValueSpecification","valueRequired":true,"valueName":"search_term_string"}}],"inLanguage":"fr-FR"},{"@type":"Organization","@id":"https:\/\/kapitalis.com\/tunisie\/#organization","name":"Kapitalis","url":"https:\/\/kapitalis.com\/tunisie\/","logo":{"@type":"ImageObject","inLanguage":"fr-FR","@id":"https:\/\/kapitalis.com\/tunisie\/#\/schema\/logo\/image\/","url":"https:\/\/kapitalis.com\/tunisie\/wp-content\/uploads\/2022\/05\/Kapitalis-big-size.png","contentUrl":"https:\/\/kapitalis.com\/tunisie\/wp-content\/uploads\/2022\/05\/Kapitalis-big-size.png","width":5000,"height":1500,"caption":"Kapitalis"},"image":{"@id":"https:\/\/kapitalis.com\/tunisie\/#\/schema\/logo\/image\/"},"sameAs":["https:\/\/www.facebook.com\/KapitalisInfo\/","https:\/\/x.com\/KapitalisInfo","https:\/\/www.youtube.com\/channel\/UC-yDYrHyfFBWWZaOw3FPg9Q"]},{"@type":"Person","@id":"https:\/\/kapitalis.com\/tunisie\/#\/schema\/person\/d71f33a9ca44f7bad4698210b480c8e9","name":"webmaster kapitalis","url":"https:\/\/kapitalis.com\/tunisie\/author\/webmaster-kapitalis\/"}]}},"_links":{"self":[{"href":"https:\/\/kapitalis.com\/tunisie\/wp-json\/wp\/v2\/posts\/2957423","targetHints":{"allow":["GET"]}}],"collection":[{"href":"https:\/\/kapitalis.com\/tunisie\/wp-json\/wp\/v2\/posts"}],"about":[{"href":"https:\/\/kapitalis.com\/tunisie\/wp-json\/wp\/v2\/types\/post"}],"author":[{"embeddable":true,"href":"https:\/\/kapitalis.com\/tunisie\/wp-json\/wp\/v2\/users\/8"}],"replies":[{"embeddable":true,"href":"https:\/\/kapitalis.com\/tunisie\/wp-json\/wp\/v2\/comments?post=2957423"}],"version-history":[{"count":0,"href":"https:\/\/kapitalis.com\/tunisie\/wp-json\/wp\/v2\/posts\/2957423\/revisions"}],"wp:featuredmedia":[{"embeddable":true,"href":"https:\/\/kapitalis.com\/tunisie\/wp-json\/wp\/v2\/media\/2957669"}],"wp:attachment":[{"href":"https:\/\/kapitalis.com\/tunisie\/wp-json\/wp\/v2\/media?parent=2957423"}],"wp:term":[{"taxonomy":"category","embeddable":true,"href":"https:\/\/kapitalis.com\/tunisie\/wp-json\/wp\/v2\/categories?post=2957423"},{"taxonomy":"post_tag","embeddable":true,"href":"https:\/\/kapitalis.com\/tunisie\/wp-json\/wp\/v2\/tags?post=2957423"}],"curies":[{"name":"wp","href":"https:\/\/api.w.org\/{rel}","templated":true}]}}