{"id":295791,"date":"2020-04-24T08:07:13","date_gmt":"2020-04-24T07:07:13","guid":{"rendered":"http:\/\/kapitalis.com\/tunisie\/?p=295791"},"modified":"2020-04-24T08:07:14","modified_gmt":"2020-04-24T07:07:14","slug":"le-goethe-institut-de-tunis-organise-une-4e-edition-virtuelle-du-festival-ramadanesque-saha-chribtek","status":"publish","type":"post","link":"https:\/\/kapitalis.com\/tunisie\/2020\/04\/24\/le-goethe-institut-de-tunis-organise-une-4e-edition-virtuelle-du-festival-ramadanesque-saha-chribtek\/","title":{"rendered":"Le Goethe Institut de Tunis organise une 4e \u00e9dition virtuelle du festival ramadanesque \u00ab\u00a0Saha Chribtek\u00a0\u00bb"},"content":{"rendered":"\n<div class=\"wp-block-image\"><figure class=\"aligncenter size-large\"><img decoding=\"async\" src=\"http:\/\/kapitalis.com\/tunisie\/wp-content\/uploads\/2020\/04\/Untitled-1-6.jpg\" alt=\"\" class=\"wp-image-295801\"\/><\/figure><\/div>\n\n\n\n<p><strong><em>Le Goethe Institut de Tunis organise la 4<sup>e<\/sup> \u00e9dition du festival ramadanesque \u00abSaha Chribtek\u00bb du 27 avril au 22 mai 2020. L\u2019\u00e9v\u00e9nement se transforme cette ann\u00e9e en un festival cin\u00e9matographique en ligne.<\/em><\/strong><\/p>\n\n\n\n<!--more-->\n\n\n\n<p>Apr\u00e8s le succ\u00e8s de ses trois premi\u00e8res \u00e9ditions, le programme culturel ramadanesque \u00ab<em>Saha Chribtek<\/em>\u00bb, organis\u00e9 par le Goethe Institut, revient avec une nouvelle \u00e9dition in\u00e9dite qui sera enti\u00e8rement virtuelle, compte tenu de la situation actuelle de confinement g\u00e9n\u00e9ral et de couvre-feu suite \u00e0 la progression de la pand\u00e9mie du Covid-19.<\/p>\n\n\n\n<p>La 4<sup>e<\/sup> \u00e9dition n\u2019aura donc pas lieu au jardin du Goethe Institut comme les 3 pr\u00e9c\u00e9dentes, mais sur la plateforme de streaming tunisienne Artify qui a accueilli r\u00e9cemment la 2<sup>e<\/sup> \u00e9dition du Festival Gab\u00e8s Cin\u00e9ma Fen.<\/p>\n\n\n\n<p>Cette nouvelle \u00e9dition sera enti\u00e8rement d\u00e9di\u00e9e au 7<sup>e<\/sup> art avec des projections gratuites de films tunisiens et \u00e9trangers, r\u00e9cents et moins r\u00e9cents. Au programme, des courts et des longs m\u00e9trages, des documentaires et des fictions de genres diff\u00e9rents, dont la plupart seront suivis par des d\u00e9bats avec les r\u00e9alisateurs.<\/p>\n\n\n\n<p>Avec des films comme \u00ab<em>Subutex<\/em>\u00bb de Nasreddine Shili, \u00ab<em>El Gort<\/em>\u00bb de Hamza El Ouni, \u00ab<em>Couscous, graines de la dignit\u00e9<\/em>\u00bb de Habib Ayed, \u00ab<em>Wild relatives<\/em>\u00bb de Jumana Mana, \u00ab<em>The lovely life<\/em>\u00bb de Rami Aloui \u2026 <\/p>\n\n\n\n<p>Actualit\u00e9 oblige, le festival a tent\u00e9 d\u2019orienter sa programmation autour d\u2019un nombre de th\u00e9matiques actuelles comme la souverainet\u00e9 alimentaire, le changement climatique, la migration forc\u00e9e, la protection des droits civils \u2026<\/p>\n\n\n\n<p class=\"has-text-align-right\"><strong>Fawz Ben Ali<\/strong><\/p>\n","protected":false},"excerpt":{"rendered":"<p>Le Goethe Institut de Tunis organise la 4e \u00e9dition du festival ramadanesque \u00abSaha Chribtek\u00bb du 27 avril au 22 mai 2020. L\u2019\u00e9v\u00e9nement se transforme cette ann\u00e9e en un festival cin\u00e9matographique en ligne.<\/p>\n","protected":false},"author":26,"featured_media":295801,"comment_status":"open","ping_status":"open","sticky":false,"template":"","format":"standard","meta":{"footnotes":""},"categories":[994,2433],"tags":[77265,78141,68078,75637,78140],"class_list":["post-295791","post","type-post","status-publish","format-standard","has-post-thumbnail","hentry","category-culture","category-tunisie","tag-artify","tag-festival-ramadanesque","tag-goethe-institut-de-tunis","tag-ramadan-2020","tag-saha-chribtek"],"yoast_head":"<!-- This site is optimized with the Yoast SEO plugin v26.6 - https:\/\/yoast.com\/wordpress\/plugins\/seo\/ -->\n<title>Le Goethe Institut de Tunis organise une 4e \u00e9dition virtuelle du festival ramadanesque &quot;Saha Chribtek&quot; - Kapitalis<\/title>\n<meta name=\"robots\" content=\"index, follow, max-snippet:-1, max-image-preview:large, max-video-preview:-1\" \/>\n<link rel=\"canonical\" href=\"https:\/\/kapitalis.com\/tunisie\/2020\/04\/24\/le-goethe-institut-de-tunis-organise-une-4e-edition-virtuelle-du-festival-ramadanesque-saha-chribtek\/\" \/>\n<meta property=\"og:locale\" content=\"fr_FR\" \/>\n<meta property=\"og:type\" content=\"article\" \/>\n<meta property=\"og:title\" content=\"Le Goethe Institut de Tunis organise une 4e \u00e9dition virtuelle du festival ramadanesque &quot;Saha Chribtek&quot; - Kapitalis\" \/>\n<meta property=\"og:description\" content=\"Le Goethe Institut de Tunis organise la 4e \u00e9dition du festival ramadanesque \u00abSaha Chribtek\u00bb du 27 avril au 22 mai 2020. L\u2019\u00e9v\u00e9nement se transforme cette ann\u00e9e en un festival cin\u00e9matographique en ligne.\" \/>\n<meta property=\"og:url\" content=\"https:\/\/kapitalis.com\/tunisie\/2020\/04\/24\/le-goethe-institut-de-tunis-organise-une-4e-edition-virtuelle-du-festival-ramadanesque-saha-chribtek\/\" \/>\n<meta property=\"og:site_name\" content=\"Kapitalis\" \/>\n<meta property=\"article:publisher\" content=\"https:\/\/www.facebook.com\/KapitalisInfo\/\" \/>\n<meta property=\"article:published_time\" content=\"2020-04-24T07:07:13+00:00\" \/>\n<meta property=\"article:modified_time\" content=\"2020-04-24T07:07:14+00:00\" \/>\n<meta property=\"og:image\" content=\"https:\/\/kapitalis.com\/tunisie\/wp-content\/uploads\/2022\/05\/kapitalis-logo-fb.png\" \/>\n\t<meta property=\"og:image:width\" content=\"1200\" \/>\n\t<meta property=\"og:image:height\" content=\"630\" \/>\n\t<meta property=\"og:image:type\" content=\"image\/png\" \/>\n<meta name=\"author\" content=\"Fawz BenAli\" \/>\n<meta name=\"twitter:card\" content=\"summary_large_image\" \/>\n<meta name=\"twitter:creator\" content=\"@KapitalisInfo\" \/>\n<meta name=\"twitter:site\" content=\"@KapitalisInfo\" \/>\n<meta name=\"twitter:label1\" content=\"\u00c9crit par\" \/>\n\t<meta name=\"twitter:data1\" content=\"Fawz BenAli\" \/>\n\t<meta name=\"twitter:label2\" content=\"Dur\u00e9e de lecture estim\u00e9e\" \/>\n\t<meta name=\"twitter:data2\" content=\"1 minute\" \/>\n<script type=\"application\/ld+json\" class=\"yoast-schema-graph\">{\"@context\":\"https:\/\/schema.org\",\"@graph\":[{\"@type\":\"Article\",\"@id\":\"https:\/\/kapitalis.com\/tunisie\/2020\/04\/24\/le-goethe-institut-de-tunis-organise-une-4e-edition-virtuelle-du-festival-ramadanesque-saha-chribtek\/#article\",\"isPartOf\":{\"@id\":\"https:\/\/kapitalis.com\/tunisie\/2020\/04\/24\/le-goethe-institut-de-tunis-organise-une-4e-edition-virtuelle-du-festival-ramadanesque-saha-chribtek\/\"},\"author\":{\"name\":\"Fawz BenAli\",\"@id\":\"https:\/\/kapitalis.com\/tunisie\/#\/schema\/person\/73a5ecc1f6ae540c6ed91342eadca948\"},\"headline\":\"Le Goethe Institut de Tunis organise une 4e \u00e9dition virtuelle du festival ramadanesque \u00ab\u00a0Saha Chribtek\u00a0\u00bb\",\"datePublished\":\"2020-04-24T07:07:13+00:00\",\"dateModified\":\"2020-04-24T07:07:14+00:00\",\"mainEntityOfPage\":{\"@id\":\"https:\/\/kapitalis.com\/tunisie\/2020\/04\/24\/le-goethe-institut-de-tunis-organise-une-4e-edition-virtuelle-du-festival-ramadanesque-saha-chribtek\/\"},\"wordCount\":274,\"commentCount\":0,\"publisher\":{\"@id\":\"https:\/\/kapitalis.com\/tunisie\/#organization\"},\"image\":{\"@id\":\"https:\/\/kapitalis.com\/tunisie\/2020\/04\/24\/le-goethe-institut-de-tunis-organise-une-4e-edition-virtuelle-du-festival-ramadanesque-saha-chribtek\/#primaryimage\"},\"thumbnailUrl\":\"\",\"keywords\":[\"Artify\",\"festival ramadanesque\",\"Goethe Institut de Tunis\",\"Ramadan 2020\",\"Saha chribtek\"],\"articleSection\":[\"CULTURE\",\"Tunisie\"],\"inLanguage\":\"fr-FR\",\"potentialAction\":[{\"@type\":\"CommentAction\",\"name\":\"Comment\",\"target\":[\"https:\/\/kapitalis.com\/tunisie\/2020\/04\/24\/le-goethe-institut-de-tunis-organise-une-4e-edition-virtuelle-du-festival-ramadanesque-saha-chribtek\/#respond\"]}]},{\"@type\":\"WebPage\",\"@id\":\"https:\/\/kapitalis.com\/tunisie\/2020\/04\/24\/le-goethe-institut-de-tunis-organise-une-4e-edition-virtuelle-du-festival-ramadanesque-saha-chribtek\/\",\"url\":\"https:\/\/kapitalis.com\/tunisie\/2020\/04\/24\/le-goethe-institut-de-tunis-organise-une-4e-edition-virtuelle-du-festival-ramadanesque-saha-chribtek\/\",\"name\":\"Le Goethe Institut de Tunis organise une 4e \u00e9dition virtuelle du festival ramadanesque \\\"Saha Chribtek\\\" - Kapitalis\",\"isPartOf\":{\"@id\":\"https:\/\/kapitalis.com\/tunisie\/#website\"},\"primaryImageOfPage\":{\"@id\":\"https:\/\/kapitalis.com\/tunisie\/2020\/04\/24\/le-goethe-institut-de-tunis-organise-une-4e-edition-virtuelle-du-festival-ramadanesque-saha-chribtek\/#primaryimage\"},\"image\":{\"@id\":\"https:\/\/kapitalis.com\/tunisie\/2020\/04\/24\/le-goethe-institut-de-tunis-organise-une-4e-edition-virtuelle-du-festival-ramadanesque-saha-chribtek\/#primaryimage\"},\"thumbnailUrl\":\"\",\"datePublished\":\"2020-04-24T07:07:13+00:00\",\"dateModified\":\"2020-04-24T07:07:14+00:00\",\"breadcrumb\":{\"@id\":\"https:\/\/kapitalis.com\/tunisie\/2020\/04\/24\/le-goethe-institut-de-tunis-organise-une-4e-edition-virtuelle-du-festival-ramadanesque-saha-chribtek\/#breadcrumb\"},\"inLanguage\":\"fr-FR\",\"potentialAction\":[{\"@type\":\"ReadAction\",\"target\":[\"https:\/\/kapitalis.com\/tunisie\/2020\/04\/24\/le-goethe-institut-de-tunis-organise-une-4e-edition-virtuelle-du-festival-ramadanesque-saha-chribtek\/\"]}]},{\"@type\":\"ImageObject\",\"inLanguage\":\"fr-FR\",\"@id\":\"https:\/\/kapitalis.com\/tunisie\/2020\/04\/24\/le-goethe-institut-de-tunis-organise-une-4e-edition-virtuelle-du-festival-ramadanesque-saha-chribtek\/#primaryimage\",\"url\":\"\",\"contentUrl\":\"\"},{\"@type\":\"BreadcrumbList\",\"@id\":\"https:\/\/kapitalis.com\/tunisie\/2020\/04\/24\/le-goethe-institut-de-tunis-organise-une-4e-edition-virtuelle-du-festival-ramadanesque-saha-chribtek\/#breadcrumb\",\"itemListElement\":[{\"@type\":\"ListItem\",\"position\":1,\"name\":\"Accueil\",\"item\":\"https:\/\/kapitalis.com\/tunisie\/\"},{\"@type\":\"ListItem\",\"position\":2,\"name\":\"Le Goethe Institut de Tunis organise une 4e \u00e9dition virtuelle du festival ramadanesque \u00ab\u00a0Saha Chribtek\u00a0\u00bb\"}]},{\"@type\":\"WebSite\",\"@id\":\"https:\/\/kapitalis.com\/tunisie\/#website\",\"url\":\"https:\/\/kapitalis.com\/tunisie\/\",\"name\":\"Kapitalis\",\"description\":\"L&#039;actualit\u00e9 en Tunisie et dans le monde\",\"publisher\":{\"@id\":\"https:\/\/kapitalis.com\/tunisie\/#organization\"},\"potentialAction\":[{\"@type\":\"SearchAction\",\"target\":{\"@type\":\"EntryPoint\",\"urlTemplate\":\"https:\/\/kapitalis.com\/tunisie\/?s={search_term_string}\"},\"query-input\":{\"@type\":\"PropertyValueSpecification\",\"valueRequired\":true,\"valueName\":\"search_term_string\"}}],\"inLanguage\":\"fr-FR\"},{\"@type\":\"Organization\",\"@id\":\"https:\/\/kapitalis.com\/tunisie\/#organization\",\"name\":\"Kapitalis\",\"url\":\"https:\/\/kapitalis.com\/tunisie\/\",\"logo\":{\"@type\":\"ImageObject\",\"inLanguage\":\"fr-FR\",\"@id\":\"https:\/\/kapitalis.com\/tunisie\/#\/schema\/logo\/image\/\",\"url\":\"https:\/\/kapitalis.com\/tunisie\/wp-content\/uploads\/2022\/05\/Kapitalis-big-size.png\",\"contentUrl\":\"https:\/\/kapitalis.com\/tunisie\/wp-content\/uploads\/2022\/05\/Kapitalis-big-size.png\",\"width\":5000,\"height\":1500,\"caption\":\"Kapitalis\"},\"image\":{\"@id\":\"https:\/\/kapitalis.com\/tunisie\/#\/schema\/logo\/image\/\"},\"sameAs\":[\"https:\/\/www.facebook.com\/KapitalisInfo\/\",\"https:\/\/x.com\/KapitalisInfo\",\"https:\/\/www.youtube.com\/channel\/UC-yDYrHyfFBWWZaOw3FPg9Q\"]},{\"@type\":\"Person\",\"@id\":\"https:\/\/kapitalis.com\/tunisie\/#\/schema\/person\/73a5ecc1f6ae540c6ed91342eadca948\",\"name\":\"Fawz BenAli\",\"url\":\"https:\/\/kapitalis.com\/tunisie\/author\/fawz\/\"}]}<\/script>\n<!-- \/ Yoast SEO plugin. -->","yoast_head_json":{"title":"Le Goethe Institut de Tunis organise une 4e \u00e9dition virtuelle du festival ramadanesque \"Saha Chribtek\" - Kapitalis","robots":{"index":"index","follow":"follow","max-snippet":"max-snippet:-1","max-image-preview":"max-image-preview:large","max-video-preview":"max-video-preview:-1"},"canonical":"https:\/\/kapitalis.com\/tunisie\/2020\/04\/24\/le-goethe-institut-de-tunis-organise-une-4e-edition-virtuelle-du-festival-ramadanesque-saha-chribtek\/","og_locale":"fr_FR","og_type":"article","og_title":"Le Goethe Institut de Tunis organise une 4e \u00e9dition virtuelle du festival ramadanesque \"Saha Chribtek\" - Kapitalis","og_description":"Le Goethe Institut de Tunis organise la 4e \u00e9dition du festival ramadanesque \u00abSaha Chribtek\u00bb du 27 avril au 22 mai 2020. L\u2019\u00e9v\u00e9nement se transforme cette ann\u00e9e en un festival cin\u00e9matographique en ligne.","og_url":"https:\/\/kapitalis.com\/tunisie\/2020\/04\/24\/le-goethe-institut-de-tunis-organise-une-4e-edition-virtuelle-du-festival-ramadanesque-saha-chribtek\/","og_site_name":"Kapitalis","article_publisher":"https:\/\/www.facebook.com\/KapitalisInfo\/","article_published_time":"2020-04-24T07:07:13+00:00","article_modified_time":"2020-04-24T07:07:14+00:00","og_image":[{"width":1200,"height":630,"url":"https:\/\/kapitalis.com\/tunisie\/wp-content\/uploads\/2022\/05\/kapitalis-logo-fb.png","type":"image\/png"}],"author":"Fawz BenAli","twitter_card":"summary_large_image","twitter_creator":"@KapitalisInfo","twitter_site":"@KapitalisInfo","twitter_misc":{"\u00c9crit par":"Fawz BenAli","Dur\u00e9e de lecture estim\u00e9e":"1 minute"},"schema":{"@context":"https:\/\/schema.org","@graph":[{"@type":"Article","@id":"https:\/\/kapitalis.com\/tunisie\/2020\/04\/24\/le-goethe-institut-de-tunis-organise-une-4e-edition-virtuelle-du-festival-ramadanesque-saha-chribtek\/#article","isPartOf":{"@id":"https:\/\/kapitalis.com\/tunisie\/2020\/04\/24\/le-goethe-institut-de-tunis-organise-une-4e-edition-virtuelle-du-festival-ramadanesque-saha-chribtek\/"},"author":{"name":"Fawz BenAli","@id":"https:\/\/kapitalis.com\/tunisie\/#\/schema\/person\/73a5ecc1f6ae540c6ed91342eadca948"},"headline":"Le Goethe Institut de Tunis organise une 4e \u00e9dition virtuelle du festival ramadanesque \u00ab\u00a0Saha Chribtek\u00a0\u00bb","datePublished":"2020-04-24T07:07:13+00:00","dateModified":"2020-04-24T07:07:14+00:00","mainEntityOfPage":{"@id":"https:\/\/kapitalis.com\/tunisie\/2020\/04\/24\/le-goethe-institut-de-tunis-organise-une-4e-edition-virtuelle-du-festival-ramadanesque-saha-chribtek\/"},"wordCount":274,"commentCount":0,"publisher":{"@id":"https:\/\/kapitalis.com\/tunisie\/#organization"},"image":{"@id":"https:\/\/kapitalis.com\/tunisie\/2020\/04\/24\/le-goethe-institut-de-tunis-organise-une-4e-edition-virtuelle-du-festival-ramadanesque-saha-chribtek\/#primaryimage"},"thumbnailUrl":"","keywords":["Artify","festival ramadanesque","Goethe Institut de Tunis","Ramadan 2020","Saha chribtek"],"articleSection":["CULTURE","Tunisie"],"inLanguage":"fr-FR","potentialAction":[{"@type":"CommentAction","name":"Comment","target":["https:\/\/kapitalis.com\/tunisie\/2020\/04\/24\/le-goethe-institut-de-tunis-organise-une-4e-edition-virtuelle-du-festival-ramadanesque-saha-chribtek\/#respond"]}]},{"@type":"WebPage","@id":"https:\/\/kapitalis.com\/tunisie\/2020\/04\/24\/le-goethe-institut-de-tunis-organise-une-4e-edition-virtuelle-du-festival-ramadanesque-saha-chribtek\/","url":"https:\/\/kapitalis.com\/tunisie\/2020\/04\/24\/le-goethe-institut-de-tunis-organise-une-4e-edition-virtuelle-du-festival-ramadanesque-saha-chribtek\/","name":"Le Goethe Institut de Tunis organise une 4e \u00e9dition virtuelle du festival ramadanesque \"Saha Chribtek\" - Kapitalis","isPartOf":{"@id":"https:\/\/kapitalis.com\/tunisie\/#website"},"primaryImageOfPage":{"@id":"https:\/\/kapitalis.com\/tunisie\/2020\/04\/24\/le-goethe-institut-de-tunis-organise-une-4e-edition-virtuelle-du-festival-ramadanesque-saha-chribtek\/#primaryimage"},"image":{"@id":"https:\/\/kapitalis.com\/tunisie\/2020\/04\/24\/le-goethe-institut-de-tunis-organise-une-4e-edition-virtuelle-du-festival-ramadanesque-saha-chribtek\/#primaryimage"},"thumbnailUrl":"","datePublished":"2020-04-24T07:07:13+00:00","dateModified":"2020-04-24T07:07:14+00:00","breadcrumb":{"@id":"https:\/\/kapitalis.com\/tunisie\/2020\/04\/24\/le-goethe-institut-de-tunis-organise-une-4e-edition-virtuelle-du-festival-ramadanesque-saha-chribtek\/#breadcrumb"},"inLanguage":"fr-FR","potentialAction":[{"@type":"ReadAction","target":["https:\/\/kapitalis.com\/tunisie\/2020\/04\/24\/le-goethe-institut-de-tunis-organise-une-4e-edition-virtuelle-du-festival-ramadanesque-saha-chribtek\/"]}]},{"@type":"ImageObject","inLanguage":"fr-FR","@id":"https:\/\/kapitalis.com\/tunisie\/2020\/04\/24\/le-goethe-institut-de-tunis-organise-une-4e-edition-virtuelle-du-festival-ramadanesque-saha-chribtek\/#primaryimage","url":"","contentUrl":""},{"@type":"BreadcrumbList","@id":"https:\/\/kapitalis.com\/tunisie\/2020\/04\/24\/le-goethe-institut-de-tunis-organise-une-4e-edition-virtuelle-du-festival-ramadanesque-saha-chribtek\/#breadcrumb","itemListElement":[{"@type":"ListItem","position":1,"name":"Accueil","item":"https:\/\/kapitalis.com\/tunisie\/"},{"@type":"ListItem","position":2,"name":"Le Goethe Institut de Tunis organise une 4e \u00e9dition virtuelle du festival ramadanesque \u00ab\u00a0Saha Chribtek\u00a0\u00bb"}]},{"@type":"WebSite","@id":"https:\/\/kapitalis.com\/tunisie\/#website","url":"https:\/\/kapitalis.com\/tunisie\/","name":"Kapitalis","description":"L&#039;actualit\u00e9 en Tunisie et dans le monde","publisher":{"@id":"https:\/\/kapitalis.com\/tunisie\/#organization"},"potentialAction":[{"@type":"SearchAction","target":{"@type":"EntryPoint","urlTemplate":"https:\/\/kapitalis.com\/tunisie\/?s={search_term_string}"},"query-input":{"@type":"PropertyValueSpecification","valueRequired":true,"valueName":"search_term_string"}}],"inLanguage":"fr-FR"},{"@type":"Organization","@id":"https:\/\/kapitalis.com\/tunisie\/#organization","name":"Kapitalis","url":"https:\/\/kapitalis.com\/tunisie\/","logo":{"@type":"ImageObject","inLanguage":"fr-FR","@id":"https:\/\/kapitalis.com\/tunisie\/#\/schema\/logo\/image\/","url":"https:\/\/kapitalis.com\/tunisie\/wp-content\/uploads\/2022\/05\/Kapitalis-big-size.png","contentUrl":"https:\/\/kapitalis.com\/tunisie\/wp-content\/uploads\/2022\/05\/Kapitalis-big-size.png","width":5000,"height":1500,"caption":"Kapitalis"},"image":{"@id":"https:\/\/kapitalis.com\/tunisie\/#\/schema\/logo\/image\/"},"sameAs":["https:\/\/www.facebook.com\/KapitalisInfo\/","https:\/\/x.com\/KapitalisInfo","https:\/\/www.youtube.com\/channel\/UC-yDYrHyfFBWWZaOw3FPg9Q"]},{"@type":"Person","@id":"https:\/\/kapitalis.com\/tunisie\/#\/schema\/person\/73a5ecc1f6ae540c6ed91342eadca948","name":"Fawz BenAli","url":"https:\/\/kapitalis.com\/tunisie\/author\/fawz\/"}]}},"_links":{"self":[{"href":"https:\/\/kapitalis.com\/tunisie\/wp-json\/wp\/v2\/posts\/295791","targetHints":{"allow":["GET"]}}],"collection":[{"href":"https:\/\/kapitalis.com\/tunisie\/wp-json\/wp\/v2\/posts"}],"about":[{"href":"https:\/\/kapitalis.com\/tunisie\/wp-json\/wp\/v2\/types\/post"}],"author":[{"embeddable":true,"href":"https:\/\/kapitalis.com\/tunisie\/wp-json\/wp\/v2\/users\/26"}],"replies":[{"embeddable":true,"href":"https:\/\/kapitalis.com\/tunisie\/wp-json\/wp\/v2\/comments?post=295791"}],"version-history":[{"count":0,"href":"https:\/\/kapitalis.com\/tunisie\/wp-json\/wp\/v2\/posts\/295791\/revisions"}],"wp:featuredmedia":[{"embeddable":true,"href":"https:\/\/kapitalis.com\/tunisie\/wp-json\/wp\/v2\/media\/295801"}],"wp:attachment":[{"href":"https:\/\/kapitalis.com\/tunisie\/wp-json\/wp\/v2\/media?parent=295791"}],"wp:term":[{"taxonomy":"category","embeddable":true,"href":"https:\/\/kapitalis.com\/tunisie\/wp-json\/wp\/v2\/categories?post=295791"},{"taxonomy":"post_tag","embeddable":true,"href":"https:\/\/kapitalis.com\/tunisie\/wp-json\/wp\/v2\/tags?post=295791"}],"curies":[{"name":"wp","href":"https:\/\/api.w.org\/{rel}","templated":true}]}}