{"id":295796,"date":"2020-04-23T22:35:35","date_gmt":"2020-04-23T21:35:35","guid":{"rendered":"http:\/\/kapitalis.com\/tunisie\/?p=295796"},"modified":"2020-04-24T07:34:50","modified_gmt":"2020-04-24T06:34:50","slug":"coronavirus-siliana-enregistre-un-2e-cas-confirme","status":"publish","type":"post","link":"https:\/\/kapitalis.com\/tunisie\/2020\/04\/23\/coronavirus-siliana-enregistre-un-2e-cas-confirme\/","title":{"rendered":"Coronavirus : Siliana enregistre un 2e cas confirm\u00e9"},"content":{"rendered":"\n<figure class=\"wp-block-image size-large\"><img decoding=\"async\" src=\"http:\/\/kapitalis.com\/tunisie\/wp-content\/uploads\/2020\/03\/coronavirus-test-positif.jpg\" alt=\"\" class=\"wp-image-290771\"\/><\/figure>\n\n\n\n<p><strong><em>La direction r\u00e9gionale de la Sant\u00e9 de Siliana a annonc\u00e9 ce soir, jeudi 23 avril 2020, qu&rsquo;un 2e cas de coronavirus a \u00e9t\u00e9 enregistr\u00e9, en pr\u00e9cisant que la personne contamin\u00e9e habite \u00e0 El-Krib.<\/em><\/strong><\/p>\n\n\n\n<!--more-->\n\n\n\n<p>Ce gouvernorat avait \u00e9t\u00e9 longtemps \u00e9pargn\u00e9 et n&rsquo;avait enregistr\u00e9 son 1er  cas qu&rsquo;au 16 avril courant. Depuis, aucun cas n&rsquo;a \u00e9t\u00e9 enregistr\u00e9 avant ce jour.<\/p>\n\n\n\n<p>La direction r\u00e9gionale de la Sant\u00e9 appelle les habitants \u00e0 se conformer aux r\u00e8gles d&rsquo;hygi\u00e8ne, au confinement et \u00e0 toutes les mesures mises en place par les autorit\u00e9s dans la lutte contre la pand\u00e9mie, en assurant que la situation est sous contr\u00f4le mais que la guerre contre le coronavirus n&rsquo;est pas encore gagn\u00e9e.<\/p>\n\n\n\n<p>Pour rappel, 226 personnes sont \u00e0 l&rsquo;isolement obligatoire \u00e0 Siliana, et au total 184 tests de d\u00e9pistage du covid-19 sont revenus,  \u00e0 ce jour, n\u00e9gatifs.<\/p>\n\n\n\n<p class=\"has-text-align-right\"><strong>Y. N.<\/strong><\/p>\n","protected":false},"excerpt":{"rendered":"<p>La direction r\u00e9gionale de la Sant\u00e9 de Siliana a annonc\u00e9 ce soir, jeudi 23 avril 2020, qu&rsquo;un 2e cas de coronavirus a \u00e9t\u00e9 enregistr\u00e9, en pr\u00e9cisant que la personne contamin\u00e9e habite \u00e0 El-Krib.<\/p>\n","protected":false},"author":6,"featured_media":0,"comment_status":"open","ping_status":"open","sticky":false,"template":"","format":"standard","meta":{"footnotes":""},"categories":[998,2433],"tags":[73060,78145,2763],"class_list":["post-295796","post","type-post","status-publish","format-standard","hentry","category-societe","category-tunisie","tag-coronavirus","tag-el-krib","tag-siliana"],"yoast_head":"<!-- This site is optimized with the Yoast SEO plugin v26.6 - https:\/\/yoast.com\/wordpress\/plugins\/seo\/ -->\n<title>Coronavirus : Siliana enregistre un 2e cas confirm\u00e9 - Kapitalis<\/title>\n<meta name=\"robots\" content=\"index, follow, max-snippet:-1, max-image-preview:large, max-video-preview:-1\" \/>\n<link rel=\"canonical\" href=\"https:\/\/kapitalis.com\/tunisie\/2020\/04\/23\/coronavirus-siliana-enregistre-un-2e-cas-confirme\/\" \/>\n<meta property=\"og:locale\" content=\"fr_FR\" \/>\n<meta property=\"og:type\" content=\"article\" \/>\n<meta property=\"og:title\" content=\"Coronavirus : Siliana enregistre un 2e cas confirm\u00e9 - Kapitalis\" \/>\n<meta property=\"og:description\" content=\"La direction r\u00e9gionale de la Sant\u00e9 de Siliana a annonc\u00e9 ce soir, jeudi 23 avril 2020, qu&rsquo;un 2e cas de coronavirus a \u00e9t\u00e9 enregistr\u00e9, en pr\u00e9cisant que la personne contamin\u00e9e habite \u00e0 El-Krib.\" \/>\n<meta property=\"og:url\" content=\"https:\/\/kapitalis.com\/tunisie\/2020\/04\/23\/coronavirus-siliana-enregistre-un-2e-cas-confirme\/\" \/>\n<meta property=\"og:site_name\" content=\"Kapitalis\" \/>\n<meta property=\"article:publisher\" content=\"https:\/\/www.facebook.com\/KapitalisInfo\/\" \/>\n<meta property=\"article:published_time\" content=\"2020-04-23T21:35:35+00:00\" \/>\n<meta property=\"article:modified_time\" content=\"2020-04-24T06:34:50+00:00\" \/>\n<meta property=\"og:image\" content=\"http:\/\/kapitalis.com\/tunisie\/wp-content\/uploads\/2020\/03\/coronavirus-test-positif.jpg\" \/>\n<meta name=\"author\" content=\"Yusra NY\" \/>\n<meta name=\"twitter:card\" content=\"summary_large_image\" \/>\n<meta name=\"twitter:creator\" content=\"@KapitalisInfo\" \/>\n<meta name=\"twitter:site\" content=\"@KapitalisInfo\" \/>\n<meta name=\"twitter:label1\" content=\"\u00c9crit par\" \/>\n\t<meta name=\"twitter:data1\" content=\"Yusra NY\" \/>\n\t<meta name=\"twitter:label2\" content=\"Dur\u00e9e de lecture estim\u00e9e\" \/>\n\t<meta name=\"twitter:data2\" content=\"1 minute\" \/>\n<script type=\"application\/ld+json\" class=\"yoast-schema-graph\">{\"@context\":\"https:\/\/schema.org\",\"@graph\":[{\"@type\":\"Article\",\"@id\":\"https:\/\/kapitalis.com\/tunisie\/2020\/04\/23\/coronavirus-siliana-enregistre-un-2e-cas-confirme\/#article\",\"isPartOf\":{\"@id\":\"https:\/\/kapitalis.com\/tunisie\/2020\/04\/23\/coronavirus-siliana-enregistre-un-2e-cas-confirme\/\"},\"author\":{\"name\":\"Yusra NY\",\"@id\":\"https:\/\/kapitalis.com\/tunisie\/#\/schema\/person\/74bbde0154d49d790a92aaeac5bc01d5\"},\"headline\":\"Coronavirus : Siliana enregistre un 2e cas confirm\u00e9\",\"datePublished\":\"2020-04-23T21:35:35+00:00\",\"dateModified\":\"2020-04-24T06:34:50+00:00\",\"mainEntityOfPage\":{\"@id\":\"https:\/\/kapitalis.com\/tunisie\/2020\/04\/23\/coronavirus-siliana-enregistre-un-2e-cas-confirme\/\"},\"wordCount\":146,\"commentCount\":0,\"publisher\":{\"@id\":\"https:\/\/kapitalis.com\/tunisie\/#organization\"},\"image\":{\"@id\":\"https:\/\/kapitalis.com\/tunisie\/2020\/04\/23\/coronavirus-siliana-enregistre-un-2e-cas-confirme\/#primaryimage\"},\"thumbnailUrl\":\"http:\/\/kapitalis.com\/tunisie\/wp-content\/uploads\/2020\/03\/coronavirus-test-positif.jpg\",\"keywords\":[\"Coronavirus\",\"El-Krib\",\"Siliana\"],\"articleSection\":[\"SOCIETE\",\"Tunisie\"],\"inLanguage\":\"fr-FR\",\"potentialAction\":[{\"@type\":\"CommentAction\",\"name\":\"Comment\",\"target\":[\"https:\/\/kapitalis.com\/tunisie\/2020\/04\/23\/coronavirus-siliana-enregistre-un-2e-cas-confirme\/#respond\"]}]},{\"@type\":\"WebPage\",\"@id\":\"https:\/\/kapitalis.com\/tunisie\/2020\/04\/23\/coronavirus-siliana-enregistre-un-2e-cas-confirme\/\",\"url\":\"https:\/\/kapitalis.com\/tunisie\/2020\/04\/23\/coronavirus-siliana-enregistre-un-2e-cas-confirme\/\",\"name\":\"Coronavirus : Siliana enregistre un 2e cas confirm\u00e9 - Kapitalis\",\"isPartOf\":{\"@id\":\"https:\/\/kapitalis.com\/tunisie\/#website\"},\"primaryImageOfPage\":{\"@id\":\"https:\/\/kapitalis.com\/tunisie\/2020\/04\/23\/coronavirus-siliana-enregistre-un-2e-cas-confirme\/#primaryimage\"},\"image\":{\"@id\":\"https:\/\/kapitalis.com\/tunisie\/2020\/04\/23\/coronavirus-siliana-enregistre-un-2e-cas-confirme\/#primaryimage\"},\"thumbnailUrl\":\"http:\/\/kapitalis.com\/tunisie\/wp-content\/uploads\/2020\/03\/coronavirus-test-positif.jpg\",\"datePublished\":\"2020-04-23T21:35:35+00:00\",\"dateModified\":\"2020-04-24T06:34:50+00:00\",\"breadcrumb\":{\"@id\":\"https:\/\/kapitalis.com\/tunisie\/2020\/04\/23\/coronavirus-siliana-enregistre-un-2e-cas-confirme\/#breadcrumb\"},\"inLanguage\":\"fr-FR\",\"potentialAction\":[{\"@type\":\"ReadAction\",\"target\":[\"https:\/\/kapitalis.com\/tunisie\/2020\/04\/23\/coronavirus-siliana-enregistre-un-2e-cas-confirme\/\"]}]},{\"@type\":\"ImageObject\",\"inLanguage\":\"fr-FR\",\"@id\":\"https:\/\/kapitalis.com\/tunisie\/2020\/04\/23\/coronavirus-siliana-enregistre-un-2e-cas-confirme\/#primaryimage\",\"url\":\"\",\"contentUrl\":\"\"},{\"@type\":\"BreadcrumbList\",\"@id\":\"https:\/\/kapitalis.com\/tunisie\/2020\/04\/23\/coronavirus-siliana-enregistre-un-2e-cas-confirme\/#breadcrumb\",\"itemListElement\":[{\"@type\":\"ListItem\",\"position\":1,\"name\":\"Accueil\",\"item\":\"https:\/\/kapitalis.com\/tunisie\/\"},{\"@type\":\"ListItem\",\"position\":2,\"name\":\"Coronavirus : Siliana enregistre un 2e cas confirm\u00e9\"}]},{\"@type\":\"WebSite\",\"@id\":\"https:\/\/kapitalis.com\/tunisie\/#website\",\"url\":\"https:\/\/kapitalis.com\/tunisie\/\",\"name\":\"Kapitalis\",\"description\":\"L&#039;actualit\u00e9 en Tunisie et dans le monde\",\"publisher\":{\"@id\":\"https:\/\/kapitalis.com\/tunisie\/#organization\"},\"potentialAction\":[{\"@type\":\"SearchAction\",\"target\":{\"@type\":\"EntryPoint\",\"urlTemplate\":\"https:\/\/kapitalis.com\/tunisie\/?s={search_term_string}\"},\"query-input\":{\"@type\":\"PropertyValueSpecification\",\"valueRequired\":true,\"valueName\":\"search_term_string\"}}],\"inLanguage\":\"fr-FR\"},{\"@type\":\"Organization\",\"@id\":\"https:\/\/kapitalis.com\/tunisie\/#organization\",\"name\":\"Kapitalis\",\"url\":\"https:\/\/kapitalis.com\/tunisie\/\",\"logo\":{\"@type\":\"ImageObject\",\"inLanguage\":\"fr-FR\",\"@id\":\"https:\/\/kapitalis.com\/tunisie\/#\/schema\/logo\/image\/\",\"url\":\"https:\/\/kapitalis.com\/tunisie\/wp-content\/uploads\/2022\/05\/Kapitalis-big-size.png\",\"contentUrl\":\"https:\/\/kapitalis.com\/tunisie\/wp-content\/uploads\/2022\/05\/Kapitalis-big-size.png\",\"width\":5000,\"height\":1500,\"caption\":\"Kapitalis\"},\"image\":{\"@id\":\"https:\/\/kapitalis.com\/tunisie\/#\/schema\/logo\/image\/\"},\"sameAs\":[\"https:\/\/www.facebook.com\/KapitalisInfo\/\",\"https:\/\/x.com\/KapitalisInfo\",\"https:\/\/www.youtube.com\/channel\/UC-yDYrHyfFBWWZaOw3FPg9Q\"]},{\"@type\":\"Person\",\"@id\":\"https:\/\/kapitalis.com\/tunisie\/#\/schema\/person\/74bbde0154d49d790a92aaeac5bc01d5\",\"name\":\"Yusra NY\",\"url\":\"https:\/\/kapitalis.com\/tunisie\/author\/yuza_adam\/\"}]}<\/script>\n<!-- \/ Yoast SEO plugin. -->","yoast_head_json":{"title":"Coronavirus : Siliana enregistre un 2e cas confirm\u00e9 - Kapitalis","robots":{"index":"index","follow":"follow","max-snippet":"max-snippet:-1","max-image-preview":"max-image-preview:large","max-video-preview":"max-video-preview:-1"},"canonical":"https:\/\/kapitalis.com\/tunisie\/2020\/04\/23\/coronavirus-siliana-enregistre-un-2e-cas-confirme\/","og_locale":"fr_FR","og_type":"article","og_title":"Coronavirus : Siliana enregistre un 2e cas confirm\u00e9 - Kapitalis","og_description":"La direction r\u00e9gionale de la Sant\u00e9 de Siliana a annonc\u00e9 ce soir, jeudi 23 avril 2020, qu&rsquo;un 2e cas de coronavirus a \u00e9t\u00e9 enregistr\u00e9, en pr\u00e9cisant que la personne contamin\u00e9e habite \u00e0 El-Krib.","og_url":"https:\/\/kapitalis.com\/tunisie\/2020\/04\/23\/coronavirus-siliana-enregistre-un-2e-cas-confirme\/","og_site_name":"Kapitalis","article_publisher":"https:\/\/www.facebook.com\/KapitalisInfo\/","article_published_time":"2020-04-23T21:35:35+00:00","article_modified_time":"2020-04-24T06:34:50+00:00","og_image":[{"url":"http:\/\/kapitalis.com\/tunisie\/wp-content\/uploads\/2020\/03\/coronavirus-test-positif.jpg","type":"","width":"","height":""}],"author":"Yusra NY","twitter_card":"summary_large_image","twitter_creator":"@KapitalisInfo","twitter_site":"@KapitalisInfo","twitter_misc":{"\u00c9crit par":"Yusra NY","Dur\u00e9e de lecture estim\u00e9e":"1 minute"},"schema":{"@context":"https:\/\/schema.org","@graph":[{"@type":"Article","@id":"https:\/\/kapitalis.com\/tunisie\/2020\/04\/23\/coronavirus-siliana-enregistre-un-2e-cas-confirme\/#article","isPartOf":{"@id":"https:\/\/kapitalis.com\/tunisie\/2020\/04\/23\/coronavirus-siliana-enregistre-un-2e-cas-confirme\/"},"author":{"name":"Yusra NY","@id":"https:\/\/kapitalis.com\/tunisie\/#\/schema\/person\/74bbde0154d49d790a92aaeac5bc01d5"},"headline":"Coronavirus : Siliana enregistre un 2e cas confirm\u00e9","datePublished":"2020-04-23T21:35:35+00:00","dateModified":"2020-04-24T06:34:50+00:00","mainEntityOfPage":{"@id":"https:\/\/kapitalis.com\/tunisie\/2020\/04\/23\/coronavirus-siliana-enregistre-un-2e-cas-confirme\/"},"wordCount":146,"commentCount":0,"publisher":{"@id":"https:\/\/kapitalis.com\/tunisie\/#organization"},"image":{"@id":"https:\/\/kapitalis.com\/tunisie\/2020\/04\/23\/coronavirus-siliana-enregistre-un-2e-cas-confirme\/#primaryimage"},"thumbnailUrl":"http:\/\/kapitalis.com\/tunisie\/wp-content\/uploads\/2020\/03\/coronavirus-test-positif.jpg","keywords":["Coronavirus","El-Krib","Siliana"],"articleSection":["SOCIETE","Tunisie"],"inLanguage":"fr-FR","potentialAction":[{"@type":"CommentAction","name":"Comment","target":["https:\/\/kapitalis.com\/tunisie\/2020\/04\/23\/coronavirus-siliana-enregistre-un-2e-cas-confirme\/#respond"]}]},{"@type":"WebPage","@id":"https:\/\/kapitalis.com\/tunisie\/2020\/04\/23\/coronavirus-siliana-enregistre-un-2e-cas-confirme\/","url":"https:\/\/kapitalis.com\/tunisie\/2020\/04\/23\/coronavirus-siliana-enregistre-un-2e-cas-confirme\/","name":"Coronavirus : Siliana enregistre un 2e cas confirm\u00e9 - Kapitalis","isPartOf":{"@id":"https:\/\/kapitalis.com\/tunisie\/#website"},"primaryImageOfPage":{"@id":"https:\/\/kapitalis.com\/tunisie\/2020\/04\/23\/coronavirus-siliana-enregistre-un-2e-cas-confirme\/#primaryimage"},"image":{"@id":"https:\/\/kapitalis.com\/tunisie\/2020\/04\/23\/coronavirus-siliana-enregistre-un-2e-cas-confirme\/#primaryimage"},"thumbnailUrl":"http:\/\/kapitalis.com\/tunisie\/wp-content\/uploads\/2020\/03\/coronavirus-test-positif.jpg","datePublished":"2020-04-23T21:35:35+00:00","dateModified":"2020-04-24T06:34:50+00:00","breadcrumb":{"@id":"https:\/\/kapitalis.com\/tunisie\/2020\/04\/23\/coronavirus-siliana-enregistre-un-2e-cas-confirme\/#breadcrumb"},"inLanguage":"fr-FR","potentialAction":[{"@type":"ReadAction","target":["https:\/\/kapitalis.com\/tunisie\/2020\/04\/23\/coronavirus-siliana-enregistre-un-2e-cas-confirme\/"]}]},{"@type":"ImageObject","inLanguage":"fr-FR","@id":"https:\/\/kapitalis.com\/tunisie\/2020\/04\/23\/coronavirus-siliana-enregistre-un-2e-cas-confirme\/#primaryimage","url":"","contentUrl":""},{"@type":"BreadcrumbList","@id":"https:\/\/kapitalis.com\/tunisie\/2020\/04\/23\/coronavirus-siliana-enregistre-un-2e-cas-confirme\/#breadcrumb","itemListElement":[{"@type":"ListItem","position":1,"name":"Accueil","item":"https:\/\/kapitalis.com\/tunisie\/"},{"@type":"ListItem","position":2,"name":"Coronavirus : Siliana enregistre un 2e cas confirm\u00e9"}]},{"@type":"WebSite","@id":"https:\/\/kapitalis.com\/tunisie\/#website","url":"https:\/\/kapitalis.com\/tunisie\/","name":"Kapitalis","description":"L&#039;actualit\u00e9 en Tunisie et dans le monde","publisher":{"@id":"https:\/\/kapitalis.com\/tunisie\/#organization"},"potentialAction":[{"@type":"SearchAction","target":{"@type":"EntryPoint","urlTemplate":"https:\/\/kapitalis.com\/tunisie\/?s={search_term_string}"},"query-input":{"@type":"PropertyValueSpecification","valueRequired":true,"valueName":"search_term_string"}}],"inLanguage":"fr-FR"},{"@type":"Organization","@id":"https:\/\/kapitalis.com\/tunisie\/#organization","name":"Kapitalis","url":"https:\/\/kapitalis.com\/tunisie\/","logo":{"@type":"ImageObject","inLanguage":"fr-FR","@id":"https:\/\/kapitalis.com\/tunisie\/#\/schema\/logo\/image\/","url":"https:\/\/kapitalis.com\/tunisie\/wp-content\/uploads\/2022\/05\/Kapitalis-big-size.png","contentUrl":"https:\/\/kapitalis.com\/tunisie\/wp-content\/uploads\/2022\/05\/Kapitalis-big-size.png","width":5000,"height":1500,"caption":"Kapitalis"},"image":{"@id":"https:\/\/kapitalis.com\/tunisie\/#\/schema\/logo\/image\/"},"sameAs":["https:\/\/www.facebook.com\/KapitalisInfo\/","https:\/\/x.com\/KapitalisInfo","https:\/\/www.youtube.com\/channel\/UC-yDYrHyfFBWWZaOw3FPg9Q"]},{"@type":"Person","@id":"https:\/\/kapitalis.com\/tunisie\/#\/schema\/person\/74bbde0154d49d790a92aaeac5bc01d5","name":"Yusra NY","url":"https:\/\/kapitalis.com\/tunisie\/author\/yuza_adam\/"}]}},"_links":{"self":[{"href":"https:\/\/kapitalis.com\/tunisie\/wp-json\/wp\/v2\/posts\/295796","targetHints":{"allow":["GET"]}}],"collection":[{"href":"https:\/\/kapitalis.com\/tunisie\/wp-json\/wp\/v2\/posts"}],"about":[{"href":"https:\/\/kapitalis.com\/tunisie\/wp-json\/wp\/v2\/types\/post"}],"author":[{"embeddable":true,"href":"https:\/\/kapitalis.com\/tunisie\/wp-json\/wp\/v2\/users\/6"}],"replies":[{"embeddable":true,"href":"https:\/\/kapitalis.com\/tunisie\/wp-json\/wp\/v2\/comments?post=295796"}],"version-history":[{"count":0,"href":"https:\/\/kapitalis.com\/tunisie\/wp-json\/wp\/v2\/posts\/295796\/revisions"}],"wp:attachment":[{"href":"https:\/\/kapitalis.com\/tunisie\/wp-json\/wp\/v2\/media?parent=295796"}],"wp:term":[{"taxonomy":"category","embeddable":true,"href":"https:\/\/kapitalis.com\/tunisie\/wp-json\/wp\/v2\/categories?post=295796"},{"taxonomy":"post_tag","embeddable":true,"href":"https:\/\/kapitalis.com\/tunisie\/wp-json\/wp\/v2\/tags?post=295796"}],"curies":[{"name":"wp","href":"https:\/\/api.w.org\/{rel}","templated":true}]}}