{"id":295919,"date":"2020-04-24T17:22:04","date_gmt":"2020-04-24T16:22:04","guid":{"rendered":"http:\/\/kapitalis.com\/tunisie\/?p=295919"},"modified":"2020-04-25T07:21:49","modified_gmt":"2020-04-25T06:21:49","slug":"ouardanine-un-franco-tunisien-en-detention-pour-suspicion-de-blanchiment-dargent","status":"publish","type":"post","link":"https:\/\/kapitalis.com\/tunisie\/2020\/04\/24\/ouardanine-un-franco-tunisien-en-detention-pour-suspicion-de-blanchiment-dargent\/","title":{"rendered":"Ouardanine : Un Franco-tunisien en d\u00e9tention, pour suspicion de blanchiment d\u2019argent"},"content":{"rendered":"\n<figure class=\"wp-block-image size-large\"><img decoding=\"async\" src=\"http:\/\/kapitalis.com\/tunisie\/wp-content\/uploads\/2020\/04\/Ouardanine-argent.jpg\" alt=\"\" class=\"wp-image-295928\"\/><\/figure>\n\n\n\n<p><strong><em>Arr\u00eat\u00e9 le 19 avril 2020, chez lui \u00e0 Ouardanine (Monastir), en possession de 560.000 dinars tunisiens, un Franco-tunisien a \u00e9t\u00e9 plac\u00e9 en d\u00e9tention, aujourd&rsquo;hui, vendredi 24 avril 2020, pour suspicion de blanchiment d\u2019argent. <\/em><\/strong><\/p>\n\n\n\n<!--more-->\n\n\n\n<p>L\u2019op\u00e9ration s\u00e9curitaire a initialement \u00e9t\u00e9 men\u00e9e dans le cadre d\u2019une enqu\u00eate pour trafic de drogue et une descente a \u00e9t\u00e9 effectu\u00e9e chez le Franco-tunisien, qui a des ant\u00e9c\u00e9dents, indique une source s\u00e9curitaire \u00e0 Kapitalis, en ajoutant que les agents ont d\u00e9couvert, au domicile du suspect, 560.000 dinars tunisiens.<\/p>\n\n\n\n<p>Ce dernier a indiqu\u00e9 que ses parents, qui vivent \u00e0 l&rsquo;\u00e9tranger, lui ont envoy\u00e9 cette somme d&rsquo;argent, en plusieurs tranches, et qu&rsquo;il comptait l&rsquo;utiliser  pour cr\u00e9er un projet dans la restauration, mais qu&rsquo;\u00e0 cause du confinement, il a d\u00fb suspendre les d\u00e9marches administratives.<\/p>\n\n\n\n<p>Une version qui n&rsquo;a pas convaincu les enqu\u00eateurs, ni le procureur relevant du tribunal de Monastir, qui a d\u00e9cid\u00e9 de le placer en d\u00e9tention en vertu de l&rsquo;article 45 de la loi des finances 2019, relatif \u00e0 la bonne gouvernance de la circulation d&rsquo;argent liquide, qui interdit toute transaction en cash sup\u00e9rieure \u00e0 5.000 dinars.<\/p>\n\n\n\n<p>Le P\u00f4le judiciaire financier de Tunis s&rsquo;est charg\u00e9, aujourd&rsquo;hui, de la suite de l&rsquo;enqu\u00eate. Le suspect, quant \u00e0 lui, se dit innocent et crie \u00e0 l&rsquo;injustice\u2026<\/p>\n\n\n\n<p class=\"has-text-align-right\"><strong>Y. N.<\/strong><\/p>\n","protected":false},"excerpt":{"rendered":"<p>Arr\u00eat\u00e9 le 19 avril 2020, chez lui \u00e0 Ouardanine (Monastir), en possession de 560.000 dinars tunisiens, un Franco-tunisien a \u00e9t\u00e9 plac\u00e9 en d\u00e9tention, aujourd&rsquo;hui, vendredi 24 avril 2020, pour suspicion de blanchiment d\u2019argent.<\/p>\n","protected":false},"author":6,"featured_media":295928,"comment_status":"open","ping_status":"open","sticky":false,"template":"","format":"standard","meta":{"footnotes":""},"categories":[998,2433],"tags":[3724,64355,633,68985,17298,64491],"class_list":["post-295919","post","type-post","status-publish","format-standard","has-post-thumbnail","hentry","category-societe","category-tunisie","tag-blanchiment-dargent","tag-justice","tag-monastir","tag-ouardanine","tag-pole-judiciaire-financier","tag-tunis"],"yoast_head":"<!-- This site is optimized with the Yoast SEO plugin v26.6 - https:\/\/yoast.com\/wordpress\/plugins\/seo\/ -->\n<title>Ouardanine : Un Franco-tunisien en d\u00e9tention, pour suspicion de blanchiment d\u2019argent - Kapitalis<\/title>\n<meta name=\"robots\" content=\"index, follow, max-snippet:-1, max-image-preview:large, max-video-preview:-1\" \/>\n<link rel=\"canonical\" href=\"https:\/\/kapitalis.com\/tunisie\/2020\/04\/24\/ouardanine-un-franco-tunisien-en-detention-pour-suspicion-de-blanchiment-dargent\/\" \/>\n<meta property=\"og:locale\" content=\"fr_FR\" \/>\n<meta property=\"og:type\" content=\"article\" \/>\n<meta property=\"og:title\" content=\"Ouardanine : Un Franco-tunisien en d\u00e9tention, pour suspicion de blanchiment d\u2019argent - Kapitalis\" \/>\n<meta property=\"og:description\" content=\"Arr\u00eat\u00e9 le 19 avril 2020, chez lui \u00e0 Ouardanine (Monastir), en possession de 560.000 dinars tunisiens, un Franco-tunisien a \u00e9t\u00e9 plac\u00e9 en d\u00e9tention, aujourd&rsquo;hui, vendredi 24 avril 2020, pour suspicion de blanchiment d\u2019argent.\" \/>\n<meta property=\"og:url\" content=\"https:\/\/kapitalis.com\/tunisie\/2020\/04\/24\/ouardanine-un-franco-tunisien-en-detention-pour-suspicion-de-blanchiment-dargent\/\" \/>\n<meta property=\"og:site_name\" content=\"Kapitalis\" \/>\n<meta property=\"article:publisher\" content=\"https:\/\/www.facebook.com\/KapitalisInfo\/\" \/>\n<meta property=\"article:published_time\" content=\"2020-04-24T16:22:04+00:00\" \/>\n<meta property=\"article:modified_time\" content=\"2020-04-25T06:21:49+00:00\" \/>\n<meta property=\"og:image\" content=\"https:\/\/kapitalis.com\/tunisie\/wp-content\/uploads\/2022\/05\/kapitalis-logo-fb.png\" \/>\n\t<meta property=\"og:image:width\" content=\"1200\" \/>\n\t<meta property=\"og:image:height\" content=\"630\" \/>\n\t<meta property=\"og:image:type\" content=\"image\/png\" \/>\n<meta name=\"author\" content=\"Yusra NY\" \/>\n<meta name=\"twitter:card\" content=\"summary_large_image\" \/>\n<meta name=\"twitter:creator\" content=\"@KapitalisInfo\" \/>\n<meta name=\"twitter:site\" content=\"@KapitalisInfo\" \/>\n<meta name=\"twitter:label1\" content=\"\u00c9crit par\" \/>\n\t<meta name=\"twitter:data1\" content=\"Yusra NY\" \/>\n\t<meta name=\"twitter:label2\" content=\"Dur\u00e9e de lecture estim\u00e9e\" \/>\n\t<meta name=\"twitter:data2\" content=\"1 minute\" \/>\n<script type=\"application\/ld+json\" class=\"yoast-schema-graph\">{\"@context\":\"https:\/\/schema.org\",\"@graph\":[{\"@type\":\"Article\",\"@id\":\"https:\/\/kapitalis.com\/tunisie\/2020\/04\/24\/ouardanine-un-franco-tunisien-en-detention-pour-suspicion-de-blanchiment-dargent\/#article\",\"isPartOf\":{\"@id\":\"https:\/\/kapitalis.com\/tunisie\/2020\/04\/24\/ouardanine-un-franco-tunisien-en-detention-pour-suspicion-de-blanchiment-dargent\/\"},\"author\":{\"name\":\"Yusra NY\",\"@id\":\"https:\/\/kapitalis.com\/tunisie\/#\/schema\/person\/74bbde0154d49d790a92aaeac5bc01d5\"},\"headline\":\"Ouardanine : Un Franco-tunisien en d\u00e9tention, pour suspicion de blanchiment d\u2019argent\",\"datePublished\":\"2020-04-24T16:22:04+00:00\",\"dateModified\":\"2020-04-25T06:21:49+00:00\",\"mainEntityOfPage\":{\"@id\":\"https:\/\/kapitalis.com\/tunisie\/2020\/04\/24\/ouardanine-un-franco-tunisien-en-detention-pour-suspicion-de-blanchiment-dargent\/\"},\"wordCount\":226,\"commentCount\":2,\"publisher\":{\"@id\":\"https:\/\/kapitalis.com\/tunisie\/#organization\"},\"image\":{\"@id\":\"https:\/\/kapitalis.com\/tunisie\/2020\/04\/24\/ouardanine-un-franco-tunisien-en-detention-pour-suspicion-de-blanchiment-dargent\/#primaryimage\"},\"thumbnailUrl\":\"\",\"keywords\":[\"blanchiment d'argent\",\"justice\",\"Monastir\",\"Ouardanine\",\"P\u00f4le judiciaire financier\",\"Tunis\"],\"articleSection\":[\"SOCIETE\",\"Tunisie\"],\"inLanguage\":\"fr-FR\",\"potentialAction\":[{\"@type\":\"CommentAction\",\"name\":\"Comment\",\"target\":[\"https:\/\/kapitalis.com\/tunisie\/2020\/04\/24\/ouardanine-un-franco-tunisien-en-detention-pour-suspicion-de-blanchiment-dargent\/#respond\"]}]},{\"@type\":\"WebPage\",\"@id\":\"https:\/\/kapitalis.com\/tunisie\/2020\/04\/24\/ouardanine-un-franco-tunisien-en-detention-pour-suspicion-de-blanchiment-dargent\/\",\"url\":\"https:\/\/kapitalis.com\/tunisie\/2020\/04\/24\/ouardanine-un-franco-tunisien-en-detention-pour-suspicion-de-blanchiment-dargent\/\",\"name\":\"Ouardanine : Un Franco-tunisien en d\u00e9tention, pour suspicion de blanchiment d\u2019argent - Kapitalis\",\"isPartOf\":{\"@id\":\"https:\/\/kapitalis.com\/tunisie\/#website\"},\"primaryImageOfPage\":{\"@id\":\"https:\/\/kapitalis.com\/tunisie\/2020\/04\/24\/ouardanine-un-franco-tunisien-en-detention-pour-suspicion-de-blanchiment-dargent\/#primaryimage\"},\"image\":{\"@id\":\"https:\/\/kapitalis.com\/tunisie\/2020\/04\/24\/ouardanine-un-franco-tunisien-en-detention-pour-suspicion-de-blanchiment-dargent\/#primaryimage\"},\"thumbnailUrl\":\"\",\"datePublished\":\"2020-04-24T16:22:04+00:00\",\"dateModified\":\"2020-04-25T06:21:49+00:00\",\"breadcrumb\":{\"@id\":\"https:\/\/kapitalis.com\/tunisie\/2020\/04\/24\/ouardanine-un-franco-tunisien-en-detention-pour-suspicion-de-blanchiment-dargent\/#breadcrumb\"},\"inLanguage\":\"fr-FR\",\"potentialAction\":[{\"@type\":\"ReadAction\",\"target\":[\"https:\/\/kapitalis.com\/tunisie\/2020\/04\/24\/ouardanine-un-franco-tunisien-en-detention-pour-suspicion-de-blanchiment-dargent\/\"]}]},{\"@type\":\"ImageObject\",\"inLanguage\":\"fr-FR\",\"@id\":\"https:\/\/kapitalis.com\/tunisie\/2020\/04\/24\/ouardanine-un-franco-tunisien-en-detention-pour-suspicion-de-blanchiment-dargent\/#primaryimage\",\"url\":\"\",\"contentUrl\":\"\"},{\"@type\":\"BreadcrumbList\",\"@id\":\"https:\/\/kapitalis.com\/tunisie\/2020\/04\/24\/ouardanine-un-franco-tunisien-en-detention-pour-suspicion-de-blanchiment-dargent\/#breadcrumb\",\"itemListElement\":[{\"@type\":\"ListItem\",\"position\":1,\"name\":\"Accueil\",\"item\":\"https:\/\/kapitalis.com\/tunisie\/\"},{\"@type\":\"ListItem\",\"position\":2,\"name\":\"Ouardanine : Un Franco-tunisien en d\u00e9tention, pour suspicion de blanchiment d\u2019argent\"}]},{\"@type\":\"WebSite\",\"@id\":\"https:\/\/kapitalis.com\/tunisie\/#website\",\"url\":\"https:\/\/kapitalis.com\/tunisie\/\",\"name\":\"Kapitalis\",\"description\":\"L&#039;actualit\u00e9 en Tunisie et dans le monde\",\"publisher\":{\"@id\":\"https:\/\/kapitalis.com\/tunisie\/#organization\"},\"potentialAction\":[{\"@type\":\"SearchAction\",\"target\":{\"@type\":\"EntryPoint\",\"urlTemplate\":\"https:\/\/kapitalis.com\/tunisie\/?s={search_term_string}\"},\"query-input\":{\"@type\":\"PropertyValueSpecification\",\"valueRequired\":true,\"valueName\":\"search_term_string\"}}],\"inLanguage\":\"fr-FR\"},{\"@type\":\"Organization\",\"@id\":\"https:\/\/kapitalis.com\/tunisie\/#organization\",\"name\":\"Kapitalis\",\"url\":\"https:\/\/kapitalis.com\/tunisie\/\",\"logo\":{\"@type\":\"ImageObject\",\"inLanguage\":\"fr-FR\",\"@id\":\"https:\/\/kapitalis.com\/tunisie\/#\/schema\/logo\/image\/\",\"url\":\"https:\/\/kapitalis.com\/tunisie\/wp-content\/uploads\/2022\/05\/Kapitalis-big-size.png\",\"contentUrl\":\"https:\/\/kapitalis.com\/tunisie\/wp-content\/uploads\/2022\/05\/Kapitalis-big-size.png\",\"width\":5000,\"height\":1500,\"caption\":\"Kapitalis\"},\"image\":{\"@id\":\"https:\/\/kapitalis.com\/tunisie\/#\/schema\/logo\/image\/\"},\"sameAs\":[\"https:\/\/www.facebook.com\/KapitalisInfo\/\",\"https:\/\/x.com\/KapitalisInfo\",\"https:\/\/www.youtube.com\/channel\/UC-yDYrHyfFBWWZaOw3FPg9Q\"]},{\"@type\":\"Person\",\"@id\":\"https:\/\/kapitalis.com\/tunisie\/#\/schema\/person\/74bbde0154d49d790a92aaeac5bc01d5\",\"name\":\"Yusra NY\",\"url\":\"https:\/\/kapitalis.com\/tunisie\/author\/yuza_adam\/\"}]}<\/script>\n<!-- \/ Yoast SEO plugin. -->","yoast_head_json":{"title":"Ouardanine : Un Franco-tunisien en d\u00e9tention, pour suspicion de blanchiment d\u2019argent - Kapitalis","robots":{"index":"index","follow":"follow","max-snippet":"max-snippet:-1","max-image-preview":"max-image-preview:large","max-video-preview":"max-video-preview:-1"},"canonical":"https:\/\/kapitalis.com\/tunisie\/2020\/04\/24\/ouardanine-un-franco-tunisien-en-detention-pour-suspicion-de-blanchiment-dargent\/","og_locale":"fr_FR","og_type":"article","og_title":"Ouardanine : Un Franco-tunisien en d\u00e9tention, pour suspicion de blanchiment d\u2019argent - Kapitalis","og_description":"Arr\u00eat\u00e9 le 19 avril 2020, chez lui \u00e0 Ouardanine (Monastir), en possession de 560.000 dinars tunisiens, un Franco-tunisien a \u00e9t\u00e9 plac\u00e9 en d\u00e9tention, aujourd&rsquo;hui, vendredi 24 avril 2020, pour suspicion de blanchiment d\u2019argent.","og_url":"https:\/\/kapitalis.com\/tunisie\/2020\/04\/24\/ouardanine-un-franco-tunisien-en-detention-pour-suspicion-de-blanchiment-dargent\/","og_site_name":"Kapitalis","article_publisher":"https:\/\/www.facebook.com\/KapitalisInfo\/","article_published_time":"2020-04-24T16:22:04+00:00","article_modified_time":"2020-04-25T06:21:49+00:00","og_image":[{"width":1200,"height":630,"url":"https:\/\/kapitalis.com\/tunisie\/wp-content\/uploads\/2022\/05\/kapitalis-logo-fb.png","type":"image\/png"}],"author":"Yusra NY","twitter_card":"summary_large_image","twitter_creator":"@KapitalisInfo","twitter_site":"@KapitalisInfo","twitter_misc":{"\u00c9crit par":"Yusra NY","Dur\u00e9e de lecture estim\u00e9e":"1 minute"},"schema":{"@context":"https:\/\/schema.org","@graph":[{"@type":"Article","@id":"https:\/\/kapitalis.com\/tunisie\/2020\/04\/24\/ouardanine-un-franco-tunisien-en-detention-pour-suspicion-de-blanchiment-dargent\/#article","isPartOf":{"@id":"https:\/\/kapitalis.com\/tunisie\/2020\/04\/24\/ouardanine-un-franco-tunisien-en-detention-pour-suspicion-de-blanchiment-dargent\/"},"author":{"name":"Yusra NY","@id":"https:\/\/kapitalis.com\/tunisie\/#\/schema\/person\/74bbde0154d49d790a92aaeac5bc01d5"},"headline":"Ouardanine : Un Franco-tunisien en d\u00e9tention, pour suspicion de blanchiment d\u2019argent","datePublished":"2020-04-24T16:22:04+00:00","dateModified":"2020-04-25T06:21:49+00:00","mainEntityOfPage":{"@id":"https:\/\/kapitalis.com\/tunisie\/2020\/04\/24\/ouardanine-un-franco-tunisien-en-detention-pour-suspicion-de-blanchiment-dargent\/"},"wordCount":226,"commentCount":2,"publisher":{"@id":"https:\/\/kapitalis.com\/tunisie\/#organization"},"image":{"@id":"https:\/\/kapitalis.com\/tunisie\/2020\/04\/24\/ouardanine-un-franco-tunisien-en-detention-pour-suspicion-de-blanchiment-dargent\/#primaryimage"},"thumbnailUrl":"","keywords":["blanchiment d'argent","justice","Monastir","Ouardanine","P\u00f4le judiciaire financier","Tunis"],"articleSection":["SOCIETE","Tunisie"],"inLanguage":"fr-FR","potentialAction":[{"@type":"CommentAction","name":"Comment","target":["https:\/\/kapitalis.com\/tunisie\/2020\/04\/24\/ouardanine-un-franco-tunisien-en-detention-pour-suspicion-de-blanchiment-dargent\/#respond"]}]},{"@type":"WebPage","@id":"https:\/\/kapitalis.com\/tunisie\/2020\/04\/24\/ouardanine-un-franco-tunisien-en-detention-pour-suspicion-de-blanchiment-dargent\/","url":"https:\/\/kapitalis.com\/tunisie\/2020\/04\/24\/ouardanine-un-franco-tunisien-en-detention-pour-suspicion-de-blanchiment-dargent\/","name":"Ouardanine : Un Franco-tunisien en d\u00e9tention, pour suspicion de blanchiment d\u2019argent - Kapitalis","isPartOf":{"@id":"https:\/\/kapitalis.com\/tunisie\/#website"},"primaryImageOfPage":{"@id":"https:\/\/kapitalis.com\/tunisie\/2020\/04\/24\/ouardanine-un-franco-tunisien-en-detention-pour-suspicion-de-blanchiment-dargent\/#primaryimage"},"image":{"@id":"https:\/\/kapitalis.com\/tunisie\/2020\/04\/24\/ouardanine-un-franco-tunisien-en-detention-pour-suspicion-de-blanchiment-dargent\/#primaryimage"},"thumbnailUrl":"","datePublished":"2020-04-24T16:22:04+00:00","dateModified":"2020-04-25T06:21:49+00:00","breadcrumb":{"@id":"https:\/\/kapitalis.com\/tunisie\/2020\/04\/24\/ouardanine-un-franco-tunisien-en-detention-pour-suspicion-de-blanchiment-dargent\/#breadcrumb"},"inLanguage":"fr-FR","potentialAction":[{"@type":"ReadAction","target":["https:\/\/kapitalis.com\/tunisie\/2020\/04\/24\/ouardanine-un-franco-tunisien-en-detention-pour-suspicion-de-blanchiment-dargent\/"]}]},{"@type":"ImageObject","inLanguage":"fr-FR","@id":"https:\/\/kapitalis.com\/tunisie\/2020\/04\/24\/ouardanine-un-franco-tunisien-en-detention-pour-suspicion-de-blanchiment-dargent\/#primaryimage","url":"","contentUrl":""},{"@type":"BreadcrumbList","@id":"https:\/\/kapitalis.com\/tunisie\/2020\/04\/24\/ouardanine-un-franco-tunisien-en-detention-pour-suspicion-de-blanchiment-dargent\/#breadcrumb","itemListElement":[{"@type":"ListItem","position":1,"name":"Accueil","item":"https:\/\/kapitalis.com\/tunisie\/"},{"@type":"ListItem","position":2,"name":"Ouardanine : Un Franco-tunisien en d\u00e9tention, pour suspicion de blanchiment d\u2019argent"}]},{"@type":"WebSite","@id":"https:\/\/kapitalis.com\/tunisie\/#website","url":"https:\/\/kapitalis.com\/tunisie\/","name":"Kapitalis","description":"L&#039;actualit\u00e9 en Tunisie et dans le monde","publisher":{"@id":"https:\/\/kapitalis.com\/tunisie\/#organization"},"potentialAction":[{"@type":"SearchAction","target":{"@type":"EntryPoint","urlTemplate":"https:\/\/kapitalis.com\/tunisie\/?s={search_term_string}"},"query-input":{"@type":"PropertyValueSpecification","valueRequired":true,"valueName":"search_term_string"}}],"inLanguage":"fr-FR"},{"@type":"Organization","@id":"https:\/\/kapitalis.com\/tunisie\/#organization","name":"Kapitalis","url":"https:\/\/kapitalis.com\/tunisie\/","logo":{"@type":"ImageObject","inLanguage":"fr-FR","@id":"https:\/\/kapitalis.com\/tunisie\/#\/schema\/logo\/image\/","url":"https:\/\/kapitalis.com\/tunisie\/wp-content\/uploads\/2022\/05\/Kapitalis-big-size.png","contentUrl":"https:\/\/kapitalis.com\/tunisie\/wp-content\/uploads\/2022\/05\/Kapitalis-big-size.png","width":5000,"height":1500,"caption":"Kapitalis"},"image":{"@id":"https:\/\/kapitalis.com\/tunisie\/#\/schema\/logo\/image\/"},"sameAs":["https:\/\/www.facebook.com\/KapitalisInfo\/","https:\/\/x.com\/KapitalisInfo","https:\/\/www.youtube.com\/channel\/UC-yDYrHyfFBWWZaOw3FPg9Q"]},{"@type":"Person","@id":"https:\/\/kapitalis.com\/tunisie\/#\/schema\/person\/74bbde0154d49d790a92aaeac5bc01d5","name":"Yusra NY","url":"https:\/\/kapitalis.com\/tunisie\/author\/yuza_adam\/"}]}},"_links":{"self":[{"href":"https:\/\/kapitalis.com\/tunisie\/wp-json\/wp\/v2\/posts\/295919","targetHints":{"allow":["GET"]}}],"collection":[{"href":"https:\/\/kapitalis.com\/tunisie\/wp-json\/wp\/v2\/posts"}],"about":[{"href":"https:\/\/kapitalis.com\/tunisie\/wp-json\/wp\/v2\/types\/post"}],"author":[{"embeddable":true,"href":"https:\/\/kapitalis.com\/tunisie\/wp-json\/wp\/v2\/users\/6"}],"replies":[{"embeddable":true,"href":"https:\/\/kapitalis.com\/tunisie\/wp-json\/wp\/v2\/comments?post=295919"}],"version-history":[{"count":0,"href":"https:\/\/kapitalis.com\/tunisie\/wp-json\/wp\/v2\/posts\/295919\/revisions"}],"wp:featuredmedia":[{"embeddable":true,"href":"https:\/\/kapitalis.com\/tunisie\/wp-json\/wp\/v2\/media\/295928"}],"wp:attachment":[{"href":"https:\/\/kapitalis.com\/tunisie\/wp-json\/wp\/v2\/media?parent=295919"}],"wp:term":[{"taxonomy":"category","embeddable":true,"href":"https:\/\/kapitalis.com\/tunisie\/wp-json\/wp\/v2\/categories?post=295919"},{"taxonomy":"post_tag","embeddable":true,"href":"https:\/\/kapitalis.com\/tunisie\/wp-json\/wp\/v2\/tags?post=295919"}],"curies":[{"name":"wp","href":"https:\/\/api.w.org\/{rel}","templated":true}]}}