{"id":296012,"date":"2020-04-25T11:13:59","date_gmt":"2020-04-25T10:13:59","guid":{"rendered":"http:\/\/kapitalis.com\/tunisie\/?p=296012"},"modified":"2020-04-25T11:14:00","modified_gmt":"2020-04-25T10:14:00","slug":"appel-a-proteger-le-droit-au-logement-et-a-la-sante-en-temps-de-coronavirus","status":"publish","type":"post","link":"https:\/\/kapitalis.com\/tunisie\/2020\/04\/25\/appel-a-proteger-le-droit-au-logement-et-a-la-sante-en-temps-de-coronavirus\/","title":{"rendered":"Appel \u00e0 prot\u00e9ger le droit au logement et \u00e0 la sant\u00e9 en temps de coronavirus"},"content":{"rendered":"\n<figure class=\"wp-block-image size-large\"><img decoding=\"async\" src=\"http:\/\/kapitalis.com\/tunisie\/wp-content\/uploads\/2020\/04\/Tunis-droit-au-logement.jpg\" alt=\"\" class=\"wp-image-296015\"\/><\/figure>\n\n\n\n<p><strong><em>Des organisations de la soci\u00e9t\u00e9 civile ont publi\u00e9, le 22 avril 2020, un communiqu\u00e9 o\u00f9 elles lancent un appel aux autorit\u00e9s tunisiennes \u00e0 prot\u00e9ger le droit au logement et \u00e0 la sant\u00e9 de toutes et tous pour faire face \u00e0 la pand\u00e9mie du coronavirus. Nous reproduisons cet appel ci-dessous\u2026<\/em><\/strong><\/p>\n\n\n\n<!--more-->\n\n\n\n<p>Depuis le 22 mars 2020, la Tunisie a proclam\u00e9 le confinement g\u00e9n\u00e9ral de sa population afin de lutter contre l\u2019\u00e9pid\u00e9mie du coronavirus en Tunisie. 726 cas ont \u00e9t\u00e9 confirm\u00e9s coronavirus et pourtant des propri\u00e9taires continuent d\u2019expulser les locataires.<\/p>\n\n\n\n<p>L\u2019Alliance internationale des habitants (AIH), dont la coordination AIH Tunisie, M\u00e9decins du Monde Belgique-Mission Tunisie et les organisations cosignataires de ce communiqu\u00e9\u2006\u2006 appellent le gouvernement et les autorit\u00e9s locales \u00e0 prot\u00e9ger le droit au logement et \u00e0 la sant\u00e9 de toutes et tous pour faire face \u00e0 la pand\u00e9mie du coronavirus.<\/p>\n\n\n\n<p>Nous sommes profond\u00e9ment pr\u00e9occup\u00e9s par les cons\u00e9quences \u00e9conomiques et sociales de l\u2019urgence coronavirus en Tunisie, qui s\u2019ajoutent et aggravent la situation des familles et des personnes, sans abri ou menac\u00e9es d\u2019expulsion car, sans revenu, avec impossibilit\u00e9 de payer leurs loyers ou leurs hypoth\u00e8ques.<\/p>\n\n\n\n<p>L\u2019urgence concerne notamment les ch\u00f4meurs, les travailleurs informels, les femmes et les migrants, souvent sans contrat de location r\u00e9gulier ou vivant dans des logements insalubres et surpeupl\u00e9s, pour lesquels le manque d\u2019acc\u00e8s \u00e0 un logement ad\u00e9quat est une condamnation \u00e0 mort potentielle, et les expose \u00e0 un risque permanent.<\/p>\n\n\n\n<p>Le respect des droits fondamentaux que sont le droit au logement, le droit \u00e0 la sant\u00e9 et le droit \u00e0 l\u2019alimentation, si essentiels \u00e0 la dignit\u00e9 humaine et \u00e0 la pr\u00e9servation de la vie, ne peut ni \u00eatre suspendu ou minor\u00e9, m\u00eame en cas d\u2019\u00e9tat d&rsquo;urgence.<\/p>\n\n\n\n<p>La Tunisie doit en effet r\u00e9pondre de mani\u00e8re urgente et prioritaire aux besoins de logement des personnes sans abri ou menac\u00e9es d\u2019expulsion, en r\u00e9f\u00e9rence \u00e0 la constitution et aux conventions internationales sur les droits humains ratifi\u00e9es par la Tunisie, comme soulign\u00e9 par les notes d\u2019orientation de la rapporteuse Onu sur le droit logement, afin de leur assurer une \u00e9gale protection contre le virus ainsi que la protection de la population en g\u00e9n\u00e9ral.<\/p>\n\n\n\n<p>Cela n\u00e9cessite une coop\u00e9ration entre le gouvernement national et les autorit\u00e9s locales, et les organisations de la soci\u00e9t\u00e9 civile sur le terrain, afin que les ressources et les moyens mobilis\u00e9s, ainsi que les m\u00e9canismes de coordination puissent garantir l\u2019efficacit\u00e9 de tous les efforts d\u00e9ploy\u00e9s pour lutter contre la pand\u00e9mie dans une approche collaborative.<\/p>\n\n\n\n<p>Il est n\u00e9cessaire aujourd\u2019hui de prendre les mesures suivantes afin d\u2019assurer la protection des populations les plus vuln\u00e9rables en ce temps de crise sanitaire.<\/p>\n\n\n\n<p>Les signataires demandent :<br>&#8211; qu\u2019un d\u00e9cret-loi soit appliqu\u00e9 pour la suspension de toute expulsion des personnes quel que soit leur nationalit\u00e9 et leur statut juridique, et l\u2019arr\u00eat des saisies des logements par les banques, entra\u00eenant la mise en danger des personnes en cette p\u00e9riode de pand\u00e9mie;<\/p>\n\n\n\n<p>&#8211; l\u2019Etat, directement ou en collaboration avec les municipalit\u00e9s, doit fournir imm\u00e9diatement un logement sain et convenable \u00e0 toutes les personnes sans abri, par l&rsquo;achat ou par la r\u00e9quisition de logements vacants ou par la mise \u00e0 disposition de locaux en sa possession. Ces logements doivent leur \u00eatre garantis pendant et apr\u00e8s la pand\u00e9mie;<\/p>\n\n\n\n<p>&#8211; garantir que les femmes, les enfants, les jeunes, les personnes \u00e2g\u00e9es, ainsi que les personnes \u00e0 besoins sp\u00e9cifiques pouvant \u00eatre amen\u00e9es \u00e0 quitter un foyer en raison de violences, ne puissent jamais tomber dans le sans-abrisme;<\/p>\n\n\n\n<p>&#8211; assurer et garantir que les logements d&rsquo;urgence puissent permettre la distanciation physique recommand\u00e9e, l&rsquo;auto-isolement et la quarantaine.<\/p>\n\n\n\n<p>La soci\u00e9t\u00e9 civile nationale et international se mobilise aux c\u00f4t\u00e9s du gouvernement et des autorit\u00e9s locales afin de prendre des mesures en faveur de ces populations vuln\u00e9rables et faire du respect de la dignit\u00e9 de toutes et tous, une priorit\u00e9.<\/p>\n\n\n\n<p>Les enjeux sociaux sont trop importants, nous devons unir nos efforts dans ce sens.<\/p>\n\n\n\n<p><strong><em>Info:<\/em><\/strong><br>soha.aih.tunisie@habitants.org<br>capitalisation.tunisie@medecinsdumonde.be<br>mb2y09@gmail.com<br>CG.Tunisie@medecinsdumonde.be<\/p>\n\n\n\n<p class=\"has-text-align-right\"><em>Tunis, 22\/04\/2020<\/em><\/p>\n\n\n\n<h3 class=\"wp-block-heading\">Personnalit\u00e9s et associations signataires:<\/h3>\n\n\n\n<p><em>Association Hanen pour la promotion de l\u2019allaitement maternel<br>Union G\u00e9n\u00e9rale Tunisienne du Travail &#8211; UGTT<br>AMSSA Association Maghr\u00e9bine de S\u00e9curit\u00e9 Sanitaire des Aliments<br>Association Femmes Pour la Citoyennet\u00e9 et le D\u00e9veloppement Babouche Ain Draham<br>Association \u00abPerspectives El Amel Ettounsi\u00bb<br>Groupe Tawhida Ben Cheikh, Recherche et Action pour la Sant\u00e9 des Femmes<br>Association des Femmes Tunisienne pour la recherche sur le D\u00e9veloppement(AFTURD)<br>Association Tunisienne Pour les Droits et les Libert\u00e9s<br>La Coalition pour les Femmes de Tunisie<br>Free Sight Association<br>Aswat Nissa<br>Association Vigilance pour la D\u00e9mocratie et l\u2019Etat civique<br>La Ligue des \u00c9lectrices Tunisiennes LET<br>Ligue Tunisienne des Droits de l\u2019Homme LTDH<br>Association Tunisienne des Femmes D\u00e9mocrates ATFD<br>Association Citoyennet\u00e9, D\u00e9veloppement, Cultures et Migrations des deux Rives (CDCMIR)<br>Forum Tunisien pour les Droits Economiques et Sociaux<br>Association Tunisienne de D\u00e9fense des Droits de l&rsquo;Enfant ATDDE<br>Association Tunisienne de la Sant\u00e9 de la Reproduction<br>Association Tunisienne de D\u00e9fense du Service Public de Sant\u00e9 et des Droits de ses Usagers<br>Association Tunisienne de D\u00e9fense du Droit \u00e0 la Sant\u00e9<br>Tunisian Education and Resource Network<br>Mourakiboun<br>Nachaz-Dissonances<br>L\u2019initiative Mawjoudin pour l\u2019\u00e9galit\u00e9<br>Association Voix Libre de la Femme<br>Association Tunisienne des Habitants ATHLD<br>Organisation 23_10 d\u2019appui au processus de transition d\u00e9mocratique<br>Citoyens et Solidaires<br>Action Associative<br>Tunisian Forum for Youth Empowerment<br>Association Enfants de la Terre<br>Association des Habitants de Mourouj 2<br>Dr Zahra Marrakchi<br>Mr. Radhi Ben Hassine<br>Dr B\u00e9chir Boussalmi<br>Mme Henia Ochi, Cadre Educatif, et Citoyenne<br>Mme Maha Abdelhamid, Militante contre le racisme anti-noirs en Tunisie<br>Mr. Hechmi Ben Frej<br>Dr. Fethi Mansouri, MD, MPH\u062fPublic Health management<br>Mr. Abdelmajid Ben Hamida<br>Dr Mohamed Salah Ben Ammar<br>Dr. Meha Bergaoui<br>Mme Hela Nafti<br>Dr. Hedi Achouri<br>Mme Nihel Ben Ammar, Professeure des Universit\u00e9s<br>Dr. Mouna Sakly<br>Mr. Ali Mtiraoui<br>Mme lhem BEN SALAH, \u00e9lue municipale, Ariana<br>Mme Amel Bouzaiane, Conseill\u00e8re Municipale de la ville de Tunis<br>Mme Najla Kodia, Citoyenne<br>Mr. Imed Zaouaoui<br>Mme Radhia Louhichi<br>Mr. Adel Azzabi<br>Prof. Hatem Kahloun \u2013 Universitaire-Consultant<br>Mme Zakia Hamda, Militante pour les Droits Humains et les Libert\u00e9s Individuelles<br>Mme Ayda Ben Chaabane<br>Dr Raoudha Gafrej, Experte et militante pour le droit \u00e0 l\u2019eau pour tous<br>Mme Jinan Limam, Professeure des Universit\u00e9s<br>Mr. Mohamed Anoir Zayani, Chercheur en Droit General<br>Mme Azza Badra<br>Mr. Sami Ben Slama<br>Mr Mongi Rahoui, D\u00e9put\u00e9 \u00e0 L\u2019ARP<br>Mr. Fethi Chamkhi, ancien d\u00e9put\u00e9, Professeur des universit\u00e9s et expert en \u00e9conomie<\/em><\/p>\n","protected":false},"excerpt":{"rendered":"<p>Des organisations de la soci\u00e9t\u00e9 civile ont publi\u00e9, le 22 avril 2020, un communiqu\u00e9 o\u00f9 elles lancent un appel aux autorit\u00e9s tunisiennes \u00e0 prot\u00e9ger le droit au logement et \u00e0 la sant\u00e9 de toutes et tous pour faire face \u00e0 la pand\u00e9mie du coronavirus. Nous reproduisons cet appel ci-dessous\u2026<\/p>\n","protected":false},"author":8,"featured_media":296015,"comment_status":"open","ping_status":"open","sticky":false,"template":"","format":"standard","meta":{"footnotes":""},"categories":[998,2433],"tags":[76605,73060],"class_list":["post-296012","post","type-post","status-publish","format-standard","has-post-thumbnail","hentry","category-societe","category-tunisie","tag-confinement","tag-coronavirus"],"yoast_head":"<!-- This site is optimized with the Yoast SEO plugin v26.6 - https:\/\/yoast.com\/wordpress\/plugins\/seo\/ -->\n<title>Appel \u00e0 prot\u00e9ger le droit au logement et \u00e0 la sant\u00e9 en temps de coronavirus - Kapitalis<\/title>\n<meta name=\"robots\" content=\"index, follow, max-snippet:-1, max-image-preview:large, max-video-preview:-1\" \/>\n<link rel=\"canonical\" href=\"https:\/\/kapitalis.com\/tunisie\/2020\/04\/25\/appel-a-proteger-le-droit-au-logement-et-a-la-sante-en-temps-de-coronavirus\/\" \/>\n<meta property=\"og:locale\" content=\"fr_FR\" \/>\n<meta property=\"og:type\" content=\"article\" \/>\n<meta property=\"og:title\" content=\"Appel \u00e0 prot\u00e9ger le droit au logement et \u00e0 la sant\u00e9 en temps de coronavirus - Kapitalis\" \/>\n<meta property=\"og:description\" content=\"Des organisations de la soci\u00e9t\u00e9 civile ont publi\u00e9, le 22 avril 2020, un communiqu\u00e9 o\u00f9 elles lancent un appel aux autorit\u00e9s tunisiennes \u00e0 prot\u00e9ger le droit au logement et \u00e0 la sant\u00e9 de toutes et tous pour faire face \u00e0 la pand\u00e9mie du coronavirus. Nous reproduisons cet appel ci-dessous\u2026\" \/>\n<meta property=\"og:url\" content=\"https:\/\/kapitalis.com\/tunisie\/2020\/04\/25\/appel-a-proteger-le-droit-au-logement-et-a-la-sante-en-temps-de-coronavirus\/\" \/>\n<meta property=\"og:site_name\" content=\"Kapitalis\" \/>\n<meta property=\"article:publisher\" content=\"https:\/\/www.facebook.com\/KapitalisInfo\/\" \/>\n<meta property=\"article:published_time\" content=\"2020-04-25T10:13:59+00:00\" \/>\n<meta property=\"article:modified_time\" content=\"2020-04-25T10:14:00+00:00\" \/>\n<meta property=\"og:image\" content=\"https:\/\/kapitalis.com\/tunisie\/wp-content\/uploads\/2022\/05\/kapitalis-logo-fb.png\" \/>\n\t<meta property=\"og:image:width\" content=\"1200\" \/>\n\t<meta property=\"og:image:height\" content=\"630\" \/>\n\t<meta property=\"og:image:type\" content=\"image\/png\" \/>\n<meta name=\"author\" content=\"webmaster kapitalis\" \/>\n<meta name=\"twitter:card\" content=\"summary_large_image\" \/>\n<meta name=\"twitter:creator\" content=\"@KapitalisInfo\" \/>\n<meta name=\"twitter:site\" content=\"@KapitalisInfo\" \/>\n<meta name=\"twitter:label1\" content=\"\u00c9crit par\" \/>\n\t<meta name=\"twitter:data1\" content=\"webmaster kapitalis\" \/>\n\t<meta name=\"twitter:label2\" content=\"Dur\u00e9e de lecture estim\u00e9e\" \/>\n\t<meta name=\"twitter:data2\" content=\"5 minutes\" \/>\n<script type=\"application\/ld+json\" class=\"yoast-schema-graph\">{\"@context\":\"https:\/\/schema.org\",\"@graph\":[{\"@type\":\"Article\",\"@id\":\"https:\/\/kapitalis.com\/tunisie\/2020\/04\/25\/appel-a-proteger-le-droit-au-logement-et-a-la-sante-en-temps-de-coronavirus\/#article\",\"isPartOf\":{\"@id\":\"https:\/\/kapitalis.com\/tunisie\/2020\/04\/25\/appel-a-proteger-le-droit-au-logement-et-a-la-sante-en-temps-de-coronavirus\/\"},\"author\":{\"name\":\"webmaster kapitalis\",\"@id\":\"https:\/\/kapitalis.com\/tunisie\/#\/schema\/person\/d71f33a9ca44f7bad4698210b480c8e9\"},\"headline\":\"Appel \u00e0 prot\u00e9ger le droit au logement et \u00e0 la sant\u00e9 en temps de coronavirus\",\"datePublished\":\"2020-04-25T10:13:59+00:00\",\"dateModified\":\"2020-04-25T10:14:00+00:00\",\"mainEntityOfPage\":{\"@id\":\"https:\/\/kapitalis.com\/tunisie\/2020\/04\/25\/appel-a-proteger-le-droit-au-logement-et-a-la-sante-en-temps-de-coronavirus\/\"},\"wordCount\":1087,\"commentCount\":0,\"publisher\":{\"@id\":\"https:\/\/kapitalis.com\/tunisie\/#organization\"},\"image\":{\"@id\":\"https:\/\/kapitalis.com\/tunisie\/2020\/04\/25\/appel-a-proteger-le-droit-au-logement-et-a-la-sante-en-temps-de-coronavirus\/#primaryimage\"},\"thumbnailUrl\":\"\",\"keywords\":[\"confinement\",\"Coronavirus\"],\"articleSection\":[\"SOCIETE\",\"Tunisie\"],\"inLanguage\":\"fr-FR\",\"potentialAction\":[{\"@type\":\"CommentAction\",\"name\":\"Comment\",\"target\":[\"https:\/\/kapitalis.com\/tunisie\/2020\/04\/25\/appel-a-proteger-le-droit-au-logement-et-a-la-sante-en-temps-de-coronavirus\/#respond\"]}]},{\"@type\":\"WebPage\",\"@id\":\"https:\/\/kapitalis.com\/tunisie\/2020\/04\/25\/appel-a-proteger-le-droit-au-logement-et-a-la-sante-en-temps-de-coronavirus\/\",\"url\":\"https:\/\/kapitalis.com\/tunisie\/2020\/04\/25\/appel-a-proteger-le-droit-au-logement-et-a-la-sante-en-temps-de-coronavirus\/\",\"name\":\"Appel \u00e0 prot\u00e9ger le droit au logement et \u00e0 la sant\u00e9 en temps de coronavirus - Kapitalis\",\"isPartOf\":{\"@id\":\"https:\/\/kapitalis.com\/tunisie\/#website\"},\"primaryImageOfPage\":{\"@id\":\"https:\/\/kapitalis.com\/tunisie\/2020\/04\/25\/appel-a-proteger-le-droit-au-logement-et-a-la-sante-en-temps-de-coronavirus\/#primaryimage\"},\"image\":{\"@id\":\"https:\/\/kapitalis.com\/tunisie\/2020\/04\/25\/appel-a-proteger-le-droit-au-logement-et-a-la-sante-en-temps-de-coronavirus\/#primaryimage\"},\"thumbnailUrl\":\"\",\"datePublished\":\"2020-04-25T10:13:59+00:00\",\"dateModified\":\"2020-04-25T10:14:00+00:00\",\"breadcrumb\":{\"@id\":\"https:\/\/kapitalis.com\/tunisie\/2020\/04\/25\/appel-a-proteger-le-droit-au-logement-et-a-la-sante-en-temps-de-coronavirus\/#breadcrumb\"},\"inLanguage\":\"fr-FR\",\"potentialAction\":[{\"@type\":\"ReadAction\",\"target\":[\"https:\/\/kapitalis.com\/tunisie\/2020\/04\/25\/appel-a-proteger-le-droit-au-logement-et-a-la-sante-en-temps-de-coronavirus\/\"]}]},{\"@type\":\"ImageObject\",\"inLanguage\":\"fr-FR\",\"@id\":\"https:\/\/kapitalis.com\/tunisie\/2020\/04\/25\/appel-a-proteger-le-droit-au-logement-et-a-la-sante-en-temps-de-coronavirus\/#primaryimage\",\"url\":\"\",\"contentUrl\":\"\"},{\"@type\":\"BreadcrumbList\",\"@id\":\"https:\/\/kapitalis.com\/tunisie\/2020\/04\/25\/appel-a-proteger-le-droit-au-logement-et-a-la-sante-en-temps-de-coronavirus\/#breadcrumb\",\"itemListElement\":[{\"@type\":\"ListItem\",\"position\":1,\"name\":\"Accueil\",\"item\":\"https:\/\/kapitalis.com\/tunisie\/\"},{\"@type\":\"ListItem\",\"position\":2,\"name\":\"Appel \u00e0 prot\u00e9ger le droit au logement et \u00e0 la sant\u00e9 en temps de coronavirus\"}]},{\"@type\":\"WebSite\",\"@id\":\"https:\/\/kapitalis.com\/tunisie\/#website\",\"url\":\"https:\/\/kapitalis.com\/tunisie\/\",\"name\":\"Kapitalis\",\"description\":\"L&#039;actualit\u00e9 en Tunisie et dans le monde\",\"publisher\":{\"@id\":\"https:\/\/kapitalis.com\/tunisie\/#organization\"},\"potentialAction\":[{\"@type\":\"SearchAction\",\"target\":{\"@type\":\"EntryPoint\",\"urlTemplate\":\"https:\/\/kapitalis.com\/tunisie\/?s={search_term_string}\"},\"query-input\":{\"@type\":\"PropertyValueSpecification\",\"valueRequired\":true,\"valueName\":\"search_term_string\"}}],\"inLanguage\":\"fr-FR\"},{\"@type\":\"Organization\",\"@id\":\"https:\/\/kapitalis.com\/tunisie\/#organization\",\"name\":\"Kapitalis\",\"url\":\"https:\/\/kapitalis.com\/tunisie\/\",\"logo\":{\"@type\":\"ImageObject\",\"inLanguage\":\"fr-FR\",\"@id\":\"https:\/\/kapitalis.com\/tunisie\/#\/schema\/logo\/image\/\",\"url\":\"https:\/\/kapitalis.com\/tunisie\/wp-content\/uploads\/2022\/05\/Kapitalis-big-size.png\",\"contentUrl\":\"https:\/\/kapitalis.com\/tunisie\/wp-content\/uploads\/2022\/05\/Kapitalis-big-size.png\",\"width\":5000,\"height\":1500,\"caption\":\"Kapitalis\"},\"image\":{\"@id\":\"https:\/\/kapitalis.com\/tunisie\/#\/schema\/logo\/image\/\"},\"sameAs\":[\"https:\/\/www.facebook.com\/KapitalisInfo\/\",\"https:\/\/x.com\/KapitalisInfo\",\"https:\/\/www.youtube.com\/channel\/UC-yDYrHyfFBWWZaOw3FPg9Q\"]},{\"@type\":\"Person\",\"@id\":\"https:\/\/kapitalis.com\/tunisie\/#\/schema\/person\/d71f33a9ca44f7bad4698210b480c8e9\",\"name\":\"webmaster kapitalis\",\"url\":\"https:\/\/kapitalis.com\/tunisie\/author\/webmaster-kapitalis\/\"}]}<\/script>\n<!-- \/ Yoast SEO plugin. -->","yoast_head_json":{"title":"Appel \u00e0 prot\u00e9ger le droit au logement et \u00e0 la sant\u00e9 en temps de coronavirus - Kapitalis","robots":{"index":"index","follow":"follow","max-snippet":"max-snippet:-1","max-image-preview":"max-image-preview:large","max-video-preview":"max-video-preview:-1"},"canonical":"https:\/\/kapitalis.com\/tunisie\/2020\/04\/25\/appel-a-proteger-le-droit-au-logement-et-a-la-sante-en-temps-de-coronavirus\/","og_locale":"fr_FR","og_type":"article","og_title":"Appel \u00e0 prot\u00e9ger le droit au logement et \u00e0 la sant\u00e9 en temps de coronavirus - Kapitalis","og_description":"Des organisations de la soci\u00e9t\u00e9 civile ont publi\u00e9, le 22 avril 2020, un communiqu\u00e9 o\u00f9 elles lancent un appel aux autorit\u00e9s tunisiennes \u00e0 prot\u00e9ger le droit au logement et \u00e0 la sant\u00e9 de toutes et tous pour faire face \u00e0 la pand\u00e9mie du coronavirus. Nous reproduisons cet appel ci-dessous\u2026","og_url":"https:\/\/kapitalis.com\/tunisie\/2020\/04\/25\/appel-a-proteger-le-droit-au-logement-et-a-la-sante-en-temps-de-coronavirus\/","og_site_name":"Kapitalis","article_publisher":"https:\/\/www.facebook.com\/KapitalisInfo\/","article_published_time":"2020-04-25T10:13:59+00:00","article_modified_time":"2020-04-25T10:14:00+00:00","og_image":[{"width":1200,"height":630,"url":"https:\/\/kapitalis.com\/tunisie\/wp-content\/uploads\/2022\/05\/kapitalis-logo-fb.png","type":"image\/png"}],"author":"webmaster kapitalis","twitter_card":"summary_large_image","twitter_creator":"@KapitalisInfo","twitter_site":"@KapitalisInfo","twitter_misc":{"\u00c9crit par":"webmaster kapitalis","Dur\u00e9e de lecture estim\u00e9e":"5 minutes"},"schema":{"@context":"https:\/\/schema.org","@graph":[{"@type":"Article","@id":"https:\/\/kapitalis.com\/tunisie\/2020\/04\/25\/appel-a-proteger-le-droit-au-logement-et-a-la-sante-en-temps-de-coronavirus\/#article","isPartOf":{"@id":"https:\/\/kapitalis.com\/tunisie\/2020\/04\/25\/appel-a-proteger-le-droit-au-logement-et-a-la-sante-en-temps-de-coronavirus\/"},"author":{"name":"webmaster kapitalis","@id":"https:\/\/kapitalis.com\/tunisie\/#\/schema\/person\/d71f33a9ca44f7bad4698210b480c8e9"},"headline":"Appel \u00e0 prot\u00e9ger le droit au logement et \u00e0 la sant\u00e9 en temps de coronavirus","datePublished":"2020-04-25T10:13:59+00:00","dateModified":"2020-04-25T10:14:00+00:00","mainEntityOfPage":{"@id":"https:\/\/kapitalis.com\/tunisie\/2020\/04\/25\/appel-a-proteger-le-droit-au-logement-et-a-la-sante-en-temps-de-coronavirus\/"},"wordCount":1087,"commentCount":0,"publisher":{"@id":"https:\/\/kapitalis.com\/tunisie\/#organization"},"image":{"@id":"https:\/\/kapitalis.com\/tunisie\/2020\/04\/25\/appel-a-proteger-le-droit-au-logement-et-a-la-sante-en-temps-de-coronavirus\/#primaryimage"},"thumbnailUrl":"","keywords":["confinement","Coronavirus"],"articleSection":["SOCIETE","Tunisie"],"inLanguage":"fr-FR","potentialAction":[{"@type":"CommentAction","name":"Comment","target":["https:\/\/kapitalis.com\/tunisie\/2020\/04\/25\/appel-a-proteger-le-droit-au-logement-et-a-la-sante-en-temps-de-coronavirus\/#respond"]}]},{"@type":"WebPage","@id":"https:\/\/kapitalis.com\/tunisie\/2020\/04\/25\/appel-a-proteger-le-droit-au-logement-et-a-la-sante-en-temps-de-coronavirus\/","url":"https:\/\/kapitalis.com\/tunisie\/2020\/04\/25\/appel-a-proteger-le-droit-au-logement-et-a-la-sante-en-temps-de-coronavirus\/","name":"Appel \u00e0 prot\u00e9ger le droit au logement et \u00e0 la sant\u00e9 en temps de coronavirus - Kapitalis","isPartOf":{"@id":"https:\/\/kapitalis.com\/tunisie\/#website"},"primaryImageOfPage":{"@id":"https:\/\/kapitalis.com\/tunisie\/2020\/04\/25\/appel-a-proteger-le-droit-au-logement-et-a-la-sante-en-temps-de-coronavirus\/#primaryimage"},"image":{"@id":"https:\/\/kapitalis.com\/tunisie\/2020\/04\/25\/appel-a-proteger-le-droit-au-logement-et-a-la-sante-en-temps-de-coronavirus\/#primaryimage"},"thumbnailUrl":"","datePublished":"2020-04-25T10:13:59+00:00","dateModified":"2020-04-25T10:14:00+00:00","breadcrumb":{"@id":"https:\/\/kapitalis.com\/tunisie\/2020\/04\/25\/appel-a-proteger-le-droit-au-logement-et-a-la-sante-en-temps-de-coronavirus\/#breadcrumb"},"inLanguage":"fr-FR","potentialAction":[{"@type":"ReadAction","target":["https:\/\/kapitalis.com\/tunisie\/2020\/04\/25\/appel-a-proteger-le-droit-au-logement-et-a-la-sante-en-temps-de-coronavirus\/"]}]},{"@type":"ImageObject","inLanguage":"fr-FR","@id":"https:\/\/kapitalis.com\/tunisie\/2020\/04\/25\/appel-a-proteger-le-droit-au-logement-et-a-la-sante-en-temps-de-coronavirus\/#primaryimage","url":"","contentUrl":""},{"@type":"BreadcrumbList","@id":"https:\/\/kapitalis.com\/tunisie\/2020\/04\/25\/appel-a-proteger-le-droit-au-logement-et-a-la-sante-en-temps-de-coronavirus\/#breadcrumb","itemListElement":[{"@type":"ListItem","position":1,"name":"Accueil","item":"https:\/\/kapitalis.com\/tunisie\/"},{"@type":"ListItem","position":2,"name":"Appel \u00e0 prot\u00e9ger le droit au logement et \u00e0 la sant\u00e9 en temps de coronavirus"}]},{"@type":"WebSite","@id":"https:\/\/kapitalis.com\/tunisie\/#website","url":"https:\/\/kapitalis.com\/tunisie\/","name":"Kapitalis","description":"L&#039;actualit\u00e9 en Tunisie et dans le monde","publisher":{"@id":"https:\/\/kapitalis.com\/tunisie\/#organization"},"potentialAction":[{"@type":"SearchAction","target":{"@type":"EntryPoint","urlTemplate":"https:\/\/kapitalis.com\/tunisie\/?s={search_term_string}"},"query-input":{"@type":"PropertyValueSpecification","valueRequired":true,"valueName":"search_term_string"}}],"inLanguage":"fr-FR"},{"@type":"Organization","@id":"https:\/\/kapitalis.com\/tunisie\/#organization","name":"Kapitalis","url":"https:\/\/kapitalis.com\/tunisie\/","logo":{"@type":"ImageObject","inLanguage":"fr-FR","@id":"https:\/\/kapitalis.com\/tunisie\/#\/schema\/logo\/image\/","url":"https:\/\/kapitalis.com\/tunisie\/wp-content\/uploads\/2022\/05\/Kapitalis-big-size.png","contentUrl":"https:\/\/kapitalis.com\/tunisie\/wp-content\/uploads\/2022\/05\/Kapitalis-big-size.png","width":5000,"height":1500,"caption":"Kapitalis"},"image":{"@id":"https:\/\/kapitalis.com\/tunisie\/#\/schema\/logo\/image\/"},"sameAs":["https:\/\/www.facebook.com\/KapitalisInfo\/","https:\/\/x.com\/KapitalisInfo","https:\/\/www.youtube.com\/channel\/UC-yDYrHyfFBWWZaOw3FPg9Q"]},{"@type":"Person","@id":"https:\/\/kapitalis.com\/tunisie\/#\/schema\/person\/d71f33a9ca44f7bad4698210b480c8e9","name":"webmaster kapitalis","url":"https:\/\/kapitalis.com\/tunisie\/author\/webmaster-kapitalis\/"}]}},"_links":{"self":[{"href":"https:\/\/kapitalis.com\/tunisie\/wp-json\/wp\/v2\/posts\/296012","targetHints":{"allow":["GET"]}}],"collection":[{"href":"https:\/\/kapitalis.com\/tunisie\/wp-json\/wp\/v2\/posts"}],"about":[{"href":"https:\/\/kapitalis.com\/tunisie\/wp-json\/wp\/v2\/types\/post"}],"author":[{"embeddable":true,"href":"https:\/\/kapitalis.com\/tunisie\/wp-json\/wp\/v2\/users\/8"}],"replies":[{"embeddable":true,"href":"https:\/\/kapitalis.com\/tunisie\/wp-json\/wp\/v2\/comments?post=296012"}],"version-history":[{"count":0,"href":"https:\/\/kapitalis.com\/tunisie\/wp-json\/wp\/v2\/posts\/296012\/revisions"}],"wp:featuredmedia":[{"embeddable":true,"href":"https:\/\/kapitalis.com\/tunisie\/wp-json\/wp\/v2\/media\/296015"}],"wp:attachment":[{"href":"https:\/\/kapitalis.com\/tunisie\/wp-json\/wp\/v2\/media?parent=296012"}],"wp:term":[{"taxonomy":"category","embeddable":true,"href":"https:\/\/kapitalis.com\/tunisie\/wp-json\/wp\/v2\/categories?post=296012"},{"taxonomy":"post_tag","embeddable":true,"href":"https:\/\/kapitalis.com\/tunisie\/wp-json\/wp\/v2\/tags?post=296012"}],"curies":[{"name":"wp","href":"https:\/\/api.w.org\/{rel}","templated":true}]}}