{"id":296308,"date":"2020-04-27T13:32:48","date_gmt":"2020-04-27T12:32:48","guid":{"rendered":"http:\/\/kapitalis.com\/tunisie\/?p=296308"},"modified":"2020-04-27T14:04:30","modified_gmt":"2020-04-27T13:04:30","slug":"wael-lounifi-inlucc-un-imam-a-transgresse-le-confinement-en-dirigeant-la-priere-de-tarawih","status":"publish","type":"post","link":"https:\/\/kapitalis.com\/tunisie\/2020\/04\/27\/wael-lounifi-inlucc-un-imam-a-transgresse-le-confinement-en-dirigeant-la-priere-de-tarawih\/","title":{"rendered":"Wael Lounifi (Inlucc) : Un imam a transgress\u00e9 le confinement en dirigeant la pri\u00e8re de tarawih"},"content":{"rendered":"\n<figure class=\"wp-block-image size-large\"><img decoding=\"async\" src=\"http:\/\/kapitalis.com\/tunisie\/wp-content\/uploads\/2016\/11\/Djerba-midoun-mosqu\u00e9e.jpg\" alt=\"\" class=\"wp-image-73883\"\/><\/figure>\n\n\n\n<p><strong><em>Selon Wael Lounifi, charg\u00e9 de la communication \u00e0 l\u2019Instance nationale de lutte contre la corruption (Inlucc), plusieurs violations ont \u00e9t\u00e9 observ\u00e9es au cours de la p\u00e9riode de confinement sanitaire g\u00e9n\u00e9ral, dont la derni\u00e8re a eu lieu pendant le mois de ramadan, o\u00f9 un imam a ouvert la mosqu\u00e9e o\u00f9 il travaille et a dirig\u00e9 les pri\u00e8res de tarawih.<\/em><\/strong><\/p>\n\n\n\n<!--more-->\n\n\n\n<p>L&rsquo;Inlucc a \u00e9galement re\u00e7u des plaintes concernant des caf\u00e9s ouvrant leurs portes apr\u00e8s la rupture du je\u00fbne, depuis le d\u00e9but de ramadan, ainsi qu&rsquo;un vendeur de fruits secs qui aurait transform\u00e9 son local en un caf\u00e9, selon la m\u00eame source qui a parl\u00e9 sur les ondes de Mosa\u00efque FM, ce lundi 27 avril 2020.<\/p>\n\n\n\n<p>Wael Lounifi a affirm\u00e9, sur un autre plan, que son instance a re\u00e7u des signalements concernant l&rsquo;ing\u00e9rence d&rsquo;un maire, un d\u00e9l\u00e9gu\u00e9 et un omda de la r\u00e9gion de Kasserine dans les modalit\u00e9s de distribution de la semoule.<\/p>\n\n\n\n<p> Il a \u00e9galement indiqu\u00e9 que  l&rsquo;un des magasins situ\u00e9s dans le gouvernorat de Sfax a oblig\u00e9 ses clients \u00e0 acheter une bavette pour les autoriser \u00e0 faire leurs achats.<\/p>\n\n\n\n<p class=\"has-text-align-right\"><strong>C. B. Y.<\/strong><\/p>\n","protected":false},"excerpt":{"rendered":"<p>Selon Wael Lounifi, charg\u00e9 de la communication \u00e0 l\u2019Instance nationale de lutte contre la corruption (Inlucc), plusieurs violations ont \u00e9t\u00e9 observ\u00e9es au cours de la p\u00e9riode de confinement sanitaire g\u00e9n\u00e9ral, dont la derni\u00e8re a eu lieu pendant le mois de ramadan, o\u00f9 un imam a ouvert la mosqu\u00e9e o\u00f9 il travaille et a dirig\u00e9 les&#8230;<\/p>\n","protected":false},"author":24,"featured_media":0,"comment_status":"open","ping_status":"open","sticky":false,"template":"","format":"standard","meta":{"footnotes":""},"categories":[998,2433],"tags":[22391,78244,78243],"class_list":["post-296308","post","type-post","status-publish","format-standard","hentry","category-societe","category-tunisie","tag-inlucc","tag-tarawih","tag-wael-lounifi"],"yoast_head":"<!-- This site is optimized with the Yoast SEO plugin v26.6 - https:\/\/yoast.com\/wordpress\/plugins\/seo\/ -->\n<title>Wael Lounifi (Inlucc) : Un imam a transgress\u00e9 le confinement en dirigeant la pri\u00e8re de tarawih - Kapitalis<\/title>\n<meta name=\"robots\" content=\"index, follow, max-snippet:-1, max-image-preview:large, max-video-preview:-1\" \/>\n<link rel=\"canonical\" href=\"https:\/\/kapitalis.com\/tunisie\/2020\/04\/27\/wael-lounifi-inlucc-un-imam-a-transgresse-le-confinement-en-dirigeant-la-priere-de-tarawih\/\" \/>\n<meta property=\"og:locale\" content=\"fr_FR\" \/>\n<meta property=\"og:type\" content=\"article\" \/>\n<meta property=\"og:title\" content=\"Wael Lounifi (Inlucc) : Un imam a transgress\u00e9 le confinement en dirigeant la pri\u00e8re de tarawih - Kapitalis\" \/>\n<meta property=\"og:description\" content=\"Selon Wael Lounifi, charg\u00e9 de la communication \u00e0 l\u2019Instance nationale de lutte contre la corruption (Inlucc), plusieurs violations ont \u00e9t\u00e9 observ\u00e9es au cours de la p\u00e9riode de confinement sanitaire g\u00e9n\u00e9ral, dont la derni\u00e8re a eu lieu pendant le mois de ramadan, o\u00f9 un imam a ouvert la mosqu\u00e9e o\u00f9 il travaille et a dirig\u00e9 les...\" \/>\n<meta property=\"og:url\" content=\"https:\/\/kapitalis.com\/tunisie\/2020\/04\/27\/wael-lounifi-inlucc-un-imam-a-transgresse-le-confinement-en-dirigeant-la-priere-de-tarawih\/\" \/>\n<meta property=\"og:site_name\" content=\"Kapitalis\" \/>\n<meta property=\"article:publisher\" content=\"https:\/\/www.facebook.com\/KapitalisInfo\/\" \/>\n<meta property=\"article:published_time\" content=\"2020-04-27T12:32:48+00:00\" \/>\n<meta property=\"article:modified_time\" content=\"2020-04-27T13:04:30+00:00\" \/>\n<meta property=\"og:image\" content=\"https:\/\/kapitalis.com\/tunisie\/wp-content\/uploads\/2022\/05\/kapitalis-logo-fb.png\" \/>\n\t<meta property=\"og:image:width\" content=\"1200\" \/>\n\t<meta property=\"og:image:height\" content=\"630\" \/>\n\t<meta property=\"og:image:type\" content=\"image\/png\" \/>\n<meta name=\"author\" content=\"Cherif Benyounes\" \/>\n<meta name=\"twitter:card\" content=\"summary_large_image\" \/>\n<meta name=\"twitter:creator\" content=\"@KapitalisInfo\" \/>\n<meta name=\"twitter:site\" content=\"@KapitalisInfo\" \/>\n<meta name=\"twitter:label1\" content=\"\u00c9crit par\" \/>\n\t<meta name=\"twitter:data1\" content=\"Cherif Benyounes\" \/>\n\t<meta name=\"twitter:label2\" content=\"Dur\u00e9e de lecture estim\u00e9e\" \/>\n\t<meta name=\"twitter:data2\" content=\"1 minute\" \/>\n<script type=\"application\/ld+json\" class=\"yoast-schema-graph\">{\"@context\":\"https:\/\/schema.org\",\"@graph\":[{\"@type\":\"Article\",\"@id\":\"https:\/\/kapitalis.com\/tunisie\/2020\/04\/27\/wael-lounifi-inlucc-un-imam-a-transgresse-le-confinement-en-dirigeant-la-priere-de-tarawih\/#article\",\"isPartOf\":{\"@id\":\"https:\/\/kapitalis.com\/tunisie\/2020\/04\/27\/wael-lounifi-inlucc-un-imam-a-transgresse-le-confinement-en-dirigeant-la-priere-de-tarawih\/\"},\"author\":{\"name\":\"Cherif Benyounes\",\"@id\":\"https:\/\/kapitalis.com\/tunisie\/#\/schema\/person\/b35b8d631961131107263178aeb8019e\"},\"headline\":\"Wael Lounifi (Inlucc) : Un imam a transgress\u00e9 le confinement en dirigeant la pri\u00e8re de tarawih\",\"datePublished\":\"2020-04-27T12:32:48+00:00\",\"dateModified\":\"2020-04-27T13:04:30+00:00\",\"mainEntityOfPage\":{\"@id\":\"https:\/\/kapitalis.com\/tunisie\/2020\/04\/27\/wael-lounifi-inlucc-un-imam-a-transgresse-le-confinement-en-dirigeant-la-priere-de-tarawih\/\"},\"wordCount\":214,\"commentCount\":1,\"publisher\":{\"@id\":\"https:\/\/kapitalis.com\/tunisie\/#organization\"},\"keywords\":[\"INLUCC\",\"tarawih\",\"Wael Lounifi\"],\"articleSection\":[\"SOCIETE\",\"Tunisie\"],\"inLanguage\":\"fr-FR\",\"potentialAction\":[{\"@type\":\"CommentAction\",\"name\":\"Comment\",\"target\":[\"https:\/\/kapitalis.com\/tunisie\/2020\/04\/27\/wael-lounifi-inlucc-un-imam-a-transgresse-le-confinement-en-dirigeant-la-priere-de-tarawih\/#respond\"]}]},{\"@type\":\"WebPage\",\"@id\":\"https:\/\/kapitalis.com\/tunisie\/2020\/04\/27\/wael-lounifi-inlucc-un-imam-a-transgresse-le-confinement-en-dirigeant-la-priere-de-tarawih\/\",\"url\":\"https:\/\/kapitalis.com\/tunisie\/2020\/04\/27\/wael-lounifi-inlucc-un-imam-a-transgresse-le-confinement-en-dirigeant-la-priere-de-tarawih\/\",\"name\":\"Wael Lounifi (Inlucc) : Un imam a transgress\u00e9 le confinement en dirigeant la pri\u00e8re de tarawih - Kapitalis\",\"isPartOf\":{\"@id\":\"https:\/\/kapitalis.com\/tunisie\/#website\"},\"datePublished\":\"2020-04-27T12:32:48+00:00\",\"dateModified\":\"2020-04-27T13:04:30+00:00\",\"breadcrumb\":{\"@id\":\"https:\/\/kapitalis.com\/tunisie\/2020\/04\/27\/wael-lounifi-inlucc-un-imam-a-transgresse-le-confinement-en-dirigeant-la-priere-de-tarawih\/#breadcrumb\"},\"inLanguage\":\"fr-FR\",\"potentialAction\":[{\"@type\":\"ReadAction\",\"target\":[\"https:\/\/kapitalis.com\/tunisie\/2020\/04\/27\/wael-lounifi-inlucc-un-imam-a-transgresse-le-confinement-en-dirigeant-la-priere-de-tarawih\/\"]}]},{\"@type\":\"BreadcrumbList\",\"@id\":\"https:\/\/kapitalis.com\/tunisie\/2020\/04\/27\/wael-lounifi-inlucc-un-imam-a-transgresse-le-confinement-en-dirigeant-la-priere-de-tarawih\/#breadcrumb\",\"itemListElement\":[{\"@type\":\"ListItem\",\"position\":1,\"name\":\"Accueil\",\"item\":\"https:\/\/kapitalis.com\/tunisie\/\"},{\"@type\":\"ListItem\",\"position\":2,\"name\":\"Wael Lounifi (Inlucc) : Un imam a transgress\u00e9 le confinement en dirigeant la pri\u00e8re de tarawih\"}]},{\"@type\":\"WebSite\",\"@id\":\"https:\/\/kapitalis.com\/tunisie\/#website\",\"url\":\"https:\/\/kapitalis.com\/tunisie\/\",\"name\":\"Kapitalis\",\"description\":\"L&#039;actualit\u00e9 en Tunisie et dans le monde\",\"publisher\":{\"@id\":\"https:\/\/kapitalis.com\/tunisie\/#organization\"},\"potentialAction\":[{\"@type\":\"SearchAction\",\"target\":{\"@type\":\"EntryPoint\",\"urlTemplate\":\"https:\/\/kapitalis.com\/tunisie\/?s={search_term_string}\"},\"query-input\":{\"@type\":\"PropertyValueSpecification\",\"valueRequired\":true,\"valueName\":\"search_term_string\"}}],\"inLanguage\":\"fr-FR\"},{\"@type\":\"Organization\",\"@id\":\"https:\/\/kapitalis.com\/tunisie\/#organization\",\"name\":\"Kapitalis\",\"url\":\"https:\/\/kapitalis.com\/tunisie\/\",\"logo\":{\"@type\":\"ImageObject\",\"inLanguage\":\"fr-FR\",\"@id\":\"https:\/\/kapitalis.com\/tunisie\/#\/schema\/logo\/image\/\",\"url\":\"https:\/\/kapitalis.com\/tunisie\/wp-content\/uploads\/2022\/05\/Kapitalis-big-size.png\",\"contentUrl\":\"https:\/\/kapitalis.com\/tunisie\/wp-content\/uploads\/2022\/05\/Kapitalis-big-size.png\",\"width\":5000,\"height\":1500,\"caption\":\"Kapitalis\"},\"image\":{\"@id\":\"https:\/\/kapitalis.com\/tunisie\/#\/schema\/logo\/image\/\"},\"sameAs\":[\"https:\/\/www.facebook.com\/KapitalisInfo\/\",\"https:\/\/x.com\/KapitalisInfo\",\"https:\/\/www.youtube.com\/channel\/UC-yDYrHyfFBWWZaOw3FPg9Q\"]},{\"@type\":\"Person\",\"@id\":\"https:\/\/kapitalis.com\/tunisie\/#\/schema\/person\/b35b8d631961131107263178aeb8019e\",\"name\":\"Cherif Benyounes\",\"url\":\"https:\/\/kapitalis.com\/tunisie\/author\/cherif\/\"}]}<\/script>\n<!-- \/ Yoast SEO plugin. -->","yoast_head_json":{"title":"Wael Lounifi (Inlucc) : Un imam a transgress\u00e9 le confinement en dirigeant la pri\u00e8re de tarawih - Kapitalis","robots":{"index":"index","follow":"follow","max-snippet":"max-snippet:-1","max-image-preview":"max-image-preview:large","max-video-preview":"max-video-preview:-1"},"canonical":"https:\/\/kapitalis.com\/tunisie\/2020\/04\/27\/wael-lounifi-inlucc-un-imam-a-transgresse-le-confinement-en-dirigeant-la-priere-de-tarawih\/","og_locale":"fr_FR","og_type":"article","og_title":"Wael Lounifi (Inlucc) : Un imam a transgress\u00e9 le confinement en dirigeant la pri\u00e8re de tarawih - Kapitalis","og_description":"Selon Wael Lounifi, charg\u00e9 de la communication \u00e0 l\u2019Instance nationale de lutte contre la corruption (Inlucc), plusieurs violations ont \u00e9t\u00e9 observ\u00e9es au cours de la p\u00e9riode de confinement sanitaire g\u00e9n\u00e9ral, dont la derni\u00e8re a eu lieu pendant le mois de ramadan, o\u00f9 un imam a ouvert la mosqu\u00e9e o\u00f9 il travaille et a dirig\u00e9 les...","og_url":"https:\/\/kapitalis.com\/tunisie\/2020\/04\/27\/wael-lounifi-inlucc-un-imam-a-transgresse-le-confinement-en-dirigeant-la-priere-de-tarawih\/","og_site_name":"Kapitalis","article_publisher":"https:\/\/www.facebook.com\/KapitalisInfo\/","article_published_time":"2020-04-27T12:32:48+00:00","article_modified_time":"2020-04-27T13:04:30+00:00","og_image":[{"width":1200,"height":630,"url":"https:\/\/kapitalis.com\/tunisie\/wp-content\/uploads\/2022\/05\/kapitalis-logo-fb.png","type":"image\/png"}],"author":"Cherif Benyounes","twitter_card":"summary_large_image","twitter_creator":"@KapitalisInfo","twitter_site":"@KapitalisInfo","twitter_misc":{"\u00c9crit par":"Cherif Benyounes","Dur\u00e9e de lecture estim\u00e9e":"1 minute"},"schema":{"@context":"https:\/\/schema.org","@graph":[{"@type":"Article","@id":"https:\/\/kapitalis.com\/tunisie\/2020\/04\/27\/wael-lounifi-inlucc-un-imam-a-transgresse-le-confinement-en-dirigeant-la-priere-de-tarawih\/#article","isPartOf":{"@id":"https:\/\/kapitalis.com\/tunisie\/2020\/04\/27\/wael-lounifi-inlucc-un-imam-a-transgresse-le-confinement-en-dirigeant-la-priere-de-tarawih\/"},"author":{"name":"Cherif Benyounes","@id":"https:\/\/kapitalis.com\/tunisie\/#\/schema\/person\/b35b8d631961131107263178aeb8019e"},"headline":"Wael Lounifi (Inlucc) : Un imam a transgress\u00e9 le confinement en dirigeant la pri\u00e8re de tarawih","datePublished":"2020-04-27T12:32:48+00:00","dateModified":"2020-04-27T13:04:30+00:00","mainEntityOfPage":{"@id":"https:\/\/kapitalis.com\/tunisie\/2020\/04\/27\/wael-lounifi-inlucc-un-imam-a-transgresse-le-confinement-en-dirigeant-la-priere-de-tarawih\/"},"wordCount":214,"commentCount":1,"publisher":{"@id":"https:\/\/kapitalis.com\/tunisie\/#organization"},"keywords":["INLUCC","tarawih","Wael Lounifi"],"articleSection":["SOCIETE","Tunisie"],"inLanguage":"fr-FR","potentialAction":[{"@type":"CommentAction","name":"Comment","target":["https:\/\/kapitalis.com\/tunisie\/2020\/04\/27\/wael-lounifi-inlucc-un-imam-a-transgresse-le-confinement-en-dirigeant-la-priere-de-tarawih\/#respond"]}]},{"@type":"WebPage","@id":"https:\/\/kapitalis.com\/tunisie\/2020\/04\/27\/wael-lounifi-inlucc-un-imam-a-transgresse-le-confinement-en-dirigeant-la-priere-de-tarawih\/","url":"https:\/\/kapitalis.com\/tunisie\/2020\/04\/27\/wael-lounifi-inlucc-un-imam-a-transgresse-le-confinement-en-dirigeant-la-priere-de-tarawih\/","name":"Wael Lounifi (Inlucc) : Un imam a transgress\u00e9 le confinement en dirigeant la pri\u00e8re de tarawih - Kapitalis","isPartOf":{"@id":"https:\/\/kapitalis.com\/tunisie\/#website"},"datePublished":"2020-04-27T12:32:48+00:00","dateModified":"2020-04-27T13:04:30+00:00","breadcrumb":{"@id":"https:\/\/kapitalis.com\/tunisie\/2020\/04\/27\/wael-lounifi-inlucc-un-imam-a-transgresse-le-confinement-en-dirigeant-la-priere-de-tarawih\/#breadcrumb"},"inLanguage":"fr-FR","potentialAction":[{"@type":"ReadAction","target":["https:\/\/kapitalis.com\/tunisie\/2020\/04\/27\/wael-lounifi-inlucc-un-imam-a-transgresse-le-confinement-en-dirigeant-la-priere-de-tarawih\/"]}]},{"@type":"BreadcrumbList","@id":"https:\/\/kapitalis.com\/tunisie\/2020\/04\/27\/wael-lounifi-inlucc-un-imam-a-transgresse-le-confinement-en-dirigeant-la-priere-de-tarawih\/#breadcrumb","itemListElement":[{"@type":"ListItem","position":1,"name":"Accueil","item":"https:\/\/kapitalis.com\/tunisie\/"},{"@type":"ListItem","position":2,"name":"Wael Lounifi (Inlucc) : Un imam a transgress\u00e9 le confinement en dirigeant la pri\u00e8re de tarawih"}]},{"@type":"WebSite","@id":"https:\/\/kapitalis.com\/tunisie\/#website","url":"https:\/\/kapitalis.com\/tunisie\/","name":"Kapitalis","description":"L&#039;actualit\u00e9 en Tunisie et dans le monde","publisher":{"@id":"https:\/\/kapitalis.com\/tunisie\/#organization"},"potentialAction":[{"@type":"SearchAction","target":{"@type":"EntryPoint","urlTemplate":"https:\/\/kapitalis.com\/tunisie\/?s={search_term_string}"},"query-input":{"@type":"PropertyValueSpecification","valueRequired":true,"valueName":"search_term_string"}}],"inLanguage":"fr-FR"},{"@type":"Organization","@id":"https:\/\/kapitalis.com\/tunisie\/#organization","name":"Kapitalis","url":"https:\/\/kapitalis.com\/tunisie\/","logo":{"@type":"ImageObject","inLanguage":"fr-FR","@id":"https:\/\/kapitalis.com\/tunisie\/#\/schema\/logo\/image\/","url":"https:\/\/kapitalis.com\/tunisie\/wp-content\/uploads\/2022\/05\/Kapitalis-big-size.png","contentUrl":"https:\/\/kapitalis.com\/tunisie\/wp-content\/uploads\/2022\/05\/Kapitalis-big-size.png","width":5000,"height":1500,"caption":"Kapitalis"},"image":{"@id":"https:\/\/kapitalis.com\/tunisie\/#\/schema\/logo\/image\/"},"sameAs":["https:\/\/www.facebook.com\/KapitalisInfo\/","https:\/\/x.com\/KapitalisInfo","https:\/\/www.youtube.com\/channel\/UC-yDYrHyfFBWWZaOw3FPg9Q"]},{"@type":"Person","@id":"https:\/\/kapitalis.com\/tunisie\/#\/schema\/person\/b35b8d631961131107263178aeb8019e","name":"Cherif Benyounes","url":"https:\/\/kapitalis.com\/tunisie\/author\/cherif\/"}]}},"_links":{"self":[{"href":"https:\/\/kapitalis.com\/tunisie\/wp-json\/wp\/v2\/posts\/296308","targetHints":{"allow":["GET"]}}],"collection":[{"href":"https:\/\/kapitalis.com\/tunisie\/wp-json\/wp\/v2\/posts"}],"about":[{"href":"https:\/\/kapitalis.com\/tunisie\/wp-json\/wp\/v2\/types\/post"}],"author":[{"embeddable":true,"href":"https:\/\/kapitalis.com\/tunisie\/wp-json\/wp\/v2\/users\/24"}],"replies":[{"embeddable":true,"href":"https:\/\/kapitalis.com\/tunisie\/wp-json\/wp\/v2\/comments?post=296308"}],"version-history":[{"count":0,"href":"https:\/\/kapitalis.com\/tunisie\/wp-json\/wp\/v2\/posts\/296308\/revisions"}],"wp:attachment":[{"href":"https:\/\/kapitalis.com\/tunisie\/wp-json\/wp\/v2\/media?parent=296308"}],"wp:term":[{"taxonomy":"category","embeddable":true,"href":"https:\/\/kapitalis.com\/tunisie\/wp-json\/wp\/v2\/categories?post=296308"},{"taxonomy":"post_tag","embeddable":true,"href":"https:\/\/kapitalis.com\/tunisie\/wp-json\/wp\/v2\/tags?post=296308"}],"curies":[{"name":"wp","href":"https:\/\/api.w.org\/{rel}","templated":true}]}}