{"id":296364,"date":"2020-04-27T18:20:36","date_gmt":"2020-04-27T17:20:36","guid":{"rendered":"http:\/\/kapitalis.com\/tunisie\/?p=296364"},"modified":"2020-04-28T07:30:14","modified_gmt":"2020-04-28T06:30:14","slug":"hammam-lif-la-tunisie-enregistre-son-39e-deces-cause-par-le-coronavirus","status":"publish","type":"post","link":"https:\/\/kapitalis.com\/tunisie\/2020\/04\/27\/hammam-lif-la-tunisie-enregistre-son-39e-deces-cause-par-le-coronavirus\/","title":{"rendered":"Hammam-Lif : La Tunisie enregistre son 39e d\u00e9c\u00e8s, caus\u00e9 par le coronavirus"},"content":{"rendered":"\n<figure class=\"wp-block-image size-large\"><img decoding=\"async\" src=\"http:\/\/kapitalis.com\/tunisie\/wp-content\/uploads\/2020\/04\/coronavirus-mort.jpg\" alt=\"\" class=\"wp-image-292275\"\/><\/figure>\n\n\n\n<p><strong><em>Le maire de Hammam-Lif (sud de Tunis), Mohamed Ayari, a annonc\u00e9 hier soir, sur sa page officielle Facebook, le d\u00e9c\u00e8s d\u2019une femme \u00e2g\u00e9e, originaire de la ville : \u00abLe test de d\u00e9pistage du coronavirus post-mortem s&rsquo;est av\u00e9r\u00e9 positif\u00bb, a-t-il affirm\u00e9.<\/em><\/strong><\/p>\n\n\n\n<!--more-->\n\n\n\n<p>Cette triste nouvelle a \u00e9t\u00e9 confirm\u00e9e aujourd&rsquo;hui, lundi 27 avril 2020,  par le gouvernorat de Ben Arous, qui a pr\u00e9cis\u00e9, sur sa page Facebook, que la dame \u00e2g\u00e9e avait \u00e9t\u00e9 admise le 25 avril \u00e0 l&rsquo;h\u00f4pital militaire de Tunis.<\/p>\n\n\n\n<p>La Tunisie n&rsquo;avait pas enregistr\u00e9 de d\u00e9c\u00e8s depuis 7 jours, c&rsquo;est donc le 39e depuis que la pand\u00e9mie s&rsquo;est d\u00e9clar\u00e9e, le 2 mars 2020.<\/p>\n\n\n\n<p>Le minist\u00e8re de la Sant\u00e9 a annonc\u00e9, hier soir, qu&rsquo;au 25 avril, la Tunisie compte 949 cas, 216 gu\u00e9risons et 38 d\u00e9c\u00e8s (celui de la dame de Hammam-Lif n&rsquo;avait pas encore \u00e9t\u00e9 comptabilis\u00e9).<\/p>\n\n\n\n<p class=\"has-text-align-right\"><strong>Y. N.<\/strong><\/p>\n","protected":false},"excerpt":{"rendered":"<p>Le maire de Hammam-Lif (sud de Tunis), Mohamed Ayari, a annonc\u00e9 hier soir, sur sa page officielle Facebook, le d\u00e9c\u00e8s d\u2019une femme \u00e2g\u00e9e, originaire de la ville : \u00abLe test de d\u00e9pistage du coronavirus post-mortem s&rsquo;est av\u00e9r\u00e9 positif\u00bb, a-t-il affirm\u00e9.<\/p>\n","protected":false},"author":6,"featured_media":0,"comment_status":"open","ping_status":"open","sticky":false,"template":"","format":"standard","meta":{"footnotes":""},"categories":[998,2433],"tags":[73060,75291,64263,438,452,64491],"class_list":["post-296364","post","type-post","status-publish","format-standard","hentry","category-societe","category-tunisie","tag-coronavirus","tag-covid-19","tag-deces","tag-hammam-lif","tag-hopital-militaire","tag-tunis"],"yoast_head":"<!-- This site is optimized with the Yoast SEO plugin v26.6 - https:\/\/yoast.com\/wordpress\/plugins\/seo\/ -->\n<title>Hammam-Lif : La Tunisie enregistre son 39e d\u00e9c\u00e8s, caus\u00e9 par le coronavirus - Kapitalis<\/title>\n<meta name=\"robots\" content=\"index, follow, max-snippet:-1, max-image-preview:large, max-video-preview:-1\" \/>\n<link rel=\"canonical\" href=\"https:\/\/kapitalis.com\/tunisie\/2020\/04\/27\/hammam-lif-la-tunisie-enregistre-son-39e-deces-cause-par-le-coronavirus\/\" \/>\n<meta property=\"og:locale\" content=\"fr_FR\" \/>\n<meta property=\"og:type\" content=\"article\" \/>\n<meta property=\"og:title\" content=\"Hammam-Lif : La Tunisie enregistre son 39e d\u00e9c\u00e8s, caus\u00e9 par le coronavirus - Kapitalis\" \/>\n<meta property=\"og:description\" content=\"Le maire de Hammam-Lif (sud de Tunis), Mohamed Ayari, a annonc\u00e9 hier soir, sur sa page officielle Facebook, le d\u00e9c\u00e8s d\u2019une femme \u00e2g\u00e9e, originaire de la ville : \u00abLe test de d\u00e9pistage du coronavirus post-mortem s&rsquo;est av\u00e9r\u00e9 positif\u00bb, a-t-il affirm\u00e9.\" \/>\n<meta property=\"og:url\" content=\"https:\/\/kapitalis.com\/tunisie\/2020\/04\/27\/hammam-lif-la-tunisie-enregistre-son-39e-deces-cause-par-le-coronavirus\/\" \/>\n<meta property=\"og:site_name\" content=\"Kapitalis\" \/>\n<meta property=\"article:publisher\" content=\"https:\/\/www.facebook.com\/KapitalisInfo\/\" \/>\n<meta property=\"article:published_time\" content=\"2020-04-27T17:20:36+00:00\" \/>\n<meta property=\"article:modified_time\" content=\"2020-04-28T06:30:14+00:00\" \/>\n<meta property=\"og:image\" content=\"http:\/\/kapitalis.com\/tunisie\/wp-content\/uploads\/2020\/04\/coronavirus-mort.jpg\" \/>\n<meta name=\"author\" content=\"Yusra NY\" \/>\n<meta name=\"twitter:card\" content=\"summary_large_image\" \/>\n<meta name=\"twitter:creator\" content=\"@KapitalisInfo\" \/>\n<meta name=\"twitter:site\" content=\"@KapitalisInfo\" \/>\n<meta name=\"twitter:label1\" content=\"\u00c9crit par\" \/>\n\t<meta name=\"twitter:data1\" content=\"Yusra NY\" \/>\n\t<meta name=\"twitter:label2\" content=\"Dur\u00e9e de lecture estim\u00e9e\" \/>\n\t<meta name=\"twitter:data2\" content=\"1 minute\" \/>\n<script type=\"application\/ld+json\" class=\"yoast-schema-graph\">{\"@context\":\"https:\/\/schema.org\",\"@graph\":[{\"@type\":\"Article\",\"@id\":\"https:\/\/kapitalis.com\/tunisie\/2020\/04\/27\/hammam-lif-la-tunisie-enregistre-son-39e-deces-cause-par-le-coronavirus\/#article\",\"isPartOf\":{\"@id\":\"https:\/\/kapitalis.com\/tunisie\/2020\/04\/27\/hammam-lif-la-tunisie-enregistre-son-39e-deces-cause-par-le-coronavirus\/\"},\"author\":{\"name\":\"Yusra NY\",\"@id\":\"https:\/\/kapitalis.com\/tunisie\/#\/schema\/person\/74bbde0154d49d790a92aaeac5bc01d5\"},\"headline\":\"Hammam-Lif : La Tunisie enregistre son 39e d\u00e9c\u00e8s, caus\u00e9 par le coronavirus\",\"datePublished\":\"2020-04-27T17:20:36+00:00\",\"dateModified\":\"2020-04-28T06:30:14+00:00\",\"mainEntityOfPage\":{\"@id\":\"https:\/\/kapitalis.com\/tunisie\/2020\/04\/27\/hammam-lif-la-tunisie-enregistre-son-39e-deces-cause-par-le-coronavirus\/\"},\"wordCount\":158,\"commentCount\":0,\"publisher\":{\"@id\":\"https:\/\/kapitalis.com\/tunisie\/#organization\"},\"image\":{\"@id\":\"https:\/\/kapitalis.com\/tunisie\/2020\/04\/27\/hammam-lif-la-tunisie-enregistre-son-39e-deces-cause-par-le-coronavirus\/#primaryimage\"},\"thumbnailUrl\":\"http:\/\/kapitalis.com\/tunisie\/wp-content\/uploads\/2020\/04\/coronavirus-mort.jpg\",\"keywords\":[\"Coronavirus\",\"Covid-19\",\"d\u00e9c\u00e8s\",\"Hammam-Lif\",\"h\u00f4pital militaire\",\"Tunis\"],\"articleSection\":[\"SOCIETE\",\"Tunisie\"],\"inLanguage\":\"fr-FR\",\"potentialAction\":[{\"@type\":\"CommentAction\",\"name\":\"Comment\",\"target\":[\"https:\/\/kapitalis.com\/tunisie\/2020\/04\/27\/hammam-lif-la-tunisie-enregistre-son-39e-deces-cause-par-le-coronavirus\/#respond\"]}]},{\"@type\":\"WebPage\",\"@id\":\"https:\/\/kapitalis.com\/tunisie\/2020\/04\/27\/hammam-lif-la-tunisie-enregistre-son-39e-deces-cause-par-le-coronavirus\/\",\"url\":\"https:\/\/kapitalis.com\/tunisie\/2020\/04\/27\/hammam-lif-la-tunisie-enregistre-son-39e-deces-cause-par-le-coronavirus\/\",\"name\":\"Hammam-Lif : La Tunisie enregistre son 39e d\u00e9c\u00e8s, caus\u00e9 par le coronavirus - Kapitalis\",\"isPartOf\":{\"@id\":\"https:\/\/kapitalis.com\/tunisie\/#website\"},\"primaryImageOfPage\":{\"@id\":\"https:\/\/kapitalis.com\/tunisie\/2020\/04\/27\/hammam-lif-la-tunisie-enregistre-son-39e-deces-cause-par-le-coronavirus\/#primaryimage\"},\"image\":{\"@id\":\"https:\/\/kapitalis.com\/tunisie\/2020\/04\/27\/hammam-lif-la-tunisie-enregistre-son-39e-deces-cause-par-le-coronavirus\/#primaryimage\"},\"thumbnailUrl\":\"http:\/\/kapitalis.com\/tunisie\/wp-content\/uploads\/2020\/04\/coronavirus-mort.jpg\",\"datePublished\":\"2020-04-27T17:20:36+00:00\",\"dateModified\":\"2020-04-28T06:30:14+00:00\",\"breadcrumb\":{\"@id\":\"https:\/\/kapitalis.com\/tunisie\/2020\/04\/27\/hammam-lif-la-tunisie-enregistre-son-39e-deces-cause-par-le-coronavirus\/#breadcrumb\"},\"inLanguage\":\"fr-FR\",\"potentialAction\":[{\"@type\":\"ReadAction\",\"target\":[\"https:\/\/kapitalis.com\/tunisie\/2020\/04\/27\/hammam-lif-la-tunisie-enregistre-son-39e-deces-cause-par-le-coronavirus\/\"]}]},{\"@type\":\"ImageObject\",\"inLanguage\":\"fr-FR\",\"@id\":\"https:\/\/kapitalis.com\/tunisie\/2020\/04\/27\/hammam-lif-la-tunisie-enregistre-son-39e-deces-cause-par-le-coronavirus\/#primaryimage\",\"url\":\"\",\"contentUrl\":\"\"},{\"@type\":\"BreadcrumbList\",\"@id\":\"https:\/\/kapitalis.com\/tunisie\/2020\/04\/27\/hammam-lif-la-tunisie-enregistre-son-39e-deces-cause-par-le-coronavirus\/#breadcrumb\",\"itemListElement\":[{\"@type\":\"ListItem\",\"position\":1,\"name\":\"Accueil\",\"item\":\"https:\/\/kapitalis.com\/tunisie\/\"},{\"@type\":\"ListItem\",\"position\":2,\"name\":\"Hammam-Lif : La Tunisie enregistre son 39e d\u00e9c\u00e8s, caus\u00e9 par le coronavirus\"}]},{\"@type\":\"WebSite\",\"@id\":\"https:\/\/kapitalis.com\/tunisie\/#website\",\"url\":\"https:\/\/kapitalis.com\/tunisie\/\",\"name\":\"Kapitalis\",\"description\":\"L&#039;actualit\u00e9 en Tunisie et dans le monde\",\"publisher\":{\"@id\":\"https:\/\/kapitalis.com\/tunisie\/#organization\"},\"potentialAction\":[{\"@type\":\"SearchAction\",\"target\":{\"@type\":\"EntryPoint\",\"urlTemplate\":\"https:\/\/kapitalis.com\/tunisie\/?s={search_term_string}\"},\"query-input\":{\"@type\":\"PropertyValueSpecification\",\"valueRequired\":true,\"valueName\":\"search_term_string\"}}],\"inLanguage\":\"fr-FR\"},{\"@type\":\"Organization\",\"@id\":\"https:\/\/kapitalis.com\/tunisie\/#organization\",\"name\":\"Kapitalis\",\"url\":\"https:\/\/kapitalis.com\/tunisie\/\",\"logo\":{\"@type\":\"ImageObject\",\"inLanguage\":\"fr-FR\",\"@id\":\"https:\/\/kapitalis.com\/tunisie\/#\/schema\/logo\/image\/\",\"url\":\"https:\/\/kapitalis.com\/tunisie\/wp-content\/uploads\/2022\/05\/Kapitalis-big-size.png\",\"contentUrl\":\"https:\/\/kapitalis.com\/tunisie\/wp-content\/uploads\/2022\/05\/Kapitalis-big-size.png\",\"width\":5000,\"height\":1500,\"caption\":\"Kapitalis\"},\"image\":{\"@id\":\"https:\/\/kapitalis.com\/tunisie\/#\/schema\/logo\/image\/\"},\"sameAs\":[\"https:\/\/www.facebook.com\/KapitalisInfo\/\",\"https:\/\/x.com\/KapitalisInfo\",\"https:\/\/www.youtube.com\/channel\/UC-yDYrHyfFBWWZaOw3FPg9Q\"]},{\"@type\":\"Person\",\"@id\":\"https:\/\/kapitalis.com\/tunisie\/#\/schema\/person\/74bbde0154d49d790a92aaeac5bc01d5\",\"name\":\"Yusra NY\",\"url\":\"https:\/\/kapitalis.com\/tunisie\/author\/yuza_adam\/\"}]}<\/script>\n<!-- \/ Yoast SEO plugin. -->","yoast_head_json":{"title":"Hammam-Lif : La Tunisie enregistre son 39e d\u00e9c\u00e8s, caus\u00e9 par le coronavirus - Kapitalis","robots":{"index":"index","follow":"follow","max-snippet":"max-snippet:-1","max-image-preview":"max-image-preview:large","max-video-preview":"max-video-preview:-1"},"canonical":"https:\/\/kapitalis.com\/tunisie\/2020\/04\/27\/hammam-lif-la-tunisie-enregistre-son-39e-deces-cause-par-le-coronavirus\/","og_locale":"fr_FR","og_type":"article","og_title":"Hammam-Lif : La Tunisie enregistre son 39e d\u00e9c\u00e8s, caus\u00e9 par le coronavirus - Kapitalis","og_description":"Le maire de Hammam-Lif (sud de Tunis), Mohamed Ayari, a annonc\u00e9 hier soir, sur sa page officielle Facebook, le d\u00e9c\u00e8s d\u2019une femme \u00e2g\u00e9e, originaire de la ville : \u00abLe test de d\u00e9pistage du coronavirus post-mortem s&rsquo;est av\u00e9r\u00e9 positif\u00bb, a-t-il affirm\u00e9.","og_url":"https:\/\/kapitalis.com\/tunisie\/2020\/04\/27\/hammam-lif-la-tunisie-enregistre-son-39e-deces-cause-par-le-coronavirus\/","og_site_name":"Kapitalis","article_publisher":"https:\/\/www.facebook.com\/KapitalisInfo\/","article_published_time":"2020-04-27T17:20:36+00:00","article_modified_time":"2020-04-28T06:30:14+00:00","og_image":[{"url":"http:\/\/kapitalis.com\/tunisie\/wp-content\/uploads\/2020\/04\/coronavirus-mort.jpg","type":"","width":"","height":""}],"author":"Yusra NY","twitter_card":"summary_large_image","twitter_creator":"@KapitalisInfo","twitter_site":"@KapitalisInfo","twitter_misc":{"\u00c9crit par":"Yusra NY","Dur\u00e9e de lecture estim\u00e9e":"1 minute"},"schema":{"@context":"https:\/\/schema.org","@graph":[{"@type":"Article","@id":"https:\/\/kapitalis.com\/tunisie\/2020\/04\/27\/hammam-lif-la-tunisie-enregistre-son-39e-deces-cause-par-le-coronavirus\/#article","isPartOf":{"@id":"https:\/\/kapitalis.com\/tunisie\/2020\/04\/27\/hammam-lif-la-tunisie-enregistre-son-39e-deces-cause-par-le-coronavirus\/"},"author":{"name":"Yusra NY","@id":"https:\/\/kapitalis.com\/tunisie\/#\/schema\/person\/74bbde0154d49d790a92aaeac5bc01d5"},"headline":"Hammam-Lif : La Tunisie enregistre son 39e d\u00e9c\u00e8s, caus\u00e9 par le coronavirus","datePublished":"2020-04-27T17:20:36+00:00","dateModified":"2020-04-28T06:30:14+00:00","mainEntityOfPage":{"@id":"https:\/\/kapitalis.com\/tunisie\/2020\/04\/27\/hammam-lif-la-tunisie-enregistre-son-39e-deces-cause-par-le-coronavirus\/"},"wordCount":158,"commentCount":0,"publisher":{"@id":"https:\/\/kapitalis.com\/tunisie\/#organization"},"image":{"@id":"https:\/\/kapitalis.com\/tunisie\/2020\/04\/27\/hammam-lif-la-tunisie-enregistre-son-39e-deces-cause-par-le-coronavirus\/#primaryimage"},"thumbnailUrl":"http:\/\/kapitalis.com\/tunisie\/wp-content\/uploads\/2020\/04\/coronavirus-mort.jpg","keywords":["Coronavirus","Covid-19","d\u00e9c\u00e8s","Hammam-Lif","h\u00f4pital militaire","Tunis"],"articleSection":["SOCIETE","Tunisie"],"inLanguage":"fr-FR","potentialAction":[{"@type":"CommentAction","name":"Comment","target":["https:\/\/kapitalis.com\/tunisie\/2020\/04\/27\/hammam-lif-la-tunisie-enregistre-son-39e-deces-cause-par-le-coronavirus\/#respond"]}]},{"@type":"WebPage","@id":"https:\/\/kapitalis.com\/tunisie\/2020\/04\/27\/hammam-lif-la-tunisie-enregistre-son-39e-deces-cause-par-le-coronavirus\/","url":"https:\/\/kapitalis.com\/tunisie\/2020\/04\/27\/hammam-lif-la-tunisie-enregistre-son-39e-deces-cause-par-le-coronavirus\/","name":"Hammam-Lif : La Tunisie enregistre son 39e d\u00e9c\u00e8s, caus\u00e9 par le coronavirus - Kapitalis","isPartOf":{"@id":"https:\/\/kapitalis.com\/tunisie\/#website"},"primaryImageOfPage":{"@id":"https:\/\/kapitalis.com\/tunisie\/2020\/04\/27\/hammam-lif-la-tunisie-enregistre-son-39e-deces-cause-par-le-coronavirus\/#primaryimage"},"image":{"@id":"https:\/\/kapitalis.com\/tunisie\/2020\/04\/27\/hammam-lif-la-tunisie-enregistre-son-39e-deces-cause-par-le-coronavirus\/#primaryimage"},"thumbnailUrl":"http:\/\/kapitalis.com\/tunisie\/wp-content\/uploads\/2020\/04\/coronavirus-mort.jpg","datePublished":"2020-04-27T17:20:36+00:00","dateModified":"2020-04-28T06:30:14+00:00","breadcrumb":{"@id":"https:\/\/kapitalis.com\/tunisie\/2020\/04\/27\/hammam-lif-la-tunisie-enregistre-son-39e-deces-cause-par-le-coronavirus\/#breadcrumb"},"inLanguage":"fr-FR","potentialAction":[{"@type":"ReadAction","target":["https:\/\/kapitalis.com\/tunisie\/2020\/04\/27\/hammam-lif-la-tunisie-enregistre-son-39e-deces-cause-par-le-coronavirus\/"]}]},{"@type":"ImageObject","inLanguage":"fr-FR","@id":"https:\/\/kapitalis.com\/tunisie\/2020\/04\/27\/hammam-lif-la-tunisie-enregistre-son-39e-deces-cause-par-le-coronavirus\/#primaryimage","url":"","contentUrl":""},{"@type":"BreadcrumbList","@id":"https:\/\/kapitalis.com\/tunisie\/2020\/04\/27\/hammam-lif-la-tunisie-enregistre-son-39e-deces-cause-par-le-coronavirus\/#breadcrumb","itemListElement":[{"@type":"ListItem","position":1,"name":"Accueil","item":"https:\/\/kapitalis.com\/tunisie\/"},{"@type":"ListItem","position":2,"name":"Hammam-Lif : La Tunisie enregistre son 39e d\u00e9c\u00e8s, caus\u00e9 par le coronavirus"}]},{"@type":"WebSite","@id":"https:\/\/kapitalis.com\/tunisie\/#website","url":"https:\/\/kapitalis.com\/tunisie\/","name":"Kapitalis","description":"L&#039;actualit\u00e9 en Tunisie et dans le monde","publisher":{"@id":"https:\/\/kapitalis.com\/tunisie\/#organization"},"potentialAction":[{"@type":"SearchAction","target":{"@type":"EntryPoint","urlTemplate":"https:\/\/kapitalis.com\/tunisie\/?s={search_term_string}"},"query-input":{"@type":"PropertyValueSpecification","valueRequired":true,"valueName":"search_term_string"}}],"inLanguage":"fr-FR"},{"@type":"Organization","@id":"https:\/\/kapitalis.com\/tunisie\/#organization","name":"Kapitalis","url":"https:\/\/kapitalis.com\/tunisie\/","logo":{"@type":"ImageObject","inLanguage":"fr-FR","@id":"https:\/\/kapitalis.com\/tunisie\/#\/schema\/logo\/image\/","url":"https:\/\/kapitalis.com\/tunisie\/wp-content\/uploads\/2022\/05\/Kapitalis-big-size.png","contentUrl":"https:\/\/kapitalis.com\/tunisie\/wp-content\/uploads\/2022\/05\/Kapitalis-big-size.png","width":5000,"height":1500,"caption":"Kapitalis"},"image":{"@id":"https:\/\/kapitalis.com\/tunisie\/#\/schema\/logo\/image\/"},"sameAs":["https:\/\/www.facebook.com\/KapitalisInfo\/","https:\/\/x.com\/KapitalisInfo","https:\/\/www.youtube.com\/channel\/UC-yDYrHyfFBWWZaOw3FPg9Q"]},{"@type":"Person","@id":"https:\/\/kapitalis.com\/tunisie\/#\/schema\/person\/74bbde0154d49d790a92aaeac5bc01d5","name":"Yusra NY","url":"https:\/\/kapitalis.com\/tunisie\/author\/yuza_adam\/"}]}},"_links":{"self":[{"href":"https:\/\/kapitalis.com\/tunisie\/wp-json\/wp\/v2\/posts\/296364","targetHints":{"allow":["GET"]}}],"collection":[{"href":"https:\/\/kapitalis.com\/tunisie\/wp-json\/wp\/v2\/posts"}],"about":[{"href":"https:\/\/kapitalis.com\/tunisie\/wp-json\/wp\/v2\/types\/post"}],"author":[{"embeddable":true,"href":"https:\/\/kapitalis.com\/tunisie\/wp-json\/wp\/v2\/users\/6"}],"replies":[{"embeddable":true,"href":"https:\/\/kapitalis.com\/tunisie\/wp-json\/wp\/v2\/comments?post=296364"}],"version-history":[{"count":0,"href":"https:\/\/kapitalis.com\/tunisie\/wp-json\/wp\/v2\/posts\/296364\/revisions"}],"wp:attachment":[{"href":"https:\/\/kapitalis.com\/tunisie\/wp-json\/wp\/v2\/media?parent=296364"}],"wp:term":[{"taxonomy":"category","embeddable":true,"href":"https:\/\/kapitalis.com\/tunisie\/wp-json\/wp\/v2\/categories?post=296364"},{"taxonomy":"post_tag","embeddable":true,"href":"https:\/\/kapitalis.com\/tunisie\/wp-json\/wp\/v2\/tags?post=296364"}],"curies":[{"name":"wp","href":"https:\/\/api.w.org\/{rel}","templated":true}]}}