{"id":2964035,"date":"2022-08-11T13:19:00","date_gmt":"2022-08-11T12:19:00","guid":{"rendered":"https:\/\/kapitalis.com\/tunisie\/?p=2964035"},"modified":"2022-08-11T13:19:01","modified_gmt":"2022-08-11T12:19:01","slug":"tunisie-la-liste-des-magistrats-concernes-par-la-decision-du-tribunal-administratif-selon-hammadi-rahmani","status":"publish","type":"post","link":"https:\/\/kapitalis.com\/tunisie\/2022\/08\/11\/tunisie-la-liste-des-magistrats-concernes-par-la-decision-du-tribunal-administratif-selon-hammadi-rahmani\/","title":{"rendered":"Tunisie : La liste des magistrats concern\u00e9s par la d\u00e9cision du Tribunal administratif, selon Hammadi Rahmani"},"content":{"rendered":"\n<p><strong><em>Quarante&#8211;neuf magistrats seraient concern\u00e9s par la d\u00e9cision du Tribunal administratif suspendant leur r\u00e9vocation par le pr\u00e9sident de la r\u00e9publique, Ka\u00efs Sa\u00efed, en juin dernier, si on en croit le magistrat Hammadi Rahmani, lui-m\u00eame concern\u00e9 par la sanction du chef de l&rsquo;Etat.<\/em><\/strong><\/p>\n\n\n\n<!--more-->\n\n\n\n<p>Ce dernier a, en effet, publi\u00e9, ce jeudi 11 ao\u00fbt 2022, sur son compte Facebook, une liste des 49 magistrats en question (o\u00f9 on trouve notamment son nom).<\/p>\n\n\n\n<p>Il a, par ailleurs, rappel\u00e9 que 8 juges seulement ont vu la d\u00e9cision de leur r\u00e9vocation maintenue, affirmant qu&rsquo;ils seront eux aussi innocent\u00e9s dans l&rsquo;avenir.<\/p>\n\n\n<div class=\"wp-block-image\">\n<figure class=\"aligncenter size-full is-resized\"><img loading=\"lazy\" decoding=\"async\" src=\"https:\/\/kapitalis.com\/tunisie\/wp-content\/uploads\/2022\/08\/hammadi-rahmani.jpg\" alt=\"\" class=\"wp-image-2964748\" width=\"600\" height=\"730\"\/><figcaption><em>Hammadi Rahmani<\/em><\/figcaption><\/figure>\n<\/div>\n\n\n<p>Selon M. Rahmani, donc, le secteur judiciaire tunisien est propre comme un sou neuf ! Curieuse conviction tout de m\u00eame. Il reste \u00e0 savoir si elle \u00e9mane du sens du corporatisme de ce juge, ou tout simplement de sa na\u00efvet\u00e9. Parce que l&rsquo;hypoth\u00e8se qu&rsquo;l dispose de la preuve d&rsquo;innocence de tous les juges tunisiens para\u00eet peu probable.<\/p>\n\n\n\n<p>Voici la liste publi\u00e9e par Hammadi Rahmani :<\/p>\n\n\n<div class=\"wp-block-image\">\n<figure class=\"aligncenter size-full is-resized\"><img decoding=\"async\" src=\"https:\/\/kapitalis.com\/tunisie\/wp-content\/uploads\/2022\/08\/juges-innocentes-2.jpg\" alt=\"\" class=\"wp-image-2964600\" width=\"600\" srcset=\"https:\/\/kapitalis.com\/tunisie\/wp-content\/uploads\/2022\/08\/juges-innocentes-2.jpg 516w, https:\/\/kapitalis.com\/tunisie\/wp-content\/uploads\/2022\/08\/juges-innocentes-2-204x300.jpg 204w\" sizes=\"(max-width: 516px) 100vw, 516px\" \/><\/figure>\n<\/div>\n\n\n<p class=\"has-text-align-right\"><strong>C. B. Y.<\/strong><\/p>\n\n\n\n<figure class=\"wp-block-embed is-type-wp-embed is-provider-kapitalis wp-block-embed-kapitalis\"><div class=\"wp-block-embed__wrapper\">\n<blockquote class=\"wp-embedded-content\" data-secret=\"BUApQIG19P\"><a href=\"https:\/\/kapitalis.com\/tunisie\/2022\/08\/10\/tunisie-le-tribunal-administratif-repond-favorablement-aux-recours-de-plusieurs-magistrats-revoques\/\">Tunisie : Le Tribunal administratif r\u00e9pond favorablement aux recours de plusieurs magistrats r\u00e9voqu\u00e9s<\/a><\/blockquote><iframe loading=\"lazy\" class=\"wp-embedded-content\" sandbox=\"allow-scripts\" security=\"restricted\" style=\"position: absolute; clip: rect(1px, 1px, 1px, 1px);\" title=\"\u00ab\u00a0Tunisie : Le Tribunal administratif r\u00e9pond favorablement aux recours de plusieurs magistrats r\u00e9voqu\u00e9s\u00a0\u00bb &#8212; Kapitalis\" src=\"https:\/\/kapitalis.com\/tunisie\/2022\/08\/10\/tunisie-le-tribunal-administratif-repond-favorablement-aux-recours-de-plusieurs-magistrats-revoques\/embed\/#?secret=vfWjkJluVm#?secret=BUApQIG19P\" data-secret=\"BUApQIG19P\" width=\"600\" height=\"338\" frameborder=\"0\" marginwidth=\"0\" marginheight=\"0\" scrolling=\"no\"><\/iframe>\n<\/div><\/figure>\n","protected":false},"excerpt":{"rendered":"<p>Quarante&#8211;neuf magistrats seraient concern\u00e9s par la d\u00e9cision du Tribunal administratif suspendant leur r\u00e9vocation par le pr\u00e9sident de la r\u00e9publique, Ka\u00efs Sa\u00efed, en juin dernier, si on en croit le magistrat Hammadi Rahmani, lui-m\u00eame concern\u00e9 par la sanction du chef de l&rsquo;Etat.<\/p>\n","protected":false},"author":24,"featured_media":1618215,"comment_status":"open","ping_status":"open","sticky":false,"template":"","format":"standard","meta":{"footnotes":""},"categories":[997,2433],"tags":[100837,76012,100374,1772,62643],"class_list":["post-2964035","post","type-post","status-publish","format-standard","has-post-thumbnail","hentry","category-politique","category-tunisie","tag-hammadi-rahmani","tag-kais-saied-2","tag-magistrats-revoques","tag-tribunal-administratif","tag-tunisie"],"yoast_head":"<!-- This site is optimized with the Yoast SEO plugin v26.6 - https:\/\/yoast.com\/wordpress\/plugins\/seo\/ -->\n<title>Tunisie : La liste des magistrats concern\u00e9s par la d\u00e9cision du Tribunal administratif, selon Hammadi Rahmani - Kapitalis<\/title>\n<meta name=\"robots\" content=\"index, follow, max-snippet:-1, max-image-preview:large, max-video-preview:-1\" \/>\n<link rel=\"canonical\" href=\"https:\/\/kapitalis.com\/tunisie\/2022\/08\/11\/tunisie-la-liste-des-magistrats-concernes-par-la-decision-du-tribunal-administratif-selon-hammadi-rahmani\/\" \/>\n<meta property=\"og:locale\" content=\"fr_FR\" \/>\n<meta property=\"og:type\" content=\"article\" \/>\n<meta property=\"og:title\" content=\"Tunisie : La liste des magistrats concern\u00e9s par la d\u00e9cision du Tribunal administratif, selon Hammadi Rahmani - Kapitalis\" \/>\n<meta property=\"og:description\" content=\"Quarante&#8211;neuf magistrats seraient concern\u00e9s par la d\u00e9cision du Tribunal administratif suspendant leur r\u00e9vocation par le pr\u00e9sident de la r\u00e9publique, Ka\u00efs Sa\u00efed, en juin dernier, si on en croit le magistrat Hammadi Rahmani, lui-m\u00eame concern\u00e9 par la sanction du chef de l&rsquo;Etat.\" \/>\n<meta property=\"og:url\" content=\"https:\/\/kapitalis.com\/tunisie\/2022\/08\/11\/tunisie-la-liste-des-magistrats-concernes-par-la-decision-du-tribunal-administratif-selon-hammadi-rahmani\/\" \/>\n<meta property=\"og:site_name\" content=\"Kapitalis\" \/>\n<meta property=\"article:publisher\" content=\"https:\/\/www.facebook.com\/KapitalisInfo\/\" \/>\n<meta property=\"article:published_time\" content=\"2022-08-11T12:19:00+00:00\" \/>\n<meta property=\"article:modified_time\" content=\"2022-08-11T12:19:01+00:00\" \/>\n<meta property=\"og:image\" content=\"https:\/\/kapitalis.com\/tunisie\/wp-content\/uploads\/2022\/06\/juges-tunisie.jpg\" \/>\n\t<meta property=\"og:image:width\" content=\"1200\" \/>\n\t<meta property=\"og:image:height\" content=\"620\" \/>\n\t<meta property=\"og:image:type\" content=\"image\/jpeg\" \/>\n<meta name=\"author\" content=\"Cherif Benyounes\" \/>\n<meta name=\"twitter:card\" content=\"summary_large_image\" \/>\n<meta name=\"twitter:creator\" content=\"@KapitalisInfo\" \/>\n<meta name=\"twitter:site\" content=\"@KapitalisInfo\" \/>\n<meta name=\"twitter:label1\" content=\"\u00c9crit par\" \/>\n\t<meta name=\"twitter:data1\" content=\"Cherif Benyounes\" \/>\n\t<meta name=\"twitter:label2\" content=\"Dur\u00e9e de lecture estim\u00e9e\" \/>\n\t<meta name=\"twitter:data2\" content=\"2 minutes\" \/>\n<script type=\"application\/ld+json\" class=\"yoast-schema-graph\">{\"@context\":\"https:\/\/schema.org\",\"@graph\":[{\"@type\":\"Article\",\"@id\":\"https:\/\/kapitalis.com\/tunisie\/2022\/08\/11\/tunisie-la-liste-des-magistrats-concernes-par-la-decision-du-tribunal-administratif-selon-hammadi-rahmani\/#article\",\"isPartOf\":{\"@id\":\"https:\/\/kapitalis.com\/tunisie\/2022\/08\/11\/tunisie-la-liste-des-magistrats-concernes-par-la-decision-du-tribunal-administratif-selon-hammadi-rahmani\/\"},\"author\":{\"name\":\"Cherif Benyounes\",\"@id\":\"https:\/\/kapitalis.com\/tunisie\/#\/schema\/person\/b35b8d631961131107263178aeb8019e\"},\"headline\":\"Tunisie : La liste des magistrats concern\u00e9s par la d\u00e9cision du Tribunal administratif, selon Hammadi Rahmani\",\"datePublished\":\"2022-08-11T12:19:00+00:00\",\"dateModified\":\"2022-08-11T12:19:01+00:00\",\"mainEntityOfPage\":{\"@id\":\"https:\/\/kapitalis.com\/tunisie\/2022\/08\/11\/tunisie-la-liste-des-magistrats-concernes-par-la-decision-du-tribunal-administratif-selon-hammadi-rahmani\/\"},\"wordCount\":196,\"commentCount\":2,\"publisher\":{\"@id\":\"https:\/\/kapitalis.com\/tunisie\/#organization\"},\"image\":{\"@id\":\"https:\/\/kapitalis.com\/tunisie\/2022\/08\/11\/tunisie-la-liste-des-magistrats-concernes-par-la-decision-du-tribunal-administratif-selon-hammadi-rahmani\/#primaryimage\"},\"thumbnailUrl\":\"https:\/\/kapitalis.com\/tunisie\/wp-content\/uploads\/2022\/06\/juges-tunisie.jpg\",\"keywords\":[\"Hammadi Rahmani\",\"Ka\u00efs Sa\u00efed\",\"magistrats r\u00e9voqu\u00e9s\",\"tribunal administratif\",\"Tunisie\"],\"articleSection\":[\"POLITIQUE\",\"Tunisie\"],\"inLanguage\":\"fr-FR\",\"potentialAction\":[{\"@type\":\"CommentAction\",\"name\":\"Comment\",\"target\":[\"https:\/\/kapitalis.com\/tunisie\/2022\/08\/11\/tunisie-la-liste-des-magistrats-concernes-par-la-decision-du-tribunal-administratif-selon-hammadi-rahmani\/#respond\"]}]},{\"@type\":\"WebPage\",\"@id\":\"https:\/\/kapitalis.com\/tunisie\/2022\/08\/11\/tunisie-la-liste-des-magistrats-concernes-par-la-decision-du-tribunal-administratif-selon-hammadi-rahmani\/\",\"url\":\"https:\/\/kapitalis.com\/tunisie\/2022\/08\/11\/tunisie-la-liste-des-magistrats-concernes-par-la-decision-du-tribunal-administratif-selon-hammadi-rahmani\/\",\"name\":\"Tunisie : La liste des magistrats concern\u00e9s par la d\u00e9cision du Tribunal administratif, selon Hammadi Rahmani - Kapitalis\",\"isPartOf\":{\"@id\":\"https:\/\/kapitalis.com\/tunisie\/#website\"},\"primaryImageOfPage\":{\"@id\":\"https:\/\/kapitalis.com\/tunisie\/2022\/08\/11\/tunisie-la-liste-des-magistrats-concernes-par-la-decision-du-tribunal-administratif-selon-hammadi-rahmani\/#primaryimage\"},\"image\":{\"@id\":\"https:\/\/kapitalis.com\/tunisie\/2022\/08\/11\/tunisie-la-liste-des-magistrats-concernes-par-la-decision-du-tribunal-administratif-selon-hammadi-rahmani\/#primaryimage\"},\"thumbnailUrl\":\"https:\/\/kapitalis.com\/tunisie\/wp-content\/uploads\/2022\/06\/juges-tunisie.jpg\",\"datePublished\":\"2022-08-11T12:19:00+00:00\",\"dateModified\":\"2022-08-11T12:19:01+00:00\",\"breadcrumb\":{\"@id\":\"https:\/\/kapitalis.com\/tunisie\/2022\/08\/11\/tunisie-la-liste-des-magistrats-concernes-par-la-decision-du-tribunal-administratif-selon-hammadi-rahmani\/#breadcrumb\"},\"inLanguage\":\"fr-FR\",\"potentialAction\":[{\"@type\":\"ReadAction\",\"target\":[\"https:\/\/kapitalis.com\/tunisie\/2022\/08\/11\/tunisie-la-liste-des-magistrats-concernes-par-la-decision-du-tribunal-administratif-selon-hammadi-rahmani\/\"]}]},{\"@type\":\"ImageObject\",\"inLanguage\":\"fr-FR\",\"@id\":\"https:\/\/kapitalis.com\/tunisie\/2022\/08\/11\/tunisie-la-liste-des-magistrats-concernes-par-la-decision-du-tribunal-administratif-selon-hammadi-rahmani\/#primaryimage\",\"url\":\"https:\/\/kapitalis.com\/tunisie\/wp-content\/uploads\/2022\/06\/juges-tunisie.jpg\",\"contentUrl\":\"https:\/\/kapitalis.com\/tunisie\/wp-content\/uploads\/2022\/06\/juges-tunisie.jpg\",\"width\":1200,\"height\":620},{\"@type\":\"BreadcrumbList\",\"@id\":\"https:\/\/kapitalis.com\/tunisie\/2022\/08\/11\/tunisie-la-liste-des-magistrats-concernes-par-la-decision-du-tribunal-administratif-selon-hammadi-rahmani\/#breadcrumb\",\"itemListElement\":[{\"@type\":\"ListItem\",\"position\":1,\"name\":\"Accueil\",\"item\":\"https:\/\/kapitalis.com\/tunisie\/\"},{\"@type\":\"ListItem\",\"position\":2,\"name\":\"Tunisie : La liste des magistrats concern\u00e9s par la d\u00e9cision du Tribunal administratif, selon Hammadi Rahmani\"}]},{\"@type\":\"WebSite\",\"@id\":\"https:\/\/kapitalis.com\/tunisie\/#website\",\"url\":\"https:\/\/kapitalis.com\/tunisie\/\",\"name\":\"Kapitalis\",\"description\":\"L&#039;actualit\u00e9 en Tunisie et dans le monde\",\"publisher\":{\"@id\":\"https:\/\/kapitalis.com\/tunisie\/#organization\"},\"potentialAction\":[{\"@type\":\"SearchAction\",\"target\":{\"@type\":\"EntryPoint\",\"urlTemplate\":\"https:\/\/kapitalis.com\/tunisie\/?s={search_term_string}\"},\"query-input\":{\"@type\":\"PropertyValueSpecification\",\"valueRequired\":true,\"valueName\":\"search_term_string\"}}],\"inLanguage\":\"fr-FR\"},{\"@type\":\"Organization\",\"@id\":\"https:\/\/kapitalis.com\/tunisie\/#organization\",\"name\":\"Kapitalis\",\"url\":\"https:\/\/kapitalis.com\/tunisie\/\",\"logo\":{\"@type\":\"ImageObject\",\"inLanguage\":\"fr-FR\",\"@id\":\"https:\/\/kapitalis.com\/tunisie\/#\/schema\/logo\/image\/\",\"url\":\"https:\/\/kapitalis.com\/tunisie\/wp-content\/uploads\/2022\/05\/Kapitalis-big-size.png\",\"contentUrl\":\"https:\/\/kapitalis.com\/tunisie\/wp-content\/uploads\/2022\/05\/Kapitalis-big-size.png\",\"width\":5000,\"height\":1500,\"caption\":\"Kapitalis\"},\"image\":{\"@id\":\"https:\/\/kapitalis.com\/tunisie\/#\/schema\/logo\/image\/\"},\"sameAs\":[\"https:\/\/www.facebook.com\/KapitalisInfo\/\",\"https:\/\/x.com\/KapitalisInfo\",\"https:\/\/www.youtube.com\/channel\/UC-yDYrHyfFBWWZaOw3FPg9Q\"]},{\"@type\":\"Person\",\"@id\":\"https:\/\/kapitalis.com\/tunisie\/#\/schema\/person\/b35b8d631961131107263178aeb8019e\",\"name\":\"Cherif Benyounes\",\"url\":\"https:\/\/kapitalis.com\/tunisie\/author\/cherif\/\"}]}<\/script>\n<!-- \/ Yoast SEO plugin. -->","yoast_head_json":{"title":"Tunisie : La liste des magistrats concern\u00e9s par la d\u00e9cision du Tribunal administratif, selon Hammadi Rahmani - Kapitalis","robots":{"index":"index","follow":"follow","max-snippet":"max-snippet:-1","max-image-preview":"max-image-preview:large","max-video-preview":"max-video-preview:-1"},"canonical":"https:\/\/kapitalis.com\/tunisie\/2022\/08\/11\/tunisie-la-liste-des-magistrats-concernes-par-la-decision-du-tribunal-administratif-selon-hammadi-rahmani\/","og_locale":"fr_FR","og_type":"article","og_title":"Tunisie : La liste des magistrats concern\u00e9s par la d\u00e9cision du Tribunal administratif, selon Hammadi Rahmani - Kapitalis","og_description":"Quarante&#8211;neuf magistrats seraient concern\u00e9s par la d\u00e9cision du Tribunal administratif suspendant leur r\u00e9vocation par le pr\u00e9sident de la r\u00e9publique, Ka\u00efs Sa\u00efed, en juin dernier, si on en croit le magistrat Hammadi Rahmani, lui-m\u00eame concern\u00e9 par la sanction du chef de l&rsquo;Etat.","og_url":"https:\/\/kapitalis.com\/tunisie\/2022\/08\/11\/tunisie-la-liste-des-magistrats-concernes-par-la-decision-du-tribunal-administratif-selon-hammadi-rahmani\/","og_site_name":"Kapitalis","article_publisher":"https:\/\/www.facebook.com\/KapitalisInfo\/","article_published_time":"2022-08-11T12:19:00+00:00","article_modified_time":"2022-08-11T12:19:01+00:00","og_image":[{"width":1200,"height":620,"url":"https:\/\/kapitalis.com\/tunisie\/wp-content\/uploads\/2022\/06\/juges-tunisie.jpg","type":"image\/jpeg"}],"author":"Cherif Benyounes","twitter_card":"summary_large_image","twitter_creator":"@KapitalisInfo","twitter_site":"@KapitalisInfo","twitter_misc":{"\u00c9crit par":"Cherif Benyounes","Dur\u00e9e de lecture estim\u00e9e":"2 minutes"},"schema":{"@context":"https:\/\/schema.org","@graph":[{"@type":"Article","@id":"https:\/\/kapitalis.com\/tunisie\/2022\/08\/11\/tunisie-la-liste-des-magistrats-concernes-par-la-decision-du-tribunal-administratif-selon-hammadi-rahmani\/#article","isPartOf":{"@id":"https:\/\/kapitalis.com\/tunisie\/2022\/08\/11\/tunisie-la-liste-des-magistrats-concernes-par-la-decision-du-tribunal-administratif-selon-hammadi-rahmani\/"},"author":{"name":"Cherif Benyounes","@id":"https:\/\/kapitalis.com\/tunisie\/#\/schema\/person\/b35b8d631961131107263178aeb8019e"},"headline":"Tunisie : La liste des magistrats concern\u00e9s par la d\u00e9cision du Tribunal administratif, selon Hammadi Rahmani","datePublished":"2022-08-11T12:19:00+00:00","dateModified":"2022-08-11T12:19:01+00:00","mainEntityOfPage":{"@id":"https:\/\/kapitalis.com\/tunisie\/2022\/08\/11\/tunisie-la-liste-des-magistrats-concernes-par-la-decision-du-tribunal-administratif-selon-hammadi-rahmani\/"},"wordCount":196,"commentCount":2,"publisher":{"@id":"https:\/\/kapitalis.com\/tunisie\/#organization"},"image":{"@id":"https:\/\/kapitalis.com\/tunisie\/2022\/08\/11\/tunisie-la-liste-des-magistrats-concernes-par-la-decision-du-tribunal-administratif-selon-hammadi-rahmani\/#primaryimage"},"thumbnailUrl":"https:\/\/kapitalis.com\/tunisie\/wp-content\/uploads\/2022\/06\/juges-tunisie.jpg","keywords":["Hammadi Rahmani","Ka\u00efs Sa\u00efed","magistrats r\u00e9voqu\u00e9s","tribunal administratif","Tunisie"],"articleSection":["POLITIQUE","Tunisie"],"inLanguage":"fr-FR","potentialAction":[{"@type":"CommentAction","name":"Comment","target":["https:\/\/kapitalis.com\/tunisie\/2022\/08\/11\/tunisie-la-liste-des-magistrats-concernes-par-la-decision-du-tribunal-administratif-selon-hammadi-rahmani\/#respond"]}]},{"@type":"WebPage","@id":"https:\/\/kapitalis.com\/tunisie\/2022\/08\/11\/tunisie-la-liste-des-magistrats-concernes-par-la-decision-du-tribunal-administratif-selon-hammadi-rahmani\/","url":"https:\/\/kapitalis.com\/tunisie\/2022\/08\/11\/tunisie-la-liste-des-magistrats-concernes-par-la-decision-du-tribunal-administratif-selon-hammadi-rahmani\/","name":"Tunisie : La liste des magistrats concern\u00e9s par la d\u00e9cision du Tribunal administratif, selon Hammadi Rahmani - Kapitalis","isPartOf":{"@id":"https:\/\/kapitalis.com\/tunisie\/#website"},"primaryImageOfPage":{"@id":"https:\/\/kapitalis.com\/tunisie\/2022\/08\/11\/tunisie-la-liste-des-magistrats-concernes-par-la-decision-du-tribunal-administratif-selon-hammadi-rahmani\/#primaryimage"},"image":{"@id":"https:\/\/kapitalis.com\/tunisie\/2022\/08\/11\/tunisie-la-liste-des-magistrats-concernes-par-la-decision-du-tribunal-administratif-selon-hammadi-rahmani\/#primaryimage"},"thumbnailUrl":"https:\/\/kapitalis.com\/tunisie\/wp-content\/uploads\/2022\/06\/juges-tunisie.jpg","datePublished":"2022-08-11T12:19:00+00:00","dateModified":"2022-08-11T12:19:01+00:00","breadcrumb":{"@id":"https:\/\/kapitalis.com\/tunisie\/2022\/08\/11\/tunisie-la-liste-des-magistrats-concernes-par-la-decision-du-tribunal-administratif-selon-hammadi-rahmani\/#breadcrumb"},"inLanguage":"fr-FR","potentialAction":[{"@type":"ReadAction","target":["https:\/\/kapitalis.com\/tunisie\/2022\/08\/11\/tunisie-la-liste-des-magistrats-concernes-par-la-decision-du-tribunal-administratif-selon-hammadi-rahmani\/"]}]},{"@type":"ImageObject","inLanguage":"fr-FR","@id":"https:\/\/kapitalis.com\/tunisie\/2022\/08\/11\/tunisie-la-liste-des-magistrats-concernes-par-la-decision-du-tribunal-administratif-selon-hammadi-rahmani\/#primaryimage","url":"https:\/\/kapitalis.com\/tunisie\/wp-content\/uploads\/2022\/06\/juges-tunisie.jpg","contentUrl":"https:\/\/kapitalis.com\/tunisie\/wp-content\/uploads\/2022\/06\/juges-tunisie.jpg","width":1200,"height":620},{"@type":"BreadcrumbList","@id":"https:\/\/kapitalis.com\/tunisie\/2022\/08\/11\/tunisie-la-liste-des-magistrats-concernes-par-la-decision-du-tribunal-administratif-selon-hammadi-rahmani\/#breadcrumb","itemListElement":[{"@type":"ListItem","position":1,"name":"Accueil","item":"https:\/\/kapitalis.com\/tunisie\/"},{"@type":"ListItem","position":2,"name":"Tunisie : La liste des magistrats concern\u00e9s par la d\u00e9cision du Tribunal administratif, selon Hammadi Rahmani"}]},{"@type":"WebSite","@id":"https:\/\/kapitalis.com\/tunisie\/#website","url":"https:\/\/kapitalis.com\/tunisie\/","name":"Kapitalis","description":"L&#039;actualit\u00e9 en Tunisie et dans le monde","publisher":{"@id":"https:\/\/kapitalis.com\/tunisie\/#organization"},"potentialAction":[{"@type":"SearchAction","target":{"@type":"EntryPoint","urlTemplate":"https:\/\/kapitalis.com\/tunisie\/?s={search_term_string}"},"query-input":{"@type":"PropertyValueSpecification","valueRequired":true,"valueName":"search_term_string"}}],"inLanguage":"fr-FR"},{"@type":"Organization","@id":"https:\/\/kapitalis.com\/tunisie\/#organization","name":"Kapitalis","url":"https:\/\/kapitalis.com\/tunisie\/","logo":{"@type":"ImageObject","inLanguage":"fr-FR","@id":"https:\/\/kapitalis.com\/tunisie\/#\/schema\/logo\/image\/","url":"https:\/\/kapitalis.com\/tunisie\/wp-content\/uploads\/2022\/05\/Kapitalis-big-size.png","contentUrl":"https:\/\/kapitalis.com\/tunisie\/wp-content\/uploads\/2022\/05\/Kapitalis-big-size.png","width":5000,"height":1500,"caption":"Kapitalis"},"image":{"@id":"https:\/\/kapitalis.com\/tunisie\/#\/schema\/logo\/image\/"},"sameAs":["https:\/\/www.facebook.com\/KapitalisInfo\/","https:\/\/x.com\/KapitalisInfo","https:\/\/www.youtube.com\/channel\/UC-yDYrHyfFBWWZaOw3FPg9Q"]},{"@type":"Person","@id":"https:\/\/kapitalis.com\/tunisie\/#\/schema\/person\/b35b8d631961131107263178aeb8019e","name":"Cherif Benyounes","url":"https:\/\/kapitalis.com\/tunisie\/author\/cherif\/"}]}},"_links":{"self":[{"href":"https:\/\/kapitalis.com\/tunisie\/wp-json\/wp\/v2\/posts\/2964035","targetHints":{"allow":["GET"]}}],"collection":[{"href":"https:\/\/kapitalis.com\/tunisie\/wp-json\/wp\/v2\/posts"}],"about":[{"href":"https:\/\/kapitalis.com\/tunisie\/wp-json\/wp\/v2\/types\/post"}],"author":[{"embeddable":true,"href":"https:\/\/kapitalis.com\/tunisie\/wp-json\/wp\/v2\/users\/24"}],"replies":[{"embeddable":true,"href":"https:\/\/kapitalis.com\/tunisie\/wp-json\/wp\/v2\/comments?post=2964035"}],"version-history":[{"count":0,"href":"https:\/\/kapitalis.com\/tunisie\/wp-json\/wp\/v2\/posts\/2964035\/revisions"}],"wp:featuredmedia":[{"embeddable":true,"href":"https:\/\/kapitalis.com\/tunisie\/wp-json\/wp\/v2\/media\/1618215"}],"wp:attachment":[{"href":"https:\/\/kapitalis.com\/tunisie\/wp-json\/wp\/v2\/media?parent=2964035"}],"wp:term":[{"taxonomy":"category","embeddable":true,"href":"https:\/\/kapitalis.com\/tunisie\/wp-json\/wp\/v2\/categories?post=2964035"},{"taxonomy":"post_tag","embeddable":true,"href":"https:\/\/kapitalis.com\/tunisie\/wp-json\/wp\/v2\/tags?post=2964035"}],"curies":[{"name":"wp","href":"https:\/\/api.w.org\/{rel}","templated":true}]}}