{"id":29645,"date":"2015-12-10T11:37:22","date_gmt":"2015-12-10T10:37:22","guid":{"rendered":"http:\/\/kapitalis.com\/tunisie\/?p=29645"},"modified":"2015-12-10T11:37:22","modified_gmt":"2015-12-10T10:37:22","slug":"limogeage-de-mustapha-beltaief-le-gouvernement-persiste-et-signe","status":"publish","type":"post","link":"https:\/\/kapitalis.com\/tunisie\/2015\/12\/10\/limogeage-de-mustapha-beltaief-le-gouvernement-persiste-et-signe\/","title":{"rendered":"Limogeage de Mustapha Beltaief: Le gouvernement persiste et signe"},"content":{"rendered":"<p><img loading=\"lazy\" decoding=\"async\" class=\"alignnone size-full wp-image-29646 aligncenter\" src=\"http:\/\/kapitalis.com\/tunisie\/wp-content\/uploads\/2015\/12\/Mustapha-Beltaief.jpg\" alt=\"Mustapha-Beltaief\" width=\"626\" height=\"380\" \/><\/p>\n<p><em><strong>Le gouvernement n\u2019entend visiblement pas revenir sur le limogeage du Pdg de l\u2019Etablissement de la T\u00e9l\u00e9vision nationale (ETT), Mustapha Beltaief.<\/strong><\/em><\/p>\n<p><!--more--><\/p>\n<p>Malgr\u00e9 le refus de l\u2019int\u00e9ress\u00e9 d\u2019obtemp\u00e9rer et les r\u00e9actions n\u00e9gatives de la soci\u00e9t\u00e9 civile et, en particulier, de la Haute autorit\u00e9 ind\u00e9pendante de la communication audiovisuelle (Haica), la pr\u00e9sidence du gouvernement a en effet publi\u00e9 deux d\u00e9crets (num\u00e9ros 1890 et 1891, en date du 2 d\u00e9cembre 2015) par lesquels elle met fin aux fonctions de M. Beltaief en tant que pr\u00e9sident directeur g\u00e9n\u00e9ral et de charg\u00e9 de mission au cabinet du chef du gouvernement, \u00e0 partir du 15 novembre 2015.<\/p>\n<p>Un feuilleton qui n\u2019est pas pr\u00e8s de se terminer puisque la Haica a d\u00e9cid\u00e9 d\u2019attaquer la d\u00e9cision du gouvernement en justice.<\/p>\n<p style=\"text-align: right;\"><strong>Nabil Ben Ameur<\/strong><\/p>\n","protected":false},"excerpt":{"rendered":"<p>Le gouvernement n\u2019entend visiblement pas revenir sur le limogeage du Pdg de l\u2019Etablissement de la T\u00e9l\u00e9vision nationale (ETT), Mustapha Beltaief.<\/p>\n","protected":false},"author":8,"featured_media":29646,"comment_status":"open","ping_status":"open","sticky":false,"template":"","format":"standard","meta":{"footnotes":""},"categories":[996,2433],"tags":[418,1843,1847],"class_list":["post-29645","post","type-post","status-publish","format-standard","has-post-thumbnail","hentry","category-media","category-tunisie","tag-gouvernement","tag-haica","tag-limogeage"],"yoast_head":"<!-- This site is optimized with the Yoast SEO plugin v26.6 - https:\/\/yoast.com\/wordpress\/plugins\/seo\/ -->\n<title>Limogeage de Mustapha Beltaief: Le gouvernement persiste et signe - Kapitalis<\/title>\n<meta name=\"robots\" content=\"index, follow, max-snippet:-1, max-image-preview:large, max-video-preview:-1\" \/>\n<link rel=\"canonical\" href=\"https:\/\/kapitalis.com\/tunisie\/2015\/12\/10\/limogeage-de-mustapha-beltaief-le-gouvernement-persiste-et-signe\/\" \/>\n<meta property=\"og:locale\" content=\"fr_FR\" \/>\n<meta property=\"og:type\" content=\"article\" \/>\n<meta property=\"og:title\" content=\"Limogeage de Mustapha Beltaief: Le gouvernement persiste et signe - Kapitalis\" \/>\n<meta property=\"og:description\" content=\"Le gouvernement n\u2019entend visiblement pas revenir sur le limogeage du Pdg de l\u2019Etablissement de la T\u00e9l\u00e9vision nationale (ETT), Mustapha Beltaief.\" \/>\n<meta property=\"og:url\" content=\"https:\/\/kapitalis.com\/tunisie\/2015\/12\/10\/limogeage-de-mustapha-beltaief-le-gouvernement-persiste-et-signe\/\" \/>\n<meta property=\"og:site_name\" content=\"Kapitalis\" \/>\n<meta property=\"article:publisher\" content=\"https:\/\/www.facebook.com\/KapitalisInfo\/\" \/>\n<meta property=\"article:published_time\" content=\"2015-12-10T10:37:22+00:00\" \/>\n<meta property=\"og:image\" content=\"https:\/\/kapitalis.com\/tunisie\/wp-content\/uploads\/2022\/05\/kapitalis-logo-fb.png\" \/>\n\t<meta property=\"og:image:width\" content=\"1200\" \/>\n\t<meta property=\"og:image:height\" content=\"630\" \/>\n\t<meta property=\"og:image:type\" content=\"image\/png\" \/>\n<meta name=\"author\" content=\"webmaster kapitalis\" \/>\n<meta name=\"twitter:card\" content=\"summary_large_image\" \/>\n<meta name=\"twitter:creator\" content=\"@KapitalisInfo\" \/>\n<meta name=\"twitter:site\" content=\"@KapitalisInfo\" \/>\n<meta name=\"twitter:label1\" content=\"\u00c9crit par\" \/>\n\t<meta name=\"twitter:data1\" content=\"webmaster kapitalis\" \/>\n\t<meta name=\"twitter:label2\" content=\"Dur\u00e9e de lecture estim\u00e9e\" \/>\n\t<meta name=\"twitter:data2\" content=\"1 minute\" \/>\n<script type=\"application\/ld+json\" class=\"yoast-schema-graph\">{\"@context\":\"https:\/\/schema.org\",\"@graph\":[{\"@type\":\"Article\",\"@id\":\"https:\/\/kapitalis.com\/tunisie\/2015\/12\/10\/limogeage-de-mustapha-beltaief-le-gouvernement-persiste-et-signe\/#article\",\"isPartOf\":{\"@id\":\"https:\/\/kapitalis.com\/tunisie\/2015\/12\/10\/limogeage-de-mustapha-beltaief-le-gouvernement-persiste-et-signe\/\"},\"author\":{\"name\":\"webmaster kapitalis\",\"@id\":\"https:\/\/kapitalis.com\/tunisie\/#\/schema\/person\/d71f33a9ca44f7bad4698210b480c8e9\"},\"headline\":\"Limogeage de Mustapha Beltaief: Le gouvernement persiste et signe\",\"datePublished\":\"2015-12-10T10:37:22+00:00\",\"mainEntityOfPage\":{\"@id\":\"https:\/\/kapitalis.com\/tunisie\/2015\/12\/10\/limogeage-de-mustapha-beltaief-le-gouvernement-persiste-et-signe\/\"},\"wordCount\":150,\"commentCount\":1,\"publisher\":{\"@id\":\"https:\/\/kapitalis.com\/tunisie\/#organization\"},\"image\":{\"@id\":\"https:\/\/kapitalis.com\/tunisie\/2015\/12\/10\/limogeage-de-mustapha-beltaief-le-gouvernement-persiste-et-signe\/#primaryimage\"},\"thumbnailUrl\":\"\",\"keywords\":[\"gouvernement\",\"Haica\",\"limogeage\"],\"articleSection\":[\"MEDIA\",\"Tunisie\"],\"inLanguage\":\"fr-FR\",\"potentialAction\":[{\"@type\":\"CommentAction\",\"name\":\"Comment\",\"target\":[\"https:\/\/kapitalis.com\/tunisie\/2015\/12\/10\/limogeage-de-mustapha-beltaief-le-gouvernement-persiste-et-signe\/#respond\"]}]},{\"@type\":\"WebPage\",\"@id\":\"https:\/\/kapitalis.com\/tunisie\/2015\/12\/10\/limogeage-de-mustapha-beltaief-le-gouvernement-persiste-et-signe\/\",\"url\":\"https:\/\/kapitalis.com\/tunisie\/2015\/12\/10\/limogeage-de-mustapha-beltaief-le-gouvernement-persiste-et-signe\/\",\"name\":\"Limogeage de Mustapha Beltaief: Le gouvernement persiste et signe - Kapitalis\",\"isPartOf\":{\"@id\":\"https:\/\/kapitalis.com\/tunisie\/#website\"},\"primaryImageOfPage\":{\"@id\":\"https:\/\/kapitalis.com\/tunisie\/2015\/12\/10\/limogeage-de-mustapha-beltaief-le-gouvernement-persiste-et-signe\/#primaryimage\"},\"image\":{\"@id\":\"https:\/\/kapitalis.com\/tunisie\/2015\/12\/10\/limogeage-de-mustapha-beltaief-le-gouvernement-persiste-et-signe\/#primaryimage\"},\"thumbnailUrl\":\"\",\"datePublished\":\"2015-12-10T10:37:22+00:00\",\"breadcrumb\":{\"@id\":\"https:\/\/kapitalis.com\/tunisie\/2015\/12\/10\/limogeage-de-mustapha-beltaief-le-gouvernement-persiste-et-signe\/#breadcrumb\"},\"inLanguage\":\"fr-FR\",\"potentialAction\":[{\"@type\":\"ReadAction\",\"target\":[\"https:\/\/kapitalis.com\/tunisie\/2015\/12\/10\/limogeage-de-mustapha-beltaief-le-gouvernement-persiste-et-signe\/\"]}]},{\"@type\":\"ImageObject\",\"inLanguage\":\"fr-FR\",\"@id\":\"https:\/\/kapitalis.com\/tunisie\/2015\/12\/10\/limogeage-de-mustapha-beltaief-le-gouvernement-persiste-et-signe\/#primaryimage\",\"url\":\"\",\"contentUrl\":\"\"},{\"@type\":\"BreadcrumbList\",\"@id\":\"https:\/\/kapitalis.com\/tunisie\/2015\/12\/10\/limogeage-de-mustapha-beltaief-le-gouvernement-persiste-et-signe\/#breadcrumb\",\"itemListElement\":[{\"@type\":\"ListItem\",\"position\":1,\"name\":\"Accueil\",\"item\":\"https:\/\/kapitalis.com\/tunisie\/\"},{\"@type\":\"ListItem\",\"position\":2,\"name\":\"Limogeage de Mustapha Beltaief: Le gouvernement persiste et signe\"}]},{\"@type\":\"WebSite\",\"@id\":\"https:\/\/kapitalis.com\/tunisie\/#website\",\"url\":\"https:\/\/kapitalis.com\/tunisie\/\",\"name\":\"Kapitalis\",\"description\":\"L&#039;actualit\u00e9 en Tunisie et dans le monde\",\"publisher\":{\"@id\":\"https:\/\/kapitalis.com\/tunisie\/#organization\"},\"potentialAction\":[{\"@type\":\"SearchAction\",\"target\":{\"@type\":\"EntryPoint\",\"urlTemplate\":\"https:\/\/kapitalis.com\/tunisie\/?s={search_term_string}\"},\"query-input\":{\"@type\":\"PropertyValueSpecification\",\"valueRequired\":true,\"valueName\":\"search_term_string\"}}],\"inLanguage\":\"fr-FR\"},{\"@type\":\"Organization\",\"@id\":\"https:\/\/kapitalis.com\/tunisie\/#organization\",\"name\":\"Kapitalis\",\"url\":\"https:\/\/kapitalis.com\/tunisie\/\",\"logo\":{\"@type\":\"ImageObject\",\"inLanguage\":\"fr-FR\",\"@id\":\"https:\/\/kapitalis.com\/tunisie\/#\/schema\/logo\/image\/\",\"url\":\"https:\/\/kapitalis.com\/tunisie\/wp-content\/uploads\/2022\/05\/Kapitalis-big-size.png\",\"contentUrl\":\"https:\/\/kapitalis.com\/tunisie\/wp-content\/uploads\/2022\/05\/Kapitalis-big-size.png\",\"width\":5000,\"height\":1500,\"caption\":\"Kapitalis\"},\"image\":{\"@id\":\"https:\/\/kapitalis.com\/tunisie\/#\/schema\/logo\/image\/\"},\"sameAs\":[\"https:\/\/www.facebook.com\/KapitalisInfo\/\",\"https:\/\/x.com\/KapitalisInfo\",\"https:\/\/www.youtube.com\/channel\/UC-yDYrHyfFBWWZaOw3FPg9Q\"]},{\"@type\":\"Person\",\"@id\":\"https:\/\/kapitalis.com\/tunisie\/#\/schema\/person\/d71f33a9ca44f7bad4698210b480c8e9\",\"name\":\"webmaster kapitalis\",\"url\":\"https:\/\/kapitalis.com\/tunisie\/author\/webmaster-kapitalis\/\"}]}<\/script>\n<!-- \/ Yoast SEO plugin. -->","yoast_head_json":{"title":"Limogeage de Mustapha Beltaief: Le gouvernement persiste et signe - Kapitalis","robots":{"index":"index","follow":"follow","max-snippet":"max-snippet:-1","max-image-preview":"max-image-preview:large","max-video-preview":"max-video-preview:-1"},"canonical":"https:\/\/kapitalis.com\/tunisie\/2015\/12\/10\/limogeage-de-mustapha-beltaief-le-gouvernement-persiste-et-signe\/","og_locale":"fr_FR","og_type":"article","og_title":"Limogeage de Mustapha Beltaief: Le gouvernement persiste et signe - Kapitalis","og_description":"Le gouvernement n\u2019entend visiblement pas revenir sur le limogeage du Pdg de l\u2019Etablissement de la T\u00e9l\u00e9vision nationale (ETT), Mustapha Beltaief.","og_url":"https:\/\/kapitalis.com\/tunisie\/2015\/12\/10\/limogeage-de-mustapha-beltaief-le-gouvernement-persiste-et-signe\/","og_site_name":"Kapitalis","article_publisher":"https:\/\/www.facebook.com\/KapitalisInfo\/","article_published_time":"2015-12-10T10:37:22+00:00","og_image":[{"width":1200,"height":630,"url":"https:\/\/kapitalis.com\/tunisie\/wp-content\/uploads\/2022\/05\/kapitalis-logo-fb.png","type":"image\/png"}],"author":"webmaster kapitalis","twitter_card":"summary_large_image","twitter_creator":"@KapitalisInfo","twitter_site":"@KapitalisInfo","twitter_misc":{"\u00c9crit par":"webmaster kapitalis","Dur\u00e9e de lecture estim\u00e9e":"1 minute"},"schema":{"@context":"https:\/\/schema.org","@graph":[{"@type":"Article","@id":"https:\/\/kapitalis.com\/tunisie\/2015\/12\/10\/limogeage-de-mustapha-beltaief-le-gouvernement-persiste-et-signe\/#article","isPartOf":{"@id":"https:\/\/kapitalis.com\/tunisie\/2015\/12\/10\/limogeage-de-mustapha-beltaief-le-gouvernement-persiste-et-signe\/"},"author":{"name":"webmaster kapitalis","@id":"https:\/\/kapitalis.com\/tunisie\/#\/schema\/person\/d71f33a9ca44f7bad4698210b480c8e9"},"headline":"Limogeage de Mustapha Beltaief: Le gouvernement persiste et signe","datePublished":"2015-12-10T10:37:22+00:00","mainEntityOfPage":{"@id":"https:\/\/kapitalis.com\/tunisie\/2015\/12\/10\/limogeage-de-mustapha-beltaief-le-gouvernement-persiste-et-signe\/"},"wordCount":150,"commentCount":1,"publisher":{"@id":"https:\/\/kapitalis.com\/tunisie\/#organization"},"image":{"@id":"https:\/\/kapitalis.com\/tunisie\/2015\/12\/10\/limogeage-de-mustapha-beltaief-le-gouvernement-persiste-et-signe\/#primaryimage"},"thumbnailUrl":"","keywords":["gouvernement","Haica","limogeage"],"articleSection":["MEDIA","Tunisie"],"inLanguage":"fr-FR","potentialAction":[{"@type":"CommentAction","name":"Comment","target":["https:\/\/kapitalis.com\/tunisie\/2015\/12\/10\/limogeage-de-mustapha-beltaief-le-gouvernement-persiste-et-signe\/#respond"]}]},{"@type":"WebPage","@id":"https:\/\/kapitalis.com\/tunisie\/2015\/12\/10\/limogeage-de-mustapha-beltaief-le-gouvernement-persiste-et-signe\/","url":"https:\/\/kapitalis.com\/tunisie\/2015\/12\/10\/limogeage-de-mustapha-beltaief-le-gouvernement-persiste-et-signe\/","name":"Limogeage de Mustapha Beltaief: Le gouvernement persiste et signe - Kapitalis","isPartOf":{"@id":"https:\/\/kapitalis.com\/tunisie\/#website"},"primaryImageOfPage":{"@id":"https:\/\/kapitalis.com\/tunisie\/2015\/12\/10\/limogeage-de-mustapha-beltaief-le-gouvernement-persiste-et-signe\/#primaryimage"},"image":{"@id":"https:\/\/kapitalis.com\/tunisie\/2015\/12\/10\/limogeage-de-mustapha-beltaief-le-gouvernement-persiste-et-signe\/#primaryimage"},"thumbnailUrl":"","datePublished":"2015-12-10T10:37:22+00:00","breadcrumb":{"@id":"https:\/\/kapitalis.com\/tunisie\/2015\/12\/10\/limogeage-de-mustapha-beltaief-le-gouvernement-persiste-et-signe\/#breadcrumb"},"inLanguage":"fr-FR","potentialAction":[{"@type":"ReadAction","target":["https:\/\/kapitalis.com\/tunisie\/2015\/12\/10\/limogeage-de-mustapha-beltaief-le-gouvernement-persiste-et-signe\/"]}]},{"@type":"ImageObject","inLanguage":"fr-FR","@id":"https:\/\/kapitalis.com\/tunisie\/2015\/12\/10\/limogeage-de-mustapha-beltaief-le-gouvernement-persiste-et-signe\/#primaryimage","url":"","contentUrl":""},{"@type":"BreadcrumbList","@id":"https:\/\/kapitalis.com\/tunisie\/2015\/12\/10\/limogeage-de-mustapha-beltaief-le-gouvernement-persiste-et-signe\/#breadcrumb","itemListElement":[{"@type":"ListItem","position":1,"name":"Accueil","item":"https:\/\/kapitalis.com\/tunisie\/"},{"@type":"ListItem","position":2,"name":"Limogeage de Mustapha Beltaief: Le gouvernement persiste et signe"}]},{"@type":"WebSite","@id":"https:\/\/kapitalis.com\/tunisie\/#website","url":"https:\/\/kapitalis.com\/tunisie\/","name":"Kapitalis","description":"L&#039;actualit\u00e9 en Tunisie et dans le monde","publisher":{"@id":"https:\/\/kapitalis.com\/tunisie\/#organization"},"potentialAction":[{"@type":"SearchAction","target":{"@type":"EntryPoint","urlTemplate":"https:\/\/kapitalis.com\/tunisie\/?s={search_term_string}"},"query-input":{"@type":"PropertyValueSpecification","valueRequired":true,"valueName":"search_term_string"}}],"inLanguage":"fr-FR"},{"@type":"Organization","@id":"https:\/\/kapitalis.com\/tunisie\/#organization","name":"Kapitalis","url":"https:\/\/kapitalis.com\/tunisie\/","logo":{"@type":"ImageObject","inLanguage":"fr-FR","@id":"https:\/\/kapitalis.com\/tunisie\/#\/schema\/logo\/image\/","url":"https:\/\/kapitalis.com\/tunisie\/wp-content\/uploads\/2022\/05\/Kapitalis-big-size.png","contentUrl":"https:\/\/kapitalis.com\/tunisie\/wp-content\/uploads\/2022\/05\/Kapitalis-big-size.png","width":5000,"height":1500,"caption":"Kapitalis"},"image":{"@id":"https:\/\/kapitalis.com\/tunisie\/#\/schema\/logo\/image\/"},"sameAs":["https:\/\/www.facebook.com\/KapitalisInfo\/","https:\/\/x.com\/KapitalisInfo","https:\/\/www.youtube.com\/channel\/UC-yDYrHyfFBWWZaOw3FPg9Q"]},{"@type":"Person","@id":"https:\/\/kapitalis.com\/tunisie\/#\/schema\/person\/d71f33a9ca44f7bad4698210b480c8e9","name":"webmaster kapitalis","url":"https:\/\/kapitalis.com\/tunisie\/author\/webmaster-kapitalis\/"}]}},"_links":{"self":[{"href":"https:\/\/kapitalis.com\/tunisie\/wp-json\/wp\/v2\/posts\/29645","targetHints":{"allow":["GET"]}}],"collection":[{"href":"https:\/\/kapitalis.com\/tunisie\/wp-json\/wp\/v2\/posts"}],"about":[{"href":"https:\/\/kapitalis.com\/tunisie\/wp-json\/wp\/v2\/types\/post"}],"author":[{"embeddable":true,"href":"https:\/\/kapitalis.com\/tunisie\/wp-json\/wp\/v2\/users\/8"}],"replies":[{"embeddable":true,"href":"https:\/\/kapitalis.com\/tunisie\/wp-json\/wp\/v2\/comments?post=29645"}],"version-history":[{"count":0,"href":"https:\/\/kapitalis.com\/tunisie\/wp-json\/wp\/v2\/posts\/29645\/revisions"}],"wp:featuredmedia":[{"embeddable":true,"href":"https:\/\/kapitalis.com\/tunisie\/wp-json\/wp\/v2\/media\/29646"}],"wp:attachment":[{"href":"https:\/\/kapitalis.com\/tunisie\/wp-json\/wp\/v2\/media?parent=29645"}],"wp:term":[{"taxonomy":"category","embeddable":true,"href":"https:\/\/kapitalis.com\/tunisie\/wp-json\/wp\/v2\/categories?post=29645"},{"taxonomy":"post_tag","embeddable":true,"href":"https:\/\/kapitalis.com\/tunisie\/wp-json\/wp\/v2\/tags?post=29645"}],"curies":[{"name":"wp","href":"https:\/\/api.w.org\/{rel}","templated":true}]}}