{"id":296530,"date":"2020-04-28T18:08:57","date_gmt":"2020-04-28T17:08:57","guid":{"rendered":"http:\/\/kapitalis.com\/tunisie\/?p=296530"},"modified":"2020-04-29T07:41:00","modified_gmt":"2020-04-29T06:41:00","slug":"coronavirus-t2riv-fait-don-dun-respirateur-artificiel-a-lhopital-regional-de-sidi-bouzid-photos","status":"publish","type":"post","link":"https:\/\/kapitalis.com\/tunisie\/2020\/04\/28\/coronavirus-t2riv-fait-don-dun-respirateur-artificiel-a-lhopital-regional-de-sidi-bouzid-photos\/","title":{"rendered":"Coronavirus : T2Riv fait don d\u2019un respirateur artificiel \u00e0 l\u2019h\u00f4pital r\u00e9gional de Sidi Bouzid (Photos)"},"content":{"rendered":"\n<figure class=\"wp-block-image size-large\"><img decoding=\"async\" src=\"http:\/\/kapitalis.com\/tunisie\/wp-content\/uploads\/2020\/04\/Sidi-Bouzid-don-respirateur.jpg\" alt=\"\" class=\"wp-image-296533\"\/><\/figure>\n\n\n\n<p><strong><em>L&rsquo;association des Tunisiens des deux rives (T2Riv) a fait un don, hier, lundi 27 avril 2020, d\u2019un respirateur artificiel \u00e0 l\u2019h\u00f4pital r\u00e9gional de Sidi Bouzid, pour soutenir l&rsquo;effort national de lutte contre le coronavirus.<\/em><\/strong><\/p>\n\n\n\n<!--more-->\n\n\n\n<p>T2Riv qui s&rsquo;est engag\u00e9e dans la lutte contre la pand\u00e9mie, en tendant la main \u00e0 plusieurs h\u00f4pitaux du pays, devra \u00e9galement, dans les prochains jours, fournir des lits m\u00e9dicalis\u00e9s \u00e0 l\u2019h\u00f4pital r\u00e9gional de Sidi Bouzid.<\/p>\n\n\n\n<p>Le respirateur remis aujourd&rsquo;hui permettra d\u2019\u00e9quiper le premier lit de r\u00e9animation du service Covid-19 \u00e0 l\u2019h\u00f4pital r\u00e9gional, pr\u00e9cise aujourd&rsquo;hui, Abderrazek Hamdi, repr\u00e9sentant de T2Riv, dans une d\u00e9claration \u00e0 l\u2019agence TAP.<\/p>\n\n\n\n<figure class=\"wp-block-gallery columns-2 is-cropped wp-block-gallery-1 is-layout-flex wp-block-gallery-is-layout-flex\"><ul class=\"blocks-gallery-grid\"><li class=\"blocks-gallery-item\"><figure><img decoding=\"async\" src=\"http:\/\/kapitalis.com\/tunisie\/wp-content\/uploads\/2020\/04\/sb5.jpg\" alt=\"\" data-id=\"296534\" data-full-url=\"http:\/\/kapitalis.com\/tunisie\/wp-content\/uploads\/2020\/04\/sb5.jpg\" data-link=\"http:\/\/kapitalis.com\/tunisie\/?attachment_id=296534\" class=\"wp-image-296534\"\/><\/figure><\/li><li class=\"blocks-gallery-item\"><figure><img decoding=\"async\" src=\"http:\/\/kapitalis.com\/tunisie\/wp-content\/uploads\/2020\/04\/SB4.jpg\" alt=\"\" data-id=\"296535\" data-full-url=\"http:\/\/kapitalis.com\/tunisie\/wp-content\/uploads\/2020\/04\/SB4.jpg\" data-link=\"http:\/\/kapitalis.com\/tunisie\/?attachment_id=296535\" class=\"wp-image-296535\"\/><\/figure><\/li><li class=\"blocks-gallery-item\"><figure><img decoding=\"async\" src=\"http:\/\/kapitalis.com\/tunisie\/wp-content\/uploads\/2020\/04\/SB2.jpg\" alt=\"\" data-id=\"296537\" data-full-url=\"http:\/\/kapitalis.com\/tunisie\/wp-content\/uploads\/2020\/04\/SB2.jpg\" data-link=\"http:\/\/kapitalis.com\/tunisie\/?attachment_id=296537\" class=\"wp-image-296537\"\/><\/figure><\/li><\/ul><\/figure>\n\n\n\n<p>Il a ajout\u00e9 que l\u2019association a offert 100 combinaisons de protection (r\u00e9utilisables) et s&rsquo;est \u00e9galement charg\u00e9e de r\u00e9habiliter les \u00e9quipements m\u00e9dicaux de l\u2019h\u00f4pital, qui \u00e9taient en panne.<\/p>\n\n\n\n<p>\u00ab<em>Je voudrais remercier, au nom de notre \u00e9tablissement, T2Riv, pour son d\u00e9vouement et son engagement \u00e0 appuyer les efforts du corps m\u00e9dical et param\u00e9dical dans cette lutte nationale<\/em>\u00bb, a \u00e9crit pour sa part le directeur de l&rsquo;h\u00f4pital dans une lettre de remerciement adress\u00e9e \u00e0 l&rsquo;association.<\/p>\n\n\n\n<p class=\"has-text-align-right\"><strong>Y. N.<\/strong><\/p>\n","protected":false},"excerpt":{"rendered":"<p>L&rsquo;association des Tunisiens des deux rives (T2Riv) a fait un don, hier, lundi 27 avril 2020, d\u2019un respirateur artificiel \u00e0 l\u2019h\u00f4pital r\u00e9gional de Sidi Bouzid, pour soutenir l&rsquo;effort national de lutte contre le coronavirus.<\/p>\n","protected":false},"author":6,"featured_media":296533,"comment_status":"open","ping_status":"open","sticky":false,"template":"","format":"standard","meta":{"footnotes":""},"categories":[998,2433],"tags":[95,5872,4782,78293,828,78292,1117],"class_list":["post-296530","post","type-post","status-publish","format-standard","has-post-thumbnail","hentry","category-societe","category-tunisie","tag-association","tag-don","tag-hopital-regional","tag-respirateur-artificiel","tag-sidi-bouzid","tag-t2riv","tag-tunisiens"],"yoast_head":"<!-- This site is optimized with the Yoast SEO plugin v26.6 - https:\/\/yoast.com\/wordpress\/plugins\/seo\/ -->\n<title>Coronavirus : T2Riv fait don d\u2019un respirateur artificiel \u00e0 l\u2019h\u00f4pital r\u00e9gional de Sidi Bouzid (Photos) - Kapitalis<\/title>\n<meta name=\"robots\" content=\"index, follow, max-snippet:-1, max-image-preview:large, max-video-preview:-1\" \/>\n<link rel=\"canonical\" href=\"https:\/\/kapitalis.com\/tunisie\/2020\/04\/28\/coronavirus-t2riv-fait-don-dun-respirateur-artificiel-a-lhopital-regional-de-sidi-bouzid-photos\/\" \/>\n<meta property=\"og:locale\" content=\"fr_FR\" \/>\n<meta property=\"og:type\" content=\"article\" \/>\n<meta property=\"og:title\" content=\"Coronavirus : T2Riv fait don d\u2019un respirateur artificiel \u00e0 l\u2019h\u00f4pital r\u00e9gional de Sidi Bouzid (Photos) - Kapitalis\" \/>\n<meta property=\"og:description\" content=\"L&rsquo;association des Tunisiens des deux rives (T2Riv) a fait un don, hier, lundi 27 avril 2020, d\u2019un respirateur artificiel \u00e0 l\u2019h\u00f4pital r\u00e9gional de Sidi Bouzid, pour soutenir l&rsquo;effort national de lutte contre le coronavirus.\" \/>\n<meta property=\"og:url\" content=\"https:\/\/kapitalis.com\/tunisie\/2020\/04\/28\/coronavirus-t2riv-fait-don-dun-respirateur-artificiel-a-lhopital-regional-de-sidi-bouzid-photos\/\" \/>\n<meta property=\"og:site_name\" content=\"Kapitalis\" \/>\n<meta property=\"article:publisher\" content=\"https:\/\/www.facebook.com\/KapitalisInfo\/\" \/>\n<meta property=\"article:published_time\" content=\"2020-04-28T17:08:57+00:00\" \/>\n<meta property=\"article:modified_time\" content=\"2020-04-29T06:41:00+00:00\" \/>\n<meta property=\"og:image\" content=\"https:\/\/kapitalis.com\/tunisie\/wp-content\/uploads\/2022\/05\/kapitalis-logo-fb.png\" \/>\n\t<meta property=\"og:image:width\" content=\"1200\" \/>\n\t<meta property=\"og:image:height\" content=\"630\" \/>\n\t<meta property=\"og:image:type\" content=\"image\/png\" \/>\n<meta name=\"author\" content=\"Yusra NY\" \/>\n<meta name=\"twitter:card\" content=\"summary_large_image\" \/>\n<meta name=\"twitter:creator\" content=\"@KapitalisInfo\" \/>\n<meta name=\"twitter:site\" content=\"@KapitalisInfo\" \/>\n<meta name=\"twitter:label1\" content=\"\u00c9crit par\" \/>\n\t<meta name=\"twitter:data1\" content=\"Yusra NY\" \/>\n\t<meta name=\"twitter:label2\" content=\"Dur\u00e9e de lecture estim\u00e9e\" \/>\n\t<meta name=\"twitter:data2\" content=\"1 minute\" \/>\n<script type=\"application\/ld+json\" class=\"yoast-schema-graph\">{\"@context\":\"https:\/\/schema.org\",\"@graph\":[{\"@type\":\"Article\",\"@id\":\"https:\/\/kapitalis.com\/tunisie\/2020\/04\/28\/coronavirus-t2riv-fait-don-dun-respirateur-artificiel-a-lhopital-regional-de-sidi-bouzid-photos\/#article\",\"isPartOf\":{\"@id\":\"https:\/\/kapitalis.com\/tunisie\/2020\/04\/28\/coronavirus-t2riv-fait-don-dun-respirateur-artificiel-a-lhopital-regional-de-sidi-bouzid-photos\/\"},\"author\":{\"name\":\"Yusra NY\",\"@id\":\"https:\/\/kapitalis.com\/tunisie\/#\/schema\/person\/74bbde0154d49d790a92aaeac5bc01d5\"},\"headline\":\"Coronavirus : T2Riv fait don d\u2019un respirateur artificiel \u00e0 l\u2019h\u00f4pital r\u00e9gional de Sidi Bouzid (Photos)\",\"datePublished\":\"2020-04-28T17:08:57+00:00\",\"dateModified\":\"2020-04-29T06:41:00+00:00\",\"mainEntityOfPage\":{\"@id\":\"https:\/\/kapitalis.com\/tunisie\/2020\/04\/28\/coronavirus-t2riv-fait-don-dun-respirateur-artificiel-a-lhopital-regional-de-sidi-bouzid-photos\/\"},\"wordCount\":218,\"commentCount\":1,\"publisher\":{\"@id\":\"https:\/\/kapitalis.com\/tunisie\/#organization\"},\"image\":{\"@id\":\"https:\/\/kapitalis.com\/tunisie\/2020\/04\/28\/coronavirus-t2riv-fait-don-dun-respirateur-artificiel-a-lhopital-regional-de-sidi-bouzid-photos\/#primaryimage\"},\"thumbnailUrl\":\"\",\"keywords\":[\"association\",\"don\",\"h\u00f4pital r\u00e9gional\",\"respirateur artificiel\",\"Sidi Bouzid\",\"T2Riv\",\"tunisiens\"],\"articleSection\":[\"SOCIETE\",\"Tunisie\"],\"inLanguage\":\"fr-FR\",\"potentialAction\":[{\"@type\":\"CommentAction\",\"name\":\"Comment\",\"target\":[\"https:\/\/kapitalis.com\/tunisie\/2020\/04\/28\/coronavirus-t2riv-fait-don-dun-respirateur-artificiel-a-lhopital-regional-de-sidi-bouzid-photos\/#respond\"]}]},{\"@type\":\"WebPage\",\"@id\":\"https:\/\/kapitalis.com\/tunisie\/2020\/04\/28\/coronavirus-t2riv-fait-don-dun-respirateur-artificiel-a-lhopital-regional-de-sidi-bouzid-photos\/\",\"url\":\"https:\/\/kapitalis.com\/tunisie\/2020\/04\/28\/coronavirus-t2riv-fait-don-dun-respirateur-artificiel-a-lhopital-regional-de-sidi-bouzid-photos\/\",\"name\":\"Coronavirus : T2Riv fait don d\u2019un respirateur artificiel \u00e0 l\u2019h\u00f4pital r\u00e9gional de Sidi Bouzid (Photos) - Kapitalis\",\"isPartOf\":{\"@id\":\"https:\/\/kapitalis.com\/tunisie\/#website\"},\"primaryImageOfPage\":{\"@id\":\"https:\/\/kapitalis.com\/tunisie\/2020\/04\/28\/coronavirus-t2riv-fait-don-dun-respirateur-artificiel-a-lhopital-regional-de-sidi-bouzid-photos\/#primaryimage\"},\"image\":{\"@id\":\"https:\/\/kapitalis.com\/tunisie\/2020\/04\/28\/coronavirus-t2riv-fait-don-dun-respirateur-artificiel-a-lhopital-regional-de-sidi-bouzid-photos\/#primaryimage\"},\"thumbnailUrl\":\"\",\"datePublished\":\"2020-04-28T17:08:57+00:00\",\"dateModified\":\"2020-04-29T06:41:00+00:00\",\"breadcrumb\":{\"@id\":\"https:\/\/kapitalis.com\/tunisie\/2020\/04\/28\/coronavirus-t2riv-fait-don-dun-respirateur-artificiel-a-lhopital-regional-de-sidi-bouzid-photos\/#breadcrumb\"},\"inLanguage\":\"fr-FR\",\"potentialAction\":[{\"@type\":\"ReadAction\",\"target\":[\"https:\/\/kapitalis.com\/tunisie\/2020\/04\/28\/coronavirus-t2riv-fait-don-dun-respirateur-artificiel-a-lhopital-regional-de-sidi-bouzid-photos\/\"]}]},{\"@type\":\"ImageObject\",\"inLanguage\":\"fr-FR\",\"@id\":\"https:\/\/kapitalis.com\/tunisie\/2020\/04\/28\/coronavirus-t2riv-fait-don-dun-respirateur-artificiel-a-lhopital-regional-de-sidi-bouzid-photos\/#primaryimage\",\"url\":\"\",\"contentUrl\":\"\"},{\"@type\":\"BreadcrumbList\",\"@id\":\"https:\/\/kapitalis.com\/tunisie\/2020\/04\/28\/coronavirus-t2riv-fait-don-dun-respirateur-artificiel-a-lhopital-regional-de-sidi-bouzid-photos\/#breadcrumb\",\"itemListElement\":[{\"@type\":\"ListItem\",\"position\":1,\"name\":\"Accueil\",\"item\":\"https:\/\/kapitalis.com\/tunisie\/\"},{\"@type\":\"ListItem\",\"position\":2,\"name\":\"Coronavirus : T2Riv fait don d\u2019un respirateur artificiel \u00e0 l\u2019h\u00f4pital r\u00e9gional de Sidi Bouzid (Photos)\"}]},{\"@type\":\"WebSite\",\"@id\":\"https:\/\/kapitalis.com\/tunisie\/#website\",\"url\":\"https:\/\/kapitalis.com\/tunisie\/\",\"name\":\"Kapitalis\",\"description\":\"L&#039;actualit\u00e9 en Tunisie et dans le monde\",\"publisher\":{\"@id\":\"https:\/\/kapitalis.com\/tunisie\/#organization\"},\"potentialAction\":[{\"@type\":\"SearchAction\",\"target\":{\"@type\":\"EntryPoint\",\"urlTemplate\":\"https:\/\/kapitalis.com\/tunisie\/?s={search_term_string}\"},\"query-input\":{\"@type\":\"PropertyValueSpecification\",\"valueRequired\":true,\"valueName\":\"search_term_string\"}}],\"inLanguage\":\"fr-FR\"},{\"@type\":\"Organization\",\"@id\":\"https:\/\/kapitalis.com\/tunisie\/#organization\",\"name\":\"Kapitalis\",\"url\":\"https:\/\/kapitalis.com\/tunisie\/\",\"logo\":{\"@type\":\"ImageObject\",\"inLanguage\":\"fr-FR\",\"@id\":\"https:\/\/kapitalis.com\/tunisie\/#\/schema\/logo\/image\/\",\"url\":\"https:\/\/kapitalis.com\/tunisie\/wp-content\/uploads\/2022\/05\/Kapitalis-big-size.png\",\"contentUrl\":\"https:\/\/kapitalis.com\/tunisie\/wp-content\/uploads\/2022\/05\/Kapitalis-big-size.png\",\"width\":5000,\"height\":1500,\"caption\":\"Kapitalis\"},\"image\":{\"@id\":\"https:\/\/kapitalis.com\/tunisie\/#\/schema\/logo\/image\/\"},\"sameAs\":[\"https:\/\/www.facebook.com\/KapitalisInfo\/\",\"https:\/\/x.com\/KapitalisInfo\",\"https:\/\/www.youtube.com\/channel\/UC-yDYrHyfFBWWZaOw3FPg9Q\"]},{\"@type\":\"Person\",\"@id\":\"https:\/\/kapitalis.com\/tunisie\/#\/schema\/person\/74bbde0154d49d790a92aaeac5bc01d5\",\"name\":\"Yusra NY\",\"url\":\"https:\/\/kapitalis.com\/tunisie\/author\/yuza_adam\/\"}]}<\/script>\n<!-- \/ Yoast SEO plugin. -->","yoast_head_json":{"title":"Coronavirus : T2Riv fait don d\u2019un respirateur artificiel \u00e0 l\u2019h\u00f4pital r\u00e9gional de Sidi Bouzid (Photos) - Kapitalis","robots":{"index":"index","follow":"follow","max-snippet":"max-snippet:-1","max-image-preview":"max-image-preview:large","max-video-preview":"max-video-preview:-1"},"canonical":"https:\/\/kapitalis.com\/tunisie\/2020\/04\/28\/coronavirus-t2riv-fait-don-dun-respirateur-artificiel-a-lhopital-regional-de-sidi-bouzid-photos\/","og_locale":"fr_FR","og_type":"article","og_title":"Coronavirus : T2Riv fait don d\u2019un respirateur artificiel \u00e0 l\u2019h\u00f4pital r\u00e9gional de Sidi Bouzid (Photos) - Kapitalis","og_description":"L&rsquo;association des Tunisiens des deux rives (T2Riv) a fait un don, hier, lundi 27 avril 2020, d\u2019un respirateur artificiel \u00e0 l\u2019h\u00f4pital r\u00e9gional de Sidi Bouzid, pour soutenir l&rsquo;effort national de lutte contre le coronavirus.","og_url":"https:\/\/kapitalis.com\/tunisie\/2020\/04\/28\/coronavirus-t2riv-fait-don-dun-respirateur-artificiel-a-lhopital-regional-de-sidi-bouzid-photos\/","og_site_name":"Kapitalis","article_publisher":"https:\/\/www.facebook.com\/KapitalisInfo\/","article_published_time":"2020-04-28T17:08:57+00:00","article_modified_time":"2020-04-29T06:41:00+00:00","og_image":[{"width":1200,"height":630,"url":"https:\/\/kapitalis.com\/tunisie\/wp-content\/uploads\/2022\/05\/kapitalis-logo-fb.png","type":"image\/png"}],"author":"Yusra NY","twitter_card":"summary_large_image","twitter_creator":"@KapitalisInfo","twitter_site":"@KapitalisInfo","twitter_misc":{"\u00c9crit par":"Yusra NY","Dur\u00e9e de lecture estim\u00e9e":"1 minute"},"schema":{"@context":"https:\/\/schema.org","@graph":[{"@type":"Article","@id":"https:\/\/kapitalis.com\/tunisie\/2020\/04\/28\/coronavirus-t2riv-fait-don-dun-respirateur-artificiel-a-lhopital-regional-de-sidi-bouzid-photos\/#article","isPartOf":{"@id":"https:\/\/kapitalis.com\/tunisie\/2020\/04\/28\/coronavirus-t2riv-fait-don-dun-respirateur-artificiel-a-lhopital-regional-de-sidi-bouzid-photos\/"},"author":{"name":"Yusra NY","@id":"https:\/\/kapitalis.com\/tunisie\/#\/schema\/person\/74bbde0154d49d790a92aaeac5bc01d5"},"headline":"Coronavirus : T2Riv fait don d\u2019un respirateur artificiel \u00e0 l\u2019h\u00f4pital r\u00e9gional de Sidi Bouzid (Photos)","datePublished":"2020-04-28T17:08:57+00:00","dateModified":"2020-04-29T06:41:00+00:00","mainEntityOfPage":{"@id":"https:\/\/kapitalis.com\/tunisie\/2020\/04\/28\/coronavirus-t2riv-fait-don-dun-respirateur-artificiel-a-lhopital-regional-de-sidi-bouzid-photos\/"},"wordCount":218,"commentCount":1,"publisher":{"@id":"https:\/\/kapitalis.com\/tunisie\/#organization"},"image":{"@id":"https:\/\/kapitalis.com\/tunisie\/2020\/04\/28\/coronavirus-t2riv-fait-don-dun-respirateur-artificiel-a-lhopital-regional-de-sidi-bouzid-photos\/#primaryimage"},"thumbnailUrl":"","keywords":["association","don","h\u00f4pital r\u00e9gional","respirateur artificiel","Sidi Bouzid","T2Riv","tunisiens"],"articleSection":["SOCIETE","Tunisie"],"inLanguage":"fr-FR","potentialAction":[{"@type":"CommentAction","name":"Comment","target":["https:\/\/kapitalis.com\/tunisie\/2020\/04\/28\/coronavirus-t2riv-fait-don-dun-respirateur-artificiel-a-lhopital-regional-de-sidi-bouzid-photos\/#respond"]}]},{"@type":"WebPage","@id":"https:\/\/kapitalis.com\/tunisie\/2020\/04\/28\/coronavirus-t2riv-fait-don-dun-respirateur-artificiel-a-lhopital-regional-de-sidi-bouzid-photos\/","url":"https:\/\/kapitalis.com\/tunisie\/2020\/04\/28\/coronavirus-t2riv-fait-don-dun-respirateur-artificiel-a-lhopital-regional-de-sidi-bouzid-photos\/","name":"Coronavirus : T2Riv fait don d\u2019un respirateur artificiel \u00e0 l\u2019h\u00f4pital r\u00e9gional de Sidi Bouzid (Photos) - Kapitalis","isPartOf":{"@id":"https:\/\/kapitalis.com\/tunisie\/#website"},"primaryImageOfPage":{"@id":"https:\/\/kapitalis.com\/tunisie\/2020\/04\/28\/coronavirus-t2riv-fait-don-dun-respirateur-artificiel-a-lhopital-regional-de-sidi-bouzid-photos\/#primaryimage"},"image":{"@id":"https:\/\/kapitalis.com\/tunisie\/2020\/04\/28\/coronavirus-t2riv-fait-don-dun-respirateur-artificiel-a-lhopital-regional-de-sidi-bouzid-photos\/#primaryimage"},"thumbnailUrl":"","datePublished":"2020-04-28T17:08:57+00:00","dateModified":"2020-04-29T06:41:00+00:00","breadcrumb":{"@id":"https:\/\/kapitalis.com\/tunisie\/2020\/04\/28\/coronavirus-t2riv-fait-don-dun-respirateur-artificiel-a-lhopital-regional-de-sidi-bouzid-photos\/#breadcrumb"},"inLanguage":"fr-FR","potentialAction":[{"@type":"ReadAction","target":["https:\/\/kapitalis.com\/tunisie\/2020\/04\/28\/coronavirus-t2riv-fait-don-dun-respirateur-artificiel-a-lhopital-regional-de-sidi-bouzid-photos\/"]}]},{"@type":"ImageObject","inLanguage":"fr-FR","@id":"https:\/\/kapitalis.com\/tunisie\/2020\/04\/28\/coronavirus-t2riv-fait-don-dun-respirateur-artificiel-a-lhopital-regional-de-sidi-bouzid-photos\/#primaryimage","url":"","contentUrl":""},{"@type":"BreadcrumbList","@id":"https:\/\/kapitalis.com\/tunisie\/2020\/04\/28\/coronavirus-t2riv-fait-don-dun-respirateur-artificiel-a-lhopital-regional-de-sidi-bouzid-photos\/#breadcrumb","itemListElement":[{"@type":"ListItem","position":1,"name":"Accueil","item":"https:\/\/kapitalis.com\/tunisie\/"},{"@type":"ListItem","position":2,"name":"Coronavirus : T2Riv fait don d\u2019un respirateur artificiel \u00e0 l\u2019h\u00f4pital r\u00e9gional de Sidi Bouzid (Photos)"}]},{"@type":"WebSite","@id":"https:\/\/kapitalis.com\/tunisie\/#website","url":"https:\/\/kapitalis.com\/tunisie\/","name":"Kapitalis","description":"L&#039;actualit\u00e9 en Tunisie et dans le monde","publisher":{"@id":"https:\/\/kapitalis.com\/tunisie\/#organization"},"potentialAction":[{"@type":"SearchAction","target":{"@type":"EntryPoint","urlTemplate":"https:\/\/kapitalis.com\/tunisie\/?s={search_term_string}"},"query-input":{"@type":"PropertyValueSpecification","valueRequired":true,"valueName":"search_term_string"}}],"inLanguage":"fr-FR"},{"@type":"Organization","@id":"https:\/\/kapitalis.com\/tunisie\/#organization","name":"Kapitalis","url":"https:\/\/kapitalis.com\/tunisie\/","logo":{"@type":"ImageObject","inLanguage":"fr-FR","@id":"https:\/\/kapitalis.com\/tunisie\/#\/schema\/logo\/image\/","url":"https:\/\/kapitalis.com\/tunisie\/wp-content\/uploads\/2022\/05\/Kapitalis-big-size.png","contentUrl":"https:\/\/kapitalis.com\/tunisie\/wp-content\/uploads\/2022\/05\/Kapitalis-big-size.png","width":5000,"height":1500,"caption":"Kapitalis"},"image":{"@id":"https:\/\/kapitalis.com\/tunisie\/#\/schema\/logo\/image\/"},"sameAs":["https:\/\/www.facebook.com\/KapitalisInfo\/","https:\/\/x.com\/KapitalisInfo","https:\/\/www.youtube.com\/channel\/UC-yDYrHyfFBWWZaOw3FPg9Q"]},{"@type":"Person","@id":"https:\/\/kapitalis.com\/tunisie\/#\/schema\/person\/74bbde0154d49d790a92aaeac5bc01d5","name":"Yusra NY","url":"https:\/\/kapitalis.com\/tunisie\/author\/yuza_adam\/"}]}},"_links":{"self":[{"href":"https:\/\/kapitalis.com\/tunisie\/wp-json\/wp\/v2\/posts\/296530","targetHints":{"allow":["GET"]}}],"collection":[{"href":"https:\/\/kapitalis.com\/tunisie\/wp-json\/wp\/v2\/posts"}],"about":[{"href":"https:\/\/kapitalis.com\/tunisie\/wp-json\/wp\/v2\/types\/post"}],"author":[{"embeddable":true,"href":"https:\/\/kapitalis.com\/tunisie\/wp-json\/wp\/v2\/users\/6"}],"replies":[{"embeddable":true,"href":"https:\/\/kapitalis.com\/tunisie\/wp-json\/wp\/v2\/comments?post=296530"}],"version-history":[{"count":0,"href":"https:\/\/kapitalis.com\/tunisie\/wp-json\/wp\/v2\/posts\/296530\/revisions"}],"wp:featuredmedia":[{"embeddable":true,"href":"https:\/\/kapitalis.com\/tunisie\/wp-json\/wp\/v2\/media\/296533"}],"wp:attachment":[{"href":"https:\/\/kapitalis.com\/tunisie\/wp-json\/wp\/v2\/media?parent=296530"}],"wp:term":[{"taxonomy":"category","embeddable":true,"href":"https:\/\/kapitalis.com\/tunisie\/wp-json\/wp\/v2\/categories?post=296530"},{"taxonomy":"post_tag","embeddable":true,"href":"https:\/\/kapitalis.com\/tunisie\/wp-json\/wp\/v2\/tags?post=296530"}],"curies":[{"name":"wp","href":"https:\/\/api.w.org\/{rel}","templated":true}]}}