{"id":2967599,"date":"2022-08-11T16:05:52","date_gmt":"2022-08-11T15:05:52","guid":{"rendered":"https:\/\/kapitalis.com\/tunisie\/?p=2967599"},"modified":"2022-08-11T16:05:53","modified_gmt":"2022-08-11T15:05:53","slug":"festival-de-hammamet-le-vibrant-hommage-de-marcel-et-bachar-khalife-a-mahmoud-darwich","status":"publish","type":"post","link":"https:\/\/kapitalis.com\/tunisie\/2022\/08\/11\/festival-de-hammamet-le-vibrant-hommage-de-marcel-et-bachar-khalife-a-mahmoud-darwich\/","title":{"rendered":"Festival de Hammamet\u00a0: Le vibrant hommage de Marcel et Bachar Khalif\u00e9 \u00e0 Mahmoud Darwich"},"content":{"rendered":"\n<p><em><strong>Le Festival international de Hammamet a connu hier soir l\u2019une des plus belles soir\u00e9es de cette \u00e9dition avec le grand artiste Marcel Khalif\u00e9 et son fils Bachar Khalif\u00e9 autour d\u2019un spectacle musical en hommage \u00e0 Mahmoud Darwich.<\/strong><\/em><\/p>\n\n\n\n<!--more-->\n\n\n\n<p>\u00ab\u00a0<em>Mahmoud, Marcel et moi\u00a0<\/em>\u00bb est un spectacle musical de tr\u00e8s haut niveau sign\u00e9 par le duo d\u2019artistes p\u00e8re-fils Marcel et Bachar Khalif\u00e9, qui a \u00e9t\u00e9 pr\u00e9sent\u00e9 hier soir, mercredi 10 ao\u00fbt, sur la sc\u00e8ne du Th\u00e9\u00e2tre plein-air de Hammamet, dans le cadre de la 56<sup>e<\/sup> \u00e9dition du Festival international de Hammamet qui a fait son grand retour cet ann\u00e9e avec une belle programmation internationale comme au bon vieux temps, c&rsquo;est-\u00e0-dire, avant la crise sanitaire mondiale li\u00e9e \u00e0 la pand\u00e9mie du Coronavirus (Covid-19).<\/p>\n\n\n<div class=\"wp-block-image\">\n<figure class=\"aligncenter size-large is-resized\"><img decoding=\"async\" src=\"https:\/\/kapitalis.com\/tunisie\/wp-content\/uploads\/2022\/08\/Marcel-Khalife-1024x538.jpg\" alt=\"\" class=\"wp-image-2968684\" width=\"630\" srcset=\"https:\/\/kapitalis.com\/tunisie\/wp-content\/uploads\/2022\/08\/Marcel-Khalife-1024x538.jpg 1024w, https:\/\/kapitalis.com\/tunisie\/wp-content\/uploads\/2022\/08\/Marcel-Khalife-300x158.jpg 300w, https:\/\/kapitalis.com\/tunisie\/wp-content\/uploads\/2022\/08\/Marcel-Khalife-768x403.jpg 768w, https:\/\/kapitalis.com\/tunisie\/wp-content\/uploads\/2022\/08\/Marcel-Khalife-580x305.jpg 580w, https:\/\/kapitalis.com\/tunisie\/wp-content\/uploads\/2022\/08\/Marcel-Khalife-860x452.jpg 860w, https:\/\/kapitalis.com\/tunisie\/wp-content\/uploads\/2022\/08\/Marcel-Khalife-1160x609.jpg 1160w, https:\/\/kapitalis.com\/tunisie\/wp-content\/uploads\/2022\/08\/Marcel-Khalife.jpg 1200w\" sizes=\"(max-width: 1024px) 100vw, 1024px\" \/><\/figure>\n<\/div>\n\n\n<p>Le jeune chanteur, compositeur et musicien Bachar Khalif\u00e9 a con\u00e7u ce projet au d\u00e9but de l\u2019ann\u00e9e 2020 \u00e0 Lyon, en hommage au grand po\u00e8te palestinien Mahmoud Darwich. Une cr\u00e9ation musicale qui r\u00e9unit le jazz, la musique orientale et \u00e9videmment la po\u00e9sie de Darwich sur la voix de Marcel Khalif\u00e9.<\/p>\n\n\n<div class=\"wp-block-image\">\n<figure class=\"aligncenter size-large is-resized\"><img decoding=\"async\" src=\"https:\/\/kapitalis.com\/tunisie\/wp-content\/uploads\/2022\/08\/Marcel-Khalife.-1024x538.jpg\" alt=\"\" class=\"wp-image-2968703\" width=\"630\" srcset=\"https:\/\/kapitalis.com\/tunisie\/wp-content\/uploads\/2022\/08\/Marcel-Khalife.-1024x538.jpg 1024w, https:\/\/kapitalis.com\/tunisie\/wp-content\/uploads\/2022\/08\/Marcel-Khalife.-300x158.jpg 300w, https:\/\/kapitalis.com\/tunisie\/wp-content\/uploads\/2022\/08\/Marcel-Khalife.-768x403.jpg 768w, https:\/\/kapitalis.com\/tunisie\/wp-content\/uploads\/2022\/08\/Marcel-Khalife.-580x305.jpg 580w, https:\/\/kapitalis.com\/tunisie\/wp-content\/uploads\/2022\/08\/Marcel-Khalife.-860x452.jpg 860w, https:\/\/kapitalis.com\/tunisie\/wp-content\/uploads\/2022\/08\/Marcel-Khalife.-1160x609.jpg 1160w, https:\/\/kapitalis.com\/tunisie\/wp-content\/uploads\/2022\/08\/Marcel-Khalife..jpg 1200w\" sizes=\"(max-width: 1024px) 100vw, 1024px\" \/><\/figure>\n<\/div>\n\n\n<p>Ce spectacle qui a fait le tour des grandes sc\u00e8nes fran\u00e7aises et europ\u00e9ennes, a \u00e9t\u00e9 pr\u00e9sent\u00e9 hier soir pour la premi\u00e8re fois en Tunisie et en exclusivit\u00e9 au Festival de Hammamet \u00e0 guichets ferm\u00e9s, face \u00e0 un public charm\u00e9, \u00e9mu et \u00e9bloui par l\u2019une des plus grandes figures de la musique arabe engag\u00e9e, Marcel Khalif\u00e9, qui, on le voit bien, a su transmettre son art \u00e0 son fils, un jeune artiste qui trace son chemin en toute suret\u00e9.<\/p>\n\n\n\n<p class=\"has-text-align-right\"><strong>F.B<\/strong><\/p>\n","protected":false},"excerpt":{"rendered":"<p>Le Festival international de Hammamet a connu hier soir l\u2019une des plus belles soir\u00e9es de cette \u00e9dition avec le grand artiste Marcel Khalif\u00e9 et son fils Bachar Khalif\u00e9 autour d\u2019un spectacle musical en hommage \u00e0 Mahmoud Darwich.<\/p>\n","protected":false},"author":26,"featured_media":2968669,"comment_status":"open","ping_status":"open","sticky":false,"template":"","format":"standard","meta":{"footnotes":""},"categories":[994,2433],"tags":[101989,100866,101204,62643],"class_list":["post-2967599","post","type-post","status-publish","format-standard","has-post-thumbnail","hentry","category-culture","category-tunisie","tag-bachar-khalife","tag-festival-international-de-hammamet-2022","tag-marcel-khalife","tag-tunisie"],"yoast_head":"<!-- This site is optimized with the Yoast SEO plugin v26.6 - https:\/\/yoast.com\/wordpress\/plugins\/seo\/ -->\n<title>Festival de Hammamet\u00a0: Le vibrant hommage de Marcel et Bachar Khalif\u00e9 \u00e0 Mahmoud Darwich - Kapitalis<\/title>\n<meta name=\"robots\" content=\"index, follow, max-snippet:-1, max-image-preview:large, max-video-preview:-1\" \/>\n<link rel=\"canonical\" href=\"https:\/\/kapitalis.com\/tunisie\/2022\/08\/11\/festival-de-hammamet-le-vibrant-hommage-de-marcel-et-bachar-khalife-a-mahmoud-darwich\/\" \/>\n<meta property=\"og:locale\" content=\"fr_FR\" \/>\n<meta property=\"og:type\" content=\"article\" \/>\n<meta property=\"og:title\" content=\"Festival de Hammamet\u00a0: Le vibrant hommage de Marcel et Bachar Khalif\u00e9 \u00e0 Mahmoud Darwich - Kapitalis\" \/>\n<meta property=\"og:description\" content=\"Le Festival international de Hammamet a connu hier soir l\u2019une des plus belles soir\u00e9es de cette \u00e9dition avec le grand artiste Marcel Khalif\u00e9 et son fils Bachar Khalif\u00e9 autour d\u2019un spectacle musical en hommage \u00e0 Mahmoud Darwich.\" \/>\n<meta property=\"og:url\" content=\"https:\/\/kapitalis.com\/tunisie\/2022\/08\/11\/festival-de-hammamet-le-vibrant-hommage-de-marcel-et-bachar-khalife-a-mahmoud-darwich\/\" \/>\n<meta property=\"og:site_name\" content=\"Kapitalis\" \/>\n<meta property=\"article:publisher\" content=\"https:\/\/www.facebook.com\/KapitalisInfo\/\" \/>\n<meta property=\"article:published_time\" content=\"2022-08-11T15:05:52+00:00\" \/>\n<meta property=\"article:modified_time\" content=\"2022-08-11T15:05:53+00:00\" \/>\n<meta property=\"og:image\" content=\"https:\/\/kapitalis.com\/tunisie\/wp-content\/uploads\/2022\/08\/Marcel-Khalife...jpg\" \/>\n\t<meta property=\"og:image:width\" content=\"1200\" \/>\n\t<meta property=\"og:image:height\" content=\"630\" \/>\n\t<meta property=\"og:image:type\" content=\"image\/jpeg\" \/>\n<meta name=\"author\" content=\"Fawz BenAli\" \/>\n<meta name=\"twitter:card\" content=\"summary_large_image\" \/>\n<meta name=\"twitter:creator\" content=\"@KapitalisInfo\" \/>\n<meta name=\"twitter:site\" content=\"@KapitalisInfo\" \/>\n<meta name=\"twitter:label1\" content=\"\u00c9crit par\" \/>\n\t<meta name=\"twitter:data1\" content=\"Fawz BenAli\" \/>\n\t<meta name=\"twitter:label2\" content=\"Dur\u00e9e de lecture estim\u00e9e\" \/>\n\t<meta name=\"twitter:data2\" content=\"2 minutes\" \/>\n<script type=\"application\/ld+json\" class=\"yoast-schema-graph\">{\"@context\":\"https:\/\/schema.org\",\"@graph\":[{\"@type\":\"Article\",\"@id\":\"https:\/\/kapitalis.com\/tunisie\/2022\/08\/11\/festival-de-hammamet-le-vibrant-hommage-de-marcel-et-bachar-khalife-a-mahmoud-darwich\/#article\",\"isPartOf\":{\"@id\":\"https:\/\/kapitalis.com\/tunisie\/2022\/08\/11\/festival-de-hammamet-le-vibrant-hommage-de-marcel-et-bachar-khalife-a-mahmoud-darwich\/\"},\"author\":{\"name\":\"Fawz BenAli\",\"@id\":\"https:\/\/kapitalis.com\/tunisie\/#\/schema\/person\/73a5ecc1f6ae540c6ed91342eadca948\"},\"headline\":\"Festival de Hammamet\u00a0: Le vibrant hommage de Marcel et Bachar Khalif\u00e9 \u00e0 Mahmoud Darwich\",\"datePublished\":\"2022-08-11T15:05:52+00:00\",\"dateModified\":\"2022-08-11T15:05:53+00:00\",\"mainEntityOfPage\":{\"@id\":\"https:\/\/kapitalis.com\/tunisie\/2022\/08\/11\/festival-de-hammamet-le-vibrant-hommage-de-marcel-et-bachar-khalife-a-mahmoud-darwich\/\"},\"wordCount\":283,\"commentCount\":0,\"publisher\":{\"@id\":\"https:\/\/kapitalis.com\/tunisie\/#organization\"},\"image\":{\"@id\":\"https:\/\/kapitalis.com\/tunisie\/2022\/08\/11\/festival-de-hammamet-le-vibrant-hommage-de-marcel-et-bachar-khalife-a-mahmoud-darwich\/#primaryimage\"},\"thumbnailUrl\":\"https:\/\/kapitalis.com\/tunisie\/wp-content\/uploads\/2022\/08\/Marcel-Khalife...jpg\",\"keywords\":[\"Bachar Khalif\u00e9\",\"Festival international de Hammamet 2022\",\"Marcel Khalif\u00e9\",\"Tunisie\"],\"articleSection\":[\"CULTURE\",\"Tunisie\"],\"inLanguage\":\"fr-FR\",\"potentialAction\":[{\"@type\":\"CommentAction\",\"name\":\"Comment\",\"target\":[\"https:\/\/kapitalis.com\/tunisie\/2022\/08\/11\/festival-de-hammamet-le-vibrant-hommage-de-marcel-et-bachar-khalife-a-mahmoud-darwich\/#respond\"]}]},{\"@type\":\"WebPage\",\"@id\":\"https:\/\/kapitalis.com\/tunisie\/2022\/08\/11\/festival-de-hammamet-le-vibrant-hommage-de-marcel-et-bachar-khalife-a-mahmoud-darwich\/\",\"url\":\"https:\/\/kapitalis.com\/tunisie\/2022\/08\/11\/festival-de-hammamet-le-vibrant-hommage-de-marcel-et-bachar-khalife-a-mahmoud-darwich\/\",\"name\":\"Festival de Hammamet\u00a0: Le vibrant hommage de Marcel et Bachar Khalif\u00e9 \u00e0 Mahmoud Darwich - Kapitalis\",\"isPartOf\":{\"@id\":\"https:\/\/kapitalis.com\/tunisie\/#website\"},\"primaryImageOfPage\":{\"@id\":\"https:\/\/kapitalis.com\/tunisie\/2022\/08\/11\/festival-de-hammamet-le-vibrant-hommage-de-marcel-et-bachar-khalife-a-mahmoud-darwich\/#primaryimage\"},\"image\":{\"@id\":\"https:\/\/kapitalis.com\/tunisie\/2022\/08\/11\/festival-de-hammamet-le-vibrant-hommage-de-marcel-et-bachar-khalife-a-mahmoud-darwich\/#primaryimage\"},\"thumbnailUrl\":\"https:\/\/kapitalis.com\/tunisie\/wp-content\/uploads\/2022\/08\/Marcel-Khalife...jpg\",\"datePublished\":\"2022-08-11T15:05:52+00:00\",\"dateModified\":\"2022-08-11T15:05:53+00:00\",\"breadcrumb\":{\"@id\":\"https:\/\/kapitalis.com\/tunisie\/2022\/08\/11\/festival-de-hammamet-le-vibrant-hommage-de-marcel-et-bachar-khalife-a-mahmoud-darwich\/#breadcrumb\"},\"inLanguage\":\"fr-FR\",\"potentialAction\":[{\"@type\":\"ReadAction\",\"target\":[\"https:\/\/kapitalis.com\/tunisie\/2022\/08\/11\/festival-de-hammamet-le-vibrant-hommage-de-marcel-et-bachar-khalife-a-mahmoud-darwich\/\"]}]},{\"@type\":\"ImageObject\",\"inLanguage\":\"fr-FR\",\"@id\":\"https:\/\/kapitalis.com\/tunisie\/2022\/08\/11\/festival-de-hammamet-le-vibrant-hommage-de-marcel-et-bachar-khalife-a-mahmoud-darwich\/#primaryimage\",\"url\":\"https:\/\/kapitalis.com\/tunisie\/wp-content\/uploads\/2022\/08\/Marcel-Khalife...jpg\",\"contentUrl\":\"https:\/\/kapitalis.com\/tunisie\/wp-content\/uploads\/2022\/08\/Marcel-Khalife...jpg\",\"width\":1200,\"height\":630},{\"@type\":\"BreadcrumbList\",\"@id\":\"https:\/\/kapitalis.com\/tunisie\/2022\/08\/11\/festival-de-hammamet-le-vibrant-hommage-de-marcel-et-bachar-khalife-a-mahmoud-darwich\/#breadcrumb\",\"itemListElement\":[{\"@type\":\"ListItem\",\"position\":1,\"name\":\"Accueil\",\"item\":\"https:\/\/kapitalis.com\/tunisie\/\"},{\"@type\":\"ListItem\",\"position\":2,\"name\":\"Festival de Hammamet\u00a0: Le vibrant hommage de Marcel et Bachar Khalif\u00e9 \u00e0 Mahmoud Darwich\"}]},{\"@type\":\"WebSite\",\"@id\":\"https:\/\/kapitalis.com\/tunisie\/#website\",\"url\":\"https:\/\/kapitalis.com\/tunisie\/\",\"name\":\"Kapitalis\",\"description\":\"L&#039;actualit\u00e9 en Tunisie et dans le monde\",\"publisher\":{\"@id\":\"https:\/\/kapitalis.com\/tunisie\/#organization\"},\"potentialAction\":[{\"@type\":\"SearchAction\",\"target\":{\"@type\":\"EntryPoint\",\"urlTemplate\":\"https:\/\/kapitalis.com\/tunisie\/?s={search_term_string}\"},\"query-input\":{\"@type\":\"PropertyValueSpecification\",\"valueRequired\":true,\"valueName\":\"search_term_string\"}}],\"inLanguage\":\"fr-FR\"},{\"@type\":\"Organization\",\"@id\":\"https:\/\/kapitalis.com\/tunisie\/#organization\",\"name\":\"Kapitalis\",\"url\":\"https:\/\/kapitalis.com\/tunisie\/\",\"logo\":{\"@type\":\"ImageObject\",\"inLanguage\":\"fr-FR\",\"@id\":\"https:\/\/kapitalis.com\/tunisie\/#\/schema\/logo\/image\/\",\"url\":\"https:\/\/kapitalis.com\/tunisie\/wp-content\/uploads\/2022\/05\/Kapitalis-big-size.png\",\"contentUrl\":\"https:\/\/kapitalis.com\/tunisie\/wp-content\/uploads\/2022\/05\/Kapitalis-big-size.png\",\"width\":5000,\"height\":1500,\"caption\":\"Kapitalis\"},\"image\":{\"@id\":\"https:\/\/kapitalis.com\/tunisie\/#\/schema\/logo\/image\/\"},\"sameAs\":[\"https:\/\/www.facebook.com\/KapitalisInfo\/\",\"https:\/\/x.com\/KapitalisInfo\",\"https:\/\/www.youtube.com\/channel\/UC-yDYrHyfFBWWZaOw3FPg9Q\"]},{\"@type\":\"Person\",\"@id\":\"https:\/\/kapitalis.com\/tunisie\/#\/schema\/person\/73a5ecc1f6ae540c6ed91342eadca948\",\"name\":\"Fawz BenAli\",\"url\":\"https:\/\/kapitalis.com\/tunisie\/author\/fawz\/\"}]}<\/script>\n<!-- \/ Yoast SEO plugin. -->","yoast_head_json":{"title":"Festival de Hammamet\u00a0: Le vibrant hommage de Marcel et Bachar Khalif\u00e9 \u00e0 Mahmoud Darwich - Kapitalis","robots":{"index":"index","follow":"follow","max-snippet":"max-snippet:-1","max-image-preview":"max-image-preview:large","max-video-preview":"max-video-preview:-1"},"canonical":"https:\/\/kapitalis.com\/tunisie\/2022\/08\/11\/festival-de-hammamet-le-vibrant-hommage-de-marcel-et-bachar-khalife-a-mahmoud-darwich\/","og_locale":"fr_FR","og_type":"article","og_title":"Festival de Hammamet\u00a0: Le vibrant hommage de Marcel et Bachar Khalif\u00e9 \u00e0 Mahmoud Darwich - Kapitalis","og_description":"Le Festival international de Hammamet a connu hier soir l\u2019une des plus belles soir\u00e9es de cette \u00e9dition avec le grand artiste Marcel Khalif\u00e9 et son fils Bachar Khalif\u00e9 autour d\u2019un spectacle musical en hommage \u00e0 Mahmoud Darwich.","og_url":"https:\/\/kapitalis.com\/tunisie\/2022\/08\/11\/festival-de-hammamet-le-vibrant-hommage-de-marcel-et-bachar-khalife-a-mahmoud-darwich\/","og_site_name":"Kapitalis","article_publisher":"https:\/\/www.facebook.com\/KapitalisInfo\/","article_published_time":"2022-08-11T15:05:52+00:00","article_modified_time":"2022-08-11T15:05:53+00:00","og_image":[{"width":1200,"height":630,"url":"https:\/\/kapitalis.com\/tunisie\/wp-content\/uploads\/2022\/08\/Marcel-Khalife...jpg","type":"image\/jpeg"}],"author":"Fawz BenAli","twitter_card":"summary_large_image","twitter_creator":"@KapitalisInfo","twitter_site":"@KapitalisInfo","twitter_misc":{"\u00c9crit par":"Fawz BenAli","Dur\u00e9e de lecture estim\u00e9e":"2 minutes"},"schema":{"@context":"https:\/\/schema.org","@graph":[{"@type":"Article","@id":"https:\/\/kapitalis.com\/tunisie\/2022\/08\/11\/festival-de-hammamet-le-vibrant-hommage-de-marcel-et-bachar-khalife-a-mahmoud-darwich\/#article","isPartOf":{"@id":"https:\/\/kapitalis.com\/tunisie\/2022\/08\/11\/festival-de-hammamet-le-vibrant-hommage-de-marcel-et-bachar-khalife-a-mahmoud-darwich\/"},"author":{"name":"Fawz BenAli","@id":"https:\/\/kapitalis.com\/tunisie\/#\/schema\/person\/73a5ecc1f6ae540c6ed91342eadca948"},"headline":"Festival de Hammamet\u00a0: Le vibrant hommage de Marcel et Bachar Khalif\u00e9 \u00e0 Mahmoud Darwich","datePublished":"2022-08-11T15:05:52+00:00","dateModified":"2022-08-11T15:05:53+00:00","mainEntityOfPage":{"@id":"https:\/\/kapitalis.com\/tunisie\/2022\/08\/11\/festival-de-hammamet-le-vibrant-hommage-de-marcel-et-bachar-khalife-a-mahmoud-darwich\/"},"wordCount":283,"commentCount":0,"publisher":{"@id":"https:\/\/kapitalis.com\/tunisie\/#organization"},"image":{"@id":"https:\/\/kapitalis.com\/tunisie\/2022\/08\/11\/festival-de-hammamet-le-vibrant-hommage-de-marcel-et-bachar-khalife-a-mahmoud-darwich\/#primaryimage"},"thumbnailUrl":"https:\/\/kapitalis.com\/tunisie\/wp-content\/uploads\/2022\/08\/Marcel-Khalife...jpg","keywords":["Bachar Khalif\u00e9","Festival international de Hammamet 2022","Marcel Khalif\u00e9","Tunisie"],"articleSection":["CULTURE","Tunisie"],"inLanguage":"fr-FR","potentialAction":[{"@type":"CommentAction","name":"Comment","target":["https:\/\/kapitalis.com\/tunisie\/2022\/08\/11\/festival-de-hammamet-le-vibrant-hommage-de-marcel-et-bachar-khalife-a-mahmoud-darwich\/#respond"]}]},{"@type":"WebPage","@id":"https:\/\/kapitalis.com\/tunisie\/2022\/08\/11\/festival-de-hammamet-le-vibrant-hommage-de-marcel-et-bachar-khalife-a-mahmoud-darwich\/","url":"https:\/\/kapitalis.com\/tunisie\/2022\/08\/11\/festival-de-hammamet-le-vibrant-hommage-de-marcel-et-bachar-khalife-a-mahmoud-darwich\/","name":"Festival de Hammamet\u00a0: Le vibrant hommage de Marcel et Bachar Khalif\u00e9 \u00e0 Mahmoud Darwich - Kapitalis","isPartOf":{"@id":"https:\/\/kapitalis.com\/tunisie\/#website"},"primaryImageOfPage":{"@id":"https:\/\/kapitalis.com\/tunisie\/2022\/08\/11\/festival-de-hammamet-le-vibrant-hommage-de-marcel-et-bachar-khalife-a-mahmoud-darwich\/#primaryimage"},"image":{"@id":"https:\/\/kapitalis.com\/tunisie\/2022\/08\/11\/festival-de-hammamet-le-vibrant-hommage-de-marcel-et-bachar-khalife-a-mahmoud-darwich\/#primaryimage"},"thumbnailUrl":"https:\/\/kapitalis.com\/tunisie\/wp-content\/uploads\/2022\/08\/Marcel-Khalife...jpg","datePublished":"2022-08-11T15:05:52+00:00","dateModified":"2022-08-11T15:05:53+00:00","breadcrumb":{"@id":"https:\/\/kapitalis.com\/tunisie\/2022\/08\/11\/festival-de-hammamet-le-vibrant-hommage-de-marcel-et-bachar-khalife-a-mahmoud-darwich\/#breadcrumb"},"inLanguage":"fr-FR","potentialAction":[{"@type":"ReadAction","target":["https:\/\/kapitalis.com\/tunisie\/2022\/08\/11\/festival-de-hammamet-le-vibrant-hommage-de-marcel-et-bachar-khalife-a-mahmoud-darwich\/"]}]},{"@type":"ImageObject","inLanguage":"fr-FR","@id":"https:\/\/kapitalis.com\/tunisie\/2022\/08\/11\/festival-de-hammamet-le-vibrant-hommage-de-marcel-et-bachar-khalife-a-mahmoud-darwich\/#primaryimage","url":"https:\/\/kapitalis.com\/tunisie\/wp-content\/uploads\/2022\/08\/Marcel-Khalife...jpg","contentUrl":"https:\/\/kapitalis.com\/tunisie\/wp-content\/uploads\/2022\/08\/Marcel-Khalife...jpg","width":1200,"height":630},{"@type":"BreadcrumbList","@id":"https:\/\/kapitalis.com\/tunisie\/2022\/08\/11\/festival-de-hammamet-le-vibrant-hommage-de-marcel-et-bachar-khalife-a-mahmoud-darwich\/#breadcrumb","itemListElement":[{"@type":"ListItem","position":1,"name":"Accueil","item":"https:\/\/kapitalis.com\/tunisie\/"},{"@type":"ListItem","position":2,"name":"Festival de Hammamet\u00a0: Le vibrant hommage de Marcel et Bachar Khalif\u00e9 \u00e0 Mahmoud Darwich"}]},{"@type":"WebSite","@id":"https:\/\/kapitalis.com\/tunisie\/#website","url":"https:\/\/kapitalis.com\/tunisie\/","name":"Kapitalis","description":"L&#039;actualit\u00e9 en Tunisie et dans le monde","publisher":{"@id":"https:\/\/kapitalis.com\/tunisie\/#organization"},"potentialAction":[{"@type":"SearchAction","target":{"@type":"EntryPoint","urlTemplate":"https:\/\/kapitalis.com\/tunisie\/?s={search_term_string}"},"query-input":{"@type":"PropertyValueSpecification","valueRequired":true,"valueName":"search_term_string"}}],"inLanguage":"fr-FR"},{"@type":"Organization","@id":"https:\/\/kapitalis.com\/tunisie\/#organization","name":"Kapitalis","url":"https:\/\/kapitalis.com\/tunisie\/","logo":{"@type":"ImageObject","inLanguage":"fr-FR","@id":"https:\/\/kapitalis.com\/tunisie\/#\/schema\/logo\/image\/","url":"https:\/\/kapitalis.com\/tunisie\/wp-content\/uploads\/2022\/05\/Kapitalis-big-size.png","contentUrl":"https:\/\/kapitalis.com\/tunisie\/wp-content\/uploads\/2022\/05\/Kapitalis-big-size.png","width":5000,"height":1500,"caption":"Kapitalis"},"image":{"@id":"https:\/\/kapitalis.com\/tunisie\/#\/schema\/logo\/image\/"},"sameAs":["https:\/\/www.facebook.com\/KapitalisInfo\/","https:\/\/x.com\/KapitalisInfo","https:\/\/www.youtube.com\/channel\/UC-yDYrHyfFBWWZaOw3FPg9Q"]},{"@type":"Person","@id":"https:\/\/kapitalis.com\/tunisie\/#\/schema\/person\/73a5ecc1f6ae540c6ed91342eadca948","name":"Fawz BenAli","url":"https:\/\/kapitalis.com\/tunisie\/author\/fawz\/"}]}},"_links":{"self":[{"href":"https:\/\/kapitalis.com\/tunisie\/wp-json\/wp\/v2\/posts\/2967599","targetHints":{"allow":["GET"]}}],"collection":[{"href":"https:\/\/kapitalis.com\/tunisie\/wp-json\/wp\/v2\/posts"}],"about":[{"href":"https:\/\/kapitalis.com\/tunisie\/wp-json\/wp\/v2\/types\/post"}],"author":[{"embeddable":true,"href":"https:\/\/kapitalis.com\/tunisie\/wp-json\/wp\/v2\/users\/26"}],"replies":[{"embeddable":true,"href":"https:\/\/kapitalis.com\/tunisie\/wp-json\/wp\/v2\/comments?post=2967599"}],"version-history":[{"count":0,"href":"https:\/\/kapitalis.com\/tunisie\/wp-json\/wp\/v2\/posts\/2967599\/revisions"}],"wp:featuredmedia":[{"embeddable":true,"href":"https:\/\/kapitalis.com\/tunisie\/wp-json\/wp\/v2\/media\/2968669"}],"wp:attachment":[{"href":"https:\/\/kapitalis.com\/tunisie\/wp-json\/wp\/v2\/media?parent=2967599"}],"wp:term":[{"taxonomy":"category","embeddable":true,"href":"https:\/\/kapitalis.com\/tunisie\/wp-json\/wp\/v2\/categories?post=2967599"},{"taxonomy":"post_tag","embeddable":true,"href":"https:\/\/kapitalis.com\/tunisie\/wp-json\/wp\/v2\/tags?post=2967599"}],"curies":[{"name":"wp","href":"https:\/\/api.w.org\/{rel}","templated":true}]}}