{"id":297103,"date":"2020-05-01T19:00:58","date_gmt":"2020-05-01T18:00:58","guid":{"rendered":"http:\/\/kapitalis.com\/tunisie\/?p=297103"},"modified":"2020-05-02T07:34:03","modified_gmt":"2020-05-02T06:34:03","slug":"kairouan-hommage-aux-employes-de-consomed-confines-a-lusine-depuis-le-20-mars-pour-fabriquer-des-masques-de-protection","status":"publish","type":"post","link":"https:\/\/kapitalis.com\/tunisie\/2020\/05\/01\/kairouan-hommage-aux-employes-de-consomed-confines-a-lusine-depuis-le-20-mars-pour-fabriquer-des-masques-de-protection\/","title":{"rendered":"Kairouan : Hommage aux employ\u00e9s de Consomed, confin\u00e9s \u00e0 l&rsquo;usine depuis le 20 mars pour fabriquer des masques de protection"},"content":{"rendered":"\n<figure class=\"wp-block-image size-large\"><img decoding=\"async\" src=\"http:\/\/kapitalis.com\/tunisie\/wp-content\/uploads\/2020\/05\/Consomed-Kairouan.jpg\" alt=\"\" class=\"wp-image-297108\"\/><\/figure>\n\n\n\n<p><strong><em>Les 150 ouvriers (dont 110 femmes) de ConsoMed, soci\u00e9t\u00e9 sp\u00e9cialis\u00e9e dans la fabrication des dispositifs m\u00e9dicaux, \u00e0 Kairouan, ont termin\u00e9 leur mission aujourd&rsquo;hui, 1er mai 2020, jour de c\u00e9l\u00e9bration de la f\u00eate du travail (tout un symbole), apr\u00e8s s&rsquo;\u00eatre confin\u00e9s, depuis le 20 mars dernier, pour fabriquer des masques de protection. Une c\u00e9r\u00e9monie a \u00e9t\u00e9 organis\u00e9e \u00e0 l&rsquo;honneur de ces h\u00e9ros qui ont mis leur vie personnelle entre parenth\u00e8ses pour s&rsquo;engager dans la lutte nationale contre le coronavirus.<\/em><\/strong><\/p>\n\n\n\n<!--more-->\n\n\n\n<p>En ce jour de f\u00eate du travail, l\u2019Union g\u00e9n\u00e9rale tunisienne du travail (UGTT), en pr\u00e9sence de son vice-pr\u00e9sident, Bouali Mbarki, des unit\u00e9s de l\u2019arm\u00e9e nationale et le gouverneur de Kairouan, ont rendu hommage \u00e0 ceux qui ont choisi de vivre loin de leurs familles, pour pouvoir continuer \u00e0 confectionner des masques de protection pour les soignants de tous les h\u00f4pitaux de la Tunisie, ainsi que pour les forces s\u00e9curitaires et arm\u00e9es et tous ceux qui luttent contre le coronavirus, sur le terrain.<\/p>\n\n\n\n<p>Pendant plus de 45 jours, ils ont travaill\u00e9, mang\u00e9 et dormi dans les 5.000 m2 de l&rsquo;usine, accompagn\u00e9s par un m\u00e9decin, et des cuisiniers, ainsi que du directeur de ConsoMed, Hamza Alouini.<\/p>\n\n\n\n<figure class=\"wp-block-embed-facebook wp-block-embed is-type-video is-provider-facebook\"><div class=\"wp-block-embed__wrapper\">\nhttps:\/\/www.facebook.com\/lotfi.benghanem\/videos\/10217357311669138\/?q=consomed&#038;epa=SEARCH_BOX\n<\/div><\/figure>\n\n\n\n<p>Aujourd&rsquo;hui, ils ont quitt\u00e9 l&rsquo;usine, en saluant le drapeau tunisien, au son de l&rsquo;hymne national, et sous les applaudissements de leurs compatriotes.<\/p>\n\n\n\n<p>Cette belle histoire de d\u00e9vouement et de patriotisme avait d&rsquo;ailleurs \u00e9t\u00e9 relay\u00e9e par les m\u00e9dias locaux et internationaux et le pr\u00e9sident de la r\u00e9publique, Ka\u00efs Sa\u00efed, s&rsquo;\u00e9tait rendu en personne, le 16 avril dernier, \u00e0 l&rsquo;usine pour remercier et encourager ces Tunisiens pour leur engagement, en cette p\u00e9riode particuli\u00e8re et difficile.<\/p>\n\n\n\n<p class=\"has-text-align-right\"><strong>Y. N.<\/strong><\/p>\n\n\n\n<figure class=\"wp-block-embed-wordpress wp-block-embed is-type-wp-embed is-provider-kapitalis\"><div class=\"wp-block-embed__wrapper\">\n<blockquote class=\"wp-embedded-content\" data-secret=\"bMPGM7b3w2\"><a href=\"https:\/\/kapitalis.com\/tunisie\/2020\/03\/27\/coronavirus-tunisie-150-employes-confines-a-lusine-pour-fabriquer-des-masques-de-protection-photos\/\">Coronavirus-Tunisie : 150 employ\u00e9s confin\u00e9s \u00e0 l&rsquo;usine pour fabriquer des masques de protection (Photos)<\/a><\/blockquote><iframe loading=\"lazy\" class=\"wp-embedded-content\" sandbox=\"allow-scripts\" security=\"restricted\" style=\"position: absolute; clip: rect(1px, 1px, 1px, 1px);\" title=\"\u00ab\u00a0Coronavirus-Tunisie : 150 employ\u00e9s confin\u00e9s \u00e0 l&rsquo;usine pour fabriquer des masques de protection (Photos)\u00a0\u00bb &#8212; Kapitalis\" src=\"https:\/\/kapitalis.com\/tunisie\/2020\/03\/27\/coronavirus-tunisie-150-employes-confines-a-lusine-pour-fabriquer-des-masques-de-protection-photos\/embed\/#?secret=ELtiQBNjUf#?secret=bMPGM7b3w2\" data-secret=\"bMPGM7b3w2\" width=\"600\" height=\"338\" frameborder=\"0\" marginwidth=\"0\" marginheight=\"0\" scrolling=\"no\"><\/iframe>\n<\/div><\/figure>\n\n\n\n<figure class=\"wp-block-embed-wordpress wp-block-embed is-type-wp-embed is-provider-kapitalis\"><div class=\"wp-block-embed__wrapper\">\n<blockquote class=\"wp-embedded-content\" data-secret=\"UGy4MbvyeQ\"><a href=\"https:\/\/kapitalis.com\/tunisie\/2020\/04\/16\/kairouan-saied-au-chevet-des-ouvriers-confines-depuis-le-20-mars-pour-fabriquer-des-masques-de-protection-photos\/\">Kairouan : Sa\u00efed rend visite aux ouvriers confin\u00e9s depuis le 20 mars pour fabriquer des masques de protection (Photos)<\/a><\/blockquote><iframe loading=\"lazy\" class=\"wp-embedded-content\" sandbox=\"allow-scripts\" security=\"restricted\" style=\"position: absolute; clip: rect(1px, 1px, 1px, 1px);\" title=\"\u00ab\u00a0Kairouan : Sa\u00efed rend visite aux ouvriers confin\u00e9s depuis le 20 mars pour fabriquer des masques de protection (Photos)\u00a0\u00bb &#8212; Kapitalis\" src=\"https:\/\/kapitalis.com\/tunisie\/2020\/04\/16\/kairouan-saied-au-chevet-des-ouvriers-confines-depuis-le-20-mars-pour-fabriquer-des-masques-de-protection-photos\/embed\/#?secret=OKeu4rpMjt#?secret=UGy4MbvyeQ\" data-secret=\"UGy4MbvyeQ\" width=\"600\" height=\"338\" frameborder=\"0\" marginwidth=\"0\" marginheight=\"0\" scrolling=\"no\"><\/iframe>\n<\/div><\/figure>\n","protected":false},"excerpt":{"rendered":"<p>Les 150 ouvriers (dont 110 femmes) de ConsoMed, soci\u00e9t\u00e9 sp\u00e9cialis\u00e9e dans la fabrication des dispositifs m\u00e9dicaux, \u00e0 Kairouan, ont termin\u00e9 leur mission aujourd&rsquo;hui, 1er mai 2020, jour de c\u00e9l\u00e9bration de la f\u00eate du travail (tout un symbole), apr\u00e8s s&rsquo;\u00eatre confin\u00e9s, depuis le 20 mars dernier, pour fabriquer des masques de protection. Une c\u00e9r\u00e9monie a \u00e9t\u00e9&#8230;<\/p>\n","protected":false},"author":6,"featured_media":297108,"comment_status":"open","ping_status":"open","sticky":false,"template":"","format":"standard","meta":{"footnotes":""},"categories":[995,998,2433,4806],"tags":[77074,73060,17516,64557,77118,7563,13769,62643,936],"class_list":["post-297103","post","type-post","status-publish","format-standard","has-post-thumbnail","hentry","category-economie","category-societe","category-tunisie","category-videos","tag-consomed","tag-coronavirus","tag-fete-du-travail","tag-kairouan","tag-masque-protection","tag-ouvriers","tag-travailleurs","tag-tunisie","tag-ugtt"],"yoast_head":"<!-- This site is optimized with the Yoast SEO plugin v26.6 - https:\/\/yoast.com\/wordpress\/plugins\/seo\/ -->\n<title>Kairouan : Hommage aux employ\u00e9s de Consomed, confin\u00e9s \u00e0 l&#039;usine depuis le 20 mars pour fabriquer des masques de protection - Kapitalis<\/title>\n<meta name=\"robots\" content=\"index, follow, max-snippet:-1, max-image-preview:large, max-video-preview:-1\" \/>\n<link rel=\"canonical\" href=\"https:\/\/kapitalis.com\/tunisie\/2020\/05\/01\/kairouan-hommage-aux-employes-de-consomed-confines-a-lusine-depuis-le-20-mars-pour-fabriquer-des-masques-de-protection\/\" \/>\n<meta property=\"og:locale\" content=\"fr_FR\" \/>\n<meta property=\"og:type\" content=\"article\" \/>\n<meta property=\"og:title\" content=\"Kairouan : Hommage aux employ\u00e9s de Consomed, confin\u00e9s \u00e0 l&#039;usine depuis le 20 mars pour fabriquer des masques de protection - Kapitalis\" \/>\n<meta property=\"og:description\" content=\"Les 150 ouvriers (dont 110 femmes) de ConsoMed, soci\u00e9t\u00e9 sp\u00e9cialis\u00e9e dans la fabrication des dispositifs m\u00e9dicaux, \u00e0 Kairouan, ont termin\u00e9 leur mission aujourd&rsquo;hui, 1er mai 2020, jour de c\u00e9l\u00e9bration de la f\u00eate du travail (tout un symbole), apr\u00e8s s&rsquo;\u00eatre confin\u00e9s, depuis le 20 mars dernier, pour fabriquer des masques de protection. Une c\u00e9r\u00e9monie a \u00e9t\u00e9...\" \/>\n<meta property=\"og:url\" content=\"https:\/\/kapitalis.com\/tunisie\/2020\/05\/01\/kairouan-hommage-aux-employes-de-consomed-confines-a-lusine-depuis-le-20-mars-pour-fabriquer-des-masques-de-protection\/\" \/>\n<meta property=\"og:site_name\" content=\"Kapitalis\" \/>\n<meta property=\"article:publisher\" content=\"https:\/\/www.facebook.com\/KapitalisInfo\/\" \/>\n<meta property=\"article:published_time\" content=\"2020-05-01T18:00:58+00:00\" \/>\n<meta property=\"article:modified_time\" content=\"2020-05-02T06:34:03+00:00\" \/>\n<meta property=\"og:image\" content=\"https:\/\/kapitalis.com\/tunisie\/wp-content\/uploads\/2022\/05\/kapitalis-logo-fb.png\" \/>\n\t<meta property=\"og:image:width\" content=\"1200\" \/>\n\t<meta property=\"og:image:height\" content=\"630\" \/>\n\t<meta property=\"og:image:type\" content=\"image\/png\" \/>\n<meta name=\"author\" content=\"Yusra NY\" \/>\n<meta name=\"twitter:card\" content=\"summary_large_image\" \/>\n<meta name=\"twitter:creator\" content=\"@KapitalisInfo\" \/>\n<meta name=\"twitter:site\" content=\"@KapitalisInfo\" \/>\n<meta name=\"twitter:label1\" content=\"\u00c9crit par\" \/>\n\t<meta name=\"twitter:data1\" content=\"Yusra NY\" \/>\n\t<meta name=\"twitter:label2\" content=\"Dur\u00e9e de lecture estim\u00e9e\" \/>\n\t<meta name=\"twitter:data2\" content=\"2 minutes\" \/>\n<script type=\"application\/ld+json\" class=\"yoast-schema-graph\">{\"@context\":\"https:\/\/schema.org\",\"@graph\":[{\"@type\":\"Article\",\"@id\":\"https:\/\/kapitalis.com\/tunisie\/2020\/05\/01\/kairouan-hommage-aux-employes-de-consomed-confines-a-lusine-depuis-le-20-mars-pour-fabriquer-des-masques-de-protection\/#article\",\"isPartOf\":{\"@id\":\"https:\/\/kapitalis.com\/tunisie\/2020\/05\/01\/kairouan-hommage-aux-employes-de-consomed-confines-a-lusine-depuis-le-20-mars-pour-fabriquer-des-masques-de-protection\/\"},\"author\":{\"name\":\"Yusra NY\",\"@id\":\"https:\/\/kapitalis.com\/tunisie\/#\/schema\/person\/74bbde0154d49d790a92aaeac5bc01d5\"},\"headline\":\"Kairouan : Hommage aux employ\u00e9s de Consomed, confin\u00e9s \u00e0 l&rsquo;usine depuis le 20 mars pour fabriquer des masques de protection\",\"datePublished\":\"2020-05-01T18:00:58+00:00\",\"dateModified\":\"2020-05-02T06:34:03+00:00\",\"mainEntityOfPage\":{\"@id\":\"https:\/\/kapitalis.com\/tunisie\/2020\/05\/01\/kairouan-hommage-aux-employes-de-consomed-confines-a-lusine-depuis-le-20-mars-pour-fabriquer-des-masques-de-protection\/\"},\"wordCount\":338,\"commentCount\":7,\"publisher\":{\"@id\":\"https:\/\/kapitalis.com\/tunisie\/#organization\"},\"image\":{\"@id\":\"https:\/\/kapitalis.com\/tunisie\/2020\/05\/01\/kairouan-hommage-aux-employes-de-consomed-confines-a-lusine-depuis-le-20-mars-pour-fabriquer-des-masques-de-protection\/#primaryimage\"},\"thumbnailUrl\":\"\",\"keywords\":[\"ConsoMed\",\"Coronavirus\",\"f\u00eate du travail\",\"Kairouan\",\"masque protection\",\"ouvriers\",\"travailleurs\",\"Tunisie\",\"UGTT\"],\"articleSection\":[\"ECONOMIE\",\"SOCIETE\",\"Tunisie\",\"VIDEOS\"],\"inLanguage\":\"fr-FR\",\"potentialAction\":[{\"@type\":\"CommentAction\",\"name\":\"Comment\",\"target\":[\"https:\/\/kapitalis.com\/tunisie\/2020\/05\/01\/kairouan-hommage-aux-employes-de-consomed-confines-a-lusine-depuis-le-20-mars-pour-fabriquer-des-masques-de-protection\/#respond\"]}]},{\"@type\":\"WebPage\",\"@id\":\"https:\/\/kapitalis.com\/tunisie\/2020\/05\/01\/kairouan-hommage-aux-employes-de-consomed-confines-a-lusine-depuis-le-20-mars-pour-fabriquer-des-masques-de-protection\/\",\"url\":\"https:\/\/kapitalis.com\/tunisie\/2020\/05\/01\/kairouan-hommage-aux-employes-de-consomed-confines-a-lusine-depuis-le-20-mars-pour-fabriquer-des-masques-de-protection\/\",\"name\":\"Kairouan : Hommage aux employ\u00e9s de Consomed, confin\u00e9s \u00e0 l'usine depuis le 20 mars pour fabriquer des masques de protection - Kapitalis\",\"isPartOf\":{\"@id\":\"https:\/\/kapitalis.com\/tunisie\/#website\"},\"primaryImageOfPage\":{\"@id\":\"https:\/\/kapitalis.com\/tunisie\/2020\/05\/01\/kairouan-hommage-aux-employes-de-consomed-confines-a-lusine-depuis-le-20-mars-pour-fabriquer-des-masques-de-protection\/#primaryimage\"},\"image\":{\"@id\":\"https:\/\/kapitalis.com\/tunisie\/2020\/05\/01\/kairouan-hommage-aux-employes-de-consomed-confines-a-lusine-depuis-le-20-mars-pour-fabriquer-des-masques-de-protection\/#primaryimage\"},\"thumbnailUrl\":\"\",\"datePublished\":\"2020-05-01T18:00:58+00:00\",\"dateModified\":\"2020-05-02T06:34:03+00:00\",\"breadcrumb\":{\"@id\":\"https:\/\/kapitalis.com\/tunisie\/2020\/05\/01\/kairouan-hommage-aux-employes-de-consomed-confines-a-lusine-depuis-le-20-mars-pour-fabriquer-des-masques-de-protection\/#breadcrumb\"},\"inLanguage\":\"fr-FR\",\"potentialAction\":[{\"@type\":\"ReadAction\",\"target\":[\"https:\/\/kapitalis.com\/tunisie\/2020\/05\/01\/kairouan-hommage-aux-employes-de-consomed-confines-a-lusine-depuis-le-20-mars-pour-fabriquer-des-masques-de-protection\/\"]}]},{\"@type\":\"ImageObject\",\"inLanguage\":\"fr-FR\",\"@id\":\"https:\/\/kapitalis.com\/tunisie\/2020\/05\/01\/kairouan-hommage-aux-employes-de-consomed-confines-a-lusine-depuis-le-20-mars-pour-fabriquer-des-masques-de-protection\/#primaryimage\",\"url\":\"\",\"contentUrl\":\"\"},{\"@type\":\"BreadcrumbList\",\"@id\":\"https:\/\/kapitalis.com\/tunisie\/2020\/05\/01\/kairouan-hommage-aux-employes-de-consomed-confines-a-lusine-depuis-le-20-mars-pour-fabriquer-des-masques-de-protection\/#breadcrumb\",\"itemListElement\":[{\"@type\":\"ListItem\",\"position\":1,\"name\":\"Accueil\",\"item\":\"https:\/\/kapitalis.com\/tunisie\/\"},{\"@type\":\"ListItem\",\"position\":2,\"name\":\"Kairouan : Hommage aux employ\u00e9s de Consomed, confin\u00e9s \u00e0 l&rsquo;usine depuis le 20 mars pour fabriquer des masques de protection\"}]},{\"@type\":\"WebSite\",\"@id\":\"https:\/\/kapitalis.com\/tunisie\/#website\",\"url\":\"https:\/\/kapitalis.com\/tunisie\/\",\"name\":\"Kapitalis\",\"description\":\"L&#039;actualit\u00e9 en Tunisie et dans le monde\",\"publisher\":{\"@id\":\"https:\/\/kapitalis.com\/tunisie\/#organization\"},\"potentialAction\":[{\"@type\":\"SearchAction\",\"target\":{\"@type\":\"EntryPoint\",\"urlTemplate\":\"https:\/\/kapitalis.com\/tunisie\/?s={search_term_string}\"},\"query-input\":{\"@type\":\"PropertyValueSpecification\",\"valueRequired\":true,\"valueName\":\"search_term_string\"}}],\"inLanguage\":\"fr-FR\"},{\"@type\":\"Organization\",\"@id\":\"https:\/\/kapitalis.com\/tunisie\/#organization\",\"name\":\"Kapitalis\",\"url\":\"https:\/\/kapitalis.com\/tunisie\/\",\"logo\":{\"@type\":\"ImageObject\",\"inLanguage\":\"fr-FR\",\"@id\":\"https:\/\/kapitalis.com\/tunisie\/#\/schema\/logo\/image\/\",\"url\":\"https:\/\/kapitalis.com\/tunisie\/wp-content\/uploads\/2022\/05\/Kapitalis-big-size.png\",\"contentUrl\":\"https:\/\/kapitalis.com\/tunisie\/wp-content\/uploads\/2022\/05\/Kapitalis-big-size.png\",\"width\":5000,\"height\":1500,\"caption\":\"Kapitalis\"},\"image\":{\"@id\":\"https:\/\/kapitalis.com\/tunisie\/#\/schema\/logo\/image\/\"},\"sameAs\":[\"https:\/\/www.facebook.com\/KapitalisInfo\/\",\"https:\/\/x.com\/KapitalisInfo\",\"https:\/\/www.youtube.com\/channel\/UC-yDYrHyfFBWWZaOw3FPg9Q\"]},{\"@type\":\"Person\",\"@id\":\"https:\/\/kapitalis.com\/tunisie\/#\/schema\/person\/74bbde0154d49d790a92aaeac5bc01d5\",\"name\":\"Yusra NY\",\"url\":\"https:\/\/kapitalis.com\/tunisie\/author\/yuza_adam\/\"}]}<\/script>\n<!-- \/ Yoast SEO plugin. -->","yoast_head_json":{"title":"Kairouan : Hommage aux employ\u00e9s de Consomed, confin\u00e9s \u00e0 l'usine depuis le 20 mars pour fabriquer des masques de protection - Kapitalis","robots":{"index":"index","follow":"follow","max-snippet":"max-snippet:-1","max-image-preview":"max-image-preview:large","max-video-preview":"max-video-preview:-1"},"canonical":"https:\/\/kapitalis.com\/tunisie\/2020\/05\/01\/kairouan-hommage-aux-employes-de-consomed-confines-a-lusine-depuis-le-20-mars-pour-fabriquer-des-masques-de-protection\/","og_locale":"fr_FR","og_type":"article","og_title":"Kairouan : Hommage aux employ\u00e9s de Consomed, confin\u00e9s \u00e0 l'usine depuis le 20 mars pour fabriquer des masques de protection - Kapitalis","og_description":"Les 150 ouvriers (dont 110 femmes) de ConsoMed, soci\u00e9t\u00e9 sp\u00e9cialis\u00e9e dans la fabrication des dispositifs m\u00e9dicaux, \u00e0 Kairouan, ont termin\u00e9 leur mission aujourd&rsquo;hui, 1er mai 2020, jour de c\u00e9l\u00e9bration de la f\u00eate du travail (tout un symbole), apr\u00e8s s&rsquo;\u00eatre confin\u00e9s, depuis le 20 mars dernier, pour fabriquer des masques de protection. Une c\u00e9r\u00e9monie a \u00e9t\u00e9...","og_url":"https:\/\/kapitalis.com\/tunisie\/2020\/05\/01\/kairouan-hommage-aux-employes-de-consomed-confines-a-lusine-depuis-le-20-mars-pour-fabriquer-des-masques-de-protection\/","og_site_name":"Kapitalis","article_publisher":"https:\/\/www.facebook.com\/KapitalisInfo\/","article_published_time":"2020-05-01T18:00:58+00:00","article_modified_time":"2020-05-02T06:34:03+00:00","og_image":[{"width":1200,"height":630,"url":"https:\/\/kapitalis.com\/tunisie\/wp-content\/uploads\/2022\/05\/kapitalis-logo-fb.png","type":"image\/png"}],"author":"Yusra NY","twitter_card":"summary_large_image","twitter_creator":"@KapitalisInfo","twitter_site":"@KapitalisInfo","twitter_misc":{"\u00c9crit par":"Yusra NY","Dur\u00e9e de lecture estim\u00e9e":"2 minutes"},"schema":{"@context":"https:\/\/schema.org","@graph":[{"@type":"Article","@id":"https:\/\/kapitalis.com\/tunisie\/2020\/05\/01\/kairouan-hommage-aux-employes-de-consomed-confines-a-lusine-depuis-le-20-mars-pour-fabriquer-des-masques-de-protection\/#article","isPartOf":{"@id":"https:\/\/kapitalis.com\/tunisie\/2020\/05\/01\/kairouan-hommage-aux-employes-de-consomed-confines-a-lusine-depuis-le-20-mars-pour-fabriquer-des-masques-de-protection\/"},"author":{"name":"Yusra NY","@id":"https:\/\/kapitalis.com\/tunisie\/#\/schema\/person\/74bbde0154d49d790a92aaeac5bc01d5"},"headline":"Kairouan : Hommage aux employ\u00e9s de Consomed, confin\u00e9s \u00e0 l&rsquo;usine depuis le 20 mars pour fabriquer des masques de protection","datePublished":"2020-05-01T18:00:58+00:00","dateModified":"2020-05-02T06:34:03+00:00","mainEntityOfPage":{"@id":"https:\/\/kapitalis.com\/tunisie\/2020\/05\/01\/kairouan-hommage-aux-employes-de-consomed-confines-a-lusine-depuis-le-20-mars-pour-fabriquer-des-masques-de-protection\/"},"wordCount":338,"commentCount":7,"publisher":{"@id":"https:\/\/kapitalis.com\/tunisie\/#organization"},"image":{"@id":"https:\/\/kapitalis.com\/tunisie\/2020\/05\/01\/kairouan-hommage-aux-employes-de-consomed-confines-a-lusine-depuis-le-20-mars-pour-fabriquer-des-masques-de-protection\/#primaryimage"},"thumbnailUrl":"","keywords":["ConsoMed","Coronavirus","f\u00eate du travail","Kairouan","masque protection","ouvriers","travailleurs","Tunisie","UGTT"],"articleSection":["ECONOMIE","SOCIETE","Tunisie","VIDEOS"],"inLanguage":"fr-FR","potentialAction":[{"@type":"CommentAction","name":"Comment","target":["https:\/\/kapitalis.com\/tunisie\/2020\/05\/01\/kairouan-hommage-aux-employes-de-consomed-confines-a-lusine-depuis-le-20-mars-pour-fabriquer-des-masques-de-protection\/#respond"]}]},{"@type":"WebPage","@id":"https:\/\/kapitalis.com\/tunisie\/2020\/05\/01\/kairouan-hommage-aux-employes-de-consomed-confines-a-lusine-depuis-le-20-mars-pour-fabriquer-des-masques-de-protection\/","url":"https:\/\/kapitalis.com\/tunisie\/2020\/05\/01\/kairouan-hommage-aux-employes-de-consomed-confines-a-lusine-depuis-le-20-mars-pour-fabriquer-des-masques-de-protection\/","name":"Kairouan : Hommage aux employ\u00e9s de Consomed, confin\u00e9s \u00e0 l'usine depuis le 20 mars pour fabriquer des masques de protection - Kapitalis","isPartOf":{"@id":"https:\/\/kapitalis.com\/tunisie\/#website"},"primaryImageOfPage":{"@id":"https:\/\/kapitalis.com\/tunisie\/2020\/05\/01\/kairouan-hommage-aux-employes-de-consomed-confines-a-lusine-depuis-le-20-mars-pour-fabriquer-des-masques-de-protection\/#primaryimage"},"image":{"@id":"https:\/\/kapitalis.com\/tunisie\/2020\/05\/01\/kairouan-hommage-aux-employes-de-consomed-confines-a-lusine-depuis-le-20-mars-pour-fabriquer-des-masques-de-protection\/#primaryimage"},"thumbnailUrl":"","datePublished":"2020-05-01T18:00:58+00:00","dateModified":"2020-05-02T06:34:03+00:00","breadcrumb":{"@id":"https:\/\/kapitalis.com\/tunisie\/2020\/05\/01\/kairouan-hommage-aux-employes-de-consomed-confines-a-lusine-depuis-le-20-mars-pour-fabriquer-des-masques-de-protection\/#breadcrumb"},"inLanguage":"fr-FR","potentialAction":[{"@type":"ReadAction","target":["https:\/\/kapitalis.com\/tunisie\/2020\/05\/01\/kairouan-hommage-aux-employes-de-consomed-confines-a-lusine-depuis-le-20-mars-pour-fabriquer-des-masques-de-protection\/"]}]},{"@type":"ImageObject","inLanguage":"fr-FR","@id":"https:\/\/kapitalis.com\/tunisie\/2020\/05\/01\/kairouan-hommage-aux-employes-de-consomed-confines-a-lusine-depuis-le-20-mars-pour-fabriquer-des-masques-de-protection\/#primaryimage","url":"","contentUrl":""},{"@type":"BreadcrumbList","@id":"https:\/\/kapitalis.com\/tunisie\/2020\/05\/01\/kairouan-hommage-aux-employes-de-consomed-confines-a-lusine-depuis-le-20-mars-pour-fabriquer-des-masques-de-protection\/#breadcrumb","itemListElement":[{"@type":"ListItem","position":1,"name":"Accueil","item":"https:\/\/kapitalis.com\/tunisie\/"},{"@type":"ListItem","position":2,"name":"Kairouan : Hommage aux employ\u00e9s de Consomed, confin\u00e9s \u00e0 l&rsquo;usine depuis le 20 mars pour fabriquer des masques de protection"}]},{"@type":"WebSite","@id":"https:\/\/kapitalis.com\/tunisie\/#website","url":"https:\/\/kapitalis.com\/tunisie\/","name":"Kapitalis","description":"L&#039;actualit\u00e9 en Tunisie et dans le monde","publisher":{"@id":"https:\/\/kapitalis.com\/tunisie\/#organization"},"potentialAction":[{"@type":"SearchAction","target":{"@type":"EntryPoint","urlTemplate":"https:\/\/kapitalis.com\/tunisie\/?s={search_term_string}"},"query-input":{"@type":"PropertyValueSpecification","valueRequired":true,"valueName":"search_term_string"}}],"inLanguage":"fr-FR"},{"@type":"Organization","@id":"https:\/\/kapitalis.com\/tunisie\/#organization","name":"Kapitalis","url":"https:\/\/kapitalis.com\/tunisie\/","logo":{"@type":"ImageObject","inLanguage":"fr-FR","@id":"https:\/\/kapitalis.com\/tunisie\/#\/schema\/logo\/image\/","url":"https:\/\/kapitalis.com\/tunisie\/wp-content\/uploads\/2022\/05\/Kapitalis-big-size.png","contentUrl":"https:\/\/kapitalis.com\/tunisie\/wp-content\/uploads\/2022\/05\/Kapitalis-big-size.png","width":5000,"height":1500,"caption":"Kapitalis"},"image":{"@id":"https:\/\/kapitalis.com\/tunisie\/#\/schema\/logo\/image\/"},"sameAs":["https:\/\/www.facebook.com\/KapitalisInfo\/","https:\/\/x.com\/KapitalisInfo","https:\/\/www.youtube.com\/channel\/UC-yDYrHyfFBWWZaOw3FPg9Q"]},{"@type":"Person","@id":"https:\/\/kapitalis.com\/tunisie\/#\/schema\/person\/74bbde0154d49d790a92aaeac5bc01d5","name":"Yusra NY","url":"https:\/\/kapitalis.com\/tunisie\/author\/yuza_adam\/"}]}},"_links":{"self":[{"href":"https:\/\/kapitalis.com\/tunisie\/wp-json\/wp\/v2\/posts\/297103","targetHints":{"allow":["GET"]}}],"collection":[{"href":"https:\/\/kapitalis.com\/tunisie\/wp-json\/wp\/v2\/posts"}],"about":[{"href":"https:\/\/kapitalis.com\/tunisie\/wp-json\/wp\/v2\/types\/post"}],"author":[{"embeddable":true,"href":"https:\/\/kapitalis.com\/tunisie\/wp-json\/wp\/v2\/users\/6"}],"replies":[{"embeddable":true,"href":"https:\/\/kapitalis.com\/tunisie\/wp-json\/wp\/v2\/comments?post=297103"}],"version-history":[{"count":0,"href":"https:\/\/kapitalis.com\/tunisie\/wp-json\/wp\/v2\/posts\/297103\/revisions"}],"wp:featuredmedia":[{"embeddable":true,"href":"https:\/\/kapitalis.com\/tunisie\/wp-json\/wp\/v2\/media\/297108"}],"wp:attachment":[{"href":"https:\/\/kapitalis.com\/tunisie\/wp-json\/wp\/v2\/media?parent=297103"}],"wp:term":[{"taxonomy":"category","embeddable":true,"href":"https:\/\/kapitalis.com\/tunisie\/wp-json\/wp\/v2\/categories?post=297103"},{"taxonomy":"post_tag","embeddable":true,"href":"https:\/\/kapitalis.com\/tunisie\/wp-json\/wp\/v2\/tags?post=297103"}],"curies":[{"name":"wp","href":"https:\/\/api.w.org\/{rel}","templated":true}]}}