{"id":2973759,"date":"2022-08-11T21:56:50","date_gmt":"2022-08-11T20:56:50","guid":{"rendered":"https:\/\/kapitalis.com\/tunisie\/?p=2973759"},"modified":"2022-08-11T21:59:29","modified_gmt":"2022-08-11T20:59:29","slug":"tunisie-le-festival-mediterraneen-de-la-goulette-rend-hommage-a-hichem-rostom","status":"publish","type":"post","link":"https:\/\/kapitalis.com\/tunisie\/2022\/08\/11\/tunisie-le-festival-mediterraneen-de-la-goulette-rend-hommage-a-hichem-rostom\/","title":{"rendered":"Tunisie : Le Festival M\u00e9diterran\u00e9en de la Goulette rend hommage \u00e0 Hichem Rostom"},"content":{"rendered":"\n<p><strong><em>Le Festival M\u00e9diterran\u00e9en de la Goulette-Karaka a d\u00e9voil\u00e9 ce jeudi 11 ao\u00fbt 2022, l&rsquo;affiche de sa 47e \u00e9dition qui porte le nom de l&rsquo;acteur Hichem Rostom, disparu le 28 juin dernier.<\/em><\/strong><\/p>\n\n\n\n<!--more-->\n\n\n\n<p>L&rsquo;affiche de cette 47e \u00e9dition, qui se d\u00e9roulera du 15 au 28 ao\u00fbt 2022, rend hommage au grand acteur, homme de th\u00e9\u00e2tre, de cin\u00e9ma et grande figure de la t\u00e9l\u00e9vision en Tunisie et dans le monde arabe, Hichem Rostom.<\/p>\n\n\n<div class=\"wp-block-image\">\n<figure class=\"aligncenter size-large is-resized\"><img decoding=\"async\" src=\"https:\/\/kapitalis.com\/tunisie\/wp-content\/uploads\/2022\/08\/hr-768x1024.jpg\" alt=\"\" class=\"wp-image-2973994\" width=\"500\" srcset=\"https:\/\/kapitalis.com\/tunisie\/wp-content\/uploads\/2022\/08\/hr-768x1024.jpg 768w, https:\/\/kapitalis.com\/tunisie\/wp-content\/uploads\/2022\/08\/hr-225x300.jpg 225w, https:\/\/kapitalis.com\/tunisie\/wp-content\/uploads\/2022\/08\/hr-1152x1536.jpg 1152w, https:\/\/kapitalis.com\/tunisie\/wp-content\/uploads\/2022\/08\/hr-580x773.jpg 580w, https:\/\/kapitalis.com\/tunisie\/wp-content\/uploads\/2022\/08\/hr-860x1147.jpg 860w, https:\/\/kapitalis.com\/tunisie\/wp-content\/uploads\/2022\/08\/hr-1160x1547.jpg 1160w, https:\/\/kapitalis.com\/tunisie\/wp-content\/uploads\/2022\/08\/hr.jpg 1536w\" sizes=\"(max-width: 768px) 100vw, 768px\" \/><\/figure>\n<\/div>\n\n\n<p>Des soir\u00e9es musicales, des concerts, plusieurs pi\u00e8ces de th\u00e9\u00e2tres ainsi que des One-man-show d&rsquo;humoristes sont attendus lors de ce festival M\u00e9diterran\u00e9en qui a \u00e9galement d\u00e9voil\u00e9 son programme:<\/p>\n\n\n<div class=\"wp-block-image\">\n<figure class=\"aligncenter size-large is-resized\"><img decoding=\"async\" src=\"https:\/\/kapitalis.com\/tunisie\/wp-content\/uploads\/2022\/08\/programme-la-gouelette-1024x746.jpg\" alt=\"\" class=\"wp-image-2973943\" width=\"500\" srcset=\"https:\/\/kapitalis.com\/tunisie\/wp-content\/uploads\/2022\/08\/programme-la-gouelette-1024x746.jpg 1024w, https:\/\/kapitalis.com\/tunisie\/wp-content\/uploads\/2022\/08\/programme-la-gouelette-300x219.jpg 300w, https:\/\/kapitalis.com\/tunisie\/wp-content\/uploads\/2022\/08\/programme-la-gouelette-768x559.jpg 768w, https:\/\/kapitalis.com\/tunisie\/wp-content\/uploads\/2022\/08\/programme-la-gouelette-580x422.jpg 580w, https:\/\/kapitalis.com\/tunisie\/wp-content\/uploads\/2022\/08\/programme-la-gouelette-860x626.jpg 860w, https:\/\/kapitalis.com\/tunisie\/wp-content\/uploads\/2022\/08\/programme-la-gouelette-1160x845.jpg 1160w, https:\/\/kapitalis.com\/tunisie\/wp-content\/uploads\/2022\/08\/programme-la-gouelette.jpg 1458w\" sizes=\"(max-width: 1024px) 100vw, 1024px\" \/><\/figure>\n<\/div>\n\n\n<p class=\"has-text-align-right\"><strong>Y. N.<\/strong><\/p>\n\n\n\n<figure class=\"wp-block-embed is-type-wp-embed is-provider-kapitalis wp-block-embed-kapitalis\"><div class=\"wp-block-embed__wrapper\">\n<blockquote class=\"wp-embedded-content\" data-secret=\"39phjKorW7\"><a href=\"https:\/\/kapitalis.com\/tunisie\/2022\/06\/28\/tunisie-hommage-a-hichem-rostom-lartiste-multiple-et-passionne\/\">Tunisie : Hommage \u00e0 Hichem Rostom l&rsquo;artiste multiple et passionn\u00e9<\/a><\/blockquote><iframe loading=\"lazy\" class=\"wp-embedded-content\" sandbox=\"allow-scripts\" security=\"restricted\" style=\"position: absolute; clip: rect(1px, 1px, 1px, 1px);\" title=\"\u00ab\u00a0Tunisie : Hommage \u00e0 Hichem Rostom l&rsquo;artiste multiple et passionn\u00e9\u00a0\u00bb &#8212; Kapitalis\" src=\"https:\/\/kapitalis.com\/tunisie\/2022\/06\/28\/tunisie-hommage-a-hichem-rostom-lartiste-multiple-et-passionne\/embed\/#?secret=leHC5dvrAE#?secret=39phjKorW7\" data-secret=\"39phjKorW7\" width=\"600\" height=\"338\" frameborder=\"0\" marginwidth=\"0\" marginheight=\"0\" scrolling=\"no\"><\/iframe>\n<\/div><\/figure>\n","protected":false},"excerpt":{"rendered":"<p>Tunisie : Le Festival M\u00e9diterran\u00e9en \u00e0 la Goulette rend hommage \u00e0 Hichem Rostom<\/p>\n","protected":false},"author":6,"featured_media":2974014,"comment_status":"open","ping_status":"open","sticky":false,"template":"","format":"standard","meta":{"footnotes":""},"categories":[994,2433],"tags":[101994,6608,2560,2917,62643],"class_list":["post-2973759","post","type-post","status-publish","format-standard","has-post-thumbnail","hentry","category-culture","category-tunisie","tag-festival-mediterraneen","tag-hichem-rostom","tag-hommage","tag-la-goulette","tag-tunisie"],"yoast_head":"<!-- This site is optimized with the Yoast SEO plugin v26.6 - https:\/\/yoast.com\/wordpress\/plugins\/seo\/ -->\n<title>Tunisie : Le Festival M\u00e9diterran\u00e9en de la Goulette rend hommage \u00e0 Hichem Rostom - Kapitalis<\/title>\n<meta name=\"description\" content=\"Le Festival M\u00e9diterran\u00e9en \u00e0 La Goulette-Karaka a d\u00e9voil\u00e9 ce jeudi 11 ao\u00fbt 2022, l&#039;affiche de sa 47e \u00e9dition qui porte le nom de l&#039;acteur Hichem Rostom, disparu le 28 juin dernier.\" \/>\n<meta name=\"robots\" content=\"index, follow, max-snippet:-1, max-image-preview:large, max-video-preview:-1\" \/>\n<link rel=\"canonical\" href=\"https:\/\/kapitalis.com\/tunisie\/2022\/08\/11\/tunisie-le-festival-mediterraneen-de-la-goulette-rend-hommage-a-hichem-rostom\/\" \/>\n<meta property=\"og:locale\" content=\"fr_FR\" \/>\n<meta property=\"og:type\" content=\"article\" \/>\n<meta property=\"og:title\" content=\"Tunisie : Le Festival M\u00e9diterran\u00e9en de la Goulette rend hommage \u00e0 Hichem Rostom - Kapitalis\" \/>\n<meta property=\"og:description\" content=\"Le Festival M\u00e9diterran\u00e9en \u00e0 La Goulette-Karaka a d\u00e9voil\u00e9 ce jeudi 11 ao\u00fbt 2022, l&#039;affiche de sa 47e \u00e9dition qui porte le nom de l&#039;acteur Hichem Rostom, disparu le 28 juin dernier.\" \/>\n<meta property=\"og:url\" content=\"https:\/\/kapitalis.com\/tunisie\/2022\/08\/11\/tunisie-le-festival-mediterraneen-de-la-goulette-rend-hommage-a-hichem-rostom\/\" \/>\n<meta property=\"og:site_name\" content=\"Kapitalis\" \/>\n<meta property=\"article:publisher\" content=\"https:\/\/www.facebook.com\/KapitalisInfo\/\" \/>\n<meta property=\"article:published_time\" content=\"2022-08-11T20:56:50+00:00\" \/>\n<meta property=\"article:modified_time\" content=\"2022-08-11T20:59:29+00:00\" \/>\n<meta property=\"og:image\" content=\"https:\/\/kapitalis.com\/tunisie\/wp-content\/uploads\/2022\/08\/Festival-Mediterraneen-de-la-Goulette-Rostom.jpg\" \/>\n\t<meta property=\"og:image:width\" content=\"1200\" \/>\n\t<meta property=\"og:image:height\" content=\"630\" \/>\n\t<meta property=\"og:image:type\" content=\"image\/jpeg\" \/>\n<meta name=\"author\" content=\"Yusra NY\" \/>\n<meta name=\"twitter:card\" content=\"summary_large_image\" \/>\n<meta name=\"twitter:creator\" content=\"@KapitalisInfo\" \/>\n<meta name=\"twitter:site\" content=\"@KapitalisInfo\" \/>\n<meta name=\"twitter:label1\" content=\"\u00c9crit par\" \/>\n\t<meta name=\"twitter:data1\" content=\"Yusra NY\" \/>\n\t<meta name=\"twitter:label2\" content=\"Dur\u00e9e de lecture estim\u00e9e\" \/>\n\t<meta name=\"twitter:data2\" content=\"1 minute\" \/>\n<script type=\"application\/ld+json\" class=\"yoast-schema-graph\">{\"@context\":\"https:\/\/schema.org\",\"@graph\":[{\"@type\":\"Article\",\"@id\":\"https:\/\/kapitalis.com\/tunisie\/2022\/08\/11\/tunisie-le-festival-mediterraneen-de-la-goulette-rend-hommage-a-hichem-rostom\/#article\",\"isPartOf\":{\"@id\":\"https:\/\/kapitalis.com\/tunisie\/2022\/08\/11\/tunisie-le-festival-mediterraneen-de-la-goulette-rend-hommage-a-hichem-rostom\/\"},\"author\":{\"name\":\"Yusra NY\",\"@id\":\"https:\/\/kapitalis.com\/tunisie\/#\/schema\/person\/74bbde0154d49d790a92aaeac5bc01d5\"},\"headline\":\"Tunisie : Le Festival M\u00e9diterran\u00e9en de la Goulette rend hommage \u00e0 Hichem Rostom\",\"datePublished\":\"2022-08-11T20:56:50+00:00\",\"dateModified\":\"2022-08-11T20:59:29+00:00\",\"mainEntityOfPage\":{\"@id\":\"https:\/\/kapitalis.com\/tunisie\/2022\/08\/11\/tunisie-le-festival-mediterraneen-de-la-goulette-rend-hommage-a-hichem-rostom\/\"},\"wordCount\":127,\"commentCount\":0,\"publisher\":{\"@id\":\"https:\/\/kapitalis.com\/tunisie\/#organization\"},\"image\":{\"@id\":\"https:\/\/kapitalis.com\/tunisie\/2022\/08\/11\/tunisie-le-festival-mediterraneen-de-la-goulette-rend-hommage-a-hichem-rostom\/#primaryimage\"},\"thumbnailUrl\":\"https:\/\/kapitalis.com\/tunisie\/wp-content\/uploads\/2022\/08\/Festival-Mediterraneen-de-la-Goulette-Rostom.jpg\",\"keywords\":[\"Festival M\u00e9diterran\u00e9en\",\"Hichem Rostom\",\"hommage\",\"La Goulette\",\"Tunisie\"],\"articleSection\":[\"CULTURE\",\"Tunisie\"],\"inLanguage\":\"fr-FR\",\"potentialAction\":[{\"@type\":\"CommentAction\",\"name\":\"Comment\",\"target\":[\"https:\/\/kapitalis.com\/tunisie\/2022\/08\/11\/tunisie-le-festival-mediterraneen-de-la-goulette-rend-hommage-a-hichem-rostom\/#respond\"]}]},{\"@type\":\"WebPage\",\"@id\":\"https:\/\/kapitalis.com\/tunisie\/2022\/08\/11\/tunisie-le-festival-mediterraneen-de-la-goulette-rend-hommage-a-hichem-rostom\/\",\"url\":\"https:\/\/kapitalis.com\/tunisie\/2022\/08\/11\/tunisie-le-festival-mediterraneen-de-la-goulette-rend-hommage-a-hichem-rostom\/\",\"name\":\"Tunisie : Le Festival M\u00e9diterran\u00e9en de la Goulette rend hommage \u00e0 Hichem Rostom - Kapitalis\",\"isPartOf\":{\"@id\":\"https:\/\/kapitalis.com\/tunisie\/#website\"},\"primaryImageOfPage\":{\"@id\":\"https:\/\/kapitalis.com\/tunisie\/2022\/08\/11\/tunisie-le-festival-mediterraneen-de-la-goulette-rend-hommage-a-hichem-rostom\/#primaryimage\"},\"image\":{\"@id\":\"https:\/\/kapitalis.com\/tunisie\/2022\/08\/11\/tunisie-le-festival-mediterraneen-de-la-goulette-rend-hommage-a-hichem-rostom\/#primaryimage\"},\"thumbnailUrl\":\"https:\/\/kapitalis.com\/tunisie\/wp-content\/uploads\/2022\/08\/Festival-Mediterraneen-de-la-Goulette-Rostom.jpg\",\"datePublished\":\"2022-08-11T20:56:50+00:00\",\"dateModified\":\"2022-08-11T20:59:29+00:00\",\"description\":\"Le Festival M\u00e9diterran\u00e9en \u00e0 La Goulette-Karaka a d\u00e9voil\u00e9 ce jeudi 11 ao\u00fbt 2022, l'affiche de sa 47e \u00e9dition qui porte le nom de l'acteur Hichem Rostom, disparu le 28 juin dernier.\",\"breadcrumb\":{\"@id\":\"https:\/\/kapitalis.com\/tunisie\/2022\/08\/11\/tunisie-le-festival-mediterraneen-de-la-goulette-rend-hommage-a-hichem-rostom\/#breadcrumb\"},\"inLanguage\":\"fr-FR\",\"potentialAction\":[{\"@type\":\"ReadAction\",\"target\":[\"https:\/\/kapitalis.com\/tunisie\/2022\/08\/11\/tunisie-le-festival-mediterraneen-de-la-goulette-rend-hommage-a-hichem-rostom\/\"]}]},{\"@type\":\"ImageObject\",\"inLanguage\":\"fr-FR\",\"@id\":\"https:\/\/kapitalis.com\/tunisie\/2022\/08\/11\/tunisie-le-festival-mediterraneen-de-la-goulette-rend-hommage-a-hichem-rostom\/#primaryimage\",\"url\":\"https:\/\/kapitalis.com\/tunisie\/wp-content\/uploads\/2022\/08\/Festival-Mediterraneen-de-la-Goulette-Rostom.jpg\",\"contentUrl\":\"https:\/\/kapitalis.com\/tunisie\/wp-content\/uploads\/2022\/08\/Festival-Mediterraneen-de-la-Goulette-Rostom.jpg\",\"width\":1200,\"height\":630},{\"@type\":\"BreadcrumbList\",\"@id\":\"https:\/\/kapitalis.com\/tunisie\/2022\/08\/11\/tunisie-le-festival-mediterraneen-de-la-goulette-rend-hommage-a-hichem-rostom\/#breadcrumb\",\"itemListElement\":[{\"@type\":\"ListItem\",\"position\":1,\"name\":\"Accueil\",\"item\":\"https:\/\/kapitalis.com\/tunisie\/\"},{\"@type\":\"ListItem\",\"position\":2,\"name\":\"Tunisie : Le Festival M\u00e9diterran\u00e9en de la Goulette rend hommage \u00e0 Hichem Rostom\"}]},{\"@type\":\"WebSite\",\"@id\":\"https:\/\/kapitalis.com\/tunisie\/#website\",\"url\":\"https:\/\/kapitalis.com\/tunisie\/\",\"name\":\"Kapitalis\",\"description\":\"L&#039;actualit\u00e9 en Tunisie et dans le monde\",\"publisher\":{\"@id\":\"https:\/\/kapitalis.com\/tunisie\/#organization\"},\"potentialAction\":[{\"@type\":\"SearchAction\",\"target\":{\"@type\":\"EntryPoint\",\"urlTemplate\":\"https:\/\/kapitalis.com\/tunisie\/?s={search_term_string}\"},\"query-input\":{\"@type\":\"PropertyValueSpecification\",\"valueRequired\":true,\"valueName\":\"search_term_string\"}}],\"inLanguage\":\"fr-FR\"},{\"@type\":\"Organization\",\"@id\":\"https:\/\/kapitalis.com\/tunisie\/#organization\",\"name\":\"Kapitalis\",\"url\":\"https:\/\/kapitalis.com\/tunisie\/\",\"logo\":{\"@type\":\"ImageObject\",\"inLanguage\":\"fr-FR\",\"@id\":\"https:\/\/kapitalis.com\/tunisie\/#\/schema\/logo\/image\/\",\"url\":\"https:\/\/kapitalis.com\/tunisie\/wp-content\/uploads\/2022\/05\/Kapitalis-big-size.png\",\"contentUrl\":\"https:\/\/kapitalis.com\/tunisie\/wp-content\/uploads\/2022\/05\/Kapitalis-big-size.png\",\"width\":5000,\"height\":1500,\"caption\":\"Kapitalis\"},\"image\":{\"@id\":\"https:\/\/kapitalis.com\/tunisie\/#\/schema\/logo\/image\/\"},\"sameAs\":[\"https:\/\/www.facebook.com\/KapitalisInfo\/\",\"https:\/\/x.com\/KapitalisInfo\",\"https:\/\/www.youtube.com\/channel\/UC-yDYrHyfFBWWZaOw3FPg9Q\"]},{\"@type\":\"Person\",\"@id\":\"https:\/\/kapitalis.com\/tunisie\/#\/schema\/person\/74bbde0154d49d790a92aaeac5bc01d5\",\"name\":\"Yusra NY\",\"url\":\"https:\/\/kapitalis.com\/tunisie\/author\/yuza_adam\/\"}]}<\/script>\n<!-- \/ Yoast SEO plugin. -->","yoast_head_json":{"title":"Tunisie : Le Festival M\u00e9diterran\u00e9en de la Goulette rend hommage \u00e0 Hichem Rostom - Kapitalis","description":"Le Festival M\u00e9diterran\u00e9en \u00e0 La Goulette-Karaka a d\u00e9voil\u00e9 ce jeudi 11 ao\u00fbt 2022, l'affiche de sa 47e \u00e9dition qui porte le nom de l'acteur Hichem Rostom, disparu le 28 juin dernier.","robots":{"index":"index","follow":"follow","max-snippet":"max-snippet:-1","max-image-preview":"max-image-preview:large","max-video-preview":"max-video-preview:-1"},"canonical":"https:\/\/kapitalis.com\/tunisie\/2022\/08\/11\/tunisie-le-festival-mediterraneen-de-la-goulette-rend-hommage-a-hichem-rostom\/","og_locale":"fr_FR","og_type":"article","og_title":"Tunisie : Le Festival M\u00e9diterran\u00e9en de la Goulette rend hommage \u00e0 Hichem Rostom - Kapitalis","og_description":"Le Festival M\u00e9diterran\u00e9en \u00e0 La Goulette-Karaka a d\u00e9voil\u00e9 ce jeudi 11 ao\u00fbt 2022, l'affiche de sa 47e \u00e9dition qui porte le nom de l'acteur Hichem Rostom, disparu le 28 juin dernier.","og_url":"https:\/\/kapitalis.com\/tunisie\/2022\/08\/11\/tunisie-le-festival-mediterraneen-de-la-goulette-rend-hommage-a-hichem-rostom\/","og_site_name":"Kapitalis","article_publisher":"https:\/\/www.facebook.com\/KapitalisInfo\/","article_published_time":"2022-08-11T20:56:50+00:00","article_modified_time":"2022-08-11T20:59:29+00:00","og_image":[{"width":1200,"height":630,"url":"https:\/\/kapitalis.com\/tunisie\/wp-content\/uploads\/2022\/08\/Festival-Mediterraneen-de-la-Goulette-Rostom.jpg","type":"image\/jpeg"}],"author":"Yusra NY","twitter_card":"summary_large_image","twitter_creator":"@KapitalisInfo","twitter_site":"@KapitalisInfo","twitter_misc":{"\u00c9crit par":"Yusra NY","Dur\u00e9e de lecture estim\u00e9e":"1 minute"},"schema":{"@context":"https:\/\/schema.org","@graph":[{"@type":"Article","@id":"https:\/\/kapitalis.com\/tunisie\/2022\/08\/11\/tunisie-le-festival-mediterraneen-de-la-goulette-rend-hommage-a-hichem-rostom\/#article","isPartOf":{"@id":"https:\/\/kapitalis.com\/tunisie\/2022\/08\/11\/tunisie-le-festival-mediterraneen-de-la-goulette-rend-hommage-a-hichem-rostom\/"},"author":{"name":"Yusra NY","@id":"https:\/\/kapitalis.com\/tunisie\/#\/schema\/person\/74bbde0154d49d790a92aaeac5bc01d5"},"headline":"Tunisie : Le Festival M\u00e9diterran\u00e9en de la Goulette rend hommage \u00e0 Hichem Rostom","datePublished":"2022-08-11T20:56:50+00:00","dateModified":"2022-08-11T20:59:29+00:00","mainEntityOfPage":{"@id":"https:\/\/kapitalis.com\/tunisie\/2022\/08\/11\/tunisie-le-festival-mediterraneen-de-la-goulette-rend-hommage-a-hichem-rostom\/"},"wordCount":127,"commentCount":0,"publisher":{"@id":"https:\/\/kapitalis.com\/tunisie\/#organization"},"image":{"@id":"https:\/\/kapitalis.com\/tunisie\/2022\/08\/11\/tunisie-le-festival-mediterraneen-de-la-goulette-rend-hommage-a-hichem-rostom\/#primaryimage"},"thumbnailUrl":"https:\/\/kapitalis.com\/tunisie\/wp-content\/uploads\/2022\/08\/Festival-Mediterraneen-de-la-Goulette-Rostom.jpg","keywords":["Festival M\u00e9diterran\u00e9en","Hichem Rostom","hommage","La Goulette","Tunisie"],"articleSection":["CULTURE","Tunisie"],"inLanguage":"fr-FR","potentialAction":[{"@type":"CommentAction","name":"Comment","target":["https:\/\/kapitalis.com\/tunisie\/2022\/08\/11\/tunisie-le-festival-mediterraneen-de-la-goulette-rend-hommage-a-hichem-rostom\/#respond"]}]},{"@type":"WebPage","@id":"https:\/\/kapitalis.com\/tunisie\/2022\/08\/11\/tunisie-le-festival-mediterraneen-de-la-goulette-rend-hommage-a-hichem-rostom\/","url":"https:\/\/kapitalis.com\/tunisie\/2022\/08\/11\/tunisie-le-festival-mediterraneen-de-la-goulette-rend-hommage-a-hichem-rostom\/","name":"Tunisie : Le Festival M\u00e9diterran\u00e9en de la Goulette rend hommage \u00e0 Hichem Rostom - Kapitalis","isPartOf":{"@id":"https:\/\/kapitalis.com\/tunisie\/#website"},"primaryImageOfPage":{"@id":"https:\/\/kapitalis.com\/tunisie\/2022\/08\/11\/tunisie-le-festival-mediterraneen-de-la-goulette-rend-hommage-a-hichem-rostom\/#primaryimage"},"image":{"@id":"https:\/\/kapitalis.com\/tunisie\/2022\/08\/11\/tunisie-le-festival-mediterraneen-de-la-goulette-rend-hommage-a-hichem-rostom\/#primaryimage"},"thumbnailUrl":"https:\/\/kapitalis.com\/tunisie\/wp-content\/uploads\/2022\/08\/Festival-Mediterraneen-de-la-Goulette-Rostom.jpg","datePublished":"2022-08-11T20:56:50+00:00","dateModified":"2022-08-11T20:59:29+00:00","description":"Le Festival M\u00e9diterran\u00e9en \u00e0 La Goulette-Karaka a d\u00e9voil\u00e9 ce jeudi 11 ao\u00fbt 2022, l'affiche de sa 47e \u00e9dition qui porte le nom de l'acteur Hichem Rostom, disparu le 28 juin dernier.","breadcrumb":{"@id":"https:\/\/kapitalis.com\/tunisie\/2022\/08\/11\/tunisie-le-festival-mediterraneen-de-la-goulette-rend-hommage-a-hichem-rostom\/#breadcrumb"},"inLanguage":"fr-FR","potentialAction":[{"@type":"ReadAction","target":["https:\/\/kapitalis.com\/tunisie\/2022\/08\/11\/tunisie-le-festival-mediterraneen-de-la-goulette-rend-hommage-a-hichem-rostom\/"]}]},{"@type":"ImageObject","inLanguage":"fr-FR","@id":"https:\/\/kapitalis.com\/tunisie\/2022\/08\/11\/tunisie-le-festival-mediterraneen-de-la-goulette-rend-hommage-a-hichem-rostom\/#primaryimage","url":"https:\/\/kapitalis.com\/tunisie\/wp-content\/uploads\/2022\/08\/Festival-Mediterraneen-de-la-Goulette-Rostom.jpg","contentUrl":"https:\/\/kapitalis.com\/tunisie\/wp-content\/uploads\/2022\/08\/Festival-Mediterraneen-de-la-Goulette-Rostom.jpg","width":1200,"height":630},{"@type":"BreadcrumbList","@id":"https:\/\/kapitalis.com\/tunisie\/2022\/08\/11\/tunisie-le-festival-mediterraneen-de-la-goulette-rend-hommage-a-hichem-rostom\/#breadcrumb","itemListElement":[{"@type":"ListItem","position":1,"name":"Accueil","item":"https:\/\/kapitalis.com\/tunisie\/"},{"@type":"ListItem","position":2,"name":"Tunisie : Le Festival M\u00e9diterran\u00e9en de la Goulette rend hommage \u00e0 Hichem Rostom"}]},{"@type":"WebSite","@id":"https:\/\/kapitalis.com\/tunisie\/#website","url":"https:\/\/kapitalis.com\/tunisie\/","name":"Kapitalis","description":"L&#039;actualit\u00e9 en Tunisie et dans le monde","publisher":{"@id":"https:\/\/kapitalis.com\/tunisie\/#organization"},"potentialAction":[{"@type":"SearchAction","target":{"@type":"EntryPoint","urlTemplate":"https:\/\/kapitalis.com\/tunisie\/?s={search_term_string}"},"query-input":{"@type":"PropertyValueSpecification","valueRequired":true,"valueName":"search_term_string"}}],"inLanguage":"fr-FR"},{"@type":"Organization","@id":"https:\/\/kapitalis.com\/tunisie\/#organization","name":"Kapitalis","url":"https:\/\/kapitalis.com\/tunisie\/","logo":{"@type":"ImageObject","inLanguage":"fr-FR","@id":"https:\/\/kapitalis.com\/tunisie\/#\/schema\/logo\/image\/","url":"https:\/\/kapitalis.com\/tunisie\/wp-content\/uploads\/2022\/05\/Kapitalis-big-size.png","contentUrl":"https:\/\/kapitalis.com\/tunisie\/wp-content\/uploads\/2022\/05\/Kapitalis-big-size.png","width":5000,"height":1500,"caption":"Kapitalis"},"image":{"@id":"https:\/\/kapitalis.com\/tunisie\/#\/schema\/logo\/image\/"},"sameAs":["https:\/\/www.facebook.com\/KapitalisInfo\/","https:\/\/x.com\/KapitalisInfo","https:\/\/www.youtube.com\/channel\/UC-yDYrHyfFBWWZaOw3FPg9Q"]},{"@type":"Person","@id":"https:\/\/kapitalis.com\/tunisie\/#\/schema\/person\/74bbde0154d49d790a92aaeac5bc01d5","name":"Yusra NY","url":"https:\/\/kapitalis.com\/tunisie\/author\/yuza_adam\/"}]}},"_links":{"self":[{"href":"https:\/\/kapitalis.com\/tunisie\/wp-json\/wp\/v2\/posts\/2973759","targetHints":{"allow":["GET"]}}],"collection":[{"href":"https:\/\/kapitalis.com\/tunisie\/wp-json\/wp\/v2\/posts"}],"about":[{"href":"https:\/\/kapitalis.com\/tunisie\/wp-json\/wp\/v2\/types\/post"}],"author":[{"embeddable":true,"href":"https:\/\/kapitalis.com\/tunisie\/wp-json\/wp\/v2\/users\/6"}],"replies":[{"embeddable":true,"href":"https:\/\/kapitalis.com\/tunisie\/wp-json\/wp\/v2\/comments?post=2973759"}],"version-history":[{"count":0,"href":"https:\/\/kapitalis.com\/tunisie\/wp-json\/wp\/v2\/posts\/2973759\/revisions"}],"wp:featuredmedia":[{"embeddable":true,"href":"https:\/\/kapitalis.com\/tunisie\/wp-json\/wp\/v2\/media\/2974014"}],"wp:attachment":[{"href":"https:\/\/kapitalis.com\/tunisie\/wp-json\/wp\/v2\/media?parent=2973759"}],"wp:term":[{"taxonomy":"category","embeddable":true,"href":"https:\/\/kapitalis.com\/tunisie\/wp-json\/wp\/v2\/categories?post=2973759"},{"taxonomy":"post_tag","embeddable":true,"href":"https:\/\/kapitalis.com\/tunisie\/wp-json\/wp\/v2\/tags?post=2973759"}],"curies":[{"name":"wp","href":"https:\/\/api.w.org\/{rel}","templated":true}]}}