{"id":2977567,"date":"2022-08-12T01:24:33","date_gmt":"2022-08-12T00:24:33","guid":{"rendered":"https:\/\/kapitalis.com\/tunisie\/?p=2977567"},"modified":"2022-08-12T01:26:19","modified_gmt":"2022-08-12T00:26:19","slug":"tunisie-deux-individus-arretes-pour-tentative-de-meurtre-lors-dun-braquage-a-la-marsa","status":"publish","type":"post","link":"https:\/\/kapitalis.com\/tunisie\/2022\/08\/12\/tunisie-deux-individus-arretes-pour-tentative-de-meurtre-lors-dun-braquage-a-la-marsa\/","title":{"rendered":"Tunisie : Deux individus arr\u00eat\u00e9s pour tentative de meurtre lors d&rsquo;un braquage \u00e0 la Marsa"},"content":{"rendered":"\n<p><strong><em>La police a arr\u00eat\u00e9, ce jeudi 11 ao\u00fbt 2022, deux individus ayant commis un braquage \u00e0 Bhar Lazreg \u00e0 la Marsa (banlieue nord de Tunis), et dont la victime, qui \u00e9tait \u00e0 bord de sa moto, a \u00e9t\u00e9 violemment agress\u00e9e.<\/em><\/strong><\/p>\n\n\n\n<!--more-->\n\n\n\n<p>Les deux suspects ont intercept\u00e9 l&rsquo;homme sur la route et l&rsquo;ont violent\u00e9 puis agress\u00e9 \u00e0 l&rsquo;arme blanche, avant de lui voler sa moto et de fuir, indique la Direction g\u00e9n\u00e9rale de la s\u00fbret\u00e9 nationale (DGSN), en pr\u00e9cisant que la victime a \u00e9t\u00e9 conduite \u00e0 l&rsquo;h\u00f4pital.<\/p>\n\n\n\n<p>Alert\u00e9e, la police a ouvert une enqu\u00eate et a entendu le bless\u00e9, qui a \u00e9t\u00e9 en mesure de d\u00e9crire ses agresseurs, ajoute la m\u00eame source, en affirmant que les investigations ont permis de les identifier, d&rsquo;autant que l&rsquo;un des suspects a des ant\u00e9c\u00e9dents judiciaires<\/p>\n\n\n\n<p>Ils ont \u00e9t\u00e9 arr\u00eat\u00e9s lors d&rsquo;une descente et la moto vol\u00e9e a \u00e9t\u00e9 retrouv\u00e9e chez le suspect principal, ajoute encore la DGSN, en indiquant qu&rsquo;ils ont \u00e9t\u00e9 plac\u00e9s en d\u00e9tention sur ordre du parquet qui a d\u00e9cid\u00e9 de les poursuivre, notamment, pour tentative de meurtre.<\/p>\n\n\n\n<p class=\"has-text-align-right\"><strong>Y. N.<\/strong><\/p>\n","protected":false},"excerpt":{"rendered":"<p>Tunisie : Deux individus arr\u00eat\u00e9s pour tentative de meurtre lors d&rsquo;un braquage \u00e0 la Marsa<\/p>\n","protected":false},"author":6,"featured_media":2977672,"comment_status":"open","ping_status":"open","sticky":false,"template":"","format":"standard","meta":{"footnotes":""},"categories":[998,2433],"tags":[9177,31222,167,2991,13438,64491,62643,6581],"class_list":["post-2977567","post","type-post","status-publish","format-standard","has-post-thumbnail","hentry","category-societe","category-tunisie","tag-banlieue-nord","tag-bhar-lazreg","tag-braquage","tag-la-marsa","tag-tentative-meurtre","tag-tunis","tag-tunisie","tag-violences"],"yoast_head":"<!-- This site is optimized with the Yoast SEO plugin v26.6 - https:\/\/yoast.com\/wordpress\/plugins\/seo\/ -->\n<title>Tunisie : Deux individus arr\u00eat\u00e9s pour tentative de meurtre lors d&#039;un braquage \u00e0 la Marsa - Kapitalis<\/title>\n<meta name=\"description\" content=\"La police a arr\u00eat\u00e9 ce jeudi 11 ao\u00fbt 2022, deux individus ayant commis un braquage \u00e0 Bhar Lazreg \u00e0 la Marsa (banlieue nord de Tunis), et dont la victime, qui \u00e9tait \u00e0 bord de sa moto, a \u00e9t\u00e9 violemment agress\u00e9 et laiss\u00e9 pour mort.\" \/>\n<meta name=\"robots\" content=\"index, follow, max-snippet:-1, max-image-preview:large, max-video-preview:-1\" \/>\n<link rel=\"canonical\" href=\"https:\/\/kapitalis.com\/tunisie\/2022\/08\/12\/tunisie-deux-individus-arretes-pour-tentative-de-meurtre-lors-dun-braquage-a-la-marsa\/\" \/>\n<meta property=\"og:locale\" content=\"fr_FR\" \/>\n<meta property=\"og:type\" content=\"article\" \/>\n<meta property=\"og:title\" content=\"Tunisie : Deux individus arr\u00eat\u00e9s pour tentative de meurtre lors d&#039;un braquage \u00e0 la Marsa - Kapitalis\" \/>\n<meta property=\"og:description\" content=\"La police a arr\u00eat\u00e9 ce jeudi 11 ao\u00fbt 2022, deux individus ayant commis un braquage \u00e0 Bhar Lazreg \u00e0 la Marsa (banlieue nord de Tunis), et dont la victime, qui \u00e9tait \u00e0 bord de sa moto, a \u00e9t\u00e9 violemment agress\u00e9 et laiss\u00e9 pour mort.\" \/>\n<meta property=\"og:url\" content=\"https:\/\/kapitalis.com\/tunisie\/2022\/08\/12\/tunisie-deux-individus-arretes-pour-tentative-de-meurtre-lors-dun-braquage-a-la-marsa\/\" \/>\n<meta property=\"og:site_name\" content=\"Kapitalis\" \/>\n<meta property=\"article:publisher\" content=\"https:\/\/www.facebook.com\/KapitalisInfo\/\" \/>\n<meta property=\"article:published_time\" content=\"2022-08-12T00:24:33+00:00\" \/>\n<meta property=\"article:modified_time\" content=\"2022-08-12T00:26:19+00:00\" \/>\n<meta property=\"og:image\" content=\"https:\/\/kapitalis.com\/tunisie\/wp-content\/uploads\/2022\/08\/braquage-Marsa.jpg\" \/>\n\t<meta property=\"og:image:width\" content=\"1200\" \/>\n\t<meta property=\"og:image:height\" content=\"630\" \/>\n\t<meta property=\"og:image:type\" content=\"image\/jpeg\" \/>\n<meta name=\"author\" content=\"Yusra NY\" \/>\n<meta name=\"twitter:card\" content=\"summary_large_image\" \/>\n<meta name=\"twitter:creator\" content=\"@KapitalisInfo\" \/>\n<meta name=\"twitter:site\" content=\"@KapitalisInfo\" \/>\n<meta name=\"twitter:label1\" content=\"\u00c9crit par\" \/>\n\t<meta name=\"twitter:data1\" content=\"Yusra NY\" \/>\n\t<meta name=\"twitter:label2\" content=\"Dur\u00e9e de lecture estim\u00e9e\" \/>\n\t<meta name=\"twitter:data2\" content=\"1 minute\" \/>\n<script type=\"application\/ld+json\" class=\"yoast-schema-graph\">{\"@context\":\"https:\/\/schema.org\",\"@graph\":[{\"@type\":\"Article\",\"@id\":\"https:\/\/kapitalis.com\/tunisie\/2022\/08\/12\/tunisie-deux-individus-arretes-pour-tentative-de-meurtre-lors-dun-braquage-a-la-marsa\/#article\",\"isPartOf\":{\"@id\":\"https:\/\/kapitalis.com\/tunisie\/2022\/08\/12\/tunisie-deux-individus-arretes-pour-tentative-de-meurtre-lors-dun-braquage-a-la-marsa\/\"},\"author\":{\"name\":\"Yusra NY\",\"@id\":\"https:\/\/kapitalis.com\/tunisie\/#\/schema\/person\/74bbde0154d49d790a92aaeac5bc01d5\"},\"headline\":\"Tunisie : Deux individus arr\u00eat\u00e9s pour tentative de meurtre lors d&rsquo;un braquage \u00e0 la Marsa\",\"datePublished\":\"2022-08-12T00:24:33+00:00\",\"dateModified\":\"2022-08-12T00:26:19+00:00\",\"mainEntityOfPage\":{\"@id\":\"https:\/\/kapitalis.com\/tunisie\/2022\/08\/12\/tunisie-deux-individus-arretes-pour-tentative-de-meurtre-lors-dun-braquage-a-la-marsa\/\"},\"wordCount\":205,\"commentCount\":2,\"publisher\":{\"@id\":\"https:\/\/kapitalis.com\/tunisie\/#organization\"},\"image\":{\"@id\":\"https:\/\/kapitalis.com\/tunisie\/2022\/08\/12\/tunisie-deux-individus-arretes-pour-tentative-de-meurtre-lors-dun-braquage-a-la-marsa\/#primaryimage\"},\"thumbnailUrl\":\"https:\/\/kapitalis.com\/tunisie\/wp-content\/uploads\/2022\/08\/braquage-Marsa.jpg\",\"keywords\":[\"banlieue nord\",\"Bhar Lazreg\",\"braquage\",\"La Marsa\",\"tentative meurtre\",\"Tunis\",\"Tunisie\",\"violences\"],\"articleSection\":[\"SOCIETE\",\"Tunisie\"],\"inLanguage\":\"fr-FR\",\"potentialAction\":[{\"@type\":\"CommentAction\",\"name\":\"Comment\",\"target\":[\"https:\/\/kapitalis.com\/tunisie\/2022\/08\/12\/tunisie-deux-individus-arretes-pour-tentative-de-meurtre-lors-dun-braquage-a-la-marsa\/#respond\"]}]},{\"@type\":\"WebPage\",\"@id\":\"https:\/\/kapitalis.com\/tunisie\/2022\/08\/12\/tunisie-deux-individus-arretes-pour-tentative-de-meurtre-lors-dun-braquage-a-la-marsa\/\",\"url\":\"https:\/\/kapitalis.com\/tunisie\/2022\/08\/12\/tunisie-deux-individus-arretes-pour-tentative-de-meurtre-lors-dun-braquage-a-la-marsa\/\",\"name\":\"Tunisie : Deux individus arr\u00eat\u00e9s pour tentative de meurtre lors d'un braquage \u00e0 la Marsa - Kapitalis\",\"isPartOf\":{\"@id\":\"https:\/\/kapitalis.com\/tunisie\/#website\"},\"primaryImageOfPage\":{\"@id\":\"https:\/\/kapitalis.com\/tunisie\/2022\/08\/12\/tunisie-deux-individus-arretes-pour-tentative-de-meurtre-lors-dun-braquage-a-la-marsa\/#primaryimage\"},\"image\":{\"@id\":\"https:\/\/kapitalis.com\/tunisie\/2022\/08\/12\/tunisie-deux-individus-arretes-pour-tentative-de-meurtre-lors-dun-braquage-a-la-marsa\/#primaryimage\"},\"thumbnailUrl\":\"https:\/\/kapitalis.com\/tunisie\/wp-content\/uploads\/2022\/08\/braquage-Marsa.jpg\",\"datePublished\":\"2022-08-12T00:24:33+00:00\",\"dateModified\":\"2022-08-12T00:26:19+00:00\",\"description\":\"La police a arr\u00eat\u00e9 ce jeudi 11 ao\u00fbt 2022, deux individus ayant commis un braquage \u00e0 Bhar Lazreg \u00e0 la Marsa (banlieue nord de Tunis), et dont la victime, qui \u00e9tait \u00e0 bord de sa moto, a \u00e9t\u00e9 violemment agress\u00e9 et laiss\u00e9 pour mort.\",\"breadcrumb\":{\"@id\":\"https:\/\/kapitalis.com\/tunisie\/2022\/08\/12\/tunisie-deux-individus-arretes-pour-tentative-de-meurtre-lors-dun-braquage-a-la-marsa\/#breadcrumb\"},\"inLanguage\":\"fr-FR\",\"potentialAction\":[{\"@type\":\"ReadAction\",\"target\":[\"https:\/\/kapitalis.com\/tunisie\/2022\/08\/12\/tunisie-deux-individus-arretes-pour-tentative-de-meurtre-lors-dun-braquage-a-la-marsa\/\"]}]},{\"@type\":\"ImageObject\",\"inLanguage\":\"fr-FR\",\"@id\":\"https:\/\/kapitalis.com\/tunisie\/2022\/08\/12\/tunisie-deux-individus-arretes-pour-tentative-de-meurtre-lors-dun-braquage-a-la-marsa\/#primaryimage\",\"url\":\"https:\/\/kapitalis.com\/tunisie\/wp-content\/uploads\/2022\/08\/braquage-Marsa.jpg\",\"contentUrl\":\"https:\/\/kapitalis.com\/tunisie\/wp-content\/uploads\/2022\/08\/braquage-Marsa.jpg\",\"width\":1200,\"height\":630},{\"@type\":\"BreadcrumbList\",\"@id\":\"https:\/\/kapitalis.com\/tunisie\/2022\/08\/12\/tunisie-deux-individus-arretes-pour-tentative-de-meurtre-lors-dun-braquage-a-la-marsa\/#breadcrumb\",\"itemListElement\":[{\"@type\":\"ListItem\",\"position\":1,\"name\":\"Accueil\",\"item\":\"https:\/\/kapitalis.com\/tunisie\/\"},{\"@type\":\"ListItem\",\"position\":2,\"name\":\"Tunisie : Deux individus arr\u00eat\u00e9s pour tentative de meurtre lors d&rsquo;un braquage \u00e0 la Marsa\"}]},{\"@type\":\"WebSite\",\"@id\":\"https:\/\/kapitalis.com\/tunisie\/#website\",\"url\":\"https:\/\/kapitalis.com\/tunisie\/\",\"name\":\"Kapitalis\",\"description\":\"L&#039;actualit\u00e9 en Tunisie et dans le monde\",\"publisher\":{\"@id\":\"https:\/\/kapitalis.com\/tunisie\/#organization\"},\"potentialAction\":[{\"@type\":\"SearchAction\",\"target\":{\"@type\":\"EntryPoint\",\"urlTemplate\":\"https:\/\/kapitalis.com\/tunisie\/?s={search_term_string}\"},\"query-input\":{\"@type\":\"PropertyValueSpecification\",\"valueRequired\":true,\"valueName\":\"search_term_string\"}}],\"inLanguage\":\"fr-FR\"},{\"@type\":\"Organization\",\"@id\":\"https:\/\/kapitalis.com\/tunisie\/#organization\",\"name\":\"Kapitalis\",\"url\":\"https:\/\/kapitalis.com\/tunisie\/\",\"logo\":{\"@type\":\"ImageObject\",\"inLanguage\":\"fr-FR\",\"@id\":\"https:\/\/kapitalis.com\/tunisie\/#\/schema\/logo\/image\/\",\"url\":\"https:\/\/kapitalis.com\/tunisie\/wp-content\/uploads\/2022\/05\/Kapitalis-big-size.png\",\"contentUrl\":\"https:\/\/kapitalis.com\/tunisie\/wp-content\/uploads\/2022\/05\/Kapitalis-big-size.png\",\"width\":5000,\"height\":1500,\"caption\":\"Kapitalis\"},\"image\":{\"@id\":\"https:\/\/kapitalis.com\/tunisie\/#\/schema\/logo\/image\/\"},\"sameAs\":[\"https:\/\/www.facebook.com\/KapitalisInfo\/\",\"https:\/\/x.com\/KapitalisInfo\",\"https:\/\/www.youtube.com\/channel\/UC-yDYrHyfFBWWZaOw3FPg9Q\"]},{\"@type\":\"Person\",\"@id\":\"https:\/\/kapitalis.com\/tunisie\/#\/schema\/person\/74bbde0154d49d790a92aaeac5bc01d5\",\"name\":\"Yusra NY\",\"url\":\"https:\/\/kapitalis.com\/tunisie\/author\/yuza_adam\/\"}]}<\/script>\n<!-- \/ Yoast SEO plugin. -->","yoast_head_json":{"title":"Tunisie : Deux individus arr\u00eat\u00e9s pour tentative de meurtre lors d'un braquage \u00e0 la Marsa - Kapitalis","description":"La police a arr\u00eat\u00e9 ce jeudi 11 ao\u00fbt 2022, deux individus ayant commis un braquage \u00e0 Bhar Lazreg \u00e0 la Marsa (banlieue nord de Tunis), et dont la victime, qui \u00e9tait \u00e0 bord de sa moto, a \u00e9t\u00e9 violemment agress\u00e9 et laiss\u00e9 pour mort.","robots":{"index":"index","follow":"follow","max-snippet":"max-snippet:-1","max-image-preview":"max-image-preview:large","max-video-preview":"max-video-preview:-1"},"canonical":"https:\/\/kapitalis.com\/tunisie\/2022\/08\/12\/tunisie-deux-individus-arretes-pour-tentative-de-meurtre-lors-dun-braquage-a-la-marsa\/","og_locale":"fr_FR","og_type":"article","og_title":"Tunisie : Deux individus arr\u00eat\u00e9s pour tentative de meurtre lors d'un braquage \u00e0 la Marsa - Kapitalis","og_description":"La police a arr\u00eat\u00e9 ce jeudi 11 ao\u00fbt 2022, deux individus ayant commis un braquage \u00e0 Bhar Lazreg \u00e0 la Marsa (banlieue nord de Tunis), et dont la victime, qui \u00e9tait \u00e0 bord de sa moto, a \u00e9t\u00e9 violemment agress\u00e9 et laiss\u00e9 pour mort.","og_url":"https:\/\/kapitalis.com\/tunisie\/2022\/08\/12\/tunisie-deux-individus-arretes-pour-tentative-de-meurtre-lors-dun-braquage-a-la-marsa\/","og_site_name":"Kapitalis","article_publisher":"https:\/\/www.facebook.com\/KapitalisInfo\/","article_published_time":"2022-08-12T00:24:33+00:00","article_modified_time":"2022-08-12T00:26:19+00:00","og_image":[{"width":1200,"height":630,"url":"https:\/\/kapitalis.com\/tunisie\/wp-content\/uploads\/2022\/08\/braquage-Marsa.jpg","type":"image\/jpeg"}],"author":"Yusra NY","twitter_card":"summary_large_image","twitter_creator":"@KapitalisInfo","twitter_site":"@KapitalisInfo","twitter_misc":{"\u00c9crit par":"Yusra NY","Dur\u00e9e de lecture estim\u00e9e":"1 minute"},"schema":{"@context":"https:\/\/schema.org","@graph":[{"@type":"Article","@id":"https:\/\/kapitalis.com\/tunisie\/2022\/08\/12\/tunisie-deux-individus-arretes-pour-tentative-de-meurtre-lors-dun-braquage-a-la-marsa\/#article","isPartOf":{"@id":"https:\/\/kapitalis.com\/tunisie\/2022\/08\/12\/tunisie-deux-individus-arretes-pour-tentative-de-meurtre-lors-dun-braquage-a-la-marsa\/"},"author":{"name":"Yusra NY","@id":"https:\/\/kapitalis.com\/tunisie\/#\/schema\/person\/74bbde0154d49d790a92aaeac5bc01d5"},"headline":"Tunisie : Deux individus arr\u00eat\u00e9s pour tentative de meurtre lors d&rsquo;un braquage \u00e0 la Marsa","datePublished":"2022-08-12T00:24:33+00:00","dateModified":"2022-08-12T00:26:19+00:00","mainEntityOfPage":{"@id":"https:\/\/kapitalis.com\/tunisie\/2022\/08\/12\/tunisie-deux-individus-arretes-pour-tentative-de-meurtre-lors-dun-braquage-a-la-marsa\/"},"wordCount":205,"commentCount":2,"publisher":{"@id":"https:\/\/kapitalis.com\/tunisie\/#organization"},"image":{"@id":"https:\/\/kapitalis.com\/tunisie\/2022\/08\/12\/tunisie-deux-individus-arretes-pour-tentative-de-meurtre-lors-dun-braquage-a-la-marsa\/#primaryimage"},"thumbnailUrl":"https:\/\/kapitalis.com\/tunisie\/wp-content\/uploads\/2022\/08\/braquage-Marsa.jpg","keywords":["banlieue nord","Bhar Lazreg","braquage","La Marsa","tentative meurtre","Tunis","Tunisie","violences"],"articleSection":["SOCIETE","Tunisie"],"inLanguage":"fr-FR","potentialAction":[{"@type":"CommentAction","name":"Comment","target":["https:\/\/kapitalis.com\/tunisie\/2022\/08\/12\/tunisie-deux-individus-arretes-pour-tentative-de-meurtre-lors-dun-braquage-a-la-marsa\/#respond"]}]},{"@type":"WebPage","@id":"https:\/\/kapitalis.com\/tunisie\/2022\/08\/12\/tunisie-deux-individus-arretes-pour-tentative-de-meurtre-lors-dun-braquage-a-la-marsa\/","url":"https:\/\/kapitalis.com\/tunisie\/2022\/08\/12\/tunisie-deux-individus-arretes-pour-tentative-de-meurtre-lors-dun-braquage-a-la-marsa\/","name":"Tunisie : Deux individus arr\u00eat\u00e9s pour tentative de meurtre lors d'un braquage \u00e0 la Marsa - Kapitalis","isPartOf":{"@id":"https:\/\/kapitalis.com\/tunisie\/#website"},"primaryImageOfPage":{"@id":"https:\/\/kapitalis.com\/tunisie\/2022\/08\/12\/tunisie-deux-individus-arretes-pour-tentative-de-meurtre-lors-dun-braquage-a-la-marsa\/#primaryimage"},"image":{"@id":"https:\/\/kapitalis.com\/tunisie\/2022\/08\/12\/tunisie-deux-individus-arretes-pour-tentative-de-meurtre-lors-dun-braquage-a-la-marsa\/#primaryimage"},"thumbnailUrl":"https:\/\/kapitalis.com\/tunisie\/wp-content\/uploads\/2022\/08\/braquage-Marsa.jpg","datePublished":"2022-08-12T00:24:33+00:00","dateModified":"2022-08-12T00:26:19+00:00","description":"La police a arr\u00eat\u00e9 ce jeudi 11 ao\u00fbt 2022, deux individus ayant commis un braquage \u00e0 Bhar Lazreg \u00e0 la Marsa (banlieue nord de Tunis), et dont la victime, qui \u00e9tait \u00e0 bord de sa moto, a \u00e9t\u00e9 violemment agress\u00e9 et laiss\u00e9 pour mort.","breadcrumb":{"@id":"https:\/\/kapitalis.com\/tunisie\/2022\/08\/12\/tunisie-deux-individus-arretes-pour-tentative-de-meurtre-lors-dun-braquage-a-la-marsa\/#breadcrumb"},"inLanguage":"fr-FR","potentialAction":[{"@type":"ReadAction","target":["https:\/\/kapitalis.com\/tunisie\/2022\/08\/12\/tunisie-deux-individus-arretes-pour-tentative-de-meurtre-lors-dun-braquage-a-la-marsa\/"]}]},{"@type":"ImageObject","inLanguage":"fr-FR","@id":"https:\/\/kapitalis.com\/tunisie\/2022\/08\/12\/tunisie-deux-individus-arretes-pour-tentative-de-meurtre-lors-dun-braquage-a-la-marsa\/#primaryimage","url":"https:\/\/kapitalis.com\/tunisie\/wp-content\/uploads\/2022\/08\/braquage-Marsa.jpg","contentUrl":"https:\/\/kapitalis.com\/tunisie\/wp-content\/uploads\/2022\/08\/braquage-Marsa.jpg","width":1200,"height":630},{"@type":"BreadcrumbList","@id":"https:\/\/kapitalis.com\/tunisie\/2022\/08\/12\/tunisie-deux-individus-arretes-pour-tentative-de-meurtre-lors-dun-braquage-a-la-marsa\/#breadcrumb","itemListElement":[{"@type":"ListItem","position":1,"name":"Accueil","item":"https:\/\/kapitalis.com\/tunisie\/"},{"@type":"ListItem","position":2,"name":"Tunisie : Deux individus arr\u00eat\u00e9s pour tentative de meurtre lors d&rsquo;un braquage \u00e0 la Marsa"}]},{"@type":"WebSite","@id":"https:\/\/kapitalis.com\/tunisie\/#website","url":"https:\/\/kapitalis.com\/tunisie\/","name":"Kapitalis","description":"L&#039;actualit\u00e9 en Tunisie et dans le monde","publisher":{"@id":"https:\/\/kapitalis.com\/tunisie\/#organization"},"potentialAction":[{"@type":"SearchAction","target":{"@type":"EntryPoint","urlTemplate":"https:\/\/kapitalis.com\/tunisie\/?s={search_term_string}"},"query-input":{"@type":"PropertyValueSpecification","valueRequired":true,"valueName":"search_term_string"}}],"inLanguage":"fr-FR"},{"@type":"Organization","@id":"https:\/\/kapitalis.com\/tunisie\/#organization","name":"Kapitalis","url":"https:\/\/kapitalis.com\/tunisie\/","logo":{"@type":"ImageObject","inLanguage":"fr-FR","@id":"https:\/\/kapitalis.com\/tunisie\/#\/schema\/logo\/image\/","url":"https:\/\/kapitalis.com\/tunisie\/wp-content\/uploads\/2022\/05\/Kapitalis-big-size.png","contentUrl":"https:\/\/kapitalis.com\/tunisie\/wp-content\/uploads\/2022\/05\/Kapitalis-big-size.png","width":5000,"height":1500,"caption":"Kapitalis"},"image":{"@id":"https:\/\/kapitalis.com\/tunisie\/#\/schema\/logo\/image\/"},"sameAs":["https:\/\/www.facebook.com\/KapitalisInfo\/","https:\/\/x.com\/KapitalisInfo","https:\/\/www.youtube.com\/channel\/UC-yDYrHyfFBWWZaOw3FPg9Q"]},{"@type":"Person","@id":"https:\/\/kapitalis.com\/tunisie\/#\/schema\/person\/74bbde0154d49d790a92aaeac5bc01d5","name":"Yusra NY","url":"https:\/\/kapitalis.com\/tunisie\/author\/yuza_adam\/"}]}},"_links":{"self":[{"href":"https:\/\/kapitalis.com\/tunisie\/wp-json\/wp\/v2\/posts\/2977567","targetHints":{"allow":["GET"]}}],"collection":[{"href":"https:\/\/kapitalis.com\/tunisie\/wp-json\/wp\/v2\/posts"}],"about":[{"href":"https:\/\/kapitalis.com\/tunisie\/wp-json\/wp\/v2\/types\/post"}],"author":[{"embeddable":true,"href":"https:\/\/kapitalis.com\/tunisie\/wp-json\/wp\/v2\/users\/6"}],"replies":[{"embeddable":true,"href":"https:\/\/kapitalis.com\/tunisie\/wp-json\/wp\/v2\/comments?post=2977567"}],"version-history":[{"count":0,"href":"https:\/\/kapitalis.com\/tunisie\/wp-json\/wp\/v2\/posts\/2977567\/revisions"}],"wp:featuredmedia":[{"embeddable":true,"href":"https:\/\/kapitalis.com\/tunisie\/wp-json\/wp\/v2\/media\/2977672"}],"wp:attachment":[{"href":"https:\/\/kapitalis.com\/tunisie\/wp-json\/wp\/v2\/media?parent=2977567"}],"wp:term":[{"taxonomy":"category","embeddable":true,"href":"https:\/\/kapitalis.com\/tunisie\/wp-json\/wp\/v2\/categories?post=2977567"},{"taxonomy":"post_tag","embeddable":true,"href":"https:\/\/kapitalis.com\/tunisie\/wp-json\/wp\/v2\/tags?post=2977567"}],"curies":[{"name":"wp","href":"https:\/\/api.w.org\/{rel}","templated":true}]}}