{"id":29783,"date":"2015-12-11T09:26:54","date_gmt":"2015-12-11T08:26:54","guid":{"rendered":"http:\/\/kapitalis.com\/tunisie\/?p=29783"},"modified":"2015-12-11T09:56:05","modified_gmt":"2015-12-11T08:56:05","slug":"crise-en-libye-taieb-baccouche-rectifie-le-tir","status":"publish","type":"post","link":"https:\/\/kapitalis.com\/tunisie\/2015\/12\/11\/crise-en-libye-taieb-baccouche-rectifie-le-tir\/","title":{"rendered":"Crise en Libye : Taieb Baccouche rectifie le tir"},"content":{"rendered":"<p><img loading=\"lazy\" decoding=\"async\" class=\"alignnone size-full wp-image-29793 aligncenter\" src=\"http:\/\/kapitalis.com\/tunisie\/wp-content\/uploads\/2015\/12\/taieb-Baccouche.jpg\" alt=\"taieb Baccouche\" width=\"626\" height=\"380\" \/><\/p>\n<p><em><strong>La Tunisie r\u00e9int\u00e8gre les d\u00e9marches internationales en Libye avec la r\u00e9union des parties libyennes, \u00e0 Tunis, en pr\u00e9sence de l\u2019envoy\u00e9 sp\u00e9cial des Nations Unis.<\/strong><\/em><!--more--><\/p>\n<p>Une r\u00e9union de concertation inter-libyenne se d\u00e9roule, depuis hier et pour deux jours \u00e0 huis clos \u00e0 Tunis. Le repr\u00e9sentant sp\u00e9cial et chef de la mission d&rsquo;appui des Nations Unies en Libye (Manul), Martin Kobler, y participe avec des repr\u00e9sentants du Congr\u00e8s national g\u00e9n\u00e9ral (Tripoli), du parlement libyen (Tobrouk) et de la soci\u00e9t\u00e9 civile libyenne.<\/p>\n<p><em>\u00abTout accord issue de la r\u00e9union de concertation inter-libyenne doit b\u00e9n\u00e9ficier d&rsquo;une l\u00e9gitimit\u00e9 internationale et de garanties de l&rsquo;Organisation des Nations Unies\u00bb<\/em>, a estim\u00e9, hier, le ministre des Affaires \u00e9trang\u00e8res, Ta\u00efeb Baccouche. <em>\u00abTout accord issu de cette r\u00e9union balisera la voie \u00e0 la r\u00e9union de Rome <\/em>(dimanche 13 d\u00e9cembre, NDLR)<em>\u00a0et facilitera l&rsquo;acc\u00e8s \u00e0 un r\u00e8glement de la crise en Libye\u00bb<\/em>, a-t-il ajout\u00e9 lors d&rsquo;une conf\u00e9rence de presse \u00e0 l&rsquo;issue de la r\u00e9union de concertation inter-libyenne.<\/p>\n<p>Le ministre des Affaires \u00e9trang\u00e8res a r\u00e9affirm\u00e9 le soutien de la Tunisie aux efforts des Nations Unies pour mener \u00e0 terme le dialogue national libyen. Il a, \u00e9galement, r\u00e9it\u00e9r\u00e9 l&rsquo;engagement de la Tunisie \u00e0 aider les Libyens \u00e0 trouver une issue politique et pacifique \u00e0 la crise dans leur pays, rappelant la position de principe de la Tunisie contre toute ing\u00e9rence \u00e9trang\u00e8re dans les affaires int\u00e9rieures de la Libye.<\/p>\n<p>M. Baccouche a, aussi, fait part de l&rsquo;opposition cat\u00e9gorique de la Tunisie \u00e0 toute intervention militaire en Libye et \u00e0 toute tentative de diviser le pays.<\/p>\n<p>Le minist\u00e8re des Affaires \u00e9trang\u00e8res remet ainsi, apr\u00e8s l&rsquo;actuelle r\u00e9union de Tunis, la diplomatie tunisienne au diapason de l\u2019approche internationale pour la sortie de crise en Libye.<\/p>\n<p>A rappeler qu\u2019un pseudo-accord entre les parties libyennes a \u00e9t\u00e9 annonc\u00e9, samedi 5 d\u00e9cembre \u00e0 Tunis, \u00e0 grand renfort de d\u00e9clarations, mais cet accord, fruit d&rsquo;une mise en sc\u00e8ne orchestr\u00e9e par des affairistes convertis en agitateurs politiques, a suscit\u00e9 les r\u00e9serves de toutes les parties prenantes du dossier libyen.<\/p>\n<p>Des personnalit\u00e9s de Tobrouk et de Tripoli ont rejet\u00e9 cet <em>\u00ab\u00a0accord\u00a0\u00bb<\/em>, tandis que l\u2019Egypte, l\u2019Alg\u00e9rie, l\u2019Union europ\u00e9enne et les Nations Unis n\u2019ont pas voulu le cautionner, appelant \u00e0 poursuivre les efforts de r\u00e9conciliation \u00e0 travers le processus de n\u00e9gociations de Skhirat (Maroc).<\/p>\n<p style=\"text-align: right;\"><strong>A. B.\u00a0M.<\/strong> <em>(avec Tap)\u00a0<\/em><\/p>\n","protected":false},"excerpt":{"rendered":"<p>La Tunisie r\u00e9int\u00e8gre les d\u00e9marches internationales en Libye avec la r\u00e9union des parties libyennes, \u00e0 Tunis, en pr\u00e9sence de l\u2019envoy\u00e9 sp\u00e9cial des Nations Unis.<\/p>\n","protected":false},"author":11,"featured_media":29793,"comment_status":"open","ping_status":"open","sticky":false,"template":"","format":"standard","meta":{"footnotes":""},"categories":[997,2433],"tags":[10626,9762,3194,2038,877,3084,1119],"class_list":["post-29783","post","type-post","status-publish","format-standard","has-post-thumbnail","hentry","category-politique","category-tunisie","tag-martin-kobler","tag-ministere-des-affaires-etrangeres","tag-onu","tag-reconciliation","tag-taieb-baccouche","tag-tobrouk","tag-tripoli"],"yoast_head":"<!-- This site is optimized with the Yoast SEO plugin v26.6 - https:\/\/yoast.com\/wordpress\/plugins\/seo\/ -->\n<title>Crise en Libye : Taieb Baccouche rectifie le tir - Kapitalis<\/title>\n<meta name=\"robots\" content=\"index, follow, max-snippet:-1, max-image-preview:large, max-video-preview:-1\" \/>\n<link rel=\"canonical\" href=\"https:\/\/kapitalis.com\/tunisie\/2015\/12\/11\/crise-en-libye-taieb-baccouche-rectifie-le-tir\/\" \/>\n<meta property=\"og:locale\" content=\"fr_FR\" \/>\n<meta property=\"og:type\" content=\"article\" \/>\n<meta property=\"og:title\" content=\"Crise en Libye : Taieb Baccouche rectifie le tir - Kapitalis\" \/>\n<meta property=\"og:description\" content=\"La Tunisie r\u00e9int\u00e8gre les d\u00e9marches internationales en Libye avec la r\u00e9union des parties libyennes, \u00e0 Tunis, en pr\u00e9sence de l\u2019envoy\u00e9 sp\u00e9cial des Nations Unis.\" \/>\n<meta property=\"og:url\" content=\"https:\/\/kapitalis.com\/tunisie\/2015\/12\/11\/crise-en-libye-taieb-baccouche-rectifie-le-tir\/\" \/>\n<meta property=\"og:site_name\" content=\"Kapitalis\" \/>\n<meta property=\"article:publisher\" content=\"https:\/\/www.facebook.com\/KapitalisInfo\/\" \/>\n<meta property=\"article:published_time\" content=\"2015-12-11T08:26:54+00:00\" \/>\n<meta property=\"article:modified_time\" content=\"2015-12-11T08:56:05+00:00\" \/>\n<meta property=\"og:image\" content=\"https:\/\/kapitalis.com\/tunisie\/wp-content\/uploads\/2022\/05\/kapitalis-logo-fb.png\" \/>\n\t<meta property=\"og:image:width\" content=\"1200\" \/>\n\t<meta property=\"og:image:height\" content=\"630\" \/>\n\t<meta property=\"og:image:type\" content=\"image\/png\" \/>\n<meta name=\"author\" content=\"benmansour3 benmansour\" \/>\n<meta name=\"twitter:card\" content=\"summary_large_image\" \/>\n<meta name=\"twitter:creator\" content=\"@KapitalisInfo\" \/>\n<meta name=\"twitter:site\" content=\"@KapitalisInfo\" \/>\n<meta name=\"twitter:label1\" content=\"\u00c9crit par\" \/>\n\t<meta name=\"twitter:data1\" content=\"benmansour3 benmansour\" \/>\n\t<meta name=\"twitter:label2\" content=\"Dur\u00e9e de lecture estim\u00e9e\" \/>\n\t<meta name=\"twitter:data2\" content=\"2 minutes\" \/>\n<script type=\"application\/ld+json\" class=\"yoast-schema-graph\">{\"@context\":\"https:\/\/schema.org\",\"@graph\":[{\"@type\":\"Article\",\"@id\":\"https:\/\/kapitalis.com\/tunisie\/2015\/12\/11\/crise-en-libye-taieb-baccouche-rectifie-le-tir\/#article\",\"isPartOf\":{\"@id\":\"https:\/\/kapitalis.com\/tunisie\/2015\/12\/11\/crise-en-libye-taieb-baccouche-rectifie-le-tir\/\"},\"author\":{\"name\":\"benmansour3 benmansour\",\"@id\":\"https:\/\/kapitalis.com\/tunisie\/#\/schema\/person\/035372e645ad321edc01006468cd4c8b\"},\"headline\":\"Crise en Libye : Taieb Baccouche rectifie le tir\",\"datePublished\":\"2015-12-11T08:26:54+00:00\",\"dateModified\":\"2015-12-11T08:56:05+00:00\",\"mainEntityOfPage\":{\"@id\":\"https:\/\/kapitalis.com\/tunisie\/2015\/12\/11\/crise-en-libye-taieb-baccouche-rectifie-le-tir\/\"},\"wordCount\":420,\"commentCount\":1,\"publisher\":{\"@id\":\"https:\/\/kapitalis.com\/tunisie\/#organization\"},\"image\":{\"@id\":\"https:\/\/kapitalis.com\/tunisie\/2015\/12\/11\/crise-en-libye-taieb-baccouche-rectifie-le-tir\/#primaryimage\"},\"thumbnailUrl\":\"\",\"keywords\":[\"Martin Kobler\",\"minist\u00e8re des affaires \u00e9trang\u00e8res\",\"Onu\",\"r\u00e9conciliation\",\"Taieb Baccouche\",\"Tobrouk\",\"Tripoli\"],\"articleSection\":[\"POLITIQUE\",\"Tunisie\"],\"inLanguage\":\"fr-FR\",\"potentialAction\":[{\"@type\":\"CommentAction\",\"name\":\"Comment\",\"target\":[\"https:\/\/kapitalis.com\/tunisie\/2015\/12\/11\/crise-en-libye-taieb-baccouche-rectifie-le-tir\/#respond\"]}]},{\"@type\":\"WebPage\",\"@id\":\"https:\/\/kapitalis.com\/tunisie\/2015\/12\/11\/crise-en-libye-taieb-baccouche-rectifie-le-tir\/\",\"url\":\"https:\/\/kapitalis.com\/tunisie\/2015\/12\/11\/crise-en-libye-taieb-baccouche-rectifie-le-tir\/\",\"name\":\"Crise en Libye : Taieb Baccouche rectifie le tir - Kapitalis\",\"isPartOf\":{\"@id\":\"https:\/\/kapitalis.com\/tunisie\/#website\"},\"primaryImageOfPage\":{\"@id\":\"https:\/\/kapitalis.com\/tunisie\/2015\/12\/11\/crise-en-libye-taieb-baccouche-rectifie-le-tir\/#primaryimage\"},\"image\":{\"@id\":\"https:\/\/kapitalis.com\/tunisie\/2015\/12\/11\/crise-en-libye-taieb-baccouche-rectifie-le-tir\/#primaryimage\"},\"thumbnailUrl\":\"\",\"datePublished\":\"2015-12-11T08:26:54+00:00\",\"dateModified\":\"2015-12-11T08:56:05+00:00\",\"breadcrumb\":{\"@id\":\"https:\/\/kapitalis.com\/tunisie\/2015\/12\/11\/crise-en-libye-taieb-baccouche-rectifie-le-tir\/#breadcrumb\"},\"inLanguage\":\"fr-FR\",\"potentialAction\":[{\"@type\":\"ReadAction\",\"target\":[\"https:\/\/kapitalis.com\/tunisie\/2015\/12\/11\/crise-en-libye-taieb-baccouche-rectifie-le-tir\/\"]}]},{\"@type\":\"ImageObject\",\"inLanguage\":\"fr-FR\",\"@id\":\"https:\/\/kapitalis.com\/tunisie\/2015\/12\/11\/crise-en-libye-taieb-baccouche-rectifie-le-tir\/#primaryimage\",\"url\":\"\",\"contentUrl\":\"\"},{\"@type\":\"BreadcrumbList\",\"@id\":\"https:\/\/kapitalis.com\/tunisie\/2015\/12\/11\/crise-en-libye-taieb-baccouche-rectifie-le-tir\/#breadcrumb\",\"itemListElement\":[{\"@type\":\"ListItem\",\"position\":1,\"name\":\"Accueil\",\"item\":\"https:\/\/kapitalis.com\/tunisie\/\"},{\"@type\":\"ListItem\",\"position\":2,\"name\":\"Crise en Libye : Taieb Baccouche rectifie le tir\"}]},{\"@type\":\"WebSite\",\"@id\":\"https:\/\/kapitalis.com\/tunisie\/#website\",\"url\":\"https:\/\/kapitalis.com\/tunisie\/\",\"name\":\"Kapitalis\",\"description\":\"L&#039;actualit\u00e9 en Tunisie et dans le monde\",\"publisher\":{\"@id\":\"https:\/\/kapitalis.com\/tunisie\/#organization\"},\"potentialAction\":[{\"@type\":\"SearchAction\",\"target\":{\"@type\":\"EntryPoint\",\"urlTemplate\":\"https:\/\/kapitalis.com\/tunisie\/?s={search_term_string}\"},\"query-input\":{\"@type\":\"PropertyValueSpecification\",\"valueRequired\":true,\"valueName\":\"search_term_string\"}}],\"inLanguage\":\"fr-FR\"},{\"@type\":\"Organization\",\"@id\":\"https:\/\/kapitalis.com\/tunisie\/#organization\",\"name\":\"Kapitalis\",\"url\":\"https:\/\/kapitalis.com\/tunisie\/\",\"logo\":{\"@type\":\"ImageObject\",\"inLanguage\":\"fr-FR\",\"@id\":\"https:\/\/kapitalis.com\/tunisie\/#\/schema\/logo\/image\/\",\"url\":\"https:\/\/kapitalis.com\/tunisie\/wp-content\/uploads\/2022\/05\/Kapitalis-big-size.png\",\"contentUrl\":\"https:\/\/kapitalis.com\/tunisie\/wp-content\/uploads\/2022\/05\/Kapitalis-big-size.png\",\"width\":5000,\"height\":1500,\"caption\":\"Kapitalis\"},\"image\":{\"@id\":\"https:\/\/kapitalis.com\/tunisie\/#\/schema\/logo\/image\/\"},\"sameAs\":[\"https:\/\/www.facebook.com\/KapitalisInfo\/\",\"https:\/\/x.com\/KapitalisInfo\",\"https:\/\/www.youtube.com\/channel\/UC-yDYrHyfFBWWZaOw3FPg9Q\"]},{\"@type\":\"Person\",\"@id\":\"https:\/\/kapitalis.com\/tunisie\/#\/schema\/person\/035372e645ad321edc01006468cd4c8b\",\"name\":\"benmansour3 benmansour\",\"url\":\"https:\/\/kapitalis.com\/tunisie\/author\/benmansour3\/\"}]}<\/script>\n<!-- \/ Yoast SEO plugin. -->","yoast_head_json":{"title":"Crise en Libye : Taieb Baccouche rectifie le tir - Kapitalis","robots":{"index":"index","follow":"follow","max-snippet":"max-snippet:-1","max-image-preview":"max-image-preview:large","max-video-preview":"max-video-preview:-1"},"canonical":"https:\/\/kapitalis.com\/tunisie\/2015\/12\/11\/crise-en-libye-taieb-baccouche-rectifie-le-tir\/","og_locale":"fr_FR","og_type":"article","og_title":"Crise en Libye : Taieb Baccouche rectifie le tir - Kapitalis","og_description":"La Tunisie r\u00e9int\u00e8gre les d\u00e9marches internationales en Libye avec la r\u00e9union des parties libyennes, \u00e0 Tunis, en pr\u00e9sence de l\u2019envoy\u00e9 sp\u00e9cial des Nations Unis.","og_url":"https:\/\/kapitalis.com\/tunisie\/2015\/12\/11\/crise-en-libye-taieb-baccouche-rectifie-le-tir\/","og_site_name":"Kapitalis","article_publisher":"https:\/\/www.facebook.com\/KapitalisInfo\/","article_published_time":"2015-12-11T08:26:54+00:00","article_modified_time":"2015-12-11T08:56:05+00:00","og_image":[{"width":1200,"height":630,"url":"https:\/\/kapitalis.com\/tunisie\/wp-content\/uploads\/2022\/05\/kapitalis-logo-fb.png","type":"image\/png"}],"author":"benmansour3 benmansour","twitter_card":"summary_large_image","twitter_creator":"@KapitalisInfo","twitter_site":"@KapitalisInfo","twitter_misc":{"\u00c9crit par":"benmansour3 benmansour","Dur\u00e9e de lecture estim\u00e9e":"2 minutes"},"schema":{"@context":"https:\/\/schema.org","@graph":[{"@type":"Article","@id":"https:\/\/kapitalis.com\/tunisie\/2015\/12\/11\/crise-en-libye-taieb-baccouche-rectifie-le-tir\/#article","isPartOf":{"@id":"https:\/\/kapitalis.com\/tunisie\/2015\/12\/11\/crise-en-libye-taieb-baccouche-rectifie-le-tir\/"},"author":{"name":"benmansour3 benmansour","@id":"https:\/\/kapitalis.com\/tunisie\/#\/schema\/person\/035372e645ad321edc01006468cd4c8b"},"headline":"Crise en Libye : Taieb Baccouche rectifie le tir","datePublished":"2015-12-11T08:26:54+00:00","dateModified":"2015-12-11T08:56:05+00:00","mainEntityOfPage":{"@id":"https:\/\/kapitalis.com\/tunisie\/2015\/12\/11\/crise-en-libye-taieb-baccouche-rectifie-le-tir\/"},"wordCount":420,"commentCount":1,"publisher":{"@id":"https:\/\/kapitalis.com\/tunisie\/#organization"},"image":{"@id":"https:\/\/kapitalis.com\/tunisie\/2015\/12\/11\/crise-en-libye-taieb-baccouche-rectifie-le-tir\/#primaryimage"},"thumbnailUrl":"","keywords":["Martin Kobler","minist\u00e8re des affaires \u00e9trang\u00e8res","Onu","r\u00e9conciliation","Taieb Baccouche","Tobrouk","Tripoli"],"articleSection":["POLITIQUE","Tunisie"],"inLanguage":"fr-FR","potentialAction":[{"@type":"CommentAction","name":"Comment","target":["https:\/\/kapitalis.com\/tunisie\/2015\/12\/11\/crise-en-libye-taieb-baccouche-rectifie-le-tir\/#respond"]}]},{"@type":"WebPage","@id":"https:\/\/kapitalis.com\/tunisie\/2015\/12\/11\/crise-en-libye-taieb-baccouche-rectifie-le-tir\/","url":"https:\/\/kapitalis.com\/tunisie\/2015\/12\/11\/crise-en-libye-taieb-baccouche-rectifie-le-tir\/","name":"Crise en Libye : Taieb Baccouche rectifie le tir - Kapitalis","isPartOf":{"@id":"https:\/\/kapitalis.com\/tunisie\/#website"},"primaryImageOfPage":{"@id":"https:\/\/kapitalis.com\/tunisie\/2015\/12\/11\/crise-en-libye-taieb-baccouche-rectifie-le-tir\/#primaryimage"},"image":{"@id":"https:\/\/kapitalis.com\/tunisie\/2015\/12\/11\/crise-en-libye-taieb-baccouche-rectifie-le-tir\/#primaryimage"},"thumbnailUrl":"","datePublished":"2015-12-11T08:26:54+00:00","dateModified":"2015-12-11T08:56:05+00:00","breadcrumb":{"@id":"https:\/\/kapitalis.com\/tunisie\/2015\/12\/11\/crise-en-libye-taieb-baccouche-rectifie-le-tir\/#breadcrumb"},"inLanguage":"fr-FR","potentialAction":[{"@type":"ReadAction","target":["https:\/\/kapitalis.com\/tunisie\/2015\/12\/11\/crise-en-libye-taieb-baccouche-rectifie-le-tir\/"]}]},{"@type":"ImageObject","inLanguage":"fr-FR","@id":"https:\/\/kapitalis.com\/tunisie\/2015\/12\/11\/crise-en-libye-taieb-baccouche-rectifie-le-tir\/#primaryimage","url":"","contentUrl":""},{"@type":"BreadcrumbList","@id":"https:\/\/kapitalis.com\/tunisie\/2015\/12\/11\/crise-en-libye-taieb-baccouche-rectifie-le-tir\/#breadcrumb","itemListElement":[{"@type":"ListItem","position":1,"name":"Accueil","item":"https:\/\/kapitalis.com\/tunisie\/"},{"@type":"ListItem","position":2,"name":"Crise en Libye : Taieb Baccouche rectifie le tir"}]},{"@type":"WebSite","@id":"https:\/\/kapitalis.com\/tunisie\/#website","url":"https:\/\/kapitalis.com\/tunisie\/","name":"Kapitalis","description":"L&#039;actualit\u00e9 en Tunisie et dans le monde","publisher":{"@id":"https:\/\/kapitalis.com\/tunisie\/#organization"},"potentialAction":[{"@type":"SearchAction","target":{"@type":"EntryPoint","urlTemplate":"https:\/\/kapitalis.com\/tunisie\/?s={search_term_string}"},"query-input":{"@type":"PropertyValueSpecification","valueRequired":true,"valueName":"search_term_string"}}],"inLanguage":"fr-FR"},{"@type":"Organization","@id":"https:\/\/kapitalis.com\/tunisie\/#organization","name":"Kapitalis","url":"https:\/\/kapitalis.com\/tunisie\/","logo":{"@type":"ImageObject","inLanguage":"fr-FR","@id":"https:\/\/kapitalis.com\/tunisie\/#\/schema\/logo\/image\/","url":"https:\/\/kapitalis.com\/tunisie\/wp-content\/uploads\/2022\/05\/Kapitalis-big-size.png","contentUrl":"https:\/\/kapitalis.com\/tunisie\/wp-content\/uploads\/2022\/05\/Kapitalis-big-size.png","width":5000,"height":1500,"caption":"Kapitalis"},"image":{"@id":"https:\/\/kapitalis.com\/tunisie\/#\/schema\/logo\/image\/"},"sameAs":["https:\/\/www.facebook.com\/KapitalisInfo\/","https:\/\/x.com\/KapitalisInfo","https:\/\/www.youtube.com\/channel\/UC-yDYrHyfFBWWZaOw3FPg9Q"]},{"@type":"Person","@id":"https:\/\/kapitalis.com\/tunisie\/#\/schema\/person\/035372e645ad321edc01006468cd4c8b","name":"benmansour3 benmansour","url":"https:\/\/kapitalis.com\/tunisie\/author\/benmansour3\/"}]}},"_links":{"self":[{"href":"https:\/\/kapitalis.com\/tunisie\/wp-json\/wp\/v2\/posts\/29783","targetHints":{"allow":["GET"]}}],"collection":[{"href":"https:\/\/kapitalis.com\/tunisie\/wp-json\/wp\/v2\/posts"}],"about":[{"href":"https:\/\/kapitalis.com\/tunisie\/wp-json\/wp\/v2\/types\/post"}],"author":[{"embeddable":true,"href":"https:\/\/kapitalis.com\/tunisie\/wp-json\/wp\/v2\/users\/11"}],"replies":[{"embeddable":true,"href":"https:\/\/kapitalis.com\/tunisie\/wp-json\/wp\/v2\/comments?post=29783"}],"version-history":[{"count":0,"href":"https:\/\/kapitalis.com\/tunisie\/wp-json\/wp\/v2\/posts\/29783\/revisions"}],"wp:featuredmedia":[{"embeddable":true,"href":"https:\/\/kapitalis.com\/tunisie\/wp-json\/wp\/v2\/media\/29793"}],"wp:attachment":[{"href":"https:\/\/kapitalis.com\/tunisie\/wp-json\/wp\/v2\/media?parent=29783"}],"wp:term":[{"taxonomy":"category","embeddable":true,"href":"https:\/\/kapitalis.com\/tunisie\/wp-json\/wp\/v2\/categories?post=29783"},{"taxonomy":"post_tag","embeddable":true,"href":"https:\/\/kapitalis.com\/tunisie\/wp-json\/wp\/v2\/tags?post=29783"}],"curies":[{"name":"wp","href":"https:\/\/api.w.org\/{rel}","templated":true}]}}