{"id":298,"date":"2015-05-14T16:19:43","date_gmt":"2015-05-14T15:19:43","guid":{"rendered":"http:\/\/www.kapitalis.com\/tunisie\/?p=298"},"modified":"2015-05-14T16:19:43","modified_gmt":"2015-05-14T15:19:43","slug":"kef-saisie-de-400-tonnes-de-tomate-en-conserve-perimee","status":"publish","type":"post","link":"https:\/\/kapitalis.com\/tunisie\/2015\/05\/14\/kef-saisie-de-400-tonnes-de-tomate-en-conserve-perimee\/","title":{"rendered":"Kef: Saisie de 400 tonnes de tomate en conserve p\u00e9rim\u00e9e"},"content":{"rendered":"<p><a href=\"http:\/\/kapitalis.net\/wordpress\/wp-content\/uploads\/2015\/05\/Tomate.jpg\"><img loading=\"lazy\" decoding=\"async\" class=\"aligncenter size-full wp-image-299\" src=\"http:\/\/kapitalis.net\/wordpress\/wp-content\/uploads\/2015\/05\/Tomate.jpg\" alt=\"Tomate\" width=\"626\" height=\"380\" \/><\/a><\/p>\n<p><em><strong>Les unit\u00e9s de contr\u00f4le \u00e9conomique ont saisi, hier, au Kef (nord-ouest), 400 tonnes de tomate en conserve dont la date limite de consommation est d\u00e9pass\u00e9e.<\/strong><\/em><\/p>\n<p>Les contr\u00f4leurs \u00e9conomiques ignorent encore si ces boites de conserve (de la marque Abida en l\u2019occurrence) ont \u00e9t\u00e9 \u00e9coul\u00e9es sur le march\u00e9 par le fabricant lui-m\u00eame ou par des commer\u00e7ants grossistes ou des revendeurs.<\/p>\n<p style=\"text-align: right;\"><strong>Z. A.<\/strong><\/p>\n","protected":false},"excerpt":{"rendered":"<p>Les unit\u00e9s de contr\u00f4le \u00e9conomique ont saisi, hier, au Kef (nord-ouest), 400 tonnes de tomate en conserve dont la date limite de consommation est d\u00e9pass\u00e9e. Les contr\u00f4leurs \u00e9conomiques ignorent encore si ces boites de conserve (de la marque Abida en l\u2019occurrence) ont \u00e9t\u00e9 \u00e9coul\u00e9es sur le march\u00e9 par le fabricant lui-m\u00eame ou par des commer\u00e7ants&#8230;<\/p>\n","protected":false},"author":1,"featured_media":0,"comment_status":"open","ping_status":"open","sticky":false,"template":"","format":"standard","meta":{"footnotes":""},"categories":[993],"tags":[527,905],"class_list":["post-298","post","type-post","status-publish","format-standard","hentry","category-conso","tag-kef","tag-tomate"],"yoast_head":"<!-- This site is optimized with the Yoast SEO plugin v26.6 - https:\/\/yoast.com\/wordpress\/plugins\/seo\/ -->\n<title>Kef: Saisie de 400 tonnes de tomate en conserve p\u00e9rim\u00e9e - Kapitalis<\/title>\n<meta name=\"robots\" content=\"index, follow, max-snippet:-1, max-image-preview:large, max-video-preview:-1\" \/>\n<link rel=\"canonical\" href=\"https:\/\/kapitalis.com\/tunisie\/2015\/05\/14\/kef-saisie-de-400-tonnes-de-tomate-en-conserve-perimee\/\" \/>\n<meta property=\"og:locale\" content=\"fr_FR\" \/>\n<meta property=\"og:type\" content=\"article\" \/>\n<meta property=\"og:title\" content=\"Kef: Saisie de 400 tonnes de tomate en conserve p\u00e9rim\u00e9e - Kapitalis\" \/>\n<meta property=\"og:description\" content=\"Les unit\u00e9s de contr\u00f4le \u00e9conomique ont saisi, hier, au Kef (nord-ouest), 400 tonnes de tomate en conserve dont la date limite de consommation est d\u00e9pass\u00e9e. Les contr\u00f4leurs \u00e9conomiques ignorent encore si ces boites de conserve (de la marque Abida en l\u2019occurrence) ont \u00e9t\u00e9 \u00e9coul\u00e9es sur le march\u00e9 par le fabricant lui-m\u00eame ou par des commer\u00e7ants...\" \/>\n<meta property=\"og:url\" content=\"https:\/\/kapitalis.com\/tunisie\/2015\/05\/14\/kef-saisie-de-400-tonnes-de-tomate-en-conserve-perimee\/\" \/>\n<meta property=\"og:site_name\" content=\"Kapitalis\" \/>\n<meta property=\"article:publisher\" content=\"https:\/\/www.facebook.com\/KapitalisInfo\/\" \/>\n<meta property=\"article:published_time\" content=\"2015-05-14T15:19:43+00:00\" \/>\n<meta property=\"og:image\" content=\"http:\/\/kapitalis.net\/wordpress\/wp-content\/uploads\/2015\/05\/Tomate.jpg\" \/>\n<meta name=\"author\" content=\"mounir\" \/>\n<meta name=\"twitter:card\" content=\"summary_large_image\" \/>\n<meta name=\"twitter:creator\" content=\"@KapitalisInfo\" \/>\n<meta name=\"twitter:site\" content=\"@KapitalisInfo\" \/>\n<meta name=\"twitter:label1\" content=\"\u00c9crit par\" \/>\n\t<meta name=\"twitter:data1\" content=\"mounir\" \/>\n<script type=\"application\/ld+json\" class=\"yoast-schema-graph\">{\"@context\":\"https:\/\/schema.org\",\"@graph\":[{\"@type\":\"Article\",\"@id\":\"https:\/\/kapitalis.com\/tunisie\/2015\/05\/14\/kef-saisie-de-400-tonnes-de-tomate-en-conserve-perimee\/#article\",\"isPartOf\":{\"@id\":\"https:\/\/kapitalis.com\/tunisie\/2015\/05\/14\/kef-saisie-de-400-tonnes-de-tomate-en-conserve-perimee\/\"},\"author\":{\"name\":\"mounir\",\"@id\":\"https:\/\/kapitalis.com\/tunisie\/#\/schema\/person\/aa55121cdc1c0fa4794a24cff31f746f\"},\"headline\":\"Kef: Saisie de 400 tonnes de tomate en conserve p\u00e9rim\u00e9e\",\"datePublished\":\"2015-05-14T15:19:43+00:00\",\"mainEntityOfPage\":{\"@id\":\"https:\/\/kapitalis.com\/tunisie\/2015\/05\/14\/kef-saisie-de-400-tonnes-de-tomate-en-conserve-perimee\/\"},\"wordCount\":80,\"commentCount\":0,\"publisher\":{\"@id\":\"https:\/\/kapitalis.com\/tunisie\/#organization\"},\"image\":{\"@id\":\"https:\/\/kapitalis.com\/tunisie\/2015\/05\/14\/kef-saisie-de-400-tonnes-de-tomate-en-conserve-perimee\/#primaryimage\"},\"thumbnailUrl\":\"http:\/\/kapitalis.net\/wordpress\/wp-content\/uploads\/2015\/05\/Tomate.jpg\",\"keywords\":[\"Kef\",\"tomate\"],\"articleSection\":[\"CONSO\"],\"inLanguage\":\"fr-FR\",\"potentialAction\":[{\"@type\":\"CommentAction\",\"name\":\"Comment\",\"target\":[\"https:\/\/kapitalis.com\/tunisie\/2015\/05\/14\/kef-saisie-de-400-tonnes-de-tomate-en-conserve-perimee\/#respond\"]}]},{\"@type\":\"WebPage\",\"@id\":\"https:\/\/kapitalis.com\/tunisie\/2015\/05\/14\/kef-saisie-de-400-tonnes-de-tomate-en-conserve-perimee\/\",\"url\":\"https:\/\/kapitalis.com\/tunisie\/2015\/05\/14\/kef-saisie-de-400-tonnes-de-tomate-en-conserve-perimee\/\",\"name\":\"Kef: Saisie de 400 tonnes de tomate en conserve p\u00e9rim\u00e9e - Kapitalis\",\"isPartOf\":{\"@id\":\"https:\/\/kapitalis.com\/tunisie\/#website\"},\"primaryImageOfPage\":{\"@id\":\"https:\/\/kapitalis.com\/tunisie\/2015\/05\/14\/kef-saisie-de-400-tonnes-de-tomate-en-conserve-perimee\/#primaryimage\"},\"image\":{\"@id\":\"https:\/\/kapitalis.com\/tunisie\/2015\/05\/14\/kef-saisie-de-400-tonnes-de-tomate-en-conserve-perimee\/#primaryimage\"},\"thumbnailUrl\":\"http:\/\/kapitalis.net\/wordpress\/wp-content\/uploads\/2015\/05\/Tomate.jpg\",\"datePublished\":\"2015-05-14T15:19:43+00:00\",\"breadcrumb\":{\"@id\":\"https:\/\/kapitalis.com\/tunisie\/2015\/05\/14\/kef-saisie-de-400-tonnes-de-tomate-en-conserve-perimee\/#breadcrumb\"},\"inLanguage\":\"fr-FR\",\"potentialAction\":[{\"@type\":\"ReadAction\",\"target\":[\"https:\/\/kapitalis.com\/tunisie\/2015\/05\/14\/kef-saisie-de-400-tonnes-de-tomate-en-conserve-perimee\/\"]}]},{\"@type\":\"ImageObject\",\"inLanguage\":\"fr-FR\",\"@id\":\"https:\/\/kapitalis.com\/tunisie\/2015\/05\/14\/kef-saisie-de-400-tonnes-de-tomate-en-conserve-perimee\/#primaryimage\",\"url\":\"http:\/\/kapitalis.net\/wordpress\/wp-content\/uploads\/2015\/05\/Tomate.jpg\",\"contentUrl\":\"http:\/\/kapitalis.net\/wordpress\/wp-content\/uploads\/2015\/05\/Tomate.jpg\"},{\"@type\":\"BreadcrumbList\",\"@id\":\"https:\/\/kapitalis.com\/tunisie\/2015\/05\/14\/kef-saisie-de-400-tonnes-de-tomate-en-conserve-perimee\/#breadcrumb\",\"itemListElement\":[{\"@type\":\"ListItem\",\"position\":1,\"name\":\"Accueil\",\"item\":\"https:\/\/kapitalis.com\/tunisie\/\"},{\"@type\":\"ListItem\",\"position\":2,\"name\":\"Kef: Saisie de 400 tonnes de tomate en conserve p\u00e9rim\u00e9e\"}]},{\"@type\":\"WebSite\",\"@id\":\"https:\/\/kapitalis.com\/tunisie\/#website\",\"url\":\"https:\/\/kapitalis.com\/tunisie\/\",\"name\":\"Kapitalis\",\"description\":\"L&#039;actualit\u00e9 en Tunisie et dans le monde\",\"publisher\":{\"@id\":\"https:\/\/kapitalis.com\/tunisie\/#organization\"},\"potentialAction\":[{\"@type\":\"SearchAction\",\"target\":{\"@type\":\"EntryPoint\",\"urlTemplate\":\"https:\/\/kapitalis.com\/tunisie\/?s={search_term_string}\"},\"query-input\":{\"@type\":\"PropertyValueSpecification\",\"valueRequired\":true,\"valueName\":\"search_term_string\"}}],\"inLanguage\":\"fr-FR\"},{\"@type\":\"Organization\",\"@id\":\"https:\/\/kapitalis.com\/tunisie\/#organization\",\"name\":\"Kapitalis\",\"url\":\"https:\/\/kapitalis.com\/tunisie\/\",\"logo\":{\"@type\":\"ImageObject\",\"inLanguage\":\"fr-FR\",\"@id\":\"https:\/\/kapitalis.com\/tunisie\/#\/schema\/logo\/image\/\",\"url\":\"https:\/\/kapitalis.com\/tunisie\/wp-content\/uploads\/2022\/05\/Kapitalis-big-size.png\",\"contentUrl\":\"https:\/\/kapitalis.com\/tunisie\/wp-content\/uploads\/2022\/05\/Kapitalis-big-size.png\",\"width\":5000,\"height\":1500,\"caption\":\"Kapitalis\"},\"image\":{\"@id\":\"https:\/\/kapitalis.com\/tunisie\/#\/schema\/logo\/image\/\"},\"sameAs\":[\"https:\/\/www.facebook.com\/KapitalisInfo\/\",\"https:\/\/x.com\/KapitalisInfo\",\"https:\/\/www.youtube.com\/channel\/UC-yDYrHyfFBWWZaOw3FPg9Q\"]},{\"@type\":\"Person\",\"@id\":\"https:\/\/kapitalis.com\/tunisie\/#\/schema\/person\/aa55121cdc1c0fa4794a24cff31f746f\",\"name\":\"mounir\",\"sameAs\":[\"https:\/\/kapitalis.com\/tunisie\"],\"url\":\"https:\/\/kapitalis.com\/tunisie\/author\/mounir\/\"}]}<\/script>\n<!-- \/ Yoast SEO plugin. -->","yoast_head_json":{"title":"Kef: Saisie de 400 tonnes de tomate en conserve p\u00e9rim\u00e9e - Kapitalis","robots":{"index":"index","follow":"follow","max-snippet":"max-snippet:-1","max-image-preview":"max-image-preview:large","max-video-preview":"max-video-preview:-1"},"canonical":"https:\/\/kapitalis.com\/tunisie\/2015\/05\/14\/kef-saisie-de-400-tonnes-de-tomate-en-conserve-perimee\/","og_locale":"fr_FR","og_type":"article","og_title":"Kef: Saisie de 400 tonnes de tomate en conserve p\u00e9rim\u00e9e - Kapitalis","og_description":"Les unit\u00e9s de contr\u00f4le \u00e9conomique ont saisi, hier, au Kef (nord-ouest), 400 tonnes de tomate en conserve dont la date limite de consommation est d\u00e9pass\u00e9e. Les contr\u00f4leurs \u00e9conomiques ignorent encore si ces boites de conserve (de la marque Abida en l\u2019occurrence) ont \u00e9t\u00e9 \u00e9coul\u00e9es sur le march\u00e9 par le fabricant lui-m\u00eame ou par des commer\u00e7ants...","og_url":"https:\/\/kapitalis.com\/tunisie\/2015\/05\/14\/kef-saisie-de-400-tonnes-de-tomate-en-conserve-perimee\/","og_site_name":"Kapitalis","article_publisher":"https:\/\/www.facebook.com\/KapitalisInfo\/","article_published_time":"2015-05-14T15:19:43+00:00","og_image":[{"url":"http:\/\/kapitalis.net\/wordpress\/wp-content\/uploads\/2015\/05\/Tomate.jpg","type":"","width":"","height":""}],"author":"mounir","twitter_card":"summary_large_image","twitter_creator":"@KapitalisInfo","twitter_site":"@KapitalisInfo","twitter_misc":{"\u00c9crit par":"mounir"},"schema":{"@context":"https:\/\/schema.org","@graph":[{"@type":"Article","@id":"https:\/\/kapitalis.com\/tunisie\/2015\/05\/14\/kef-saisie-de-400-tonnes-de-tomate-en-conserve-perimee\/#article","isPartOf":{"@id":"https:\/\/kapitalis.com\/tunisie\/2015\/05\/14\/kef-saisie-de-400-tonnes-de-tomate-en-conserve-perimee\/"},"author":{"name":"mounir","@id":"https:\/\/kapitalis.com\/tunisie\/#\/schema\/person\/aa55121cdc1c0fa4794a24cff31f746f"},"headline":"Kef: Saisie de 400 tonnes de tomate en conserve p\u00e9rim\u00e9e","datePublished":"2015-05-14T15:19:43+00:00","mainEntityOfPage":{"@id":"https:\/\/kapitalis.com\/tunisie\/2015\/05\/14\/kef-saisie-de-400-tonnes-de-tomate-en-conserve-perimee\/"},"wordCount":80,"commentCount":0,"publisher":{"@id":"https:\/\/kapitalis.com\/tunisie\/#organization"},"image":{"@id":"https:\/\/kapitalis.com\/tunisie\/2015\/05\/14\/kef-saisie-de-400-tonnes-de-tomate-en-conserve-perimee\/#primaryimage"},"thumbnailUrl":"http:\/\/kapitalis.net\/wordpress\/wp-content\/uploads\/2015\/05\/Tomate.jpg","keywords":["Kef","tomate"],"articleSection":["CONSO"],"inLanguage":"fr-FR","potentialAction":[{"@type":"CommentAction","name":"Comment","target":["https:\/\/kapitalis.com\/tunisie\/2015\/05\/14\/kef-saisie-de-400-tonnes-de-tomate-en-conserve-perimee\/#respond"]}]},{"@type":"WebPage","@id":"https:\/\/kapitalis.com\/tunisie\/2015\/05\/14\/kef-saisie-de-400-tonnes-de-tomate-en-conserve-perimee\/","url":"https:\/\/kapitalis.com\/tunisie\/2015\/05\/14\/kef-saisie-de-400-tonnes-de-tomate-en-conserve-perimee\/","name":"Kef: Saisie de 400 tonnes de tomate en conserve p\u00e9rim\u00e9e - Kapitalis","isPartOf":{"@id":"https:\/\/kapitalis.com\/tunisie\/#website"},"primaryImageOfPage":{"@id":"https:\/\/kapitalis.com\/tunisie\/2015\/05\/14\/kef-saisie-de-400-tonnes-de-tomate-en-conserve-perimee\/#primaryimage"},"image":{"@id":"https:\/\/kapitalis.com\/tunisie\/2015\/05\/14\/kef-saisie-de-400-tonnes-de-tomate-en-conserve-perimee\/#primaryimage"},"thumbnailUrl":"http:\/\/kapitalis.net\/wordpress\/wp-content\/uploads\/2015\/05\/Tomate.jpg","datePublished":"2015-05-14T15:19:43+00:00","breadcrumb":{"@id":"https:\/\/kapitalis.com\/tunisie\/2015\/05\/14\/kef-saisie-de-400-tonnes-de-tomate-en-conserve-perimee\/#breadcrumb"},"inLanguage":"fr-FR","potentialAction":[{"@type":"ReadAction","target":["https:\/\/kapitalis.com\/tunisie\/2015\/05\/14\/kef-saisie-de-400-tonnes-de-tomate-en-conserve-perimee\/"]}]},{"@type":"ImageObject","inLanguage":"fr-FR","@id":"https:\/\/kapitalis.com\/tunisie\/2015\/05\/14\/kef-saisie-de-400-tonnes-de-tomate-en-conserve-perimee\/#primaryimage","url":"http:\/\/kapitalis.net\/wordpress\/wp-content\/uploads\/2015\/05\/Tomate.jpg","contentUrl":"http:\/\/kapitalis.net\/wordpress\/wp-content\/uploads\/2015\/05\/Tomate.jpg"},{"@type":"BreadcrumbList","@id":"https:\/\/kapitalis.com\/tunisie\/2015\/05\/14\/kef-saisie-de-400-tonnes-de-tomate-en-conserve-perimee\/#breadcrumb","itemListElement":[{"@type":"ListItem","position":1,"name":"Accueil","item":"https:\/\/kapitalis.com\/tunisie\/"},{"@type":"ListItem","position":2,"name":"Kef: Saisie de 400 tonnes de tomate en conserve p\u00e9rim\u00e9e"}]},{"@type":"WebSite","@id":"https:\/\/kapitalis.com\/tunisie\/#website","url":"https:\/\/kapitalis.com\/tunisie\/","name":"Kapitalis","description":"L&#039;actualit\u00e9 en Tunisie et dans le monde","publisher":{"@id":"https:\/\/kapitalis.com\/tunisie\/#organization"},"potentialAction":[{"@type":"SearchAction","target":{"@type":"EntryPoint","urlTemplate":"https:\/\/kapitalis.com\/tunisie\/?s={search_term_string}"},"query-input":{"@type":"PropertyValueSpecification","valueRequired":true,"valueName":"search_term_string"}}],"inLanguage":"fr-FR"},{"@type":"Organization","@id":"https:\/\/kapitalis.com\/tunisie\/#organization","name":"Kapitalis","url":"https:\/\/kapitalis.com\/tunisie\/","logo":{"@type":"ImageObject","inLanguage":"fr-FR","@id":"https:\/\/kapitalis.com\/tunisie\/#\/schema\/logo\/image\/","url":"https:\/\/kapitalis.com\/tunisie\/wp-content\/uploads\/2022\/05\/Kapitalis-big-size.png","contentUrl":"https:\/\/kapitalis.com\/tunisie\/wp-content\/uploads\/2022\/05\/Kapitalis-big-size.png","width":5000,"height":1500,"caption":"Kapitalis"},"image":{"@id":"https:\/\/kapitalis.com\/tunisie\/#\/schema\/logo\/image\/"},"sameAs":["https:\/\/www.facebook.com\/KapitalisInfo\/","https:\/\/x.com\/KapitalisInfo","https:\/\/www.youtube.com\/channel\/UC-yDYrHyfFBWWZaOw3FPg9Q"]},{"@type":"Person","@id":"https:\/\/kapitalis.com\/tunisie\/#\/schema\/person\/aa55121cdc1c0fa4794a24cff31f746f","name":"mounir","sameAs":["https:\/\/kapitalis.com\/tunisie"],"url":"https:\/\/kapitalis.com\/tunisie\/author\/mounir\/"}]}},"_links":{"self":[{"href":"https:\/\/kapitalis.com\/tunisie\/wp-json\/wp\/v2\/posts\/298","targetHints":{"allow":["GET"]}}],"collection":[{"href":"https:\/\/kapitalis.com\/tunisie\/wp-json\/wp\/v2\/posts"}],"about":[{"href":"https:\/\/kapitalis.com\/tunisie\/wp-json\/wp\/v2\/types\/post"}],"author":[{"embeddable":true,"href":"https:\/\/kapitalis.com\/tunisie\/wp-json\/wp\/v2\/users\/1"}],"replies":[{"embeddable":true,"href":"https:\/\/kapitalis.com\/tunisie\/wp-json\/wp\/v2\/comments?post=298"}],"version-history":[{"count":0,"href":"https:\/\/kapitalis.com\/tunisie\/wp-json\/wp\/v2\/posts\/298\/revisions"}],"wp:attachment":[{"href":"https:\/\/kapitalis.com\/tunisie\/wp-json\/wp\/v2\/media?parent=298"}],"wp:term":[{"taxonomy":"category","embeddable":true,"href":"https:\/\/kapitalis.com\/tunisie\/wp-json\/wp\/v2\/categories?post=298"},{"taxonomy":"post_tag","embeddable":true,"href":"https:\/\/kapitalis.com\/tunisie\/wp-json\/wp\/v2\/tags?post=298"}],"curies":[{"name":"wp","href":"https:\/\/api.w.org\/{rel}","templated":true}]}}