{"id":2980278,"date":"2022-08-12T07:19:56","date_gmt":"2022-08-12T06:19:56","guid":{"rendered":"https:\/\/kapitalis.com\/tunisie\/?p=2980278"},"modified":"2022-08-12T07:21:06","modified_gmt":"2022-08-12T06:21:06","slug":"la-tunisie-face-au-defi-de-la-taxe-carbone","status":"publish","type":"post","link":"https:\/\/kapitalis.com\/tunisie\/2022\/08\/12\/la-tunisie-face-au-defi-de-la-taxe-carbone\/","title":{"rendered":"La Tunisie face au d\u00e9fi de la taxe carbone"},"content":{"rendered":"\n<p><strong><em>D\u00e9r\u00e8glement climatique, gouvernance durable, r\u00e9siliente et innovante\u2026 voil\u00e0 le d\u00e9fi du gouvernement Bouden ! La taxe carbone est le principal instrument \u00e9conomique pour relever le d\u00e9fi des changements climatiques. La Tunisie doit choisir et agir pour ne pas subir\u2026<\/em><\/strong><\/p>\n\n\n\n<p>Par <strong>Moktar Lamari<\/strong> *<\/p>\n\n\n\n<!--more-->\n\n\n<div class=\"wp-block-image\">\n<figure class=\"alignleft size-full is-resized\"><img decoding=\"async\" src=\"http:\/\/kapitalis.com\/tunisie\/wp-content\/uploads\/2019\/10\/Moktar-Lamari.jpg\" alt=\"\" class=\"wp-image-246439\" width=\"200\"\/><\/figure>\n<\/div>\n\n\n<p>En Europe, la taxe carbone va entrer en vigueur en janvier 2023. De par le monde, on attend cette date avec impatience car on va enfin comprendre comment ce m\u00e9canisme va fonctionner de mani\u00e8re pr\u00e9cise. Il y a six options sur la table et dans les six options, la taxe peut aller du simple au centuple par rapport aux barri\u00e8res d\u00e9cid\u00e9es. Un rapport du FMI explique ces modalit\u00e9s calibrages fiscales li\u00e9s.<\/p>\n\n\n\n<h2 class=\"wp-block-heading\">Le temps est compt\u00e9<\/h2>\n\n\n\n<p>A partir de 2023, l\u2019acc\u00e8s aux march\u00e9s de l\u2019Union europ\u00e9enne (UE) sera tributaire de la pr\u00e9sence de la taxe carbone dans les politiques publiques du pays exportateur.<\/p>\n\n\n\n<p>Autrement, c\u2019est le pays importateur qui l\u2019impose sur le produit import\u00e9, pour des raisons d\u2019\u00e9quit\u00e9 et d\u2019engagement dans la lutte contre les changements climatiques.<\/p>\n\n\n\n<p>Le FMI, la Banque mondiale et plein d\u2019autres organisations internationales font de la taxe carbone un enjeu majeur.<\/p>\n\n\n\n<p>La taxe carbone, c\u2019est d\u00e9j\u00e0 en passe de mise en \u0153uvre en Afrique (Maroc, C\u00f4te d\u2019Ivoire, S\u00e9n\u00e9gal, Afrique du Sud\u2026). La taxe varie de 20 \u00e0 200 $ la tonne de carbone.<\/p>\n\n\n\n<figure class=\"wp-block-embed is-type-wp-embed is-provider-kapitalis wp-block-embed-kapitalis\"><div class=\"wp-block-embed__wrapper\">\n<blockquote class=\"wp-embedded-content\" data-secret=\"TMwowL9VIJ\"><a href=\"https:\/\/kapitalis.com\/tunisie\/2022\/06\/15\/tunisie-marouane-abassi-appelle-a-eviter-limposition-de-taxes-sur-le-carbone\/\">Tunisie\u00a0: Marouane Abassi appelle \u00e0 \u00e9viter l&rsquo;imposition de taxes sur le carbone<\/a><\/blockquote><iframe loading=\"lazy\" class=\"wp-embedded-content\" sandbox=\"allow-scripts\" security=\"restricted\" style=\"position: absolute; clip: rect(1px, 1px, 1px, 1px);\" title=\"\u00ab\u00a0Tunisie\u00a0: Marouane Abassi appelle \u00e0 \u00e9viter l&rsquo;imposition de taxes sur le carbone\u00a0\u00bb &#8212; Kapitalis\" src=\"https:\/\/kapitalis.com\/tunisie\/2022\/06\/15\/tunisie-marouane-abassi-appelle-a-eviter-limposition-de-taxes-sur-le-carbone\/embed\/#?secret=8iD80dfhD4#?secret=TMwowL9VIJ\" data-secret=\"TMwowL9VIJ\" width=\"600\" height=\"338\" frameborder=\"0\" marginwidth=\"0\" marginheight=\"0\" scrolling=\"no\"><\/iframe>\n<\/div><\/figure>\n\n\n\n<p>Le concept est simple et se base sur 3 principes: 1- les changements climatiques sont des externalit\u00e9s (indivisibles et non exclusives), tous les pays sont concern\u00e9s; 2- les m\u00e9canismes du march\u00e9 ne peuvent r\u00e9sorber ce probl\u00e8me de fa\u00e7on automatique, sans intervention de l\u2019Etat; 3- Les Etats doivent alors intervenir et imposer une taxe bien calibr\u00e9e pour internaliser l\u2019externalit\u00e9, la taxe corrige donc l\u2019imperfection des prix du march\u00e9.<\/p>\n\n\n\n<h2 class=\"wp-block-heading\">A quand la Tunisie?<\/h2>\n\n\n\n<p>La taxe carbone constitue un passage oblig\u00e9 et une solution incontournable pour la Tunisie.<\/p>\n\n\n\n<p>C\u2019est un d\u00e9fi majeur pour la lutte aux changements climatiques\u2026 une lutte de solidarit\u00e9 internationale qui pourrait devenir incontournable pour acc\u00e9der aux aides internationales et aux march\u00e9s internationaux. C\u2019est aussi un d\u00e9fi de gouvernance aussi!<\/p>\n\n\n\n<p>Plusieurs mod\u00e8les de taxation (tarification) sont \u00e0 l\u2019\u0153uvre, la Tunisie doit choisir.<\/p>\n\n\n\n<p>Cependant, l\u2019introduction d\u2019une taxe carbone serait un atout consid\u00e9rable pour la Tunisie, afin de financer ses programmes, mais surtout, permettre une ouverture pour les entreprises tunisiennes \u00e0 comp\u00e9tir \u00e0 l\u2019international, notamment en Europe o\u00f9 d\u00e9sormais, une sorte de&nbsp;<em>\u00abvisa vert\u00bb<\/em>&nbsp;sera exig\u00e9 pour les produits non-europ\u00e9ens.<\/p>\n\n\n\n<p>Le nouveau projet de loi de finances (PLF3 2023) doit renforcer&nbsp;<em>l\u2019efficacit\u00e9 du syst\u00e8me fiscal en tant que moyen de financement des politiques publiques.&nbsp;<\/em>La fiscalit\u00e9 reste une mesure \u00e9conomique par laquelle la croissance \u00e9conomique pourrait \u00eatre favoris\u00e9e. Mais la Tunisie est d\u00e9j\u00e0 surtax\u00e9e, avec une charge fiscale qui avoisine les 33%. L\u2019effort \u00e0 faire est gigantesque et une r\u00e9flexion nationale doit \u00eatre men\u00e9e dans ce cadre, avec l\u2019implication des \u00e9conomistes comp\u00e9tents, en plus des op\u00e9rateurs et organisations concern\u00e9es.<\/p>\n\n\n\n<p>Correctement con\u00e7ue, la taxe carbone peut devenir un pr\u00e9cieux levier pour renforcer la comp\u00e9titivit\u00e9 et le budget de l\u2019Etat, et faire de la Tunisie une destination de production industrielle neutre en carbone.<\/p>\n\n\n\n<figure class=\"wp-block-embed is-type-wp-embed is-provider-kapitalis wp-block-embed-kapitalis\"><div class=\"wp-block-embed__wrapper\">\n<blockquote class=\"wp-embedded-content\" data-secret=\"hHkpHBKU1s\"><a href=\"https:\/\/kapitalis.com\/tunisie\/2019\/06\/14\/la-tunisie-se-prepare-a-vendre-ses-emissions-de-carbone-et-de-gaz-a-effet-de-serre\/\">La Tunisie se pr\u00e9pare \u00e0 vendre ses \u00e9missions de carbone, et de gaz \u00e0 effet de serre<\/a><\/blockquote><iframe loading=\"lazy\" class=\"wp-embedded-content\" sandbox=\"allow-scripts\" security=\"restricted\" style=\"position: absolute; clip: rect(1px, 1px, 1px, 1px);\" title=\"\u00ab\u00a0La Tunisie se pr\u00e9pare \u00e0 vendre ses \u00e9missions de carbone, et de gaz \u00e0 effet de serre\u00a0\u00bb &#8212; Kapitalis\" src=\"https:\/\/kapitalis.com\/tunisie\/2019\/06\/14\/la-tunisie-se-prepare-a-vendre-ses-emissions-de-carbone-et-de-gaz-a-effet-de-serre\/embed\/#?secret=Du9kvjX9kM#?secret=hHkpHBKU1s\" data-secret=\"hHkpHBKU1s\" width=\"600\" height=\"338\" frameborder=\"0\" marginwidth=\"0\" marginheight=\"0\" scrolling=\"no\"><\/iframe>\n<\/div><\/figure>\n\n\n\n<p>Au-del\u00e0 des contraintes logistique et administrative que cette taxe engendrerait pour l\u2019industrie et pour l\u2019exportation, cela pourrait aussi \u00eatre une opportunit\u00e9 pour renforcer la comp\u00e9titivit\u00e9 du <em>\u00abMade in Tunisia\u00bb<\/em>.<\/p>\n\n\n\n<p><em>Le secteur priv\u00e9 a un r\u00f4le majeur \u00e0 jouer dans une transition bas carbone r\u00e9siliente au changement climatique.<\/em><\/p>\n\n\n\n<p>D\u00e9j\u00e0 en cours dans plusieurs pays, notamment europ\u00e9ens et africains, la taxe carbone pourrait aussi contribuer \u00e0 l\u2019acc\u00e9l\u00e9ration de l\u2019\u00e9mergence d\u2019une industrie tunisienne verte et d\u00e9carbon\u00e9e.<\/p>\n\n\n\n<p>La coalition <em>\u00abRace to Zero\u00bb<\/em> est en effet la plus grande alliance d\u2019acteurs non \u00e9tatiques, et qui vise \u00e0 poursuivre l\u2019objectif de neutralit\u00e9 carbone d\u2019ici 2050. Cette coalition regroupe plus de 3 067entreprises \u00e0 travers le monde et couvre pr\u00e8s de 25% des \u00e9missions mondiales de CO2 et plus de 50% du PIB. <\/p>\n\n\n\n<p><em>Economiste au Canada.<\/em><\/p>\n","protected":false},"excerpt":{"rendered":"<p>A partir de 2023, l\u2019acc\u00e8s aux march\u00e9s de l\u2019Union europ\u00e9enne (UE) sera tributaire de la pr\u00e9sence de la taxe carbone dans les politiques publiques du pays exportateur. La Tunisie s&rsquo;est-elle pr\u00e9par\u00e9e \u00e0 cette \u00e9ch\u00e9ance ? <\/p>\n","protected":false},"author":8,"featured_media":2980472,"comment_status":"open","ping_status":"open","sticky":false,"template":"","format":"standard","meta":{"footnotes":""},"categories":[992,995,1000,2433],"tags":[88124,80307,101996,100601,62643,937],"class_list":["post-2980278","post","type-post","status-publish","format-standard","has-post-thumbnail","hentry","category-a-la-une","category-economie","category-tribune","category-tunisie","tag-changements-climatiques","tag-neutralite-carbone","tag-race-to-zero","tag-taxe-carbone","tag-tunisie","tag-union-europeenne"],"yoast_head":"<!-- This site is optimized with the Yoast SEO plugin v26.6 - https:\/\/yoast.com\/wordpress\/plugins\/seo\/ -->\n<title>La Tunisie face au d\u00e9fi de la taxe carbone - Kapitalis<\/title>\n<meta name=\"robots\" content=\"index, follow, max-snippet:-1, max-image-preview:large, max-video-preview:-1\" \/>\n<link rel=\"canonical\" href=\"https:\/\/kapitalis.com\/tunisie\/2022\/08\/12\/la-tunisie-face-au-defi-de-la-taxe-carbone\/\" \/>\n<meta property=\"og:locale\" content=\"fr_FR\" \/>\n<meta property=\"og:type\" content=\"article\" \/>\n<meta property=\"og:title\" content=\"La Tunisie face au d\u00e9fi de la taxe carbone - Kapitalis\" \/>\n<meta property=\"og:description\" content=\"A partir de 2023, l\u2019acc\u00e8s aux march\u00e9s de l\u2019Union europ\u00e9enne (UE) sera tributaire de la pr\u00e9sence de la taxe carbone dans les politiques publiques du pays exportateur. La Tunisie s&#039;est-elle pr\u00e9par\u00e9e \u00e0 cette \u00e9ch\u00e9ance ?\" \/>\n<meta property=\"og:url\" content=\"https:\/\/kapitalis.com\/tunisie\/2022\/08\/12\/la-tunisie-face-au-defi-de-la-taxe-carbone\/\" \/>\n<meta property=\"og:site_name\" content=\"Kapitalis\" \/>\n<meta property=\"article:publisher\" content=\"https:\/\/www.facebook.com\/KapitalisInfo\/\" \/>\n<meta property=\"article:published_time\" content=\"2022-08-12T06:19:56+00:00\" \/>\n<meta property=\"article:modified_time\" content=\"2022-08-12T06:21:06+00:00\" \/>\n<meta property=\"og:image\" content=\"https:\/\/kapitalis.com\/tunisie\/wp-content\/uploads\/2022\/08\/Taxe-Carbone-Pollution-industrielle.jpg\" \/>\n\t<meta property=\"og:image:width\" content=\"1200\" \/>\n\t<meta property=\"og:image:height\" content=\"630\" \/>\n\t<meta property=\"og:image:type\" content=\"image\/jpeg\" \/>\n<meta name=\"author\" content=\"webmaster kapitalis\" \/>\n<meta name=\"twitter:card\" content=\"summary_large_image\" \/>\n<meta name=\"twitter:creator\" content=\"@KapitalisInfo\" \/>\n<meta name=\"twitter:site\" content=\"@KapitalisInfo\" \/>\n<meta name=\"twitter:label1\" content=\"\u00c9crit par\" \/>\n\t<meta name=\"twitter:data1\" content=\"webmaster kapitalis\" \/>\n\t<meta name=\"twitter:label2\" content=\"Dur\u00e9e de lecture estim\u00e9e\" \/>\n\t<meta name=\"twitter:data2\" content=\"4 minutes\" \/>\n<script type=\"application\/ld+json\" class=\"yoast-schema-graph\">{\"@context\":\"https:\/\/schema.org\",\"@graph\":[{\"@type\":\"Article\",\"@id\":\"https:\/\/kapitalis.com\/tunisie\/2022\/08\/12\/la-tunisie-face-au-defi-de-la-taxe-carbone\/#article\",\"isPartOf\":{\"@id\":\"https:\/\/kapitalis.com\/tunisie\/2022\/08\/12\/la-tunisie-face-au-defi-de-la-taxe-carbone\/\"},\"author\":{\"name\":\"webmaster kapitalis\",\"@id\":\"https:\/\/kapitalis.com\/tunisie\/#\/schema\/person\/d71f33a9ca44f7bad4698210b480c8e9\"},\"headline\":\"La Tunisie face au d\u00e9fi de la taxe carbone\",\"datePublished\":\"2022-08-12T06:19:56+00:00\",\"dateModified\":\"2022-08-12T06:21:06+00:00\",\"mainEntityOfPage\":{\"@id\":\"https:\/\/kapitalis.com\/tunisie\/2022\/08\/12\/la-tunisie-face-au-defi-de-la-taxe-carbone\/\"},\"wordCount\":727,\"commentCount\":0,\"publisher\":{\"@id\":\"https:\/\/kapitalis.com\/tunisie\/#organization\"},\"image\":{\"@id\":\"https:\/\/kapitalis.com\/tunisie\/2022\/08\/12\/la-tunisie-face-au-defi-de-la-taxe-carbone\/#primaryimage\"},\"thumbnailUrl\":\"https:\/\/kapitalis.com\/tunisie\/wp-content\/uploads\/2022\/08\/Taxe-Carbone-Pollution-industrielle.jpg\",\"keywords\":[\"changements climatiques\",\"neutralit\u00e9 carbone\",\"Race to Zero\",\"taxe carbone\",\"Tunisie\",\"Union europ\u00e9enne\"],\"articleSection\":[\"A LA UNE\",\"ECONOMIE\",\"TRIBUNE\",\"Tunisie\"],\"inLanguage\":\"fr-FR\",\"potentialAction\":[{\"@type\":\"CommentAction\",\"name\":\"Comment\",\"target\":[\"https:\/\/kapitalis.com\/tunisie\/2022\/08\/12\/la-tunisie-face-au-defi-de-la-taxe-carbone\/#respond\"]}]},{\"@type\":\"WebPage\",\"@id\":\"https:\/\/kapitalis.com\/tunisie\/2022\/08\/12\/la-tunisie-face-au-defi-de-la-taxe-carbone\/\",\"url\":\"https:\/\/kapitalis.com\/tunisie\/2022\/08\/12\/la-tunisie-face-au-defi-de-la-taxe-carbone\/\",\"name\":\"La Tunisie face au d\u00e9fi de la taxe carbone - Kapitalis\",\"isPartOf\":{\"@id\":\"https:\/\/kapitalis.com\/tunisie\/#website\"},\"primaryImageOfPage\":{\"@id\":\"https:\/\/kapitalis.com\/tunisie\/2022\/08\/12\/la-tunisie-face-au-defi-de-la-taxe-carbone\/#primaryimage\"},\"image\":{\"@id\":\"https:\/\/kapitalis.com\/tunisie\/2022\/08\/12\/la-tunisie-face-au-defi-de-la-taxe-carbone\/#primaryimage\"},\"thumbnailUrl\":\"https:\/\/kapitalis.com\/tunisie\/wp-content\/uploads\/2022\/08\/Taxe-Carbone-Pollution-industrielle.jpg\",\"datePublished\":\"2022-08-12T06:19:56+00:00\",\"dateModified\":\"2022-08-12T06:21:06+00:00\",\"breadcrumb\":{\"@id\":\"https:\/\/kapitalis.com\/tunisie\/2022\/08\/12\/la-tunisie-face-au-defi-de-la-taxe-carbone\/#breadcrumb\"},\"inLanguage\":\"fr-FR\",\"potentialAction\":[{\"@type\":\"ReadAction\",\"target\":[\"https:\/\/kapitalis.com\/tunisie\/2022\/08\/12\/la-tunisie-face-au-defi-de-la-taxe-carbone\/\"]}]},{\"@type\":\"ImageObject\",\"inLanguage\":\"fr-FR\",\"@id\":\"https:\/\/kapitalis.com\/tunisie\/2022\/08\/12\/la-tunisie-face-au-defi-de-la-taxe-carbone\/#primaryimage\",\"url\":\"https:\/\/kapitalis.com\/tunisie\/wp-content\/uploads\/2022\/08\/Taxe-Carbone-Pollution-industrielle.jpg\",\"contentUrl\":\"https:\/\/kapitalis.com\/tunisie\/wp-content\/uploads\/2022\/08\/Taxe-Carbone-Pollution-industrielle.jpg\",\"width\":1200,\"height\":630},{\"@type\":\"BreadcrumbList\",\"@id\":\"https:\/\/kapitalis.com\/tunisie\/2022\/08\/12\/la-tunisie-face-au-defi-de-la-taxe-carbone\/#breadcrumb\",\"itemListElement\":[{\"@type\":\"ListItem\",\"position\":1,\"name\":\"Accueil\",\"item\":\"https:\/\/kapitalis.com\/tunisie\/\"},{\"@type\":\"ListItem\",\"position\":2,\"name\":\"La Tunisie face au d\u00e9fi de la taxe carbone\"}]},{\"@type\":\"WebSite\",\"@id\":\"https:\/\/kapitalis.com\/tunisie\/#website\",\"url\":\"https:\/\/kapitalis.com\/tunisie\/\",\"name\":\"Kapitalis\",\"description\":\"L&#039;actualit\u00e9 en Tunisie et dans le monde\",\"publisher\":{\"@id\":\"https:\/\/kapitalis.com\/tunisie\/#organization\"},\"potentialAction\":[{\"@type\":\"SearchAction\",\"target\":{\"@type\":\"EntryPoint\",\"urlTemplate\":\"https:\/\/kapitalis.com\/tunisie\/?s={search_term_string}\"},\"query-input\":{\"@type\":\"PropertyValueSpecification\",\"valueRequired\":true,\"valueName\":\"search_term_string\"}}],\"inLanguage\":\"fr-FR\"},{\"@type\":\"Organization\",\"@id\":\"https:\/\/kapitalis.com\/tunisie\/#organization\",\"name\":\"Kapitalis\",\"url\":\"https:\/\/kapitalis.com\/tunisie\/\",\"logo\":{\"@type\":\"ImageObject\",\"inLanguage\":\"fr-FR\",\"@id\":\"https:\/\/kapitalis.com\/tunisie\/#\/schema\/logo\/image\/\",\"url\":\"https:\/\/kapitalis.com\/tunisie\/wp-content\/uploads\/2022\/05\/Kapitalis-big-size.png\",\"contentUrl\":\"https:\/\/kapitalis.com\/tunisie\/wp-content\/uploads\/2022\/05\/Kapitalis-big-size.png\",\"width\":5000,\"height\":1500,\"caption\":\"Kapitalis\"},\"image\":{\"@id\":\"https:\/\/kapitalis.com\/tunisie\/#\/schema\/logo\/image\/\"},\"sameAs\":[\"https:\/\/www.facebook.com\/KapitalisInfo\/\",\"https:\/\/x.com\/KapitalisInfo\",\"https:\/\/www.youtube.com\/channel\/UC-yDYrHyfFBWWZaOw3FPg9Q\"]},{\"@type\":\"Person\",\"@id\":\"https:\/\/kapitalis.com\/tunisie\/#\/schema\/person\/d71f33a9ca44f7bad4698210b480c8e9\",\"name\":\"webmaster kapitalis\",\"url\":\"https:\/\/kapitalis.com\/tunisie\/author\/webmaster-kapitalis\/\"}]}<\/script>\n<!-- \/ Yoast SEO plugin. -->","yoast_head_json":{"title":"La Tunisie face au d\u00e9fi de la taxe carbone - Kapitalis","robots":{"index":"index","follow":"follow","max-snippet":"max-snippet:-1","max-image-preview":"max-image-preview:large","max-video-preview":"max-video-preview:-1"},"canonical":"https:\/\/kapitalis.com\/tunisie\/2022\/08\/12\/la-tunisie-face-au-defi-de-la-taxe-carbone\/","og_locale":"fr_FR","og_type":"article","og_title":"La Tunisie face au d\u00e9fi de la taxe carbone - Kapitalis","og_description":"A partir de 2023, l\u2019acc\u00e8s aux march\u00e9s de l\u2019Union europ\u00e9enne (UE) sera tributaire de la pr\u00e9sence de la taxe carbone dans les politiques publiques du pays exportateur. La Tunisie s'est-elle pr\u00e9par\u00e9e \u00e0 cette \u00e9ch\u00e9ance ?","og_url":"https:\/\/kapitalis.com\/tunisie\/2022\/08\/12\/la-tunisie-face-au-defi-de-la-taxe-carbone\/","og_site_name":"Kapitalis","article_publisher":"https:\/\/www.facebook.com\/KapitalisInfo\/","article_published_time":"2022-08-12T06:19:56+00:00","article_modified_time":"2022-08-12T06:21:06+00:00","og_image":[{"width":1200,"height":630,"url":"https:\/\/kapitalis.com\/tunisie\/wp-content\/uploads\/2022\/08\/Taxe-Carbone-Pollution-industrielle.jpg","type":"image\/jpeg"}],"author":"webmaster kapitalis","twitter_card":"summary_large_image","twitter_creator":"@KapitalisInfo","twitter_site":"@KapitalisInfo","twitter_misc":{"\u00c9crit par":"webmaster kapitalis","Dur\u00e9e de lecture estim\u00e9e":"4 minutes"},"schema":{"@context":"https:\/\/schema.org","@graph":[{"@type":"Article","@id":"https:\/\/kapitalis.com\/tunisie\/2022\/08\/12\/la-tunisie-face-au-defi-de-la-taxe-carbone\/#article","isPartOf":{"@id":"https:\/\/kapitalis.com\/tunisie\/2022\/08\/12\/la-tunisie-face-au-defi-de-la-taxe-carbone\/"},"author":{"name":"webmaster kapitalis","@id":"https:\/\/kapitalis.com\/tunisie\/#\/schema\/person\/d71f33a9ca44f7bad4698210b480c8e9"},"headline":"La Tunisie face au d\u00e9fi de la taxe carbone","datePublished":"2022-08-12T06:19:56+00:00","dateModified":"2022-08-12T06:21:06+00:00","mainEntityOfPage":{"@id":"https:\/\/kapitalis.com\/tunisie\/2022\/08\/12\/la-tunisie-face-au-defi-de-la-taxe-carbone\/"},"wordCount":727,"commentCount":0,"publisher":{"@id":"https:\/\/kapitalis.com\/tunisie\/#organization"},"image":{"@id":"https:\/\/kapitalis.com\/tunisie\/2022\/08\/12\/la-tunisie-face-au-defi-de-la-taxe-carbone\/#primaryimage"},"thumbnailUrl":"https:\/\/kapitalis.com\/tunisie\/wp-content\/uploads\/2022\/08\/Taxe-Carbone-Pollution-industrielle.jpg","keywords":["changements climatiques","neutralit\u00e9 carbone","Race to Zero","taxe carbone","Tunisie","Union europ\u00e9enne"],"articleSection":["A LA UNE","ECONOMIE","TRIBUNE","Tunisie"],"inLanguage":"fr-FR","potentialAction":[{"@type":"CommentAction","name":"Comment","target":["https:\/\/kapitalis.com\/tunisie\/2022\/08\/12\/la-tunisie-face-au-defi-de-la-taxe-carbone\/#respond"]}]},{"@type":"WebPage","@id":"https:\/\/kapitalis.com\/tunisie\/2022\/08\/12\/la-tunisie-face-au-defi-de-la-taxe-carbone\/","url":"https:\/\/kapitalis.com\/tunisie\/2022\/08\/12\/la-tunisie-face-au-defi-de-la-taxe-carbone\/","name":"La Tunisie face au d\u00e9fi de la taxe carbone - Kapitalis","isPartOf":{"@id":"https:\/\/kapitalis.com\/tunisie\/#website"},"primaryImageOfPage":{"@id":"https:\/\/kapitalis.com\/tunisie\/2022\/08\/12\/la-tunisie-face-au-defi-de-la-taxe-carbone\/#primaryimage"},"image":{"@id":"https:\/\/kapitalis.com\/tunisie\/2022\/08\/12\/la-tunisie-face-au-defi-de-la-taxe-carbone\/#primaryimage"},"thumbnailUrl":"https:\/\/kapitalis.com\/tunisie\/wp-content\/uploads\/2022\/08\/Taxe-Carbone-Pollution-industrielle.jpg","datePublished":"2022-08-12T06:19:56+00:00","dateModified":"2022-08-12T06:21:06+00:00","breadcrumb":{"@id":"https:\/\/kapitalis.com\/tunisie\/2022\/08\/12\/la-tunisie-face-au-defi-de-la-taxe-carbone\/#breadcrumb"},"inLanguage":"fr-FR","potentialAction":[{"@type":"ReadAction","target":["https:\/\/kapitalis.com\/tunisie\/2022\/08\/12\/la-tunisie-face-au-defi-de-la-taxe-carbone\/"]}]},{"@type":"ImageObject","inLanguage":"fr-FR","@id":"https:\/\/kapitalis.com\/tunisie\/2022\/08\/12\/la-tunisie-face-au-defi-de-la-taxe-carbone\/#primaryimage","url":"https:\/\/kapitalis.com\/tunisie\/wp-content\/uploads\/2022\/08\/Taxe-Carbone-Pollution-industrielle.jpg","contentUrl":"https:\/\/kapitalis.com\/tunisie\/wp-content\/uploads\/2022\/08\/Taxe-Carbone-Pollution-industrielle.jpg","width":1200,"height":630},{"@type":"BreadcrumbList","@id":"https:\/\/kapitalis.com\/tunisie\/2022\/08\/12\/la-tunisie-face-au-defi-de-la-taxe-carbone\/#breadcrumb","itemListElement":[{"@type":"ListItem","position":1,"name":"Accueil","item":"https:\/\/kapitalis.com\/tunisie\/"},{"@type":"ListItem","position":2,"name":"La Tunisie face au d\u00e9fi de la taxe carbone"}]},{"@type":"WebSite","@id":"https:\/\/kapitalis.com\/tunisie\/#website","url":"https:\/\/kapitalis.com\/tunisie\/","name":"Kapitalis","description":"L&#039;actualit\u00e9 en Tunisie et dans le monde","publisher":{"@id":"https:\/\/kapitalis.com\/tunisie\/#organization"},"potentialAction":[{"@type":"SearchAction","target":{"@type":"EntryPoint","urlTemplate":"https:\/\/kapitalis.com\/tunisie\/?s={search_term_string}"},"query-input":{"@type":"PropertyValueSpecification","valueRequired":true,"valueName":"search_term_string"}}],"inLanguage":"fr-FR"},{"@type":"Organization","@id":"https:\/\/kapitalis.com\/tunisie\/#organization","name":"Kapitalis","url":"https:\/\/kapitalis.com\/tunisie\/","logo":{"@type":"ImageObject","inLanguage":"fr-FR","@id":"https:\/\/kapitalis.com\/tunisie\/#\/schema\/logo\/image\/","url":"https:\/\/kapitalis.com\/tunisie\/wp-content\/uploads\/2022\/05\/Kapitalis-big-size.png","contentUrl":"https:\/\/kapitalis.com\/tunisie\/wp-content\/uploads\/2022\/05\/Kapitalis-big-size.png","width":5000,"height":1500,"caption":"Kapitalis"},"image":{"@id":"https:\/\/kapitalis.com\/tunisie\/#\/schema\/logo\/image\/"},"sameAs":["https:\/\/www.facebook.com\/KapitalisInfo\/","https:\/\/x.com\/KapitalisInfo","https:\/\/www.youtube.com\/channel\/UC-yDYrHyfFBWWZaOw3FPg9Q"]},{"@type":"Person","@id":"https:\/\/kapitalis.com\/tunisie\/#\/schema\/person\/d71f33a9ca44f7bad4698210b480c8e9","name":"webmaster kapitalis","url":"https:\/\/kapitalis.com\/tunisie\/author\/webmaster-kapitalis\/"}]}},"_links":{"self":[{"href":"https:\/\/kapitalis.com\/tunisie\/wp-json\/wp\/v2\/posts\/2980278","targetHints":{"allow":["GET"]}}],"collection":[{"href":"https:\/\/kapitalis.com\/tunisie\/wp-json\/wp\/v2\/posts"}],"about":[{"href":"https:\/\/kapitalis.com\/tunisie\/wp-json\/wp\/v2\/types\/post"}],"author":[{"embeddable":true,"href":"https:\/\/kapitalis.com\/tunisie\/wp-json\/wp\/v2\/users\/8"}],"replies":[{"embeddable":true,"href":"https:\/\/kapitalis.com\/tunisie\/wp-json\/wp\/v2\/comments?post=2980278"}],"version-history":[{"count":0,"href":"https:\/\/kapitalis.com\/tunisie\/wp-json\/wp\/v2\/posts\/2980278\/revisions"}],"wp:featuredmedia":[{"embeddable":true,"href":"https:\/\/kapitalis.com\/tunisie\/wp-json\/wp\/v2\/media\/2980472"}],"wp:attachment":[{"href":"https:\/\/kapitalis.com\/tunisie\/wp-json\/wp\/v2\/media?parent=2980278"}],"wp:term":[{"taxonomy":"category","embeddable":true,"href":"https:\/\/kapitalis.com\/tunisie\/wp-json\/wp\/v2\/categories?post=2980278"},{"taxonomy":"post_tag","embeddable":true,"href":"https:\/\/kapitalis.com\/tunisie\/wp-json\/wp\/v2\/tags?post=2980278"}],"curies":[{"name":"wp","href":"https:\/\/api.w.org\/{rel}","templated":true}]}}