{"id":298031,"date":"2020-05-08T12:05:31","date_gmt":"2020-05-08T11:05:31","guid":{"rendered":"http:\/\/kapitalis.com\/tunisie\/?p=298031"},"modified":"2020-05-08T12:47:45","modified_gmt":"2020-05-08T11:47:45","slug":"football-tunisie-la-reprise-du-championnat-sera-en-aout","status":"publish","type":"post","link":"https:\/\/kapitalis.com\/tunisie\/2020\/05\/08\/football-tunisie-la-reprise-du-championnat-sera-en-aout\/","title":{"rendered":"Football &#8211; Tunisie : La reprise du championnat sera en ao\u00fbt"},"content":{"rendered":"\n<figure class=\"wp-block-image size-large\"><img decoding=\"async\" src=\"http:\/\/kapitalis.com\/tunisie\/wp-content\/uploads\/2019\/12\/Football-Ligue-1.jpg\" alt=\"\" class=\"wp-image-268028\"\/><\/figure>\n\n\n\n<p><strong><em>La F\u00e9d\u00e9ration tunisienne de football (FTF) n&rsquo;a, jusqu&rsquo;\u00e0 aujourd&rsquo;hui, pas re\u00e7u de r\u00e9ponse de la part des autorit\u00e9s nationales, concernant le plan de reprise du championnat qu&rsquo;elle leur a pr\u00e9sent\u00e9, ayant pr\u00e9vu le retour aux entra\u00eenements le 11 mai 2020, et celui de la comp\u00e9tition \u00e0 la date du 10 juin. Face \u00e0 ce silence, elle a d\u00e9cid\u00e9 de reporter cette reprise.<\/em><\/strong><\/p>\n\n\n\n<!--more-->\n\n\n\n<p>Dans un <a href=\"https:\/\/www.facebook.com\/FTF.OFFICIELLE\/posts\/3107694719261281?__xts__[0]=68.ARBYWfjv2vF2-JfujmykVFTAztLUiTez92J_xDcKSszsS8MINoRn4LhL_WF6ysqVSsmCe_czcHyNnnkwXL2PrEb1xiD2nGY_LYqiSJdHbA1gHxKgV1k04Ka1fsmqQMO5mEiWHvtCgVSkqbtaTzY_xdnQ0Y4A_IcjOcBBXGXI-C2pzv9FEukYrTcemzlIhVQKCK9bDJZTVxpONHqdAvwgXuotJTwzjhV_L8yzAh34g9DLZVlsIeLIqb-tCkd4silmekJW05dQMhXTCz992IGpmGab95x5nOeHfLCDU-lQUUOB7EC5KGqx6G7rtOABjdnbs2KnrEHNXcM-iIAqy_TBC1BQSg&amp;__tn__=-R\">communiqu\u00e9 <\/a>publi\u00e9 ce vendredi 8 mai, la FTF a annonc\u00e9 que la Ligue I sera de retour en ao\u00fbt prochain, en gardant les m\u00eames mesures de pr\u00e9caution sanitaire d\u00e9j\u00e0 annonc\u00e9es (matchs \u00e0 huis clos, disput\u00e9s dans le Grand-Tunis, mise en quarantaine des \u00e9quipes durant les 2 mois de comp\u00e9tition restants, etc.).<\/p>\n\n\n\n<p>Ce report en entra\u00eenera naturellement un autre, celui du d\u00e9but de la saison 2020-2021. Ainsi, le coup d&rsquo;envoi de celle-ci sera donn\u00e9 le 24 octobre pour la Ligue I et une semaine plus tard pour les autres divisions, indique la f\u00e9d\u00e9ration.<\/p>\n\n\n\n<p>La FTF a, d&rsquo;autre part, soulign\u00e9 que les rencontres restantes dans le cadre de la coupe de Tunisie, qui en est au stade des quarts de finale, seront programm\u00e9es selon les contraintes du calendrier global. <\/p>\n\n\n\n<p>Finalement, la f\u00e9d\u00e9ration a assur\u00e9 que, dans les circonstances de crise sanitaire actuelles, ces d\u00e9cisions d\u00e9pendront, comme les suggestions pr\u00e9c\u00e9dentes, de l&rsquo;approbation des autorit\u00e9s nationales.<\/p>\n\n\n\n<p class=\"has-text-align-right\"><strong>C. B. Y.<\/strong><\/p>\n\n\n\n<figure class=\"wp-block-embed-wordpress wp-block-embed is-type-wp-embed is-provider-kapitalis\"><div class=\"wp-block-embed__wrapper\">\n<blockquote class=\"wp-embedded-content\" data-secret=\"t8TwYdP1xF\"><a href=\"https:\/\/kapitalis.com\/tunisie\/2020\/05\/07\/football-les-mesures-proposees-par-la-ftf-pour-la-reprise-du-championnat-ne-font-pas-lunanimite\/\">Football : Les mesures propos\u00e9es par la FTF pour la reprise du championnat ne font pas l&rsquo;unanimit\u00e9<\/a><\/blockquote><iframe loading=\"lazy\" class=\"wp-embedded-content\" sandbox=\"allow-scripts\" security=\"restricted\" style=\"position: absolute; clip: rect(1px, 1px, 1px, 1px);\" title=\"\u00ab\u00a0Football : Les mesures propos\u00e9es par la FTF pour la reprise du championnat ne font pas l&rsquo;unanimit\u00e9\u00a0\u00bb &#8212; Kapitalis\" src=\"https:\/\/kapitalis.com\/tunisie\/2020\/05\/07\/football-les-mesures-proposees-par-la-ftf-pour-la-reprise-du-championnat-ne-font-pas-lunanimite\/embed\/#?secret=19PAsyiST3#?secret=t8TwYdP1xF\" data-secret=\"t8TwYdP1xF\" width=\"600\" height=\"338\" frameborder=\"0\" marginwidth=\"0\" marginheight=\"0\" scrolling=\"no\"><\/iframe>\n<\/div><\/figure>\n","protected":false},"excerpt":{"rendered":"<p>La F\u00e9d\u00e9ration tunisienne de football (FTF) n&rsquo;a, jusqu&rsquo;\u00e0 aujourd&rsquo;hui, pas re\u00e7u de r\u00e9ponse de la part des autorit\u00e9s nationales, concernant le plan de reprise du championnat qu&rsquo;elle leur a pr\u00e9sent\u00e9, ayant pr\u00e9vu le retour aux entra\u00eenements le 11 mai 2020, et celui de la comp\u00e9tition \u00e0 la date du 10 juin. Face \u00e0 ce silence,&#8230;<\/p>\n","protected":false},"author":24,"featured_media":0,"comment_status":"open","ping_status":"open","sticky":false,"template":"","format":"standard","meta":{"footnotes":""},"categories":[999,2433],"tags":[5208],"class_list":["post-298031","post","type-post","status-publish","format-standard","hentry","category-sport","category-tunisie","tag-ftf"],"yoast_head":"<!-- This site is optimized with the Yoast SEO plugin v26.6 - https:\/\/yoast.com\/wordpress\/plugins\/seo\/ -->\n<title>Football - Tunisie : La reprise du championnat sera en ao\u00fbt - Kapitalis<\/title>\n<meta name=\"robots\" content=\"index, follow, max-snippet:-1, max-image-preview:large, max-video-preview:-1\" \/>\n<link rel=\"canonical\" href=\"https:\/\/kapitalis.com\/tunisie\/2020\/05\/08\/football-tunisie-la-reprise-du-championnat-sera-en-aout\/\" \/>\n<meta property=\"og:locale\" content=\"fr_FR\" \/>\n<meta property=\"og:type\" content=\"article\" \/>\n<meta property=\"og:title\" content=\"Football - Tunisie : La reprise du championnat sera en ao\u00fbt - Kapitalis\" \/>\n<meta property=\"og:description\" content=\"La F\u00e9d\u00e9ration tunisienne de football (FTF) n&rsquo;a, jusqu&rsquo;\u00e0 aujourd&rsquo;hui, pas re\u00e7u de r\u00e9ponse de la part des autorit\u00e9s nationales, concernant le plan de reprise du championnat qu&rsquo;elle leur a pr\u00e9sent\u00e9, ayant pr\u00e9vu le retour aux entra\u00eenements le 11 mai 2020, et celui de la comp\u00e9tition \u00e0 la date du 10 juin. Face \u00e0 ce silence,...\" \/>\n<meta property=\"og:url\" content=\"https:\/\/kapitalis.com\/tunisie\/2020\/05\/08\/football-tunisie-la-reprise-du-championnat-sera-en-aout\/\" \/>\n<meta property=\"og:site_name\" content=\"Kapitalis\" \/>\n<meta property=\"article:publisher\" content=\"https:\/\/www.facebook.com\/KapitalisInfo\/\" \/>\n<meta property=\"article:published_time\" content=\"2020-05-08T11:05:31+00:00\" \/>\n<meta property=\"article:modified_time\" content=\"2020-05-08T11:47:45+00:00\" \/>\n<meta property=\"og:image\" content=\"http:\/\/kapitalis.com\/tunisie\/wp-content\/uploads\/2019\/12\/Football-Ligue-1.jpg\" \/>\n<meta name=\"author\" content=\"Cherif Benyounes\" \/>\n<meta name=\"twitter:card\" content=\"summary_large_image\" \/>\n<meta name=\"twitter:creator\" content=\"@KapitalisInfo\" \/>\n<meta name=\"twitter:site\" content=\"@KapitalisInfo\" \/>\n<meta name=\"twitter:label1\" content=\"\u00c9crit par\" \/>\n\t<meta name=\"twitter:data1\" content=\"Cherif Benyounes\" \/>\n\t<meta name=\"twitter:label2\" content=\"Dur\u00e9e de lecture estim\u00e9e\" \/>\n\t<meta name=\"twitter:data2\" content=\"1 minute\" \/>\n<script type=\"application\/ld+json\" class=\"yoast-schema-graph\">{\"@context\":\"https:\/\/schema.org\",\"@graph\":[{\"@type\":\"Article\",\"@id\":\"https:\/\/kapitalis.com\/tunisie\/2020\/05\/08\/football-tunisie-la-reprise-du-championnat-sera-en-aout\/#article\",\"isPartOf\":{\"@id\":\"https:\/\/kapitalis.com\/tunisie\/2020\/05\/08\/football-tunisie-la-reprise-du-championnat-sera-en-aout\/\"},\"author\":{\"name\":\"Cherif Benyounes\",\"@id\":\"https:\/\/kapitalis.com\/tunisie\/#\/schema\/person\/b35b8d631961131107263178aeb8019e\"},\"headline\":\"Football &#8211; Tunisie : La reprise du championnat sera en ao\u00fbt\",\"datePublished\":\"2020-05-08T11:05:31+00:00\",\"dateModified\":\"2020-05-08T11:47:45+00:00\",\"mainEntityOfPage\":{\"@id\":\"https:\/\/kapitalis.com\/tunisie\/2020\/05\/08\/football-tunisie-la-reprise-du-championnat-sera-en-aout\/\"},\"wordCount\":255,\"commentCount\":1,\"publisher\":{\"@id\":\"https:\/\/kapitalis.com\/tunisie\/#organization\"},\"image\":{\"@id\":\"https:\/\/kapitalis.com\/tunisie\/2020\/05\/08\/football-tunisie-la-reprise-du-championnat-sera-en-aout\/#primaryimage\"},\"thumbnailUrl\":\"http:\/\/kapitalis.com\/tunisie\/wp-content\/uploads\/2019\/12\/Football-Ligue-1.jpg\",\"keywords\":[\"FTF\"],\"articleSection\":[\"SPORT\",\"Tunisie\"],\"inLanguage\":\"fr-FR\",\"potentialAction\":[{\"@type\":\"CommentAction\",\"name\":\"Comment\",\"target\":[\"https:\/\/kapitalis.com\/tunisie\/2020\/05\/08\/football-tunisie-la-reprise-du-championnat-sera-en-aout\/#respond\"]}]},{\"@type\":\"WebPage\",\"@id\":\"https:\/\/kapitalis.com\/tunisie\/2020\/05\/08\/football-tunisie-la-reprise-du-championnat-sera-en-aout\/\",\"url\":\"https:\/\/kapitalis.com\/tunisie\/2020\/05\/08\/football-tunisie-la-reprise-du-championnat-sera-en-aout\/\",\"name\":\"Football - Tunisie : La reprise du championnat sera en ao\u00fbt - Kapitalis\",\"isPartOf\":{\"@id\":\"https:\/\/kapitalis.com\/tunisie\/#website\"},\"primaryImageOfPage\":{\"@id\":\"https:\/\/kapitalis.com\/tunisie\/2020\/05\/08\/football-tunisie-la-reprise-du-championnat-sera-en-aout\/#primaryimage\"},\"image\":{\"@id\":\"https:\/\/kapitalis.com\/tunisie\/2020\/05\/08\/football-tunisie-la-reprise-du-championnat-sera-en-aout\/#primaryimage\"},\"thumbnailUrl\":\"http:\/\/kapitalis.com\/tunisie\/wp-content\/uploads\/2019\/12\/Football-Ligue-1.jpg\",\"datePublished\":\"2020-05-08T11:05:31+00:00\",\"dateModified\":\"2020-05-08T11:47:45+00:00\",\"breadcrumb\":{\"@id\":\"https:\/\/kapitalis.com\/tunisie\/2020\/05\/08\/football-tunisie-la-reprise-du-championnat-sera-en-aout\/#breadcrumb\"},\"inLanguage\":\"fr-FR\",\"potentialAction\":[{\"@type\":\"ReadAction\",\"target\":[\"https:\/\/kapitalis.com\/tunisie\/2020\/05\/08\/football-tunisie-la-reprise-du-championnat-sera-en-aout\/\"]}]},{\"@type\":\"ImageObject\",\"inLanguage\":\"fr-FR\",\"@id\":\"https:\/\/kapitalis.com\/tunisie\/2020\/05\/08\/football-tunisie-la-reprise-du-championnat-sera-en-aout\/#primaryimage\",\"url\":\"\",\"contentUrl\":\"\"},{\"@type\":\"BreadcrumbList\",\"@id\":\"https:\/\/kapitalis.com\/tunisie\/2020\/05\/08\/football-tunisie-la-reprise-du-championnat-sera-en-aout\/#breadcrumb\",\"itemListElement\":[{\"@type\":\"ListItem\",\"position\":1,\"name\":\"Accueil\",\"item\":\"https:\/\/kapitalis.com\/tunisie\/\"},{\"@type\":\"ListItem\",\"position\":2,\"name\":\"Football &#8211; Tunisie : La reprise du championnat sera en ao\u00fbt\"}]},{\"@type\":\"WebSite\",\"@id\":\"https:\/\/kapitalis.com\/tunisie\/#website\",\"url\":\"https:\/\/kapitalis.com\/tunisie\/\",\"name\":\"Kapitalis\",\"description\":\"L&#039;actualit\u00e9 en Tunisie et dans le monde\",\"publisher\":{\"@id\":\"https:\/\/kapitalis.com\/tunisie\/#organization\"},\"potentialAction\":[{\"@type\":\"SearchAction\",\"target\":{\"@type\":\"EntryPoint\",\"urlTemplate\":\"https:\/\/kapitalis.com\/tunisie\/?s={search_term_string}\"},\"query-input\":{\"@type\":\"PropertyValueSpecification\",\"valueRequired\":true,\"valueName\":\"search_term_string\"}}],\"inLanguage\":\"fr-FR\"},{\"@type\":\"Organization\",\"@id\":\"https:\/\/kapitalis.com\/tunisie\/#organization\",\"name\":\"Kapitalis\",\"url\":\"https:\/\/kapitalis.com\/tunisie\/\",\"logo\":{\"@type\":\"ImageObject\",\"inLanguage\":\"fr-FR\",\"@id\":\"https:\/\/kapitalis.com\/tunisie\/#\/schema\/logo\/image\/\",\"url\":\"https:\/\/kapitalis.com\/tunisie\/wp-content\/uploads\/2022\/05\/Kapitalis-big-size.png\",\"contentUrl\":\"https:\/\/kapitalis.com\/tunisie\/wp-content\/uploads\/2022\/05\/Kapitalis-big-size.png\",\"width\":5000,\"height\":1500,\"caption\":\"Kapitalis\"},\"image\":{\"@id\":\"https:\/\/kapitalis.com\/tunisie\/#\/schema\/logo\/image\/\"},\"sameAs\":[\"https:\/\/www.facebook.com\/KapitalisInfo\/\",\"https:\/\/x.com\/KapitalisInfo\",\"https:\/\/www.youtube.com\/channel\/UC-yDYrHyfFBWWZaOw3FPg9Q\"]},{\"@type\":\"Person\",\"@id\":\"https:\/\/kapitalis.com\/tunisie\/#\/schema\/person\/b35b8d631961131107263178aeb8019e\",\"name\":\"Cherif Benyounes\",\"url\":\"https:\/\/kapitalis.com\/tunisie\/author\/cherif\/\"}]}<\/script>\n<!-- \/ Yoast SEO plugin. -->","yoast_head_json":{"title":"Football - Tunisie : La reprise du championnat sera en ao\u00fbt - Kapitalis","robots":{"index":"index","follow":"follow","max-snippet":"max-snippet:-1","max-image-preview":"max-image-preview:large","max-video-preview":"max-video-preview:-1"},"canonical":"https:\/\/kapitalis.com\/tunisie\/2020\/05\/08\/football-tunisie-la-reprise-du-championnat-sera-en-aout\/","og_locale":"fr_FR","og_type":"article","og_title":"Football - Tunisie : La reprise du championnat sera en ao\u00fbt - Kapitalis","og_description":"La F\u00e9d\u00e9ration tunisienne de football (FTF) n&rsquo;a, jusqu&rsquo;\u00e0 aujourd&rsquo;hui, pas re\u00e7u de r\u00e9ponse de la part des autorit\u00e9s nationales, concernant le plan de reprise du championnat qu&rsquo;elle leur a pr\u00e9sent\u00e9, ayant pr\u00e9vu le retour aux entra\u00eenements le 11 mai 2020, et celui de la comp\u00e9tition \u00e0 la date du 10 juin. Face \u00e0 ce silence,...","og_url":"https:\/\/kapitalis.com\/tunisie\/2020\/05\/08\/football-tunisie-la-reprise-du-championnat-sera-en-aout\/","og_site_name":"Kapitalis","article_publisher":"https:\/\/www.facebook.com\/KapitalisInfo\/","article_published_time":"2020-05-08T11:05:31+00:00","article_modified_time":"2020-05-08T11:47:45+00:00","og_image":[{"url":"http:\/\/kapitalis.com\/tunisie\/wp-content\/uploads\/2019\/12\/Football-Ligue-1.jpg","type":"","width":"","height":""}],"author":"Cherif Benyounes","twitter_card":"summary_large_image","twitter_creator":"@KapitalisInfo","twitter_site":"@KapitalisInfo","twitter_misc":{"\u00c9crit par":"Cherif Benyounes","Dur\u00e9e de lecture estim\u00e9e":"1 minute"},"schema":{"@context":"https:\/\/schema.org","@graph":[{"@type":"Article","@id":"https:\/\/kapitalis.com\/tunisie\/2020\/05\/08\/football-tunisie-la-reprise-du-championnat-sera-en-aout\/#article","isPartOf":{"@id":"https:\/\/kapitalis.com\/tunisie\/2020\/05\/08\/football-tunisie-la-reprise-du-championnat-sera-en-aout\/"},"author":{"name":"Cherif Benyounes","@id":"https:\/\/kapitalis.com\/tunisie\/#\/schema\/person\/b35b8d631961131107263178aeb8019e"},"headline":"Football &#8211; Tunisie : La reprise du championnat sera en ao\u00fbt","datePublished":"2020-05-08T11:05:31+00:00","dateModified":"2020-05-08T11:47:45+00:00","mainEntityOfPage":{"@id":"https:\/\/kapitalis.com\/tunisie\/2020\/05\/08\/football-tunisie-la-reprise-du-championnat-sera-en-aout\/"},"wordCount":255,"commentCount":1,"publisher":{"@id":"https:\/\/kapitalis.com\/tunisie\/#organization"},"image":{"@id":"https:\/\/kapitalis.com\/tunisie\/2020\/05\/08\/football-tunisie-la-reprise-du-championnat-sera-en-aout\/#primaryimage"},"thumbnailUrl":"http:\/\/kapitalis.com\/tunisie\/wp-content\/uploads\/2019\/12\/Football-Ligue-1.jpg","keywords":["FTF"],"articleSection":["SPORT","Tunisie"],"inLanguage":"fr-FR","potentialAction":[{"@type":"CommentAction","name":"Comment","target":["https:\/\/kapitalis.com\/tunisie\/2020\/05\/08\/football-tunisie-la-reprise-du-championnat-sera-en-aout\/#respond"]}]},{"@type":"WebPage","@id":"https:\/\/kapitalis.com\/tunisie\/2020\/05\/08\/football-tunisie-la-reprise-du-championnat-sera-en-aout\/","url":"https:\/\/kapitalis.com\/tunisie\/2020\/05\/08\/football-tunisie-la-reprise-du-championnat-sera-en-aout\/","name":"Football - Tunisie : La reprise du championnat sera en ao\u00fbt - Kapitalis","isPartOf":{"@id":"https:\/\/kapitalis.com\/tunisie\/#website"},"primaryImageOfPage":{"@id":"https:\/\/kapitalis.com\/tunisie\/2020\/05\/08\/football-tunisie-la-reprise-du-championnat-sera-en-aout\/#primaryimage"},"image":{"@id":"https:\/\/kapitalis.com\/tunisie\/2020\/05\/08\/football-tunisie-la-reprise-du-championnat-sera-en-aout\/#primaryimage"},"thumbnailUrl":"http:\/\/kapitalis.com\/tunisie\/wp-content\/uploads\/2019\/12\/Football-Ligue-1.jpg","datePublished":"2020-05-08T11:05:31+00:00","dateModified":"2020-05-08T11:47:45+00:00","breadcrumb":{"@id":"https:\/\/kapitalis.com\/tunisie\/2020\/05\/08\/football-tunisie-la-reprise-du-championnat-sera-en-aout\/#breadcrumb"},"inLanguage":"fr-FR","potentialAction":[{"@type":"ReadAction","target":["https:\/\/kapitalis.com\/tunisie\/2020\/05\/08\/football-tunisie-la-reprise-du-championnat-sera-en-aout\/"]}]},{"@type":"ImageObject","inLanguage":"fr-FR","@id":"https:\/\/kapitalis.com\/tunisie\/2020\/05\/08\/football-tunisie-la-reprise-du-championnat-sera-en-aout\/#primaryimage","url":"","contentUrl":""},{"@type":"BreadcrumbList","@id":"https:\/\/kapitalis.com\/tunisie\/2020\/05\/08\/football-tunisie-la-reprise-du-championnat-sera-en-aout\/#breadcrumb","itemListElement":[{"@type":"ListItem","position":1,"name":"Accueil","item":"https:\/\/kapitalis.com\/tunisie\/"},{"@type":"ListItem","position":2,"name":"Football &#8211; Tunisie : La reprise du championnat sera en ao\u00fbt"}]},{"@type":"WebSite","@id":"https:\/\/kapitalis.com\/tunisie\/#website","url":"https:\/\/kapitalis.com\/tunisie\/","name":"Kapitalis","description":"L&#039;actualit\u00e9 en Tunisie et dans le monde","publisher":{"@id":"https:\/\/kapitalis.com\/tunisie\/#organization"},"potentialAction":[{"@type":"SearchAction","target":{"@type":"EntryPoint","urlTemplate":"https:\/\/kapitalis.com\/tunisie\/?s={search_term_string}"},"query-input":{"@type":"PropertyValueSpecification","valueRequired":true,"valueName":"search_term_string"}}],"inLanguage":"fr-FR"},{"@type":"Organization","@id":"https:\/\/kapitalis.com\/tunisie\/#organization","name":"Kapitalis","url":"https:\/\/kapitalis.com\/tunisie\/","logo":{"@type":"ImageObject","inLanguage":"fr-FR","@id":"https:\/\/kapitalis.com\/tunisie\/#\/schema\/logo\/image\/","url":"https:\/\/kapitalis.com\/tunisie\/wp-content\/uploads\/2022\/05\/Kapitalis-big-size.png","contentUrl":"https:\/\/kapitalis.com\/tunisie\/wp-content\/uploads\/2022\/05\/Kapitalis-big-size.png","width":5000,"height":1500,"caption":"Kapitalis"},"image":{"@id":"https:\/\/kapitalis.com\/tunisie\/#\/schema\/logo\/image\/"},"sameAs":["https:\/\/www.facebook.com\/KapitalisInfo\/","https:\/\/x.com\/KapitalisInfo","https:\/\/www.youtube.com\/channel\/UC-yDYrHyfFBWWZaOw3FPg9Q"]},{"@type":"Person","@id":"https:\/\/kapitalis.com\/tunisie\/#\/schema\/person\/b35b8d631961131107263178aeb8019e","name":"Cherif Benyounes","url":"https:\/\/kapitalis.com\/tunisie\/author\/cherif\/"}]}},"_links":{"self":[{"href":"https:\/\/kapitalis.com\/tunisie\/wp-json\/wp\/v2\/posts\/298031","targetHints":{"allow":["GET"]}}],"collection":[{"href":"https:\/\/kapitalis.com\/tunisie\/wp-json\/wp\/v2\/posts"}],"about":[{"href":"https:\/\/kapitalis.com\/tunisie\/wp-json\/wp\/v2\/types\/post"}],"author":[{"embeddable":true,"href":"https:\/\/kapitalis.com\/tunisie\/wp-json\/wp\/v2\/users\/24"}],"replies":[{"embeddable":true,"href":"https:\/\/kapitalis.com\/tunisie\/wp-json\/wp\/v2\/comments?post=298031"}],"version-history":[{"count":0,"href":"https:\/\/kapitalis.com\/tunisie\/wp-json\/wp\/v2\/posts\/298031\/revisions"}],"wp:attachment":[{"href":"https:\/\/kapitalis.com\/tunisie\/wp-json\/wp\/v2\/media?parent=298031"}],"wp:term":[{"taxonomy":"category","embeddable":true,"href":"https:\/\/kapitalis.com\/tunisie\/wp-json\/wp\/v2\/categories?post=298031"},{"taxonomy":"post_tag","embeddable":true,"href":"https:\/\/kapitalis.com\/tunisie\/wp-json\/wp\/v2\/tags?post=298031"}],"curies":[{"name":"wp","href":"https:\/\/api.w.org\/{rel}","templated":true}]}}