{"id":298076,"date":"2020-05-08T16:47:27","date_gmt":"2020-05-08T15:47:27","guid":{"rendered":"http:\/\/kapitalis.com\/tunisie\/?p=298076"},"modified":"2020-05-08T16:47:28","modified_gmt":"2020-05-08T15:47:28","slug":"covid-19-que-peut-on-faire-pour-aider-les-tunisiens-a-letranger","status":"publish","type":"post","link":"https:\/\/kapitalis.com\/tunisie\/2020\/05\/08\/covid-19-que-peut-on-faire-pour-aider-les-tunisiens-a-letranger\/","title":{"rendered":"Covid-19 : Que peut-on faire pour aider les Tunisiens \u00e0 l\u2019\u00e9tranger ?"},"content":{"rendered":"\n<figure class=\"wp-block-image size-large\"><img decoding=\"async\" src=\"http:\/\/kapitalis.com\/tunisie\/wp-content\/uploads\/2020\/05\/ATE-Covid-19.jpg\" alt=\"\" class=\"wp-image-298077\"\/><\/figure>\n\n\n\n<p><strong><em>Nous reproduisons ci-dessous la lettre adress\u00e9e, le 30 avril 2020, au chef du gouvernement, Elyes Fakhfakh, par le Collectif des associatifs tunisiens \u00e0 l\u2019\u00e9tranger (ATE Covid-19), pour attirer son attention sur la non-concr\u00e9tisation sur le terrain des mesures prises par le gouvernement tunisien en faveur de cette population et lui faire des propositions \u00e0 ce sujet.<\/em><\/strong><\/p>\n\n\n\n<!--more-->\n\n\n\n<p>Monsieur le chef du gouvernement,<\/p>\n\n\n\n<p>Le Collectif des associatifs tunisiens \u00e0 l\u2019\u00e9tranger contre le Covid-19, regroupant des associations et des acteurs de la soci\u00e9t\u00e9 civile tunisienne en Europe, se mobilise, \u00e0 c\u00f4t\u00e9 d\u2019autres associations et collectifs pour sensibiliser, informer, orienter et aider les ressortissants tunisiens qui doivent faire face aux cons\u00e9quences de cette pand\u00e9mie.<\/p>\n\n\n\n<p>Nous menons cet effort citoyen en lien \u00e9troit avec d\u2019autres collectifs tunisiens, avec la Fondation de la Maison de Tunisie et avec certains consuls et attach\u00e9s sociaux.<\/p>\n\n\n\n<p>En d\u00e9pit des d\u00e9clarations et des promesses, nous n\u2019arrivons pas \u00e0 avoir une visibilit\u00e9 et une concr\u00e9tisation sur le terrain de l\u2019action et des mesures prises par le gouvernement tunisien.<\/p>\n\n\n\n<p>Dans une d\u00e9claration du 24 avril 2020, largement reprise par la presse nationale, le directeur de l\u2019Observatoire national de l\u2019immigration a fait \u00e9tat du d\u00e9blocage par l\u2019Office des Tunisiens \u00e0 l\u2019Etranger (OTE) de la somme de 400.000 DT destin\u00e9s \u00e0<em> \u00abl\u2019aide des personnes bloqu\u00e9es, les clandestins et les \u00e9tudiants non boursiers\u00bb<\/em>. Cette aide est venue s\u2019ajouter aux <em>\u00ab500 000 DT d\u00e9ploy\u00e9s par le minist\u00e8re des Affaires \u00e9trang\u00e8res en faveur des personnes bloqu\u00e9es \u00e0 l\u2019\u00e9tranger\u00bb.<\/em><\/p>\n\n\n\n<p>Ces sommes, en plus de leur faiblesse face aux besoins, ont peu d\u2019impact sur le terrain et il est difficile d\u2019avoir une id\u00e9e pr\u00e9cise sur leur r\u00e9partition et sur les personnes choisies pour en b\u00e9n\u00e9ficier.<\/p>\n\n\n\n<p>En tant que relais d\u2019information, nos structures ont besoin de conna\u00eetre les moyens mis \u00e0 la disposition des ambassades, consulats et attach\u00e9s sociaux pour assurer la continuit\u00e9 des services pendant la p\u00e9riode de coronavirus et pour apporter des aides d\u2019urgence aux \u00e9tudiants tunisiens sans ressources, aux sans-papiers, aux Tunisiens \u00e2g\u00e9s isol\u00e9s ou d\u00e9pendants, aux mineurs, aux m\u00e8res c\u00e9libataires dans le besoin, aux Tunisiens emprisonn\u00e9s ou en centres de r\u00e9tention et aux familles d\u00e9munies.<\/p>\n\n\n\n<p>Aujourd\u2019hui, nous observons des angoisses l\u00e9gitimes li\u00e9es aux d\u00e9c\u00e8s de ressortissants tunisiens durant cette p\u00e9riode critique. Il existe une forte attente de r\u00e9ponses claires et uniformes des autorit\u00e9s tunisiennes au sujet du rapatriement des d\u00e9pouilles, de l\u2019enterrement dans le pays de r\u00e9sidence, des dur\u00e9es de concession dans les cimeti\u00e8res et des co\u00fbts correspondants, de la prise en charge financi\u00e8re et des aides multiformes aux familles.<\/p>\n\n\n\n<p>Monsieur le chef du gouvernement,<\/p>\n\n\n\n<p>En vous adressant cette lettre nous sommes conscients de la difficult\u00e9 de votre mission et de la gravit\u00e9 de la crise \u00e0 laquelle sont confront\u00e9s votre gouvernement et notre pays.<\/p>\n\n\n\n<p>Notre objectif est de vous informer et vous alerter, ainsi que les ministres concern\u00e9s par les Tunisiens \u00e0 l\u2019\u00e9tranger, du ressenti et des difficult\u00e9s et attentes des Tunisiens vivant \u00e0 l\u2019\u00e9tranger.<\/p>\n\n\n\n<p>C\u2019est aussi pour vous demander de prendre les d\u00e9cisions qui s\u2019imposent, dissiper le flou et concr\u00e9tiser l\u2019aide promise par l\u2019Etat tunisien aux ressortissants tunisiens \u00e0 l\u2019\u00e9tranger.<\/p>\n\n\n\n<p>Dans l\u2019attente d\u2019une refonte globale et concert\u00e9e de la politique relative aux Tunisiens \u00e0 l\u2019\u00e9tranger, nous vous adressons des propositions dont la mise en pratique rapide repr\u00e9sentera un d\u00e9but de changement et une r\u00e9ponse concr\u00e8te aux attentes des citoyens et la soci\u00e9t\u00e9 civile tunisienne \u00e0 l\u2019\u00e9tranger:<br>&#8211; mettre fin \u00e0 la vacance \u00e0 l\u2019ambassade de Tunisie en France et au consulat g\u00e9n\u00e9ral \u00e0 Paris en nommant des fonctionnaires titulaires \u00e0 ces postes strat\u00e9giques dans un pays o\u00f9 vit plus de la moiti\u00e9 de la communaut\u00e9 tunisienne \u00e0 l\u2019\u00e9tranger;<br>&#8211; d\u00e9signer un r\u00e9f\u00e9rent dans les consulats qui aura pour mission de faciliter et d\u00e9velopper la concertation, l\u2019\u00e9change et la collaboration entre les repr\u00e9sentations diplomatiques et consulaires et la soci\u00e9t\u00e9 civile tunisienne \u00e0 l\u2019\u00e9tranger;<br>&#8211; communiquer en toute transparence la r\u00e9partition et l\u2019affectation des sommes allou\u00e9es \u00e0 chaque consulat;<br>&#8211; mettre en place une application r\u00e9capitulative des actions propos\u00e9es, des aides octroy\u00e9es, des conditions \u00e0 remplir pour en b\u00e9n\u00e9ficier et \u00e9tablir une liste des b\u00e9n\u00e9ficiaires pour plus de transparence et pour \u00e9viter tout client\u00e9lisme ou tentative de corruption;<br>&#8211; mettre \u00e0 la disposition du public, \u00e0 travers les sites des consulats, des informations r\u00e9guli\u00e8rement actualis\u00e9es sur les d\u00e9c\u00e8s d\u00e9clar\u00e9s aux autorit\u00e9s tunisiennes en relation avec le Covid-19 et ceux sans rapport avec cette \u00e9pid\u00e9mie;<br>&#8211; pr\u00e9ciser les conditions de rapatriement des personnes non-r\u00e9sidentes, g\u00e9n\u00e9raliser cette op\u00e9ration \u00e0 l\u2019ensemble des pays, surtout \u00e0 l\u2019Italie dont les besoins restent largement insatisfaits, encadrer les prix de cette op\u00e9ration d\u2019assistance et de solidarit\u00e9 et d\u00e9finir les modalit\u00e9s de prise en charge partielle ou totale des pouvoirs publics tunisiens pour les personnes qui n\u2019ont pas les moyens de payer leur rapatriement;<br>&#8211; faciliter l\u2019acc\u00e8s et la mise \u00e0 disposition des espaces appartenant \u00e0 l\u2019Etat tunisien : maisons du tunisien, espaces et centres socioculturels, etc.<\/p>\n\n\n\n<p>Monsieur le chef du gouvernement,<\/p>\n\n\n\n<p>Nous esp\u00e9rons un accueil favorable \u00e0 notre d\u00e9marche et des r\u00e9ponses rapides et concr\u00e8tes \u00e0 nos interrogations et nos propositions.<\/p>\n\n\n\n<p>Nous restons \u00e0 votre disposition et \u00e0 la disposition des repr\u00e9sentants de l\u2019Etat tunisien pour approfondir les \u00e9changes sur les probl\u00e9matiques qui concernent notre pays et les Tunisiens vivant \u00e0 l\u2019\u00e9tranger.<\/p>\n\n\n\n<p>Dans l\u2019attente nous vous adressons nos sinc\u00e8res salutations et tous nos v\u0153ux pour la r\u00e9ussite de votre mission et pour une Tunisie plus \u00e9panouie et plus solidaire.<\/p>\n\n\n\n<p class=\"has-text-align-right\"><strong><em>Le Collectif des Associatifs tunisiens \u00e0 l\u2019\u00e9tranger contre le Covid-19<\/em><\/strong><\/p>\n\n\n\n<h3 class=\"wp-block-heading\">Membres du Collectif ATE.Covid-19 :<\/h3>\n\n\n\n<p><strong>Belgique<\/strong>:<br>CVDT : Comit\u00e9 de Vigilance pour la D\u00e9mocratie en Tunisie<br>Collectif \u201c \u0637\u0645\u0646\u064a \u0639\u0644\u064a\u0643 \u0628\u0644\u062c\u064a\u0643\u0627 \u201d<\/p>\n\n\n\n<p><strong>Suisse<\/strong>:<br>ATTS : Association des Tunisiennes et Tunisiens en Suisse<br>Pont de Gen\u00e8ve<\/p>\n\n\n\n<p><strong>Italie<\/strong>:<br>CITI : ComitatoDegliImmigratiTunisini In Italia \u2013 Milan<br>France<\/p>\n\n\n\n<p><strong>Grenoble<\/strong> (Auvergne-Rh\u00f4ne-Alpes):<br>oATI-CDR : Association des Tunisiens de l\u2019Is\u00e8re Citoyens des deux rives<br>oSTF : Solidarit\u00e9 des tunisiens en France<br>oATS : Association des tunisiens de Saint Martin d\u2019H\u00e8res<\/p>\n\n\n\n<p><strong>Annecy<\/strong> (Auvergne-Rh\u00f4ne-Alpes):<br>oATF-Haute Savoie<\/p>\n\n\n\n<p><strong>Metz<\/strong> (Grand Est):<br>oAssociation Aigle de Carthage <\/p>\n\n\n\n<p><strong>Lille<\/strong> (Hauts de France) :<br>oATNF : Association des Tunisiens du Nord de la France<\/p>\n\n\n\n<p><strong>Bordeaux<\/strong> (Nouvelle Aquitaine) :<br>oATF Aquitaine <\/p>\n\n\n\n<p><strong>N\u00eemes<\/strong> (Occitanie):<br>UCDR : Union des Citoyens des Deux Rives<\/p>\n\n\n\n<p><strong>Marseille<\/strong> (PACA):<br>oCAP MED : Citoyens pour des Actions Plurielles en M\u00e9diterran\u00e9e<\/p>\n\n\n\n<p><strong>Toulon<\/strong> (PACA):<br>oIDEAL : association pour l&rsquo;Insertion, par le D\u00e9veloppement, de l&rsquo;Education, de l&rsquo;Animation et des Loisirs<\/p>\n\n\n\n<p><strong>Angers<\/strong> (Pays de la Loire) :<br>oATML : Association des Tunisiens du Maine-et-Loire<\/p>\n\n\n\n<p><strong>Le Mans<\/strong> (Pays de la Loire):<br>oUTS : Union des Tunisiens de la Sarthe<br>oYoungaSoldaire<\/p>\n\n\n\n<p><strong>Nantes<\/strong> (Pays de la Loire):<br>oImagecom<\/p>\n\n\n\n<p><strong>Ile de France<\/strong>: <br>oACDR : Arts et Cultures des deux Rives<br>oACEM : Arts et Cultures Engag\u00e9s du Monde<br>oADTF : Association D\u00e9mocratique des Tunisiens en France<br>oAssociation Zembra<br>oATF National<br>oAIDDA : Association Interculturelle de production, de Diffusion et de Documentation Audiovisuelles<br>oC2R : Citoyennes des 2 Rives<br>oCFM : Collectif Femmes M\u00e9diterran\u00e9ennes<br>oCFT : Collectif des Femmes Tunisiennes<br>oCollectif 3C : Collectif Culture, Cr\u00e9ation et Citoyennet\u00e9<br>oCRLDHT : Comit\u00e9 pour le Respect des Libert\u00e9s et des Droits de l\u2019Homme en Tunisie<br>oFTCR : F\u00e9d\u00e9ration des Tunisiens pour une Citoyennet\u00e9 des deux Rives<br>oMCTF : Mouvement Citoyen des Tunisiens en France<br>oREMCC : R\u00e9seau Euro-Maghr\u00e9bin Citoyennet\u00e9 et Culture<br>oTCS : Tunisie Culture et Solidarit\u00e9<br>oUTAC : Union des Tunisiens pour l&rsquo;Action Citoyenne<br>oUTIT : Union des Travailleurs Immigr\u00e9s Tunisiens<\/p>\n","protected":false},"excerpt":{"rendered":"<p>Nous reproduisons ci-dessous la lettre adress\u00e9e, le 30 avril 2020, au chef du gouvernement, Elyes Fakhfakh, par le Collectif des associatifs tunisiens \u00e0 l\u2019\u00e9tranger (ATE Covid-19), pour attirer son attention sur la non-concr\u00e9tisation sur le terrain des mesures prises par le gouvernement tunisien en faveur de cette population et lui faire des propositions \u00e0 ce&#8230;<\/p>\n","protected":false},"author":8,"featured_media":298077,"comment_status":"open","ping_status":"open","sticky":false,"template":"","format":"standard","meta":{"footnotes":""},"categories":[998,2433],"tags":[78618,78617,73109,78619],"class_list":["post-298076","post","type-post","status-publish","format-standard","has-post-thumbnail","hentry","category-societe","category-tunisie","tag-ate-covid-19","tag-collectif-des-associatifs-tunisiens-a-letranger","tag-elyes-fakhfakh-2","tag-fondation-de-la-maison-de-tunisie"],"yoast_head":"<!-- This site is optimized with the Yoast SEO plugin v26.6 - https:\/\/yoast.com\/wordpress\/plugins\/seo\/ -->\n<title>Covid-19 : Que peut-on faire pour aider les Tunisiens \u00e0 l\u2019\u00e9tranger ? - Kapitalis<\/title>\n<meta name=\"robots\" content=\"index, follow, max-snippet:-1, max-image-preview:large, max-video-preview:-1\" \/>\n<link rel=\"canonical\" href=\"https:\/\/kapitalis.com\/tunisie\/2020\/05\/08\/covid-19-que-peut-on-faire-pour-aider-les-tunisiens-a-letranger\/\" \/>\n<meta property=\"og:locale\" content=\"fr_FR\" \/>\n<meta property=\"og:type\" content=\"article\" \/>\n<meta property=\"og:title\" content=\"Covid-19 : Que peut-on faire pour aider les Tunisiens \u00e0 l\u2019\u00e9tranger ? - Kapitalis\" \/>\n<meta property=\"og:description\" content=\"Nous reproduisons ci-dessous la lettre adress\u00e9e, le 30 avril 2020, au chef du gouvernement, Elyes Fakhfakh, par le Collectif des associatifs tunisiens \u00e0 l\u2019\u00e9tranger (ATE Covid-19), pour attirer son attention sur la non-concr\u00e9tisation sur le terrain des mesures prises par le gouvernement tunisien en faveur de cette population et lui faire des propositions \u00e0 ce...\" \/>\n<meta property=\"og:url\" content=\"https:\/\/kapitalis.com\/tunisie\/2020\/05\/08\/covid-19-que-peut-on-faire-pour-aider-les-tunisiens-a-letranger\/\" \/>\n<meta property=\"og:site_name\" content=\"Kapitalis\" \/>\n<meta property=\"article:publisher\" content=\"https:\/\/www.facebook.com\/KapitalisInfo\/\" \/>\n<meta property=\"article:published_time\" content=\"2020-05-08T15:47:27+00:00\" \/>\n<meta property=\"article:modified_time\" content=\"2020-05-08T15:47:28+00:00\" \/>\n<meta property=\"og:image\" content=\"https:\/\/kapitalis.com\/tunisie\/wp-content\/uploads\/2022\/05\/kapitalis-logo-fb.png\" \/>\n\t<meta property=\"og:image:width\" content=\"1200\" \/>\n\t<meta property=\"og:image:height\" content=\"630\" \/>\n\t<meta property=\"og:image:type\" content=\"image\/png\" \/>\n<meta name=\"author\" content=\"webmaster kapitalis\" \/>\n<meta name=\"twitter:card\" content=\"summary_large_image\" \/>\n<meta name=\"twitter:creator\" content=\"@KapitalisInfo\" \/>\n<meta name=\"twitter:site\" content=\"@KapitalisInfo\" \/>\n<meta name=\"twitter:label1\" content=\"\u00c9crit par\" \/>\n\t<meta name=\"twitter:data1\" content=\"webmaster kapitalis\" \/>\n\t<meta name=\"twitter:label2\" content=\"Dur\u00e9e de lecture estim\u00e9e\" \/>\n\t<meta name=\"twitter:data2\" content=\"6 minutes\" \/>\n<script type=\"application\/ld+json\" class=\"yoast-schema-graph\">{\"@context\":\"https:\/\/schema.org\",\"@graph\":[{\"@type\":\"Article\",\"@id\":\"https:\/\/kapitalis.com\/tunisie\/2020\/05\/08\/covid-19-que-peut-on-faire-pour-aider-les-tunisiens-a-letranger\/#article\",\"isPartOf\":{\"@id\":\"https:\/\/kapitalis.com\/tunisie\/2020\/05\/08\/covid-19-que-peut-on-faire-pour-aider-les-tunisiens-a-letranger\/\"},\"author\":{\"name\":\"webmaster kapitalis\",\"@id\":\"https:\/\/kapitalis.com\/tunisie\/#\/schema\/person\/d71f33a9ca44f7bad4698210b480c8e9\"},\"headline\":\"Covid-19 : Que peut-on faire pour aider les Tunisiens \u00e0 l\u2019\u00e9tranger ?\",\"datePublished\":\"2020-05-08T15:47:27+00:00\",\"dateModified\":\"2020-05-08T15:47:28+00:00\",\"mainEntityOfPage\":{\"@id\":\"https:\/\/kapitalis.com\/tunisie\/2020\/05\/08\/covid-19-que-peut-on-faire-pour-aider-les-tunisiens-a-letranger\/\"},\"wordCount\":1289,\"commentCount\":1,\"publisher\":{\"@id\":\"https:\/\/kapitalis.com\/tunisie\/#organization\"},\"image\":{\"@id\":\"https:\/\/kapitalis.com\/tunisie\/2020\/05\/08\/covid-19-que-peut-on-faire-pour-aider-les-tunisiens-a-letranger\/#primaryimage\"},\"thumbnailUrl\":\"\",\"keywords\":[\"ATE Covid-19\",\"Collectif des associatifs tunisiens \u00e0 l\u2019\u00e9tranger\",\"Elyes Fakhfakh\",\"Fondation de la Maison de Tunisie\"],\"articleSection\":[\"SOCIETE\",\"Tunisie\"],\"inLanguage\":\"fr-FR\",\"potentialAction\":[{\"@type\":\"CommentAction\",\"name\":\"Comment\",\"target\":[\"https:\/\/kapitalis.com\/tunisie\/2020\/05\/08\/covid-19-que-peut-on-faire-pour-aider-les-tunisiens-a-letranger\/#respond\"]}]},{\"@type\":\"WebPage\",\"@id\":\"https:\/\/kapitalis.com\/tunisie\/2020\/05\/08\/covid-19-que-peut-on-faire-pour-aider-les-tunisiens-a-letranger\/\",\"url\":\"https:\/\/kapitalis.com\/tunisie\/2020\/05\/08\/covid-19-que-peut-on-faire-pour-aider-les-tunisiens-a-letranger\/\",\"name\":\"Covid-19 : Que peut-on faire pour aider les Tunisiens \u00e0 l\u2019\u00e9tranger ? - Kapitalis\",\"isPartOf\":{\"@id\":\"https:\/\/kapitalis.com\/tunisie\/#website\"},\"primaryImageOfPage\":{\"@id\":\"https:\/\/kapitalis.com\/tunisie\/2020\/05\/08\/covid-19-que-peut-on-faire-pour-aider-les-tunisiens-a-letranger\/#primaryimage\"},\"image\":{\"@id\":\"https:\/\/kapitalis.com\/tunisie\/2020\/05\/08\/covid-19-que-peut-on-faire-pour-aider-les-tunisiens-a-letranger\/#primaryimage\"},\"thumbnailUrl\":\"\",\"datePublished\":\"2020-05-08T15:47:27+00:00\",\"dateModified\":\"2020-05-08T15:47:28+00:00\",\"breadcrumb\":{\"@id\":\"https:\/\/kapitalis.com\/tunisie\/2020\/05\/08\/covid-19-que-peut-on-faire-pour-aider-les-tunisiens-a-letranger\/#breadcrumb\"},\"inLanguage\":\"fr-FR\",\"potentialAction\":[{\"@type\":\"ReadAction\",\"target\":[\"https:\/\/kapitalis.com\/tunisie\/2020\/05\/08\/covid-19-que-peut-on-faire-pour-aider-les-tunisiens-a-letranger\/\"]}]},{\"@type\":\"ImageObject\",\"inLanguage\":\"fr-FR\",\"@id\":\"https:\/\/kapitalis.com\/tunisie\/2020\/05\/08\/covid-19-que-peut-on-faire-pour-aider-les-tunisiens-a-letranger\/#primaryimage\",\"url\":\"\",\"contentUrl\":\"\"},{\"@type\":\"BreadcrumbList\",\"@id\":\"https:\/\/kapitalis.com\/tunisie\/2020\/05\/08\/covid-19-que-peut-on-faire-pour-aider-les-tunisiens-a-letranger\/#breadcrumb\",\"itemListElement\":[{\"@type\":\"ListItem\",\"position\":1,\"name\":\"Accueil\",\"item\":\"https:\/\/kapitalis.com\/tunisie\/\"},{\"@type\":\"ListItem\",\"position\":2,\"name\":\"Covid-19 : Que peut-on faire pour aider les Tunisiens \u00e0 l\u2019\u00e9tranger ?\"}]},{\"@type\":\"WebSite\",\"@id\":\"https:\/\/kapitalis.com\/tunisie\/#website\",\"url\":\"https:\/\/kapitalis.com\/tunisie\/\",\"name\":\"Kapitalis\",\"description\":\"L&#039;actualit\u00e9 en Tunisie et dans le monde\",\"publisher\":{\"@id\":\"https:\/\/kapitalis.com\/tunisie\/#organization\"},\"potentialAction\":[{\"@type\":\"SearchAction\",\"target\":{\"@type\":\"EntryPoint\",\"urlTemplate\":\"https:\/\/kapitalis.com\/tunisie\/?s={search_term_string}\"},\"query-input\":{\"@type\":\"PropertyValueSpecification\",\"valueRequired\":true,\"valueName\":\"search_term_string\"}}],\"inLanguage\":\"fr-FR\"},{\"@type\":\"Organization\",\"@id\":\"https:\/\/kapitalis.com\/tunisie\/#organization\",\"name\":\"Kapitalis\",\"url\":\"https:\/\/kapitalis.com\/tunisie\/\",\"logo\":{\"@type\":\"ImageObject\",\"inLanguage\":\"fr-FR\",\"@id\":\"https:\/\/kapitalis.com\/tunisie\/#\/schema\/logo\/image\/\",\"url\":\"https:\/\/kapitalis.com\/tunisie\/wp-content\/uploads\/2022\/05\/Kapitalis-big-size.png\",\"contentUrl\":\"https:\/\/kapitalis.com\/tunisie\/wp-content\/uploads\/2022\/05\/Kapitalis-big-size.png\",\"width\":5000,\"height\":1500,\"caption\":\"Kapitalis\"},\"image\":{\"@id\":\"https:\/\/kapitalis.com\/tunisie\/#\/schema\/logo\/image\/\"},\"sameAs\":[\"https:\/\/www.facebook.com\/KapitalisInfo\/\",\"https:\/\/x.com\/KapitalisInfo\",\"https:\/\/www.youtube.com\/channel\/UC-yDYrHyfFBWWZaOw3FPg9Q\"]},{\"@type\":\"Person\",\"@id\":\"https:\/\/kapitalis.com\/tunisie\/#\/schema\/person\/d71f33a9ca44f7bad4698210b480c8e9\",\"name\":\"webmaster kapitalis\",\"url\":\"https:\/\/kapitalis.com\/tunisie\/author\/webmaster-kapitalis\/\"}]}<\/script>\n<!-- \/ Yoast SEO plugin. -->","yoast_head_json":{"title":"Covid-19 : Que peut-on faire pour aider les Tunisiens \u00e0 l\u2019\u00e9tranger ? - Kapitalis","robots":{"index":"index","follow":"follow","max-snippet":"max-snippet:-1","max-image-preview":"max-image-preview:large","max-video-preview":"max-video-preview:-1"},"canonical":"https:\/\/kapitalis.com\/tunisie\/2020\/05\/08\/covid-19-que-peut-on-faire-pour-aider-les-tunisiens-a-letranger\/","og_locale":"fr_FR","og_type":"article","og_title":"Covid-19 : Que peut-on faire pour aider les Tunisiens \u00e0 l\u2019\u00e9tranger ? - Kapitalis","og_description":"Nous reproduisons ci-dessous la lettre adress\u00e9e, le 30 avril 2020, au chef du gouvernement, Elyes Fakhfakh, par le Collectif des associatifs tunisiens \u00e0 l\u2019\u00e9tranger (ATE Covid-19), pour attirer son attention sur la non-concr\u00e9tisation sur le terrain des mesures prises par le gouvernement tunisien en faveur de cette population et lui faire des propositions \u00e0 ce...","og_url":"https:\/\/kapitalis.com\/tunisie\/2020\/05\/08\/covid-19-que-peut-on-faire-pour-aider-les-tunisiens-a-letranger\/","og_site_name":"Kapitalis","article_publisher":"https:\/\/www.facebook.com\/KapitalisInfo\/","article_published_time":"2020-05-08T15:47:27+00:00","article_modified_time":"2020-05-08T15:47:28+00:00","og_image":[{"width":1200,"height":630,"url":"https:\/\/kapitalis.com\/tunisie\/wp-content\/uploads\/2022\/05\/kapitalis-logo-fb.png","type":"image\/png"}],"author":"webmaster kapitalis","twitter_card":"summary_large_image","twitter_creator":"@KapitalisInfo","twitter_site":"@KapitalisInfo","twitter_misc":{"\u00c9crit par":"webmaster kapitalis","Dur\u00e9e de lecture estim\u00e9e":"6 minutes"},"schema":{"@context":"https:\/\/schema.org","@graph":[{"@type":"Article","@id":"https:\/\/kapitalis.com\/tunisie\/2020\/05\/08\/covid-19-que-peut-on-faire-pour-aider-les-tunisiens-a-letranger\/#article","isPartOf":{"@id":"https:\/\/kapitalis.com\/tunisie\/2020\/05\/08\/covid-19-que-peut-on-faire-pour-aider-les-tunisiens-a-letranger\/"},"author":{"name":"webmaster kapitalis","@id":"https:\/\/kapitalis.com\/tunisie\/#\/schema\/person\/d71f33a9ca44f7bad4698210b480c8e9"},"headline":"Covid-19 : Que peut-on faire pour aider les Tunisiens \u00e0 l\u2019\u00e9tranger ?","datePublished":"2020-05-08T15:47:27+00:00","dateModified":"2020-05-08T15:47:28+00:00","mainEntityOfPage":{"@id":"https:\/\/kapitalis.com\/tunisie\/2020\/05\/08\/covid-19-que-peut-on-faire-pour-aider-les-tunisiens-a-letranger\/"},"wordCount":1289,"commentCount":1,"publisher":{"@id":"https:\/\/kapitalis.com\/tunisie\/#organization"},"image":{"@id":"https:\/\/kapitalis.com\/tunisie\/2020\/05\/08\/covid-19-que-peut-on-faire-pour-aider-les-tunisiens-a-letranger\/#primaryimage"},"thumbnailUrl":"","keywords":["ATE Covid-19","Collectif des associatifs tunisiens \u00e0 l\u2019\u00e9tranger","Elyes Fakhfakh","Fondation de la Maison de Tunisie"],"articleSection":["SOCIETE","Tunisie"],"inLanguage":"fr-FR","potentialAction":[{"@type":"CommentAction","name":"Comment","target":["https:\/\/kapitalis.com\/tunisie\/2020\/05\/08\/covid-19-que-peut-on-faire-pour-aider-les-tunisiens-a-letranger\/#respond"]}]},{"@type":"WebPage","@id":"https:\/\/kapitalis.com\/tunisie\/2020\/05\/08\/covid-19-que-peut-on-faire-pour-aider-les-tunisiens-a-letranger\/","url":"https:\/\/kapitalis.com\/tunisie\/2020\/05\/08\/covid-19-que-peut-on-faire-pour-aider-les-tunisiens-a-letranger\/","name":"Covid-19 : Que peut-on faire pour aider les Tunisiens \u00e0 l\u2019\u00e9tranger ? - Kapitalis","isPartOf":{"@id":"https:\/\/kapitalis.com\/tunisie\/#website"},"primaryImageOfPage":{"@id":"https:\/\/kapitalis.com\/tunisie\/2020\/05\/08\/covid-19-que-peut-on-faire-pour-aider-les-tunisiens-a-letranger\/#primaryimage"},"image":{"@id":"https:\/\/kapitalis.com\/tunisie\/2020\/05\/08\/covid-19-que-peut-on-faire-pour-aider-les-tunisiens-a-letranger\/#primaryimage"},"thumbnailUrl":"","datePublished":"2020-05-08T15:47:27+00:00","dateModified":"2020-05-08T15:47:28+00:00","breadcrumb":{"@id":"https:\/\/kapitalis.com\/tunisie\/2020\/05\/08\/covid-19-que-peut-on-faire-pour-aider-les-tunisiens-a-letranger\/#breadcrumb"},"inLanguage":"fr-FR","potentialAction":[{"@type":"ReadAction","target":["https:\/\/kapitalis.com\/tunisie\/2020\/05\/08\/covid-19-que-peut-on-faire-pour-aider-les-tunisiens-a-letranger\/"]}]},{"@type":"ImageObject","inLanguage":"fr-FR","@id":"https:\/\/kapitalis.com\/tunisie\/2020\/05\/08\/covid-19-que-peut-on-faire-pour-aider-les-tunisiens-a-letranger\/#primaryimage","url":"","contentUrl":""},{"@type":"BreadcrumbList","@id":"https:\/\/kapitalis.com\/tunisie\/2020\/05\/08\/covid-19-que-peut-on-faire-pour-aider-les-tunisiens-a-letranger\/#breadcrumb","itemListElement":[{"@type":"ListItem","position":1,"name":"Accueil","item":"https:\/\/kapitalis.com\/tunisie\/"},{"@type":"ListItem","position":2,"name":"Covid-19 : Que peut-on faire pour aider les Tunisiens \u00e0 l\u2019\u00e9tranger ?"}]},{"@type":"WebSite","@id":"https:\/\/kapitalis.com\/tunisie\/#website","url":"https:\/\/kapitalis.com\/tunisie\/","name":"Kapitalis","description":"L&#039;actualit\u00e9 en Tunisie et dans le monde","publisher":{"@id":"https:\/\/kapitalis.com\/tunisie\/#organization"},"potentialAction":[{"@type":"SearchAction","target":{"@type":"EntryPoint","urlTemplate":"https:\/\/kapitalis.com\/tunisie\/?s={search_term_string}"},"query-input":{"@type":"PropertyValueSpecification","valueRequired":true,"valueName":"search_term_string"}}],"inLanguage":"fr-FR"},{"@type":"Organization","@id":"https:\/\/kapitalis.com\/tunisie\/#organization","name":"Kapitalis","url":"https:\/\/kapitalis.com\/tunisie\/","logo":{"@type":"ImageObject","inLanguage":"fr-FR","@id":"https:\/\/kapitalis.com\/tunisie\/#\/schema\/logo\/image\/","url":"https:\/\/kapitalis.com\/tunisie\/wp-content\/uploads\/2022\/05\/Kapitalis-big-size.png","contentUrl":"https:\/\/kapitalis.com\/tunisie\/wp-content\/uploads\/2022\/05\/Kapitalis-big-size.png","width":5000,"height":1500,"caption":"Kapitalis"},"image":{"@id":"https:\/\/kapitalis.com\/tunisie\/#\/schema\/logo\/image\/"},"sameAs":["https:\/\/www.facebook.com\/KapitalisInfo\/","https:\/\/x.com\/KapitalisInfo","https:\/\/www.youtube.com\/channel\/UC-yDYrHyfFBWWZaOw3FPg9Q"]},{"@type":"Person","@id":"https:\/\/kapitalis.com\/tunisie\/#\/schema\/person\/d71f33a9ca44f7bad4698210b480c8e9","name":"webmaster kapitalis","url":"https:\/\/kapitalis.com\/tunisie\/author\/webmaster-kapitalis\/"}]}},"_links":{"self":[{"href":"https:\/\/kapitalis.com\/tunisie\/wp-json\/wp\/v2\/posts\/298076","targetHints":{"allow":["GET"]}}],"collection":[{"href":"https:\/\/kapitalis.com\/tunisie\/wp-json\/wp\/v2\/posts"}],"about":[{"href":"https:\/\/kapitalis.com\/tunisie\/wp-json\/wp\/v2\/types\/post"}],"author":[{"embeddable":true,"href":"https:\/\/kapitalis.com\/tunisie\/wp-json\/wp\/v2\/users\/8"}],"replies":[{"embeddable":true,"href":"https:\/\/kapitalis.com\/tunisie\/wp-json\/wp\/v2\/comments?post=298076"}],"version-history":[{"count":0,"href":"https:\/\/kapitalis.com\/tunisie\/wp-json\/wp\/v2\/posts\/298076\/revisions"}],"wp:featuredmedia":[{"embeddable":true,"href":"https:\/\/kapitalis.com\/tunisie\/wp-json\/wp\/v2\/media\/298077"}],"wp:attachment":[{"href":"https:\/\/kapitalis.com\/tunisie\/wp-json\/wp\/v2\/media?parent=298076"}],"wp:term":[{"taxonomy":"category","embeddable":true,"href":"https:\/\/kapitalis.com\/tunisie\/wp-json\/wp\/v2\/categories?post=298076"},{"taxonomy":"post_tag","embeddable":true,"href":"https:\/\/kapitalis.com\/tunisie\/wp-json\/wp\/v2\/tags?post=298076"}],"curies":[{"name":"wp","href":"https:\/\/api.w.org\/{rel}","templated":true}]}}