{"id":298288,"date":"2020-05-10T08:32:36","date_gmt":"2020-05-10T07:32:36","guid":{"rendered":"http:\/\/kapitalis.com\/tunisie\/?p=298288"},"modified":"2020-05-10T08:32:37","modified_gmt":"2020-05-10T07:32:37","slug":"le-poeme-du-dimanche-chant-de-moi-meme-de-walt-whitman","status":"publish","type":"post","link":"https:\/\/kapitalis.com\/tunisie\/2020\/05\/10\/le-poeme-du-dimanche-chant-de-moi-meme-de-walt-whitman\/","title":{"rendered":"Le po\u00e8me du dimanche: \u2018\u2018Chant de moi-m\u00eame\u2019\u2019 de Walt Whitman"},"content":{"rendered":"\n<figure class=\"wp-block-image size-large\"><img decoding=\"async\" src=\"http:\/\/kapitalis.com\/tunisie\/wp-content\/uploads\/2020\/05\/Walt-Whitman.jpg\" alt=\"\" class=\"wp-image-298289\"\/><\/figure>\n\n\n\n<p><strong><em>Walter Whitman, plus connu sous le nom de Walt Whitman, n\u00e9 le 31 mai 1819 New York et d\u00e9c\u00e9d\u00e9 le 26 mars 1892 \u00e0 Camden, fut un grand po\u00e8te am\u00e9ricain. Il exercera une influence importante sur des po\u00e8tes europ\u00e9ens, sud-am\u00e9ricains mais aussi russes. Le pr\u00e9sent po\u00e8me fut traduit par Andr\u00e9 Gide.<\/em><\/strong><\/p>\n\n\n\n<!--more-->\n\n\n\n<p>Issu d\u2019un milieu modeste, sa famille doit d\u00e9m\u00e9nager \u00e0 Brooklyn lorsque son p\u00e8re perd la ferme qu\u2019il poss\u00e9dait. \u00c0 l\u2019\u00e2ge de 11 ans, Walt Whitman quitte l\u2019\u00e9cole pour travailler dans une imprimerie. Il poursuit seul son apprentissage des lettres, notamment \u00e0 travers la lecture des \u0153uvres classiques. Passionn\u00e9 de litt\u00e9rature, \u00e0 17 ans, il d\u00e9cide de devenir instituteur, puis il se tourne vers le journalisme. Au cours des ann\u00e9es qui suivent, il travaille pour plusieurs journaux, et fonde ses propres revues. \u00c0 travers ses articles, il d\u00e9nonce notamment l\u2019esclavage.<\/p>\n\n\n\n<p>En parall\u00e8le, il commence \u00e0 composer des po\u00e8mes. En 1855, Walt Whitman auto-publie son premier recueil, <em>\u2018\u2018Leaves of grass\u2019\u2019.<\/em> L\u2019ouvrage frappe par son style innovant, qui s\u2019\u00e9carte des conventions po\u00e9tiques en vogue. Il rencontre cependant un succ\u00e8s mitig\u00e9.<\/p>\n\n\n\n<p>Avec la guerre civile, Walt Whitman rencontre de nouvelles difficult\u00e9s financi\u00e8res. En 1862, il d\u00e9m\u00e9nage \u00e0 Washington, o\u00f9 son fr\u00e8re, bless\u00e9, est hospitalis\u00e9. Commence alors une p\u00e9riode \u00e9puisante et productive. Walt Whitman partage son temps entre un travail alimentaire, l\u2019\u00e9criture, et les visites \u00e0 l\u2019h\u00f4pital aupr\u00e8s des bless\u00e9s de guerre. C\u2019est au cours d\u2019une de ces visites qu\u2019il rencontre Peter Doyle, qui deviendra son compagnon.<\/p>\n\n\n\n<p>Whitman publie un second recueil, <em>\u2018\u2018Drum-taps\u2019\u2019<\/em>, consacr\u00e9 \u00e0 la guerre. En 1873, une crise cardiaque le laisse tr\u00e8s affaibli et partiellement paralys\u00e9. Il publie une nouvelle version de<em> \u2018\u2018Leaves of grass\u2019\u2019<\/em>, retravaill\u00e9e et enrichie, qui rencontre le succ\u00e8s, lui permettant de vivre plus confortablement. Il devient un po\u00e8te reconnu et continue \u00e0 travailler sur son recueil,<em> \u2018\u2018Leaves of grass\u2019\u2019<\/em> qui, lors des derni\u00e8res ann\u00e9es, comptait plus de 300 po\u00e8mes. Malheureusement, sa sant\u00e9 continue \u00e0 se d\u00e9grader. Il d\u00e9c\u00e8de en 1892.<\/p>\n\n\n\n<p>Whitman inspirera tant de grands po\u00e8tes de par le monde \u00e0 l\u2019instar de Pablo Neruda, Allen Ginsberg, Fernando Pessoa, Oscar Wilde, Ossip Mandelstam, Cesare Pavese (qui lui consacrera sa th\u00e8se de doctorat), Andr\u00e9 Gide (qui le traduira en fran\u00e7ais), Langston Hughes, Federico Garcia Lorca, Jorge Luis Borges et tant d\u2019autres\u2026<\/p>\n\n\n\n<p><em>Walt Whitman, un cosmos, de Manhattan le fils,<br>Turbulent, bien en chair, sensuel, mangeant, buvant et procr\u00e9ant,<br>Pas sentimental, pas dress\u00e9 au-dessus des autres ou \u00e0 l\u2019\u00e9cart d\u2019eux<br>Pas plus modeste qu\u2019immodeste.<\/em><\/p>\n\n\n\n<p><em>Arrachez les verrous des portes!<br>Arrachez les portes m\u00eames de leurs gonds!<\/em><\/p>\n\n\n\n<p><em>Qui d\u00e9grade autrui me d\u00e9grade<br>Et rien ne se dit ou se fait, qui ne retourne enfin \u00e0 moi.<\/em><\/p>\n\n\n\n<p><em>\u00c0 travers moi le souffle spirituel s\u2019enfle et s\u2019enfle, \u00e0 travers moi c\u2019est le courant et c\u2019est l\u2019index.<\/em><\/p>\n\n\n\n<p><em>Je prof\u00e8re le mot des premiers \u00e2ges, je fais le signe de d\u00e9mocratie<\/em>.<\/p>\n\n\n\n<p><em>Par Dieu! Je n\u2019accepterai rien dont tous ne puissent contresigner la copie dans les m\u00eames termes.<br>\u00c0 travers moi des voix longtemps muettes<\/em><\/p>\n\n\n\n<p>Voix des interminables g\u00e9n\u00e9rations de prisonniers, d\u2019esclaves,<\/p>\n\n\n\n<p><em>Voix des mal portants, des d\u00e9sesp\u00e9r\u00e9s, des voleurs, des avortons,<br>Voix des cycles de pr\u00e9paration, d\u2019accroissement,<br>Et des liens qui relient les astres, et des matrices et du suc paternel.<br>Et des droits de ceux que les autres foulent aux pieds,<br>Des \u00eatres mal form\u00e9s, vulgaires, niais, insanes, m\u00e9pris\u00e9s,<br>Brouillards sur l\u2019air, bousiers roulant leur boule de fiente.<\/em><\/p>\n\n\n\n<p><em><em>\u00c0<\/em> travers moi des voix proscrites,<br>Voix des sexes et des ruts, voix voil\u00e9es, et j\u2019\u00e9carte le voile,<br>Voix ind\u00e9centes par moi clarifi\u00e9es et transfigur\u00e9es.<\/em><\/p>\n\n\n\n<p><em>Je ne pose pas le doigt sur ma bouche<br>Je traite avec autant de d\u00e9licatesse les entrailles que je fais la t\u00eate et le c\u0153ur.<br>L\u2019accouplement n\u2019est pas plus obsc\u00e8ne pour moi que n\u2019est la mort.<br>J\u2019ai foi dans la chair et dans les app\u00e9tits,<br>Le voir, l\u2019ou\u00efr, le toucher, sont miracles, et chaque partie, chaque d\u00e9tail de moi est un miracle.<\/em><\/p>\n\n\n\n<p><em>Divin je suis au dedans et au dehors, et je sanctifie tout ce que je touche ou qui me touche.<br>La senteur de mes aisselles m\u2019est ar\u00f4me plus exquis que la pri\u00e8re,<br>Cette t\u00eate m\u2019est plus qu\u2019\u00e9glise et bibles et credos.<\/em><\/p>\n\n\n\n<p><em>Si mon culte se tourne de pr\u00e9f\u00e9rence vers quelque chose, ce sera vers la propre expansion de mon corps, ou vers quelque partie de lui que ce soit.<br>Transparente argile du corps, ce sera vous!<br>Bords duvet\u00e9s et fondement, ce sera vous!<br>Rigide coutre viril, ce sera vous!<br>D\u2019o\u00f9 que vous veniez, contribution \u00e0 mon d\u00e9veloppement, ce sera vous!<br>Vous, mon sang riche! vous, laiteuse liqueur, p\u00e2le extrait de ma vie!<br>Poitrine qui contre d\u2019autres poitrines se presse, ce sera vous!<br>Mon cerveau ce sera vos circonvolutions cach\u00e9es!<br>Racine lav\u00e9e de l\u2019iris d\u2019eau! b\u00e9cassine craintive! abri surveill\u00e9 de l\u2019\u0153uf double! ce sera vous!<br>Foin emm\u00eal\u00e9 et r\u00e9volt\u00e9 de la t\u00eate, barbe, sourcil, ce sera vous!<br>S\u00e8ve qui scintille de l\u2019\u00e9rable, fibre de froment mond\u00e9, ce sera vous!<br>Soleil si g\u00e9n\u00e9reux, ce sera vous!<br>Vapeurs \u00e9clairant et ombrant ma face, ce sera vous!<br>Vous, ruisseaux de sueurs et ros\u00e9es, ce sera vous!<br>Vous qui me chatouillez doucement en frottant contre moi vos g\u00e9nitoires, ce sera vous!<br>Larges surfaces musculaires, branches de vivant ch\u00eane, vagabond plein d\u2019amour sur mon chemin sinueux, ce sera vous!<br>Mains que j\u2019ai prises, visage que j\u2019ai bais\u00e9, mortel que j\u2019ai touch\u00e9 peut-\u00eatre, ce sera vous!<\/em><\/p>\n\n\n\n<p><em>Je raffole de moi-m\u00eame, mon lot et tout le reste est si d\u00e9licieux!<br>Chaque instant et quoi qu\u2019il advienne me p\u00e9n\u00e8tre de joie,<br>Oh! je suis merveilleux!<br>Je ne sais dire comment plient mes chevilles, ni d\u2019o\u00f9 na\u00eet mon plus faible d\u00e9sir.<br>Ni d\u2019o\u00f9 na\u00eet l\u2019amiti\u00e9 qui jaillit de moi, ni d\u2019o\u00f9 na\u00eet l\u2019amiti\u00e9 que je re\u00e7ois en retour.<\/em><\/p>\n\n\n\n<p><em>Lorsque je gravis mon perron, je m\u2019arr\u00eate et doute si ce que je vois est r\u00e9el.<br>Une belle-de-jour \u00e0 ma fen\u00eatre me satisfait plus que toute la m\u00e9taphysique des livres.<br>Contempler le lever du jour!<br>La jeune lueur efficace les immenses ombres diaphanes<br>L\u2019air fleure bon \u00e0 mon palais.<br>Pouss\u00e9es du mouvant monde, en \u00e9brouements na\u00effs, ascension silencieuse, fra\u00eeche exsudation,<br>Activation oblique haut et bas.<br>Quelque chose que je ne puis voir \u00e9rige de libidineux dards<br>Des flots de jus brillant inondent le ciel.<\/em><\/p>\n\n\n\n<p><em>La terre par le ciel envahie, la conclusion quotidienne de leur jonction<br>Le d\u00e9fi que d\u00e9j\u00e0 l\u2019Orient a lanc\u00e9 par-dessus ma t\u00eate,<br>L\u2019ironique brocard: Vois donc qui de nous deux sera ma\u00eetre!<\/em><\/p>\n\n\n\n<figure class=\"wp-block-embed-wordpress wp-block-embed is-type-wp-embed is-provider-kapitalis\"><div class=\"wp-block-embed__wrapper\">\n<blockquote class=\"wp-embedded-content\" data-secret=\"XMvVu81SwO\"><a href=\"https:\/\/kapitalis.com\/tunisie\/2020\/05\/03\/le-poeme-du-dimanche-elle-marche-dans-sa-beaute-de-lord-byron\/\">Le po\u00e8me du dimanche: \u2018\u2018Elle marche dans sa beaut\u00e9\u2019\u2019 de Lord Byron<\/a><\/blockquote><iframe loading=\"lazy\" class=\"wp-embedded-content\" sandbox=\"allow-scripts\" security=\"restricted\" style=\"position: absolute; clip: rect(1px, 1px, 1px, 1px);\" title=\"\u00ab\u00a0Le po\u00e8me du dimanche: \u2018\u2018Elle marche dans sa beaut\u00e9\u2019\u2019 de Lord Byron\u00a0\u00bb &#8212; Kapitalis\" src=\"https:\/\/kapitalis.com\/tunisie\/2020\/05\/03\/le-poeme-du-dimanche-elle-marche-dans-sa-beaute-de-lord-byron\/embed\/#?secret=atgH5ZUYkx#?secret=XMvVu81SwO\" data-secret=\"XMvVu81SwO\" width=\"600\" height=\"338\" frameborder=\"0\" marginwidth=\"0\" marginheight=\"0\" scrolling=\"no\"><\/iframe>\n<\/div><\/figure>\n","protected":false},"excerpt":{"rendered":"<p>Walter Whitman, plus connu sous le nom de Walt Whitman, n\u00e9 le 31 mai 1819 New York et d\u00e9c\u00e9d\u00e9 le 26 mars 1892 \u00e0 Camden, fut un grand po\u00e8te am\u00e9ricain. Il exercera une influence importante sur des po\u00e8tes europ\u00e9ens, sud-am\u00e9ricains mais aussi russes. Le pr\u00e9sent po\u00e8me fut traduit par Andr\u00e9 Gide.<\/p>\n","protected":false},"author":8,"featured_media":298289,"comment_status":"open","ping_status":"open","sticky":false,"template":"","format":"standard","meta":{"footnotes":""},"categories":[992,994],"tags":[76559,78662,78661],"class_list":["post-298288","post","type-post","status-publish","format-standard","has-post-thumbnail","hentry","category-a-la-une","category-culture","tag-andre-gide","tag-leaves-of-grass","tag-walt-whitman"],"yoast_head":"<!-- This site is optimized with the Yoast SEO plugin v26.6 - https:\/\/yoast.com\/wordpress\/plugins\/seo\/ -->\n<title>Le po\u00e8me du dimanche: \u2018\u2018Chant de moi-m\u00eame\u2019\u2019 de Walt Whitman - Kapitalis<\/title>\n<meta name=\"robots\" content=\"index, follow, max-snippet:-1, max-image-preview:large, max-video-preview:-1\" \/>\n<link rel=\"canonical\" href=\"https:\/\/kapitalis.com\/tunisie\/2020\/05\/10\/le-poeme-du-dimanche-chant-de-moi-meme-de-walt-whitman\/\" \/>\n<meta property=\"og:locale\" content=\"fr_FR\" \/>\n<meta property=\"og:type\" content=\"article\" \/>\n<meta property=\"og:title\" content=\"Le po\u00e8me du dimanche: \u2018\u2018Chant de moi-m\u00eame\u2019\u2019 de Walt Whitman - Kapitalis\" \/>\n<meta property=\"og:description\" content=\"Walter Whitman, plus connu sous le nom de Walt Whitman, n\u00e9 le 31 mai 1819 New York et d\u00e9c\u00e9d\u00e9 le 26 mars 1892 \u00e0 Camden, fut un grand po\u00e8te am\u00e9ricain. Il exercera une influence importante sur des po\u00e8tes europ\u00e9ens, sud-am\u00e9ricains mais aussi russes. Le pr\u00e9sent po\u00e8me fut traduit par Andr\u00e9 Gide.\" \/>\n<meta property=\"og:url\" content=\"https:\/\/kapitalis.com\/tunisie\/2020\/05\/10\/le-poeme-du-dimanche-chant-de-moi-meme-de-walt-whitman\/\" \/>\n<meta property=\"og:site_name\" content=\"Kapitalis\" \/>\n<meta property=\"article:publisher\" content=\"https:\/\/www.facebook.com\/KapitalisInfo\/\" \/>\n<meta property=\"article:published_time\" content=\"2020-05-10T07:32:36+00:00\" \/>\n<meta property=\"article:modified_time\" content=\"2020-05-10T07:32:37+00:00\" \/>\n<meta property=\"og:image\" content=\"https:\/\/kapitalis.com\/tunisie\/wp-content\/uploads\/2022\/05\/kapitalis-logo-fb.png\" \/>\n\t<meta property=\"og:image:width\" content=\"1200\" \/>\n\t<meta property=\"og:image:height\" content=\"630\" \/>\n\t<meta property=\"og:image:type\" content=\"image\/png\" \/>\n<meta name=\"author\" content=\"webmaster kapitalis\" \/>\n<meta name=\"twitter:card\" content=\"summary_large_image\" \/>\n<meta name=\"twitter:creator\" content=\"@KapitalisInfo\" \/>\n<meta name=\"twitter:site\" content=\"@KapitalisInfo\" \/>\n<meta name=\"twitter:label1\" content=\"\u00c9crit par\" \/>\n\t<meta name=\"twitter:data1\" content=\"webmaster kapitalis\" \/>\n\t<meta name=\"twitter:label2\" content=\"Dur\u00e9e de lecture estim\u00e9e\" \/>\n\t<meta name=\"twitter:data2\" content=\"6 minutes\" \/>\n<script type=\"application\/ld+json\" class=\"yoast-schema-graph\">{\"@context\":\"https:\/\/schema.org\",\"@graph\":[{\"@type\":\"Article\",\"@id\":\"https:\/\/kapitalis.com\/tunisie\/2020\/05\/10\/le-poeme-du-dimanche-chant-de-moi-meme-de-walt-whitman\/#article\",\"isPartOf\":{\"@id\":\"https:\/\/kapitalis.com\/tunisie\/2020\/05\/10\/le-poeme-du-dimanche-chant-de-moi-meme-de-walt-whitman\/\"},\"author\":{\"name\":\"webmaster kapitalis\",\"@id\":\"https:\/\/kapitalis.com\/tunisie\/#\/schema\/person\/d71f33a9ca44f7bad4698210b480c8e9\"},\"headline\":\"Le po\u00e8me du dimanche: \u2018\u2018Chant de moi-m\u00eame\u2019\u2019 de Walt Whitman\",\"datePublished\":\"2020-05-10T07:32:36+00:00\",\"dateModified\":\"2020-05-10T07:32:37+00:00\",\"mainEntityOfPage\":{\"@id\":\"https:\/\/kapitalis.com\/tunisie\/2020\/05\/10\/le-poeme-du-dimanche-chant-de-moi-meme-de-walt-whitman\/\"},\"wordCount\":1200,\"commentCount\":0,\"publisher\":{\"@id\":\"https:\/\/kapitalis.com\/tunisie\/#organization\"},\"image\":{\"@id\":\"https:\/\/kapitalis.com\/tunisie\/2020\/05\/10\/le-poeme-du-dimanche-chant-de-moi-meme-de-walt-whitman\/#primaryimage\"},\"thumbnailUrl\":\"\",\"keywords\":[\"Andr\u00e9 Gide\",\"Leaves of grass\",\"Walt Whitman\"],\"articleSection\":[\"A LA UNE\",\"CULTURE\"],\"inLanguage\":\"fr-FR\",\"potentialAction\":[{\"@type\":\"CommentAction\",\"name\":\"Comment\",\"target\":[\"https:\/\/kapitalis.com\/tunisie\/2020\/05\/10\/le-poeme-du-dimanche-chant-de-moi-meme-de-walt-whitman\/#respond\"]}]},{\"@type\":\"WebPage\",\"@id\":\"https:\/\/kapitalis.com\/tunisie\/2020\/05\/10\/le-poeme-du-dimanche-chant-de-moi-meme-de-walt-whitman\/\",\"url\":\"https:\/\/kapitalis.com\/tunisie\/2020\/05\/10\/le-poeme-du-dimanche-chant-de-moi-meme-de-walt-whitman\/\",\"name\":\"Le po\u00e8me du dimanche: \u2018\u2018Chant de moi-m\u00eame\u2019\u2019 de Walt Whitman - Kapitalis\",\"isPartOf\":{\"@id\":\"https:\/\/kapitalis.com\/tunisie\/#website\"},\"primaryImageOfPage\":{\"@id\":\"https:\/\/kapitalis.com\/tunisie\/2020\/05\/10\/le-poeme-du-dimanche-chant-de-moi-meme-de-walt-whitman\/#primaryimage\"},\"image\":{\"@id\":\"https:\/\/kapitalis.com\/tunisie\/2020\/05\/10\/le-poeme-du-dimanche-chant-de-moi-meme-de-walt-whitman\/#primaryimage\"},\"thumbnailUrl\":\"\",\"datePublished\":\"2020-05-10T07:32:36+00:00\",\"dateModified\":\"2020-05-10T07:32:37+00:00\",\"breadcrumb\":{\"@id\":\"https:\/\/kapitalis.com\/tunisie\/2020\/05\/10\/le-poeme-du-dimanche-chant-de-moi-meme-de-walt-whitman\/#breadcrumb\"},\"inLanguage\":\"fr-FR\",\"potentialAction\":[{\"@type\":\"ReadAction\",\"target\":[\"https:\/\/kapitalis.com\/tunisie\/2020\/05\/10\/le-poeme-du-dimanche-chant-de-moi-meme-de-walt-whitman\/\"]}]},{\"@type\":\"ImageObject\",\"inLanguage\":\"fr-FR\",\"@id\":\"https:\/\/kapitalis.com\/tunisie\/2020\/05\/10\/le-poeme-du-dimanche-chant-de-moi-meme-de-walt-whitman\/#primaryimage\",\"url\":\"\",\"contentUrl\":\"\"},{\"@type\":\"BreadcrumbList\",\"@id\":\"https:\/\/kapitalis.com\/tunisie\/2020\/05\/10\/le-poeme-du-dimanche-chant-de-moi-meme-de-walt-whitman\/#breadcrumb\",\"itemListElement\":[{\"@type\":\"ListItem\",\"position\":1,\"name\":\"Accueil\",\"item\":\"https:\/\/kapitalis.com\/tunisie\/\"},{\"@type\":\"ListItem\",\"position\":2,\"name\":\"Le po\u00e8me du dimanche: \u2018\u2018Chant de moi-m\u00eame\u2019\u2019 de Walt Whitman\"}]},{\"@type\":\"WebSite\",\"@id\":\"https:\/\/kapitalis.com\/tunisie\/#website\",\"url\":\"https:\/\/kapitalis.com\/tunisie\/\",\"name\":\"Kapitalis\",\"description\":\"L&#039;actualit\u00e9 en Tunisie et dans le monde\",\"publisher\":{\"@id\":\"https:\/\/kapitalis.com\/tunisie\/#organization\"},\"potentialAction\":[{\"@type\":\"SearchAction\",\"target\":{\"@type\":\"EntryPoint\",\"urlTemplate\":\"https:\/\/kapitalis.com\/tunisie\/?s={search_term_string}\"},\"query-input\":{\"@type\":\"PropertyValueSpecification\",\"valueRequired\":true,\"valueName\":\"search_term_string\"}}],\"inLanguage\":\"fr-FR\"},{\"@type\":\"Organization\",\"@id\":\"https:\/\/kapitalis.com\/tunisie\/#organization\",\"name\":\"Kapitalis\",\"url\":\"https:\/\/kapitalis.com\/tunisie\/\",\"logo\":{\"@type\":\"ImageObject\",\"inLanguage\":\"fr-FR\",\"@id\":\"https:\/\/kapitalis.com\/tunisie\/#\/schema\/logo\/image\/\",\"url\":\"https:\/\/kapitalis.com\/tunisie\/wp-content\/uploads\/2022\/05\/Kapitalis-big-size.png\",\"contentUrl\":\"https:\/\/kapitalis.com\/tunisie\/wp-content\/uploads\/2022\/05\/Kapitalis-big-size.png\",\"width\":5000,\"height\":1500,\"caption\":\"Kapitalis\"},\"image\":{\"@id\":\"https:\/\/kapitalis.com\/tunisie\/#\/schema\/logo\/image\/\"},\"sameAs\":[\"https:\/\/www.facebook.com\/KapitalisInfo\/\",\"https:\/\/x.com\/KapitalisInfo\",\"https:\/\/www.youtube.com\/channel\/UC-yDYrHyfFBWWZaOw3FPg9Q\"]},{\"@type\":\"Person\",\"@id\":\"https:\/\/kapitalis.com\/tunisie\/#\/schema\/person\/d71f33a9ca44f7bad4698210b480c8e9\",\"name\":\"webmaster kapitalis\",\"url\":\"https:\/\/kapitalis.com\/tunisie\/author\/webmaster-kapitalis\/\"}]}<\/script>\n<!-- \/ Yoast SEO plugin. -->","yoast_head_json":{"title":"Le po\u00e8me du dimanche: \u2018\u2018Chant de moi-m\u00eame\u2019\u2019 de Walt Whitman - Kapitalis","robots":{"index":"index","follow":"follow","max-snippet":"max-snippet:-1","max-image-preview":"max-image-preview:large","max-video-preview":"max-video-preview:-1"},"canonical":"https:\/\/kapitalis.com\/tunisie\/2020\/05\/10\/le-poeme-du-dimanche-chant-de-moi-meme-de-walt-whitman\/","og_locale":"fr_FR","og_type":"article","og_title":"Le po\u00e8me du dimanche: \u2018\u2018Chant de moi-m\u00eame\u2019\u2019 de Walt Whitman - Kapitalis","og_description":"Walter Whitman, plus connu sous le nom de Walt Whitman, n\u00e9 le 31 mai 1819 New York et d\u00e9c\u00e9d\u00e9 le 26 mars 1892 \u00e0 Camden, fut un grand po\u00e8te am\u00e9ricain. Il exercera une influence importante sur des po\u00e8tes europ\u00e9ens, sud-am\u00e9ricains mais aussi russes. Le pr\u00e9sent po\u00e8me fut traduit par Andr\u00e9 Gide.","og_url":"https:\/\/kapitalis.com\/tunisie\/2020\/05\/10\/le-poeme-du-dimanche-chant-de-moi-meme-de-walt-whitman\/","og_site_name":"Kapitalis","article_publisher":"https:\/\/www.facebook.com\/KapitalisInfo\/","article_published_time":"2020-05-10T07:32:36+00:00","article_modified_time":"2020-05-10T07:32:37+00:00","og_image":[{"width":1200,"height":630,"url":"https:\/\/kapitalis.com\/tunisie\/wp-content\/uploads\/2022\/05\/kapitalis-logo-fb.png","type":"image\/png"}],"author":"webmaster kapitalis","twitter_card":"summary_large_image","twitter_creator":"@KapitalisInfo","twitter_site":"@KapitalisInfo","twitter_misc":{"\u00c9crit par":"webmaster kapitalis","Dur\u00e9e de lecture estim\u00e9e":"6 minutes"},"schema":{"@context":"https:\/\/schema.org","@graph":[{"@type":"Article","@id":"https:\/\/kapitalis.com\/tunisie\/2020\/05\/10\/le-poeme-du-dimanche-chant-de-moi-meme-de-walt-whitman\/#article","isPartOf":{"@id":"https:\/\/kapitalis.com\/tunisie\/2020\/05\/10\/le-poeme-du-dimanche-chant-de-moi-meme-de-walt-whitman\/"},"author":{"name":"webmaster kapitalis","@id":"https:\/\/kapitalis.com\/tunisie\/#\/schema\/person\/d71f33a9ca44f7bad4698210b480c8e9"},"headline":"Le po\u00e8me du dimanche: \u2018\u2018Chant de moi-m\u00eame\u2019\u2019 de Walt Whitman","datePublished":"2020-05-10T07:32:36+00:00","dateModified":"2020-05-10T07:32:37+00:00","mainEntityOfPage":{"@id":"https:\/\/kapitalis.com\/tunisie\/2020\/05\/10\/le-poeme-du-dimanche-chant-de-moi-meme-de-walt-whitman\/"},"wordCount":1200,"commentCount":0,"publisher":{"@id":"https:\/\/kapitalis.com\/tunisie\/#organization"},"image":{"@id":"https:\/\/kapitalis.com\/tunisie\/2020\/05\/10\/le-poeme-du-dimanche-chant-de-moi-meme-de-walt-whitman\/#primaryimage"},"thumbnailUrl":"","keywords":["Andr\u00e9 Gide","Leaves of grass","Walt Whitman"],"articleSection":["A LA UNE","CULTURE"],"inLanguage":"fr-FR","potentialAction":[{"@type":"CommentAction","name":"Comment","target":["https:\/\/kapitalis.com\/tunisie\/2020\/05\/10\/le-poeme-du-dimanche-chant-de-moi-meme-de-walt-whitman\/#respond"]}]},{"@type":"WebPage","@id":"https:\/\/kapitalis.com\/tunisie\/2020\/05\/10\/le-poeme-du-dimanche-chant-de-moi-meme-de-walt-whitman\/","url":"https:\/\/kapitalis.com\/tunisie\/2020\/05\/10\/le-poeme-du-dimanche-chant-de-moi-meme-de-walt-whitman\/","name":"Le po\u00e8me du dimanche: \u2018\u2018Chant de moi-m\u00eame\u2019\u2019 de Walt Whitman - Kapitalis","isPartOf":{"@id":"https:\/\/kapitalis.com\/tunisie\/#website"},"primaryImageOfPage":{"@id":"https:\/\/kapitalis.com\/tunisie\/2020\/05\/10\/le-poeme-du-dimanche-chant-de-moi-meme-de-walt-whitman\/#primaryimage"},"image":{"@id":"https:\/\/kapitalis.com\/tunisie\/2020\/05\/10\/le-poeme-du-dimanche-chant-de-moi-meme-de-walt-whitman\/#primaryimage"},"thumbnailUrl":"","datePublished":"2020-05-10T07:32:36+00:00","dateModified":"2020-05-10T07:32:37+00:00","breadcrumb":{"@id":"https:\/\/kapitalis.com\/tunisie\/2020\/05\/10\/le-poeme-du-dimanche-chant-de-moi-meme-de-walt-whitman\/#breadcrumb"},"inLanguage":"fr-FR","potentialAction":[{"@type":"ReadAction","target":["https:\/\/kapitalis.com\/tunisie\/2020\/05\/10\/le-poeme-du-dimanche-chant-de-moi-meme-de-walt-whitman\/"]}]},{"@type":"ImageObject","inLanguage":"fr-FR","@id":"https:\/\/kapitalis.com\/tunisie\/2020\/05\/10\/le-poeme-du-dimanche-chant-de-moi-meme-de-walt-whitman\/#primaryimage","url":"","contentUrl":""},{"@type":"BreadcrumbList","@id":"https:\/\/kapitalis.com\/tunisie\/2020\/05\/10\/le-poeme-du-dimanche-chant-de-moi-meme-de-walt-whitman\/#breadcrumb","itemListElement":[{"@type":"ListItem","position":1,"name":"Accueil","item":"https:\/\/kapitalis.com\/tunisie\/"},{"@type":"ListItem","position":2,"name":"Le po\u00e8me du dimanche: \u2018\u2018Chant de moi-m\u00eame\u2019\u2019 de Walt Whitman"}]},{"@type":"WebSite","@id":"https:\/\/kapitalis.com\/tunisie\/#website","url":"https:\/\/kapitalis.com\/tunisie\/","name":"Kapitalis","description":"L&#039;actualit\u00e9 en Tunisie et dans le monde","publisher":{"@id":"https:\/\/kapitalis.com\/tunisie\/#organization"},"potentialAction":[{"@type":"SearchAction","target":{"@type":"EntryPoint","urlTemplate":"https:\/\/kapitalis.com\/tunisie\/?s={search_term_string}"},"query-input":{"@type":"PropertyValueSpecification","valueRequired":true,"valueName":"search_term_string"}}],"inLanguage":"fr-FR"},{"@type":"Organization","@id":"https:\/\/kapitalis.com\/tunisie\/#organization","name":"Kapitalis","url":"https:\/\/kapitalis.com\/tunisie\/","logo":{"@type":"ImageObject","inLanguage":"fr-FR","@id":"https:\/\/kapitalis.com\/tunisie\/#\/schema\/logo\/image\/","url":"https:\/\/kapitalis.com\/tunisie\/wp-content\/uploads\/2022\/05\/Kapitalis-big-size.png","contentUrl":"https:\/\/kapitalis.com\/tunisie\/wp-content\/uploads\/2022\/05\/Kapitalis-big-size.png","width":5000,"height":1500,"caption":"Kapitalis"},"image":{"@id":"https:\/\/kapitalis.com\/tunisie\/#\/schema\/logo\/image\/"},"sameAs":["https:\/\/www.facebook.com\/KapitalisInfo\/","https:\/\/x.com\/KapitalisInfo","https:\/\/www.youtube.com\/channel\/UC-yDYrHyfFBWWZaOw3FPg9Q"]},{"@type":"Person","@id":"https:\/\/kapitalis.com\/tunisie\/#\/schema\/person\/d71f33a9ca44f7bad4698210b480c8e9","name":"webmaster kapitalis","url":"https:\/\/kapitalis.com\/tunisie\/author\/webmaster-kapitalis\/"}]}},"_links":{"self":[{"href":"https:\/\/kapitalis.com\/tunisie\/wp-json\/wp\/v2\/posts\/298288","targetHints":{"allow":["GET"]}}],"collection":[{"href":"https:\/\/kapitalis.com\/tunisie\/wp-json\/wp\/v2\/posts"}],"about":[{"href":"https:\/\/kapitalis.com\/tunisie\/wp-json\/wp\/v2\/types\/post"}],"author":[{"embeddable":true,"href":"https:\/\/kapitalis.com\/tunisie\/wp-json\/wp\/v2\/users\/8"}],"replies":[{"embeddable":true,"href":"https:\/\/kapitalis.com\/tunisie\/wp-json\/wp\/v2\/comments?post=298288"}],"version-history":[{"count":0,"href":"https:\/\/kapitalis.com\/tunisie\/wp-json\/wp\/v2\/posts\/298288\/revisions"}],"wp:featuredmedia":[{"embeddable":true,"href":"https:\/\/kapitalis.com\/tunisie\/wp-json\/wp\/v2\/media\/298289"}],"wp:attachment":[{"href":"https:\/\/kapitalis.com\/tunisie\/wp-json\/wp\/v2\/media?parent=298288"}],"wp:term":[{"taxonomy":"category","embeddable":true,"href":"https:\/\/kapitalis.com\/tunisie\/wp-json\/wp\/v2\/categories?post=298288"},{"taxonomy":"post_tag","embeddable":true,"href":"https:\/\/kapitalis.com\/tunisie\/wp-json\/wp\/v2\/tags?post=298288"}],"curies":[{"name":"wp","href":"https:\/\/api.w.org\/{rel}","templated":true}]}}