{"id":298295,"date":"2020-05-10T10:39:00","date_gmt":"2020-05-10T09:39:00","guid":{"rendered":"http:\/\/kapitalis.com\/tunisie\/?p=298295"},"modified":"2020-05-10T11:28:52","modified_gmt":"2020-05-10T10:28:52","slug":"tunisie-rapatriement-de-800-ressortissants-bloques-a-letranger-en-debut-de-semaine","status":"publish","type":"post","link":"https:\/\/kapitalis.com\/tunisie\/2020\/05\/10\/tunisie-rapatriement-de-800-ressortissants-bloques-a-letranger-en-debut-de-semaine\/","title":{"rendered":"Tunisie : Rapatriement de 800 ressortissants bloqu\u00e9s \u00e0 l&rsquo;\u00e9tranger en d\u00e9but de semaine"},"content":{"rendered":"\n<figure class=\"wp-block-image size-large\"><img decoding=\"async\" src=\"http:\/\/kapitalis.com\/tunisie\/wp-content\/uploads\/2020\/04\/rapatriement.jpg\" alt=\"\" class=\"wp-image-292065\"\/><\/figure>\n\n\n\n<p><strong><em>Quelques 800 Tunisiens bloqu\u00e9s \u00e0 l&rsquo;\u00e9tranger, et plus pr\u00e9cis\u00e9ment en France, en Allemagne et au Maroc, seront rapatri\u00e9s demain, lundi 11 mai 2020. Cela portera le nombre total des ressortissants tunisiens \u00e9vacu\u00e9s des diff\u00e9rents pays depuis le d\u00e9but de la crise sanitaire du coronavirus \u00e0 plus de 11.000.<\/em><\/strong><\/p>\n\n\n\n<!--more-->\n\n\n\n<p>La Tunisie poursuivra la strat\u00e9gie qui s&rsquo;est av\u00e9r\u00e9e tr\u00e8s efficace pour lutter contre la propagation de la maladie, et qui consiste \u00e0 soumettre syst\u00e9matiquement les nouveaux revenants \u00e0 une quarantaine obligatoire et contr\u00f4l\u00e9e.<\/p>\n\n\n\n<p>Ainsi, ces 800 nouveaux rapatri\u00e9s seront, comme leurs pr\u00e9d\u00e9cesseurs, isol\u00e9s. Ils le seront dans un centre situ\u00e9 au gouvernorat de Sousse, selon Mosa\u00efque FM.<\/p>\n\n\n\n<p>Depuis le d\u00e9but de la crise sanitaire en Tunisie, plus de 10.250 Tunisiens coinc\u00e9s \u00e0 l\u2019\u00e9tranger ont \u00e9t\u00e9 rapatri\u00e9s, de mani\u00e8re progressive, dont un peu moins de la moiti\u00e9 (environ 4.200) en provenance de Libye.<\/p>\n\n\n\n<p class=\"has-text-align-right\"><strong>C. B. Y.<\/strong><\/p>\n","protected":false},"excerpt":{"rendered":"<p>Quelques 800 Tunisiens bloqu\u00e9s \u00e0 l&rsquo;\u00e9tranger, et plus pr\u00e9cis\u00e9ment en France, en Allemagne et au Maroc, seront rapatri\u00e9s demain, lundi 11 mai 2020. Cela portera le nombre total des ressortissants tunisiens \u00e9vacu\u00e9s des diff\u00e9rents pays depuis le d\u00e9but de la crise sanitaire du coronavirus \u00e0 plus de 11.000.<\/p>\n","protected":false},"author":24,"featured_media":0,"comment_status":"open","ping_status":"open","sticky":false,"template":"","format":"standard","meta":{"footnotes":""},"categories":[998,2433],"tags":[73060,854],"class_list":["post-298295","post","type-post","status-publish","format-standard","hentry","category-societe","category-tunisie","tag-coronavirus","tag-sousse"],"yoast_head":"<!-- This site is optimized with the Yoast SEO plugin v26.6 - https:\/\/yoast.com\/wordpress\/plugins\/seo\/ -->\n<title>Tunisie : Rapatriement de 800 ressortissants bloqu\u00e9s \u00e0 l&#039;\u00e9tranger en d\u00e9but de semaine - Kapitalis<\/title>\n<meta name=\"robots\" content=\"index, follow, max-snippet:-1, max-image-preview:large, max-video-preview:-1\" \/>\n<link rel=\"canonical\" href=\"https:\/\/kapitalis.com\/tunisie\/2020\/05\/10\/tunisie-rapatriement-de-800-ressortissants-bloques-a-letranger-en-debut-de-semaine\/\" \/>\n<meta property=\"og:locale\" content=\"fr_FR\" \/>\n<meta property=\"og:type\" content=\"article\" \/>\n<meta property=\"og:title\" content=\"Tunisie : Rapatriement de 800 ressortissants bloqu\u00e9s \u00e0 l&#039;\u00e9tranger en d\u00e9but de semaine - Kapitalis\" \/>\n<meta property=\"og:description\" content=\"Quelques 800 Tunisiens bloqu\u00e9s \u00e0 l&rsquo;\u00e9tranger, et plus pr\u00e9cis\u00e9ment en France, en Allemagne et au Maroc, seront rapatri\u00e9s demain, lundi 11 mai 2020. Cela portera le nombre total des ressortissants tunisiens \u00e9vacu\u00e9s des diff\u00e9rents pays depuis le d\u00e9but de la crise sanitaire du coronavirus \u00e0 plus de 11.000.\" \/>\n<meta property=\"og:url\" content=\"https:\/\/kapitalis.com\/tunisie\/2020\/05\/10\/tunisie-rapatriement-de-800-ressortissants-bloques-a-letranger-en-debut-de-semaine\/\" \/>\n<meta property=\"og:site_name\" content=\"Kapitalis\" \/>\n<meta property=\"article:publisher\" content=\"https:\/\/www.facebook.com\/KapitalisInfo\/\" \/>\n<meta property=\"article:published_time\" content=\"2020-05-10T09:39:00+00:00\" \/>\n<meta property=\"article:modified_time\" content=\"2020-05-10T10:28:52+00:00\" \/>\n<meta property=\"og:image\" content=\"http:\/\/kapitalis.com\/tunisie\/wp-content\/uploads\/2020\/04\/rapatriement.jpg\" \/>\n<meta name=\"author\" content=\"Cherif Benyounes\" \/>\n<meta name=\"twitter:card\" content=\"summary_large_image\" \/>\n<meta name=\"twitter:creator\" content=\"@KapitalisInfo\" \/>\n<meta name=\"twitter:site\" content=\"@KapitalisInfo\" \/>\n<meta name=\"twitter:label1\" content=\"\u00c9crit par\" \/>\n\t<meta name=\"twitter:data1\" content=\"Cherif Benyounes\" \/>\n\t<meta name=\"twitter:label2\" content=\"Dur\u00e9e de lecture estim\u00e9e\" \/>\n\t<meta name=\"twitter:data2\" content=\"1 minute\" \/>\n<script type=\"application\/ld+json\" class=\"yoast-schema-graph\">{\"@context\":\"https:\/\/schema.org\",\"@graph\":[{\"@type\":\"Article\",\"@id\":\"https:\/\/kapitalis.com\/tunisie\/2020\/05\/10\/tunisie-rapatriement-de-800-ressortissants-bloques-a-letranger-en-debut-de-semaine\/#article\",\"isPartOf\":{\"@id\":\"https:\/\/kapitalis.com\/tunisie\/2020\/05\/10\/tunisie-rapatriement-de-800-ressortissants-bloques-a-letranger-en-debut-de-semaine\/\"},\"author\":{\"name\":\"Cherif Benyounes\",\"@id\":\"https:\/\/kapitalis.com\/tunisie\/#\/schema\/person\/b35b8d631961131107263178aeb8019e\"},\"headline\":\"Tunisie : Rapatriement de 800 ressortissants bloqu\u00e9s \u00e0 l&rsquo;\u00e9tranger en d\u00e9but de semaine\",\"datePublished\":\"2020-05-10T09:39:00+00:00\",\"dateModified\":\"2020-05-10T10:28:52+00:00\",\"mainEntityOfPage\":{\"@id\":\"https:\/\/kapitalis.com\/tunisie\/2020\/05\/10\/tunisie-rapatriement-de-800-ressortissants-bloques-a-letranger-en-debut-de-semaine\/\"},\"wordCount\":169,\"commentCount\":2,\"publisher\":{\"@id\":\"https:\/\/kapitalis.com\/tunisie\/#organization\"},\"image\":{\"@id\":\"https:\/\/kapitalis.com\/tunisie\/2020\/05\/10\/tunisie-rapatriement-de-800-ressortissants-bloques-a-letranger-en-debut-de-semaine\/#primaryimage\"},\"thumbnailUrl\":\"http:\/\/kapitalis.com\/tunisie\/wp-content\/uploads\/2020\/04\/rapatriement.jpg\",\"keywords\":[\"Coronavirus\",\"Sousse\"],\"articleSection\":[\"SOCIETE\",\"Tunisie\"],\"inLanguage\":\"fr-FR\",\"potentialAction\":[{\"@type\":\"CommentAction\",\"name\":\"Comment\",\"target\":[\"https:\/\/kapitalis.com\/tunisie\/2020\/05\/10\/tunisie-rapatriement-de-800-ressortissants-bloques-a-letranger-en-debut-de-semaine\/#respond\"]}]},{\"@type\":\"WebPage\",\"@id\":\"https:\/\/kapitalis.com\/tunisie\/2020\/05\/10\/tunisie-rapatriement-de-800-ressortissants-bloques-a-letranger-en-debut-de-semaine\/\",\"url\":\"https:\/\/kapitalis.com\/tunisie\/2020\/05\/10\/tunisie-rapatriement-de-800-ressortissants-bloques-a-letranger-en-debut-de-semaine\/\",\"name\":\"Tunisie : Rapatriement de 800 ressortissants bloqu\u00e9s \u00e0 l'\u00e9tranger en d\u00e9but de semaine - Kapitalis\",\"isPartOf\":{\"@id\":\"https:\/\/kapitalis.com\/tunisie\/#website\"},\"primaryImageOfPage\":{\"@id\":\"https:\/\/kapitalis.com\/tunisie\/2020\/05\/10\/tunisie-rapatriement-de-800-ressortissants-bloques-a-letranger-en-debut-de-semaine\/#primaryimage\"},\"image\":{\"@id\":\"https:\/\/kapitalis.com\/tunisie\/2020\/05\/10\/tunisie-rapatriement-de-800-ressortissants-bloques-a-letranger-en-debut-de-semaine\/#primaryimage\"},\"thumbnailUrl\":\"http:\/\/kapitalis.com\/tunisie\/wp-content\/uploads\/2020\/04\/rapatriement.jpg\",\"datePublished\":\"2020-05-10T09:39:00+00:00\",\"dateModified\":\"2020-05-10T10:28:52+00:00\",\"breadcrumb\":{\"@id\":\"https:\/\/kapitalis.com\/tunisie\/2020\/05\/10\/tunisie-rapatriement-de-800-ressortissants-bloques-a-letranger-en-debut-de-semaine\/#breadcrumb\"},\"inLanguage\":\"fr-FR\",\"potentialAction\":[{\"@type\":\"ReadAction\",\"target\":[\"https:\/\/kapitalis.com\/tunisie\/2020\/05\/10\/tunisie-rapatriement-de-800-ressortissants-bloques-a-letranger-en-debut-de-semaine\/\"]}]},{\"@type\":\"ImageObject\",\"inLanguage\":\"fr-FR\",\"@id\":\"https:\/\/kapitalis.com\/tunisie\/2020\/05\/10\/tunisie-rapatriement-de-800-ressortissants-bloques-a-letranger-en-debut-de-semaine\/#primaryimage\",\"url\":\"\",\"contentUrl\":\"\"},{\"@type\":\"BreadcrumbList\",\"@id\":\"https:\/\/kapitalis.com\/tunisie\/2020\/05\/10\/tunisie-rapatriement-de-800-ressortissants-bloques-a-letranger-en-debut-de-semaine\/#breadcrumb\",\"itemListElement\":[{\"@type\":\"ListItem\",\"position\":1,\"name\":\"Accueil\",\"item\":\"https:\/\/kapitalis.com\/tunisie\/\"},{\"@type\":\"ListItem\",\"position\":2,\"name\":\"Tunisie : Rapatriement de 800 ressortissants bloqu\u00e9s \u00e0 l&rsquo;\u00e9tranger en d\u00e9but de semaine\"}]},{\"@type\":\"WebSite\",\"@id\":\"https:\/\/kapitalis.com\/tunisie\/#website\",\"url\":\"https:\/\/kapitalis.com\/tunisie\/\",\"name\":\"Kapitalis\",\"description\":\"L&#039;actualit\u00e9 en Tunisie et dans le monde\",\"publisher\":{\"@id\":\"https:\/\/kapitalis.com\/tunisie\/#organization\"},\"potentialAction\":[{\"@type\":\"SearchAction\",\"target\":{\"@type\":\"EntryPoint\",\"urlTemplate\":\"https:\/\/kapitalis.com\/tunisie\/?s={search_term_string}\"},\"query-input\":{\"@type\":\"PropertyValueSpecification\",\"valueRequired\":true,\"valueName\":\"search_term_string\"}}],\"inLanguage\":\"fr-FR\"},{\"@type\":\"Organization\",\"@id\":\"https:\/\/kapitalis.com\/tunisie\/#organization\",\"name\":\"Kapitalis\",\"url\":\"https:\/\/kapitalis.com\/tunisie\/\",\"logo\":{\"@type\":\"ImageObject\",\"inLanguage\":\"fr-FR\",\"@id\":\"https:\/\/kapitalis.com\/tunisie\/#\/schema\/logo\/image\/\",\"url\":\"https:\/\/kapitalis.com\/tunisie\/wp-content\/uploads\/2022\/05\/Kapitalis-big-size.png\",\"contentUrl\":\"https:\/\/kapitalis.com\/tunisie\/wp-content\/uploads\/2022\/05\/Kapitalis-big-size.png\",\"width\":5000,\"height\":1500,\"caption\":\"Kapitalis\"},\"image\":{\"@id\":\"https:\/\/kapitalis.com\/tunisie\/#\/schema\/logo\/image\/\"},\"sameAs\":[\"https:\/\/www.facebook.com\/KapitalisInfo\/\",\"https:\/\/x.com\/KapitalisInfo\",\"https:\/\/www.youtube.com\/channel\/UC-yDYrHyfFBWWZaOw3FPg9Q\"]},{\"@type\":\"Person\",\"@id\":\"https:\/\/kapitalis.com\/tunisie\/#\/schema\/person\/b35b8d631961131107263178aeb8019e\",\"name\":\"Cherif Benyounes\",\"url\":\"https:\/\/kapitalis.com\/tunisie\/author\/cherif\/\"}]}<\/script>\n<!-- \/ Yoast SEO plugin. -->","yoast_head_json":{"title":"Tunisie : Rapatriement de 800 ressortissants bloqu\u00e9s \u00e0 l'\u00e9tranger en d\u00e9but de semaine - Kapitalis","robots":{"index":"index","follow":"follow","max-snippet":"max-snippet:-1","max-image-preview":"max-image-preview:large","max-video-preview":"max-video-preview:-1"},"canonical":"https:\/\/kapitalis.com\/tunisie\/2020\/05\/10\/tunisie-rapatriement-de-800-ressortissants-bloques-a-letranger-en-debut-de-semaine\/","og_locale":"fr_FR","og_type":"article","og_title":"Tunisie : Rapatriement de 800 ressortissants bloqu\u00e9s \u00e0 l'\u00e9tranger en d\u00e9but de semaine - Kapitalis","og_description":"Quelques 800 Tunisiens bloqu\u00e9s \u00e0 l&rsquo;\u00e9tranger, et plus pr\u00e9cis\u00e9ment en France, en Allemagne et au Maroc, seront rapatri\u00e9s demain, lundi 11 mai 2020. Cela portera le nombre total des ressortissants tunisiens \u00e9vacu\u00e9s des diff\u00e9rents pays depuis le d\u00e9but de la crise sanitaire du coronavirus \u00e0 plus de 11.000.","og_url":"https:\/\/kapitalis.com\/tunisie\/2020\/05\/10\/tunisie-rapatriement-de-800-ressortissants-bloques-a-letranger-en-debut-de-semaine\/","og_site_name":"Kapitalis","article_publisher":"https:\/\/www.facebook.com\/KapitalisInfo\/","article_published_time":"2020-05-10T09:39:00+00:00","article_modified_time":"2020-05-10T10:28:52+00:00","og_image":[{"url":"http:\/\/kapitalis.com\/tunisie\/wp-content\/uploads\/2020\/04\/rapatriement.jpg","type":"","width":"","height":""}],"author":"Cherif Benyounes","twitter_card":"summary_large_image","twitter_creator":"@KapitalisInfo","twitter_site":"@KapitalisInfo","twitter_misc":{"\u00c9crit par":"Cherif Benyounes","Dur\u00e9e de lecture estim\u00e9e":"1 minute"},"schema":{"@context":"https:\/\/schema.org","@graph":[{"@type":"Article","@id":"https:\/\/kapitalis.com\/tunisie\/2020\/05\/10\/tunisie-rapatriement-de-800-ressortissants-bloques-a-letranger-en-debut-de-semaine\/#article","isPartOf":{"@id":"https:\/\/kapitalis.com\/tunisie\/2020\/05\/10\/tunisie-rapatriement-de-800-ressortissants-bloques-a-letranger-en-debut-de-semaine\/"},"author":{"name":"Cherif Benyounes","@id":"https:\/\/kapitalis.com\/tunisie\/#\/schema\/person\/b35b8d631961131107263178aeb8019e"},"headline":"Tunisie : Rapatriement de 800 ressortissants bloqu\u00e9s \u00e0 l&rsquo;\u00e9tranger en d\u00e9but de semaine","datePublished":"2020-05-10T09:39:00+00:00","dateModified":"2020-05-10T10:28:52+00:00","mainEntityOfPage":{"@id":"https:\/\/kapitalis.com\/tunisie\/2020\/05\/10\/tunisie-rapatriement-de-800-ressortissants-bloques-a-letranger-en-debut-de-semaine\/"},"wordCount":169,"commentCount":2,"publisher":{"@id":"https:\/\/kapitalis.com\/tunisie\/#organization"},"image":{"@id":"https:\/\/kapitalis.com\/tunisie\/2020\/05\/10\/tunisie-rapatriement-de-800-ressortissants-bloques-a-letranger-en-debut-de-semaine\/#primaryimage"},"thumbnailUrl":"http:\/\/kapitalis.com\/tunisie\/wp-content\/uploads\/2020\/04\/rapatriement.jpg","keywords":["Coronavirus","Sousse"],"articleSection":["SOCIETE","Tunisie"],"inLanguage":"fr-FR","potentialAction":[{"@type":"CommentAction","name":"Comment","target":["https:\/\/kapitalis.com\/tunisie\/2020\/05\/10\/tunisie-rapatriement-de-800-ressortissants-bloques-a-letranger-en-debut-de-semaine\/#respond"]}]},{"@type":"WebPage","@id":"https:\/\/kapitalis.com\/tunisie\/2020\/05\/10\/tunisie-rapatriement-de-800-ressortissants-bloques-a-letranger-en-debut-de-semaine\/","url":"https:\/\/kapitalis.com\/tunisie\/2020\/05\/10\/tunisie-rapatriement-de-800-ressortissants-bloques-a-letranger-en-debut-de-semaine\/","name":"Tunisie : Rapatriement de 800 ressortissants bloqu\u00e9s \u00e0 l'\u00e9tranger en d\u00e9but de semaine - Kapitalis","isPartOf":{"@id":"https:\/\/kapitalis.com\/tunisie\/#website"},"primaryImageOfPage":{"@id":"https:\/\/kapitalis.com\/tunisie\/2020\/05\/10\/tunisie-rapatriement-de-800-ressortissants-bloques-a-letranger-en-debut-de-semaine\/#primaryimage"},"image":{"@id":"https:\/\/kapitalis.com\/tunisie\/2020\/05\/10\/tunisie-rapatriement-de-800-ressortissants-bloques-a-letranger-en-debut-de-semaine\/#primaryimage"},"thumbnailUrl":"http:\/\/kapitalis.com\/tunisie\/wp-content\/uploads\/2020\/04\/rapatriement.jpg","datePublished":"2020-05-10T09:39:00+00:00","dateModified":"2020-05-10T10:28:52+00:00","breadcrumb":{"@id":"https:\/\/kapitalis.com\/tunisie\/2020\/05\/10\/tunisie-rapatriement-de-800-ressortissants-bloques-a-letranger-en-debut-de-semaine\/#breadcrumb"},"inLanguage":"fr-FR","potentialAction":[{"@type":"ReadAction","target":["https:\/\/kapitalis.com\/tunisie\/2020\/05\/10\/tunisie-rapatriement-de-800-ressortissants-bloques-a-letranger-en-debut-de-semaine\/"]}]},{"@type":"ImageObject","inLanguage":"fr-FR","@id":"https:\/\/kapitalis.com\/tunisie\/2020\/05\/10\/tunisie-rapatriement-de-800-ressortissants-bloques-a-letranger-en-debut-de-semaine\/#primaryimage","url":"","contentUrl":""},{"@type":"BreadcrumbList","@id":"https:\/\/kapitalis.com\/tunisie\/2020\/05\/10\/tunisie-rapatriement-de-800-ressortissants-bloques-a-letranger-en-debut-de-semaine\/#breadcrumb","itemListElement":[{"@type":"ListItem","position":1,"name":"Accueil","item":"https:\/\/kapitalis.com\/tunisie\/"},{"@type":"ListItem","position":2,"name":"Tunisie : Rapatriement de 800 ressortissants bloqu\u00e9s \u00e0 l&rsquo;\u00e9tranger en d\u00e9but de semaine"}]},{"@type":"WebSite","@id":"https:\/\/kapitalis.com\/tunisie\/#website","url":"https:\/\/kapitalis.com\/tunisie\/","name":"Kapitalis","description":"L&#039;actualit\u00e9 en Tunisie et dans le monde","publisher":{"@id":"https:\/\/kapitalis.com\/tunisie\/#organization"},"potentialAction":[{"@type":"SearchAction","target":{"@type":"EntryPoint","urlTemplate":"https:\/\/kapitalis.com\/tunisie\/?s={search_term_string}"},"query-input":{"@type":"PropertyValueSpecification","valueRequired":true,"valueName":"search_term_string"}}],"inLanguage":"fr-FR"},{"@type":"Organization","@id":"https:\/\/kapitalis.com\/tunisie\/#organization","name":"Kapitalis","url":"https:\/\/kapitalis.com\/tunisie\/","logo":{"@type":"ImageObject","inLanguage":"fr-FR","@id":"https:\/\/kapitalis.com\/tunisie\/#\/schema\/logo\/image\/","url":"https:\/\/kapitalis.com\/tunisie\/wp-content\/uploads\/2022\/05\/Kapitalis-big-size.png","contentUrl":"https:\/\/kapitalis.com\/tunisie\/wp-content\/uploads\/2022\/05\/Kapitalis-big-size.png","width":5000,"height":1500,"caption":"Kapitalis"},"image":{"@id":"https:\/\/kapitalis.com\/tunisie\/#\/schema\/logo\/image\/"},"sameAs":["https:\/\/www.facebook.com\/KapitalisInfo\/","https:\/\/x.com\/KapitalisInfo","https:\/\/www.youtube.com\/channel\/UC-yDYrHyfFBWWZaOw3FPg9Q"]},{"@type":"Person","@id":"https:\/\/kapitalis.com\/tunisie\/#\/schema\/person\/b35b8d631961131107263178aeb8019e","name":"Cherif Benyounes","url":"https:\/\/kapitalis.com\/tunisie\/author\/cherif\/"}]}},"_links":{"self":[{"href":"https:\/\/kapitalis.com\/tunisie\/wp-json\/wp\/v2\/posts\/298295","targetHints":{"allow":["GET"]}}],"collection":[{"href":"https:\/\/kapitalis.com\/tunisie\/wp-json\/wp\/v2\/posts"}],"about":[{"href":"https:\/\/kapitalis.com\/tunisie\/wp-json\/wp\/v2\/types\/post"}],"author":[{"embeddable":true,"href":"https:\/\/kapitalis.com\/tunisie\/wp-json\/wp\/v2\/users\/24"}],"replies":[{"embeddable":true,"href":"https:\/\/kapitalis.com\/tunisie\/wp-json\/wp\/v2\/comments?post=298295"}],"version-history":[{"count":0,"href":"https:\/\/kapitalis.com\/tunisie\/wp-json\/wp\/v2\/posts\/298295\/revisions"}],"wp:attachment":[{"href":"https:\/\/kapitalis.com\/tunisie\/wp-json\/wp\/v2\/media?parent=298295"}],"wp:term":[{"taxonomy":"category","embeddable":true,"href":"https:\/\/kapitalis.com\/tunisie\/wp-json\/wp\/v2\/categories?post=298295"},{"taxonomy":"post_tag","embeddable":true,"href":"https:\/\/kapitalis.com\/tunisie\/wp-json\/wp\/v2\/tags?post=298295"}],"curies":[{"name":"wp","href":"https:\/\/api.w.org\/{rel}","templated":true}]}}