{"id":2984027,"date":"2022-08-12T10:39:46","date_gmt":"2022-08-12T09:39:46","guid":{"rendered":"https:\/\/kapitalis.com\/tunisie\/?p=2984027"},"modified":"2022-08-12T10:39:48","modified_gmt":"2022-08-12T09:39:48","slug":"le-programme-de-la-cinematheque-tunisienne-au-fifak","status":"publish","type":"post","link":"https:\/\/kapitalis.com\/tunisie\/2022\/08\/12\/le-programme-de-la-cinematheque-tunisienne-au-fifak\/","title":{"rendered":"Le programme de la Cin\u00e9math\u00e8que tunisienne au FIFAK"},"content":{"rendered":"\n<p><em><strong>La Cin\u00e9math\u00e8que tunisienne propose un programme parall\u00e8le dans le cadre de la 35<sup>e<\/sup> \u00e9dition du Festival international du Film Amateur de K\u00e9libia (FIFAK 2022) qui d\u00e9marre demain, samedi 13 ao\u00fbt.<\/strong><\/em><\/p>\n\n\n\n<!--more-->\n\n\n\n<p>Comme chaque ann\u00e9e, la Cin\u00e9math\u00e8que tunisienne s\u2019associe \u00e0 diff\u00e9rents festivals r\u00e9gionaux pour proposer au public cin\u00e9phile des projections et diff\u00e9rentes activit\u00e9s li\u00e9es au 7<sup>e<\/sup> art, notamment le FIFAK qui marque son grand retour cet \u00e9t\u00e9 apr\u00e8s deux \u00e9ditions annul\u00e9es \u00e0 cause de la pand\u00e9mie du Coronavirus (Covid-19).<\/p>\n\n\n\n<p>La 35<sup>e<\/sup> \u00e9dition du FIFAK aura lieu du 13 au 20 ao\u00fbt autour d\u2019une programmation internationale entre comp\u00e9tition officielle, s\u00e9ances sp\u00e9ciales, hommages, d\u00e9bats et ateliers. En plus de la programmation principale, la Cin\u00e9math\u00e8que tunisienne propose cette ann\u00e9e durant le festival une exposition autour de l\u2019\u0153uvre de l\u2019assistant-r\u00e9alisateur Mounir Baaziz, ainsi que la projection de quatre films arabes\u00a0: \u00ab\u00a0<em>Beyrouth, la rencontre<\/em>\u00a0\u00bb, \u00ab\u00a0<em>Entre ciel et terre<\/em>\u00a0\u00bb, \u00ab\u00a0<em>Wardi<\/em>\u00a0\u00bb et \u00ab\u00a0<em>Theeb<\/em>\u00a0\u00bb.<\/p>\n\n\n\n<p class=\"has-text-align-right\"><strong>F.B<\/strong><\/p>\n","protected":false},"excerpt":{"rendered":"<p>La Cin\u00e9math\u00e8que tunisienne propose un programme parall\u00e8le dans le cadre de la 35e \u00e9dition du Festival international du Film Amateur de K\u00e9libia (FIFAK 2022) qui d\u00e9marre demain, samedi 13 ao\u00fbt.<\/p>\n","protected":false},"author":26,"featured_media":2985408,"comment_status":"open","ping_status":"open","sticky":false,"template":"","format":"standard","meta":{"footnotes":""},"categories":[994,2433],"tags":[34406,100387,62643],"class_list":["post-2984027","post","type-post","status-publish","format-standard","has-post-thumbnail","hentry","category-culture","category-tunisie","tag-cinematheque-tunisienne","tag-fifak-2022","tag-tunisie"],"yoast_head":"<!-- This site is optimized with the Yoast SEO plugin v26.6 - https:\/\/yoast.com\/wordpress\/plugins\/seo\/ -->\n<title>Le programme de la Cin\u00e9math\u00e8que tunisienne au FIFAK - Kapitalis<\/title>\n<meta name=\"robots\" content=\"index, follow, max-snippet:-1, max-image-preview:large, max-video-preview:-1\" \/>\n<link rel=\"canonical\" href=\"https:\/\/kapitalis.com\/tunisie\/2022\/08\/12\/le-programme-de-la-cinematheque-tunisienne-au-fifak\/\" \/>\n<meta property=\"og:locale\" content=\"fr_FR\" \/>\n<meta property=\"og:type\" content=\"article\" \/>\n<meta property=\"og:title\" content=\"Le programme de la Cin\u00e9math\u00e8que tunisienne au FIFAK - Kapitalis\" \/>\n<meta property=\"og:description\" content=\"La Cin\u00e9math\u00e8que tunisienne propose un programme parall\u00e8le dans le cadre de la 35e \u00e9dition du Festival international du Film Amateur de K\u00e9libia (FIFAK 2022) qui d\u00e9marre demain, samedi 13 ao\u00fbt.\" \/>\n<meta property=\"og:url\" content=\"https:\/\/kapitalis.com\/tunisie\/2022\/08\/12\/le-programme-de-la-cinematheque-tunisienne-au-fifak\/\" \/>\n<meta property=\"og:site_name\" content=\"Kapitalis\" \/>\n<meta property=\"article:publisher\" content=\"https:\/\/www.facebook.com\/KapitalisInfo\/\" \/>\n<meta property=\"article:published_time\" content=\"2022-08-12T09:39:46+00:00\" \/>\n<meta property=\"article:modified_time\" content=\"2022-08-12T09:39:48+00:00\" \/>\n<meta property=\"og:image\" content=\"https:\/\/kapitalis.com\/tunisie\/wp-content\/uploads\/2022\/08\/Cinematheque-FIFAK.jpg\" \/>\n\t<meta property=\"og:image:width\" content=\"1200\" \/>\n\t<meta property=\"og:image:height\" content=\"630\" \/>\n\t<meta property=\"og:image:type\" content=\"image\/jpeg\" \/>\n<meta name=\"author\" content=\"Fawz BenAli\" \/>\n<meta name=\"twitter:card\" content=\"summary_large_image\" \/>\n<meta name=\"twitter:creator\" content=\"@KapitalisInfo\" \/>\n<meta name=\"twitter:site\" content=\"@KapitalisInfo\" \/>\n<meta name=\"twitter:label1\" content=\"\u00c9crit par\" \/>\n\t<meta name=\"twitter:data1\" content=\"Fawz BenAli\" \/>\n\t<meta name=\"twitter:label2\" content=\"Dur\u00e9e de lecture estim\u00e9e\" \/>\n\t<meta name=\"twitter:data2\" content=\"1 minute\" \/>\n<script type=\"application\/ld+json\" class=\"yoast-schema-graph\">{\"@context\":\"https:\/\/schema.org\",\"@graph\":[{\"@type\":\"Article\",\"@id\":\"https:\/\/kapitalis.com\/tunisie\/2022\/08\/12\/le-programme-de-la-cinematheque-tunisienne-au-fifak\/#article\",\"isPartOf\":{\"@id\":\"https:\/\/kapitalis.com\/tunisie\/2022\/08\/12\/le-programme-de-la-cinematheque-tunisienne-au-fifak\/\"},\"author\":{\"name\":\"Fawz BenAli\",\"@id\":\"https:\/\/kapitalis.com\/tunisie\/#\/schema\/person\/73a5ecc1f6ae540c6ed91342eadca948\"},\"headline\":\"Le programme de la Cin\u00e9math\u00e8que tunisienne au FIFAK\",\"datePublished\":\"2022-08-12T09:39:46+00:00\",\"dateModified\":\"2022-08-12T09:39:48+00:00\",\"mainEntityOfPage\":{\"@id\":\"https:\/\/kapitalis.com\/tunisie\/2022\/08\/12\/le-programme-de-la-cinematheque-tunisienne-au-fifak\/\"},\"wordCount\":181,\"commentCount\":0,\"publisher\":{\"@id\":\"https:\/\/kapitalis.com\/tunisie\/#organization\"},\"image\":{\"@id\":\"https:\/\/kapitalis.com\/tunisie\/2022\/08\/12\/le-programme-de-la-cinematheque-tunisienne-au-fifak\/#primaryimage\"},\"thumbnailUrl\":\"https:\/\/kapitalis.com\/tunisie\/wp-content\/uploads\/2022\/08\/Cinematheque-FIFAK.jpg\",\"keywords\":[\"Cin\u00e9math\u00e8que tunisienne\",\"FIFAK 2022\",\"Tunisie\"],\"articleSection\":[\"CULTURE\",\"Tunisie\"],\"inLanguage\":\"fr-FR\",\"potentialAction\":[{\"@type\":\"CommentAction\",\"name\":\"Comment\",\"target\":[\"https:\/\/kapitalis.com\/tunisie\/2022\/08\/12\/le-programme-de-la-cinematheque-tunisienne-au-fifak\/#respond\"]}]},{\"@type\":\"WebPage\",\"@id\":\"https:\/\/kapitalis.com\/tunisie\/2022\/08\/12\/le-programme-de-la-cinematheque-tunisienne-au-fifak\/\",\"url\":\"https:\/\/kapitalis.com\/tunisie\/2022\/08\/12\/le-programme-de-la-cinematheque-tunisienne-au-fifak\/\",\"name\":\"Le programme de la Cin\u00e9math\u00e8que tunisienne au FIFAK - Kapitalis\",\"isPartOf\":{\"@id\":\"https:\/\/kapitalis.com\/tunisie\/#website\"},\"primaryImageOfPage\":{\"@id\":\"https:\/\/kapitalis.com\/tunisie\/2022\/08\/12\/le-programme-de-la-cinematheque-tunisienne-au-fifak\/#primaryimage\"},\"image\":{\"@id\":\"https:\/\/kapitalis.com\/tunisie\/2022\/08\/12\/le-programme-de-la-cinematheque-tunisienne-au-fifak\/#primaryimage\"},\"thumbnailUrl\":\"https:\/\/kapitalis.com\/tunisie\/wp-content\/uploads\/2022\/08\/Cinematheque-FIFAK.jpg\",\"datePublished\":\"2022-08-12T09:39:46+00:00\",\"dateModified\":\"2022-08-12T09:39:48+00:00\",\"breadcrumb\":{\"@id\":\"https:\/\/kapitalis.com\/tunisie\/2022\/08\/12\/le-programme-de-la-cinematheque-tunisienne-au-fifak\/#breadcrumb\"},\"inLanguage\":\"fr-FR\",\"potentialAction\":[{\"@type\":\"ReadAction\",\"target\":[\"https:\/\/kapitalis.com\/tunisie\/2022\/08\/12\/le-programme-de-la-cinematheque-tunisienne-au-fifak\/\"]}]},{\"@type\":\"ImageObject\",\"inLanguage\":\"fr-FR\",\"@id\":\"https:\/\/kapitalis.com\/tunisie\/2022\/08\/12\/le-programme-de-la-cinematheque-tunisienne-au-fifak\/#primaryimage\",\"url\":\"https:\/\/kapitalis.com\/tunisie\/wp-content\/uploads\/2022\/08\/Cinematheque-FIFAK.jpg\",\"contentUrl\":\"https:\/\/kapitalis.com\/tunisie\/wp-content\/uploads\/2022\/08\/Cinematheque-FIFAK.jpg\",\"width\":1200,\"height\":630},{\"@type\":\"BreadcrumbList\",\"@id\":\"https:\/\/kapitalis.com\/tunisie\/2022\/08\/12\/le-programme-de-la-cinematheque-tunisienne-au-fifak\/#breadcrumb\",\"itemListElement\":[{\"@type\":\"ListItem\",\"position\":1,\"name\":\"Accueil\",\"item\":\"https:\/\/kapitalis.com\/tunisie\/\"},{\"@type\":\"ListItem\",\"position\":2,\"name\":\"Le programme de la Cin\u00e9math\u00e8que tunisienne au FIFAK\"}]},{\"@type\":\"WebSite\",\"@id\":\"https:\/\/kapitalis.com\/tunisie\/#website\",\"url\":\"https:\/\/kapitalis.com\/tunisie\/\",\"name\":\"Kapitalis\",\"description\":\"L&#039;actualit\u00e9 en Tunisie et dans le monde\",\"publisher\":{\"@id\":\"https:\/\/kapitalis.com\/tunisie\/#organization\"},\"potentialAction\":[{\"@type\":\"SearchAction\",\"target\":{\"@type\":\"EntryPoint\",\"urlTemplate\":\"https:\/\/kapitalis.com\/tunisie\/?s={search_term_string}\"},\"query-input\":{\"@type\":\"PropertyValueSpecification\",\"valueRequired\":true,\"valueName\":\"search_term_string\"}}],\"inLanguage\":\"fr-FR\"},{\"@type\":\"Organization\",\"@id\":\"https:\/\/kapitalis.com\/tunisie\/#organization\",\"name\":\"Kapitalis\",\"url\":\"https:\/\/kapitalis.com\/tunisie\/\",\"logo\":{\"@type\":\"ImageObject\",\"inLanguage\":\"fr-FR\",\"@id\":\"https:\/\/kapitalis.com\/tunisie\/#\/schema\/logo\/image\/\",\"url\":\"https:\/\/kapitalis.com\/tunisie\/wp-content\/uploads\/2022\/05\/Kapitalis-big-size.png\",\"contentUrl\":\"https:\/\/kapitalis.com\/tunisie\/wp-content\/uploads\/2022\/05\/Kapitalis-big-size.png\",\"width\":5000,\"height\":1500,\"caption\":\"Kapitalis\"},\"image\":{\"@id\":\"https:\/\/kapitalis.com\/tunisie\/#\/schema\/logo\/image\/\"},\"sameAs\":[\"https:\/\/www.facebook.com\/KapitalisInfo\/\",\"https:\/\/x.com\/KapitalisInfo\",\"https:\/\/www.youtube.com\/channel\/UC-yDYrHyfFBWWZaOw3FPg9Q\"]},{\"@type\":\"Person\",\"@id\":\"https:\/\/kapitalis.com\/tunisie\/#\/schema\/person\/73a5ecc1f6ae540c6ed91342eadca948\",\"name\":\"Fawz BenAli\",\"url\":\"https:\/\/kapitalis.com\/tunisie\/author\/fawz\/\"}]}<\/script>\n<!-- \/ Yoast SEO plugin. -->","yoast_head_json":{"title":"Le programme de la Cin\u00e9math\u00e8que tunisienne au FIFAK - Kapitalis","robots":{"index":"index","follow":"follow","max-snippet":"max-snippet:-1","max-image-preview":"max-image-preview:large","max-video-preview":"max-video-preview:-1"},"canonical":"https:\/\/kapitalis.com\/tunisie\/2022\/08\/12\/le-programme-de-la-cinematheque-tunisienne-au-fifak\/","og_locale":"fr_FR","og_type":"article","og_title":"Le programme de la Cin\u00e9math\u00e8que tunisienne au FIFAK - Kapitalis","og_description":"La Cin\u00e9math\u00e8que tunisienne propose un programme parall\u00e8le dans le cadre de la 35e \u00e9dition du Festival international du Film Amateur de K\u00e9libia (FIFAK 2022) qui d\u00e9marre demain, samedi 13 ao\u00fbt.","og_url":"https:\/\/kapitalis.com\/tunisie\/2022\/08\/12\/le-programme-de-la-cinematheque-tunisienne-au-fifak\/","og_site_name":"Kapitalis","article_publisher":"https:\/\/www.facebook.com\/KapitalisInfo\/","article_published_time":"2022-08-12T09:39:46+00:00","article_modified_time":"2022-08-12T09:39:48+00:00","og_image":[{"width":1200,"height":630,"url":"https:\/\/kapitalis.com\/tunisie\/wp-content\/uploads\/2022\/08\/Cinematheque-FIFAK.jpg","type":"image\/jpeg"}],"author":"Fawz BenAli","twitter_card":"summary_large_image","twitter_creator":"@KapitalisInfo","twitter_site":"@KapitalisInfo","twitter_misc":{"\u00c9crit par":"Fawz BenAli","Dur\u00e9e de lecture estim\u00e9e":"1 minute"},"schema":{"@context":"https:\/\/schema.org","@graph":[{"@type":"Article","@id":"https:\/\/kapitalis.com\/tunisie\/2022\/08\/12\/le-programme-de-la-cinematheque-tunisienne-au-fifak\/#article","isPartOf":{"@id":"https:\/\/kapitalis.com\/tunisie\/2022\/08\/12\/le-programme-de-la-cinematheque-tunisienne-au-fifak\/"},"author":{"name":"Fawz BenAli","@id":"https:\/\/kapitalis.com\/tunisie\/#\/schema\/person\/73a5ecc1f6ae540c6ed91342eadca948"},"headline":"Le programme de la Cin\u00e9math\u00e8que tunisienne au FIFAK","datePublished":"2022-08-12T09:39:46+00:00","dateModified":"2022-08-12T09:39:48+00:00","mainEntityOfPage":{"@id":"https:\/\/kapitalis.com\/tunisie\/2022\/08\/12\/le-programme-de-la-cinematheque-tunisienne-au-fifak\/"},"wordCount":181,"commentCount":0,"publisher":{"@id":"https:\/\/kapitalis.com\/tunisie\/#organization"},"image":{"@id":"https:\/\/kapitalis.com\/tunisie\/2022\/08\/12\/le-programme-de-la-cinematheque-tunisienne-au-fifak\/#primaryimage"},"thumbnailUrl":"https:\/\/kapitalis.com\/tunisie\/wp-content\/uploads\/2022\/08\/Cinematheque-FIFAK.jpg","keywords":["Cin\u00e9math\u00e8que tunisienne","FIFAK 2022","Tunisie"],"articleSection":["CULTURE","Tunisie"],"inLanguage":"fr-FR","potentialAction":[{"@type":"CommentAction","name":"Comment","target":["https:\/\/kapitalis.com\/tunisie\/2022\/08\/12\/le-programme-de-la-cinematheque-tunisienne-au-fifak\/#respond"]}]},{"@type":"WebPage","@id":"https:\/\/kapitalis.com\/tunisie\/2022\/08\/12\/le-programme-de-la-cinematheque-tunisienne-au-fifak\/","url":"https:\/\/kapitalis.com\/tunisie\/2022\/08\/12\/le-programme-de-la-cinematheque-tunisienne-au-fifak\/","name":"Le programme de la Cin\u00e9math\u00e8que tunisienne au FIFAK - Kapitalis","isPartOf":{"@id":"https:\/\/kapitalis.com\/tunisie\/#website"},"primaryImageOfPage":{"@id":"https:\/\/kapitalis.com\/tunisie\/2022\/08\/12\/le-programme-de-la-cinematheque-tunisienne-au-fifak\/#primaryimage"},"image":{"@id":"https:\/\/kapitalis.com\/tunisie\/2022\/08\/12\/le-programme-de-la-cinematheque-tunisienne-au-fifak\/#primaryimage"},"thumbnailUrl":"https:\/\/kapitalis.com\/tunisie\/wp-content\/uploads\/2022\/08\/Cinematheque-FIFAK.jpg","datePublished":"2022-08-12T09:39:46+00:00","dateModified":"2022-08-12T09:39:48+00:00","breadcrumb":{"@id":"https:\/\/kapitalis.com\/tunisie\/2022\/08\/12\/le-programme-de-la-cinematheque-tunisienne-au-fifak\/#breadcrumb"},"inLanguage":"fr-FR","potentialAction":[{"@type":"ReadAction","target":["https:\/\/kapitalis.com\/tunisie\/2022\/08\/12\/le-programme-de-la-cinematheque-tunisienne-au-fifak\/"]}]},{"@type":"ImageObject","inLanguage":"fr-FR","@id":"https:\/\/kapitalis.com\/tunisie\/2022\/08\/12\/le-programme-de-la-cinematheque-tunisienne-au-fifak\/#primaryimage","url":"https:\/\/kapitalis.com\/tunisie\/wp-content\/uploads\/2022\/08\/Cinematheque-FIFAK.jpg","contentUrl":"https:\/\/kapitalis.com\/tunisie\/wp-content\/uploads\/2022\/08\/Cinematheque-FIFAK.jpg","width":1200,"height":630},{"@type":"BreadcrumbList","@id":"https:\/\/kapitalis.com\/tunisie\/2022\/08\/12\/le-programme-de-la-cinematheque-tunisienne-au-fifak\/#breadcrumb","itemListElement":[{"@type":"ListItem","position":1,"name":"Accueil","item":"https:\/\/kapitalis.com\/tunisie\/"},{"@type":"ListItem","position":2,"name":"Le programme de la Cin\u00e9math\u00e8que tunisienne au FIFAK"}]},{"@type":"WebSite","@id":"https:\/\/kapitalis.com\/tunisie\/#website","url":"https:\/\/kapitalis.com\/tunisie\/","name":"Kapitalis","description":"L&#039;actualit\u00e9 en Tunisie et dans le monde","publisher":{"@id":"https:\/\/kapitalis.com\/tunisie\/#organization"},"potentialAction":[{"@type":"SearchAction","target":{"@type":"EntryPoint","urlTemplate":"https:\/\/kapitalis.com\/tunisie\/?s={search_term_string}"},"query-input":{"@type":"PropertyValueSpecification","valueRequired":true,"valueName":"search_term_string"}}],"inLanguage":"fr-FR"},{"@type":"Organization","@id":"https:\/\/kapitalis.com\/tunisie\/#organization","name":"Kapitalis","url":"https:\/\/kapitalis.com\/tunisie\/","logo":{"@type":"ImageObject","inLanguage":"fr-FR","@id":"https:\/\/kapitalis.com\/tunisie\/#\/schema\/logo\/image\/","url":"https:\/\/kapitalis.com\/tunisie\/wp-content\/uploads\/2022\/05\/Kapitalis-big-size.png","contentUrl":"https:\/\/kapitalis.com\/tunisie\/wp-content\/uploads\/2022\/05\/Kapitalis-big-size.png","width":5000,"height":1500,"caption":"Kapitalis"},"image":{"@id":"https:\/\/kapitalis.com\/tunisie\/#\/schema\/logo\/image\/"},"sameAs":["https:\/\/www.facebook.com\/KapitalisInfo\/","https:\/\/x.com\/KapitalisInfo","https:\/\/www.youtube.com\/channel\/UC-yDYrHyfFBWWZaOw3FPg9Q"]},{"@type":"Person","@id":"https:\/\/kapitalis.com\/tunisie\/#\/schema\/person\/73a5ecc1f6ae540c6ed91342eadca948","name":"Fawz BenAli","url":"https:\/\/kapitalis.com\/tunisie\/author\/fawz\/"}]}},"_links":{"self":[{"href":"https:\/\/kapitalis.com\/tunisie\/wp-json\/wp\/v2\/posts\/2984027","targetHints":{"allow":["GET"]}}],"collection":[{"href":"https:\/\/kapitalis.com\/tunisie\/wp-json\/wp\/v2\/posts"}],"about":[{"href":"https:\/\/kapitalis.com\/tunisie\/wp-json\/wp\/v2\/types\/post"}],"author":[{"embeddable":true,"href":"https:\/\/kapitalis.com\/tunisie\/wp-json\/wp\/v2\/users\/26"}],"replies":[{"embeddable":true,"href":"https:\/\/kapitalis.com\/tunisie\/wp-json\/wp\/v2\/comments?post=2984027"}],"version-history":[{"count":0,"href":"https:\/\/kapitalis.com\/tunisie\/wp-json\/wp\/v2\/posts\/2984027\/revisions"}],"wp:featuredmedia":[{"embeddable":true,"href":"https:\/\/kapitalis.com\/tunisie\/wp-json\/wp\/v2\/media\/2985408"}],"wp:attachment":[{"href":"https:\/\/kapitalis.com\/tunisie\/wp-json\/wp\/v2\/media?parent=2984027"}],"wp:term":[{"taxonomy":"category","embeddable":true,"href":"https:\/\/kapitalis.com\/tunisie\/wp-json\/wp\/v2\/categories?post=2984027"},{"taxonomy":"post_tag","embeddable":true,"href":"https:\/\/kapitalis.com\/tunisie\/wp-json\/wp\/v2\/tags?post=2984027"}],"curies":[{"name":"wp","href":"https:\/\/api.w.org\/{rel}","templated":true}]}}