{"id":298748,"date":"2020-05-13T09:34:32","date_gmt":"2020-05-13T08:34:32","guid":{"rendered":"http:\/\/kapitalis.com\/tunisie\/?p=298748"},"modified":"2020-05-13T11:55:29","modified_gmt":"2020-05-13T10:55:29","slug":"tunis-incendie-survenu-aux-friperies-de-la-hafsia","status":"publish","type":"post","link":"https:\/\/kapitalis.com\/tunisie\/2020\/05\/13\/tunis-incendie-survenu-aux-friperies-de-la-hafsia\/","title":{"rendered":"Tunis : Incendie survenu aux friperies de La Hafsia"},"content":{"rendered":"\n<figure class=\"wp-block-image size-large\"><img decoding=\"async\" src=\"http:\/\/kapitalis.com\/tunisie\/wp-content\/uploads\/2020\/05\/incendie-hafsia.jpg\" alt=\"\" class=\"wp-image-298750\"\/><\/figure>\n\n\n\n<p><em><strong>Un incendie s&rsquo;est d\u00e9clar\u00e9 t\u00f4t ce matin, mercredi 13 mai 2020, aux friperies de La Hafsia (\u00e0 Tunis). Un jour seulement avant la date pr\u00e9vue de leur r\u00e9ouverture, dans le cadre du d\u00e9confinement progressif mis en place par la Tunisie.<\/strong><\/em><\/p>\n\n\n\n<!--more-->\n\n\n\n<p>Les unit\u00e9s de la protection civile ont, par ailleurs, r\u00e9ussi \u00e0 \u00e9teindre le feu. Cependant, les d\u00e9g\u00e2ts mat\u00e9riels enregistr\u00e9s ont \u00e9t\u00e9 tr\u00e8s frustrants pour les commer\u00e7ants, dont certains croient \u00e0 un acte criminel pr\u00e9m\u00e9dit\u00e9. <\/p>\n\n\n\n<p class=\"has-text-align-right\"><strong>C. B. Y.<\/strong><\/p>\n","protected":false},"excerpt":{"rendered":"<p>Un incendie s&rsquo;est d\u00e9clar\u00e9 t\u00f4t ce matin, mercredi 13 mai 2020, aux friperies de La Hafsia (\u00e0 Tunis). Un jour seulement avant la date pr\u00e9vue de leur r\u00e9ouverture, dans le cadre du d\u00e9confinement progressif mis en place par la Tunisie.<\/p>\n","protected":false},"author":24,"featured_media":298750,"comment_status":"open","ping_status":"open","sticky":false,"template":"","format":"standard","meta":{"footnotes":""},"categories":[998,2433],"tags":[78746],"class_list":["post-298748","post","type-post","status-publish","format-standard","has-post-thumbnail","hentry","category-societe","category-tunisie","tag-la-hafsia"],"yoast_head":"<!-- This site is optimized with the Yoast SEO plugin v26.6 - https:\/\/yoast.com\/wordpress\/plugins\/seo\/ -->\n<title>Tunis : Incendie survenu aux friperies de La Hafsia - Kapitalis<\/title>\n<meta name=\"robots\" content=\"index, follow, max-snippet:-1, max-image-preview:large, max-video-preview:-1\" \/>\n<link rel=\"canonical\" href=\"https:\/\/kapitalis.com\/tunisie\/2020\/05\/13\/tunis-incendie-survenu-aux-friperies-de-la-hafsia\/\" \/>\n<meta property=\"og:locale\" content=\"fr_FR\" \/>\n<meta property=\"og:type\" content=\"article\" \/>\n<meta property=\"og:title\" content=\"Tunis : Incendie survenu aux friperies de La Hafsia - Kapitalis\" \/>\n<meta property=\"og:description\" content=\"Un incendie s&rsquo;est d\u00e9clar\u00e9 t\u00f4t ce matin, mercredi 13 mai 2020, aux friperies de La Hafsia (\u00e0 Tunis). Un jour seulement avant la date pr\u00e9vue de leur r\u00e9ouverture, dans le cadre du d\u00e9confinement progressif mis en place par la Tunisie.\" \/>\n<meta property=\"og:url\" content=\"https:\/\/kapitalis.com\/tunisie\/2020\/05\/13\/tunis-incendie-survenu-aux-friperies-de-la-hafsia\/\" \/>\n<meta property=\"og:site_name\" content=\"Kapitalis\" \/>\n<meta property=\"article:publisher\" content=\"https:\/\/www.facebook.com\/KapitalisInfo\/\" \/>\n<meta property=\"article:published_time\" content=\"2020-05-13T08:34:32+00:00\" \/>\n<meta property=\"article:modified_time\" content=\"2020-05-13T10:55:29+00:00\" \/>\n<meta property=\"og:image\" content=\"https:\/\/kapitalis.com\/tunisie\/wp-content\/uploads\/2022\/05\/kapitalis-logo-fb.png\" \/>\n\t<meta property=\"og:image:width\" content=\"1200\" \/>\n\t<meta property=\"og:image:height\" content=\"630\" \/>\n\t<meta property=\"og:image:type\" content=\"image\/png\" \/>\n<meta name=\"author\" content=\"Cherif Benyounes\" \/>\n<meta name=\"twitter:card\" content=\"summary_large_image\" \/>\n<meta name=\"twitter:creator\" content=\"@KapitalisInfo\" \/>\n<meta name=\"twitter:site\" content=\"@KapitalisInfo\" \/>\n<meta name=\"twitter:label1\" content=\"\u00c9crit par\" \/>\n\t<meta name=\"twitter:data1\" content=\"Cherif Benyounes\" \/>\n<script type=\"application\/ld+json\" class=\"yoast-schema-graph\">{\"@context\":\"https:\/\/schema.org\",\"@graph\":[{\"@type\":\"Article\",\"@id\":\"https:\/\/kapitalis.com\/tunisie\/2020\/05\/13\/tunis-incendie-survenu-aux-friperies-de-la-hafsia\/#article\",\"isPartOf\":{\"@id\":\"https:\/\/kapitalis.com\/tunisie\/2020\/05\/13\/tunis-incendie-survenu-aux-friperies-de-la-hafsia\/\"},\"author\":{\"name\":\"Cherif Benyounes\",\"@id\":\"https:\/\/kapitalis.com\/tunisie\/#\/schema\/person\/b35b8d631961131107263178aeb8019e\"},\"headline\":\"Tunis : Incendie survenu aux friperies de La Hafsia\",\"datePublished\":\"2020-05-13T08:34:32+00:00\",\"dateModified\":\"2020-05-13T10:55:29+00:00\",\"mainEntityOfPage\":{\"@id\":\"https:\/\/kapitalis.com\/tunisie\/2020\/05\/13\/tunis-incendie-survenu-aux-friperies-de-la-hafsia\/\"},\"wordCount\":95,\"commentCount\":1,\"publisher\":{\"@id\":\"https:\/\/kapitalis.com\/tunisie\/#organization\"},\"image\":{\"@id\":\"https:\/\/kapitalis.com\/tunisie\/2020\/05\/13\/tunis-incendie-survenu-aux-friperies-de-la-hafsia\/#primaryimage\"},\"thumbnailUrl\":\"\",\"keywords\":[\"la hafsia\"],\"articleSection\":[\"SOCIETE\",\"Tunisie\"],\"inLanguage\":\"fr-FR\",\"potentialAction\":[{\"@type\":\"CommentAction\",\"name\":\"Comment\",\"target\":[\"https:\/\/kapitalis.com\/tunisie\/2020\/05\/13\/tunis-incendie-survenu-aux-friperies-de-la-hafsia\/#respond\"]}]},{\"@type\":\"WebPage\",\"@id\":\"https:\/\/kapitalis.com\/tunisie\/2020\/05\/13\/tunis-incendie-survenu-aux-friperies-de-la-hafsia\/\",\"url\":\"https:\/\/kapitalis.com\/tunisie\/2020\/05\/13\/tunis-incendie-survenu-aux-friperies-de-la-hafsia\/\",\"name\":\"Tunis : Incendie survenu aux friperies de La Hafsia - Kapitalis\",\"isPartOf\":{\"@id\":\"https:\/\/kapitalis.com\/tunisie\/#website\"},\"primaryImageOfPage\":{\"@id\":\"https:\/\/kapitalis.com\/tunisie\/2020\/05\/13\/tunis-incendie-survenu-aux-friperies-de-la-hafsia\/#primaryimage\"},\"image\":{\"@id\":\"https:\/\/kapitalis.com\/tunisie\/2020\/05\/13\/tunis-incendie-survenu-aux-friperies-de-la-hafsia\/#primaryimage\"},\"thumbnailUrl\":\"\",\"datePublished\":\"2020-05-13T08:34:32+00:00\",\"dateModified\":\"2020-05-13T10:55:29+00:00\",\"breadcrumb\":{\"@id\":\"https:\/\/kapitalis.com\/tunisie\/2020\/05\/13\/tunis-incendie-survenu-aux-friperies-de-la-hafsia\/#breadcrumb\"},\"inLanguage\":\"fr-FR\",\"potentialAction\":[{\"@type\":\"ReadAction\",\"target\":[\"https:\/\/kapitalis.com\/tunisie\/2020\/05\/13\/tunis-incendie-survenu-aux-friperies-de-la-hafsia\/\"]}]},{\"@type\":\"ImageObject\",\"inLanguage\":\"fr-FR\",\"@id\":\"https:\/\/kapitalis.com\/tunisie\/2020\/05\/13\/tunis-incendie-survenu-aux-friperies-de-la-hafsia\/#primaryimage\",\"url\":\"\",\"contentUrl\":\"\"},{\"@type\":\"BreadcrumbList\",\"@id\":\"https:\/\/kapitalis.com\/tunisie\/2020\/05\/13\/tunis-incendie-survenu-aux-friperies-de-la-hafsia\/#breadcrumb\",\"itemListElement\":[{\"@type\":\"ListItem\",\"position\":1,\"name\":\"Accueil\",\"item\":\"https:\/\/kapitalis.com\/tunisie\/\"},{\"@type\":\"ListItem\",\"position\":2,\"name\":\"Tunis : Incendie survenu aux friperies de La Hafsia\"}]},{\"@type\":\"WebSite\",\"@id\":\"https:\/\/kapitalis.com\/tunisie\/#website\",\"url\":\"https:\/\/kapitalis.com\/tunisie\/\",\"name\":\"Kapitalis\",\"description\":\"L&#039;actualit\u00e9 en Tunisie et dans le monde\",\"publisher\":{\"@id\":\"https:\/\/kapitalis.com\/tunisie\/#organization\"},\"potentialAction\":[{\"@type\":\"SearchAction\",\"target\":{\"@type\":\"EntryPoint\",\"urlTemplate\":\"https:\/\/kapitalis.com\/tunisie\/?s={search_term_string}\"},\"query-input\":{\"@type\":\"PropertyValueSpecification\",\"valueRequired\":true,\"valueName\":\"search_term_string\"}}],\"inLanguage\":\"fr-FR\"},{\"@type\":\"Organization\",\"@id\":\"https:\/\/kapitalis.com\/tunisie\/#organization\",\"name\":\"Kapitalis\",\"url\":\"https:\/\/kapitalis.com\/tunisie\/\",\"logo\":{\"@type\":\"ImageObject\",\"inLanguage\":\"fr-FR\",\"@id\":\"https:\/\/kapitalis.com\/tunisie\/#\/schema\/logo\/image\/\",\"url\":\"https:\/\/kapitalis.com\/tunisie\/wp-content\/uploads\/2022\/05\/Kapitalis-big-size.png\",\"contentUrl\":\"https:\/\/kapitalis.com\/tunisie\/wp-content\/uploads\/2022\/05\/Kapitalis-big-size.png\",\"width\":5000,\"height\":1500,\"caption\":\"Kapitalis\"},\"image\":{\"@id\":\"https:\/\/kapitalis.com\/tunisie\/#\/schema\/logo\/image\/\"},\"sameAs\":[\"https:\/\/www.facebook.com\/KapitalisInfo\/\",\"https:\/\/x.com\/KapitalisInfo\",\"https:\/\/www.youtube.com\/channel\/UC-yDYrHyfFBWWZaOw3FPg9Q\"]},{\"@type\":\"Person\",\"@id\":\"https:\/\/kapitalis.com\/tunisie\/#\/schema\/person\/b35b8d631961131107263178aeb8019e\",\"name\":\"Cherif Benyounes\",\"url\":\"https:\/\/kapitalis.com\/tunisie\/author\/cherif\/\"}]}<\/script>\n<!-- \/ Yoast SEO plugin. -->","yoast_head_json":{"title":"Tunis : Incendie survenu aux friperies de La Hafsia - Kapitalis","robots":{"index":"index","follow":"follow","max-snippet":"max-snippet:-1","max-image-preview":"max-image-preview:large","max-video-preview":"max-video-preview:-1"},"canonical":"https:\/\/kapitalis.com\/tunisie\/2020\/05\/13\/tunis-incendie-survenu-aux-friperies-de-la-hafsia\/","og_locale":"fr_FR","og_type":"article","og_title":"Tunis : Incendie survenu aux friperies de La Hafsia - Kapitalis","og_description":"Un incendie s&rsquo;est d\u00e9clar\u00e9 t\u00f4t ce matin, mercredi 13 mai 2020, aux friperies de La Hafsia (\u00e0 Tunis). Un jour seulement avant la date pr\u00e9vue de leur r\u00e9ouverture, dans le cadre du d\u00e9confinement progressif mis en place par la Tunisie.","og_url":"https:\/\/kapitalis.com\/tunisie\/2020\/05\/13\/tunis-incendie-survenu-aux-friperies-de-la-hafsia\/","og_site_name":"Kapitalis","article_publisher":"https:\/\/www.facebook.com\/KapitalisInfo\/","article_published_time":"2020-05-13T08:34:32+00:00","article_modified_time":"2020-05-13T10:55:29+00:00","og_image":[{"width":1200,"height":630,"url":"https:\/\/kapitalis.com\/tunisie\/wp-content\/uploads\/2022\/05\/kapitalis-logo-fb.png","type":"image\/png"}],"author":"Cherif Benyounes","twitter_card":"summary_large_image","twitter_creator":"@KapitalisInfo","twitter_site":"@KapitalisInfo","twitter_misc":{"\u00c9crit par":"Cherif Benyounes"},"schema":{"@context":"https:\/\/schema.org","@graph":[{"@type":"Article","@id":"https:\/\/kapitalis.com\/tunisie\/2020\/05\/13\/tunis-incendie-survenu-aux-friperies-de-la-hafsia\/#article","isPartOf":{"@id":"https:\/\/kapitalis.com\/tunisie\/2020\/05\/13\/tunis-incendie-survenu-aux-friperies-de-la-hafsia\/"},"author":{"name":"Cherif Benyounes","@id":"https:\/\/kapitalis.com\/tunisie\/#\/schema\/person\/b35b8d631961131107263178aeb8019e"},"headline":"Tunis : Incendie survenu aux friperies de La Hafsia","datePublished":"2020-05-13T08:34:32+00:00","dateModified":"2020-05-13T10:55:29+00:00","mainEntityOfPage":{"@id":"https:\/\/kapitalis.com\/tunisie\/2020\/05\/13\/tunis-incendie-survenu-aux-friperies-de-la-hafsia\/"},"wordCount":95,"commentCount":1,"publisher":{"@id":"https:\/\/kapitalis.com\/tunisie\/#organization"},"image":{"@id":"https:\/\/kapitalis.com\/tunisie\/2020\/05\/13\/tunis-incendie-survenu-aux-friperies-de-la-hafsia\/#primaryimage"},"thumbnailUrl":"","keywords":["la hafsia"],"articleSection":["SOCIETE","Tunisie"],"inLanguage":"fr-FR","potentialAction":[{"@type":"CommentAction","name":"Comment","target":["https:\/\/kapitalis.com\/tunisie\/2020\/05\/13\/tunis-incendie-survenu-aux-friperies-de-la-hafsia\/#respond"]}]},{"@type":"WebPage","@id":"https:\/\/kapitalis.com\/tunisie\/2020\/05\/13\/tunis-incendie-survenu-aux-friperies-de-la-hafsia\/","url":"https:\/\/kapitalis.com\/tunisie\/2020\/05\/13\/tunis-incendie-survenu-aux-friperies-de-la-hafsia\/","name":"Tunis : Incendie survenu aux friperies de La Hafsia - Kapitalis","isPartOf":{"@id":"https:\/\/kapitalis.com\/tunisie\/#website"},"primaryImageOfPage":{"@id":"https:\/\/kapitalis.com\/tunisie\/2020\/05\/13\/tunis-incendie-survenu-aux-friperies-de-la-hafsia\/#primaryimage"},"image":{"@id":"https:\/\/kapitalis.com\/tunisie\/2020\/05\/13\/tunis-incendie-survenu-aux-friperies-de-la-hafsia\/#primaryimage"},"thumbnailUrl":"","datePublished":"2020-05-13T08:34:32+00:00","dateModified":"2020-05-13T10:55:29+00:00","breadcrumb":{"@id":"https:\/\/kapitalis.com\/tunisie\/2020\/05\/13\/tunis-incendie-survenu-aux-friperies-de-la-hafsia\/#breadcrumb"},"inLanguage":"fr-FR","potentialAction":[{"@type":"ReadAction","target":["https:\/\/kapitalis.com\/tunisie\/2020\/05\/13\/tunis-incendie-survenu-aux-friperies-de-la-hafsia\/"]}]},{"@type":"ImageObject","inLanguage":"fr-FR","@id":"https:\/\/kapitalis.com\/tunisie\/2020\/05\/13\/tunis-incendie-survenu-aux-friperies-de-la-hafsia\/#primaryimage","url":"","contentUrl":""},{"@type":"BreadcrumbList","@id":"https:\/\/kapitalis.com\/tunisie\/2020\/05\/13\/tunis-incendie-survenu-aux-friperies-de-la-hafsia\/#breadcrumb","itemListElement":[{"@type":"ListItem","position":1,"name":"Accueil","item":"https:\/\/kapitalis.com\/tunisie\/"},{"@type":"ListItem","position":2,"name":"Tunis : Incendie survenu aux friperies de La Hafsia"}]},{"@type":"WebSite","@id":"https:\/\/kapitalis.com\/tunisie\/#website","url":"https:\/\/kapitalis.com\/tunisie\/","name":"Kapitalis","description":"L&#039;actualit\u00e9 en Tunisie et dans le monde","publisher":{"@id":"https:\/\/kapitalis.com\/tunisie\/#organization"},"potentialAction":[{"@type":"SearchAction","target":{"@type":"EntryPoint","urlTemplate":"https:\/\/kapitalis.com\/tunisie\/?s={search_term_string}"},"query-input":{"@type":"PropertyValueSpecification","valueRequired":true,"valueName":"search_term_string"}}],"inLanguage":"fr-FR"},{"@type":"Organization","@id":"https:\/\/kapitalis.com\/tunisie\/#organization","name":"Kapitalis","url":"https:\/\/kapitalis.com\/tunisie\/","logo":{"@type":"ImageObject","inLanguage":"fr-FR","@id":"https:\/\/kapitalis.com\/tunisie\/#\/schema\/logo\/image\/","url":"https:\/\/kapitalis.com\/tunisie\/wp-content\/uploads\/2022\/05\/Kapitalis-big-size.png","contentUrl":"https:\/\/kapitalis.com\/tunisie\/wp-content\/uploads\/2022\/05\/Kapitalis-big-size.png","width":5000,"height":1500,"caption":"Kapitalis"},"image":{"@id":"https:\/\/kapitalis.com\/tunisie\/#\/schema\/logo\/image\/"},"sameAs":["https:\/\/www.facebook.com\/KapitalisInfo\/","https:\/\/x.com\/KapitalisInfo","https:\/\/www.youtube.com\/channel\/UC-yDYrHyfFBWWZaOw3FPg9Q"]},{"@type":"Person","@id":"https:\/\/kapitalis.com\/tunisie\/#\/schema\/person\/b35b8d631961131107263178aeb8019e","name":"Cherif Benyounes","url":"https:\/\/kapitalis.com\/tunisie\/author\/cherif\/"}]}},"_links":{"self":[{"href":"https:\/\/kapitalis.com\/tunisie\/wp-json\/wp\/v2\/posts\/298748","targetHints":{"allow":["GET"]}}],"collection":[{"href":"https:\/\/kapitalis.com\/tunisie\/wp-json\/wp\/v2\/posts"}],"about":[{"href":"https:\/\/kapitalis.com\/tunisie\/wp-json\/wp\/v2\/types\/post"}],"author":[{"embeddable":true,"href":"https:\/\/kapitalis.com\/tunisie\/wp-json\/wp\/v2\/users\/24"}],"replies":[{"embeddable":true,"href":"https:\/\/kapitalis.com\/tunisie\/wp-json\/wp\/v2\/comments?post=298748"}],"version-history":[{"count":0,"href":"https:\/\/kapitalis.com\/tunisie\/wp-json\/wp\/v2\/posts\/298748\/revisions"}],"wp:featuredmedia":[{"embeddable":true,"href":"https:\/\/kapitalis.com\/tunisie\/wp-json\/wp\/v2\/media\/298750"}],"wp:attachment":[{"href":"https:\/\/kapitalis.com\/tunisie\/wp-json\/wp\/v2\/media?parent=298748"}],"wp:term":[{"taxonomy":"category","embeddable":true,"href":"https:\/\/kapitalis.com\/tunisie\/wp-json\/wp\/v2\/categories?post=298748"},{"taxonomy":"post_tag","embeddable":true,"href":"https:\/\/kapitalis.com\/tunisie\/wp-json\/wp\/v2\/tags?post=298748"}],"curies":[{"name":"wp","href":"https:\/\/api.w.org\/{rel}","templated":true}]}}