{"id":299740,"date":"2020-05-19T18:44:00","date_gmt":"2020-05-19T17:44:00","guid":{"rendered":"http:\/\/kapitalis.com\/tunisie\/?p=299740"},"modified":"2020-05-20T06:51:56","modified_gmt":"2020-05-20T05:51:56","slug":"al-jomhouri-rend-hommage-a-maya-jribi-a-loccasion-du-2e-anniversaire-de-son-deces-photos-video","status":"publish","type":"post","link":"https:\/\/kapitalis.com\/tunisie\/2020\/05\/19\/al-jomhouri-rend-hommage-a-maya-jribi-a-loccasion-du-2e-anniversaire-de-son-deces-photos-video\/","title":{"rendered":"Al-Jomhouri rend hommage \u00e0 Maya Jribi, \u00e0 l&rsquo;occasion du 2e anniversaire de son d\u00e9c\u00e8s (Photos &#038; Vid\u00e9o)"},"content":{"rendered":"\n<figure class=\"wp-block-image size-large\"><img decoding=\"async\" src=\"http:\/\/kapitalis.com\/tunisie\/wp-content\/uploads\/2020\/05\/Maya-Jribi.jpg\" alt=\"\" class=\"wp-image-299746\"\/><\/figure>\n\n\n\n<p><strong><em>Maya Jribi, constituante et ex-secr\u00e9taire g\u00e9n\u00e9rale du Parti r\u00e9publicain (Al-Jomhouri) est d\u00e9c\u00e9d\u00e9e il y a 2 ans, jour pour jour, \u00e0 l&rsquo;\u00e2ge de 58 ans, apr\u00e8s un long combat contre la maladie. Hommage \u00e0 une militante, qui a consacr\u00e9 sa vie \u00e0 d\u00e9fendre les droits et les libert\u00e9s.<\/em><\/strong><\/p>\n\n\n\n<!--more-->\n\n\n\n<p>Les dirigeants d&rsquo;Al-Jomhouri ont organis\u00e9 aujourd&rsquo;hui, mardi 19 mai 2020, une c\u00e9r\u00e9monie de recueillement au cimeti\u00e8re Jellaz de Tunis, \u00e0 l&rsquo;occasion de la comm\u00e9moration du 2e anniversaire de la mort de l&rsquo;une de ses plus braves militantes contre la dictature de Ben Ali, partie trop t\u00f4t mais qui a laiss\u00e9 un souvenir vivace chez tous ceux et toutes celles qui l&rsquo;ont connue et c\u00f4toy\u00e9e.<\/p>\n\n\n\n<p>Le parti a \u00e9galement annonc\u00e9 le lancement, aujourd&rsquo;hui, d&rsquo;une web radio au nom de Maya Jribi, <em>\u00abla militante historique, pour que son nom demeure ancr\u00e9 dans la m\u00e9moire collective, et en reconnaissance \u00e0 son engagement, son d\u00e9vouement et ses sacrifices<\/em>\u00bb.<\/p>\n\n\n\n<figure class=\"wp-block-embed-facebook wp-block-embed is-type-video is-provider-facebook\"><div class=\"wp-block-embed__wrapper\">\nhttps:\/\/www.facebook.com\/AljoumhouriOfficiel\/videos\/170840664331988\/UzpfSTE4OTE2MjgyNzc3MzcwMjozMDcyOTY0NTg5MzkzNDk3\/\n<\/div><\/figure>\n\n\n\n<p>N\u00e9e \u00e0 Bou Arada (Siliana) en janvier 1960, Maya Jeribi, biologiste de son \u00e9tat, qui a v\u00e9cu \u00e0 Rad\u00e8s (sud de Tunis), a commenc\u00e9 ses premi\u00e8res luttes pour la libert\u00e9 en int\u00e9grant dans les ann\u00e9es 1980, l\u2019Union g\u00e9n\u00e9rale des \u00e9tudiants de Tunisie (Uget), puis la Ligue tunisienne des droits de l&rsquo;homme (LTDH).<\/p>\n\n\n\n<p>En 1983, elle avait, co-fond\u00e9 avec Ahmed Nejib Chebbi, son compagnon de combat, le Parti socialiste progressiste (PSP), devenu en 1990, le Parti d\u00e9mocrate progressiste (PDP).<\/p>\n\n\n\n<figure class=\"wp-block-gallery columns-2 is-cropped wp-block-gallery-1 is-layout-flex wp-block-gallery-is-layout-flex\"><ul class=\"blocks-gallery-grid\"><li class=\"blocks-gallery-item\"><figure><img decoding=\"async\" src=\"http:\/\/kapitalis.com\/tunisie\/wp-content\/uploads\/2020\/05\/Maya6.jpg\" alt=\"\" data-id=\"299747\" data-full-url=\"http:\/\/kapitalis.com\/tunisie\/wp-content\/uploads\/2020\/05\/Maya6.jpg\" data-link=\"http:\/\/kapitalis.com\/tunisie\/?attachment_id=299747\" class=\"wp-image-299747\"\/><\/figure><\/li><li class=\"blocks-gallery-item\"><figure><img decoding=\"async\" src=\"http:\/\/kapitalis.com\/tunisie\/wp-content\/uploads\/2020\/05\/Maya5.jpg\" alt=\"\" data-id=\"299748\" data-full-url=\"http:\/\/kapitalis.com\/tunisie\/wp-content\/uploads\/2020\/05\/Maya5.jpg\" data-link=\"http:\/\/kapitalis.com\/tunisie\/?attachment_id=299748\" class=\"wp-image-299748\"\/><\/figure><\/li><li class=\"blocks-gallery-item\"><figure><img decoding=\"async\" src=\"http:\/\/kapitalis.com\/tunisie\/wp-content\/uploads\/2020\/05\/Maya4.jpg\" alt=\"\" data-id=\"299749\" data-full-url=\"http:\/\/kapitalis.com\/tunisie\/wp-content\/uploads\/2020\/05\/Maya4.jpg\" data-link=\"http:\/\/kapitalis.com\/tunisie\/?attachment_id=299749\" class=\"wp-image-299749\"\/><\/figure><\/li><li class=\"blocks-gallery-item\"><figure><img decoding=\"async\" src=\"http:\/\/kapitalis.com\/tunisie\/wp-content\/uploads\/2020\/05\/Maya3.jpg\" alt=\"\" data-id=\"299750\" data-full-url=\"http:\/\/kapitalis.com\/tunisie\/wp-content\/uploads\/2020\/05\/Maya3.jpg\" data-link=\"http:\/\/kapitalis.com\/tunisie\/?attachment_id=299750\" class=\"wp-image-299750\"\/><\/figure><\/li><li class=\"blocks-gallery-item\"><figure><img decoding=\"async\" src=\"http:\/\/kapitalis.com\/tunisie\/wp-content\/uploads\/2020\/05\/Maya2.jpg\" alt=\"\" data-id=\"299751\" data-full-url=\"http:\/\/kapitalis.com\/tunisie\/wp-content\/uploads\/2020\/05\/Maya2.jpg\" data-link=\"http:\/\/kapitalis.com\/tunisie\/?attachment_id=299751\" class=\"wp-image-299751\"\/><\/figure><\/li><\/ul><\/figure>\n\n\n\n<p>Au lendemain de la chute de Ben Ali, apr\u00e8s la r\u00e9volution de janvier 2011, elle a \u00e9t\u00e9 \u00e9lue, sur une liste du PDP, membre de l&rsquo;Assembl\u00e9e nationale constituante (ANC). Elle y a jou\u00e9 un r\u00f4le majeur pour la d\u00e9fense des droits, des libert\u00e9s, de la femme et des principes d\u00e9mocratiques et progressistes. <\/p>\n\n\n\n<p>Maya Jribi \u00e9tait aussi et surtout une fervente opposante \u00e0 l\u2019obscurantisme religieux, incarn\u00e9 par le parti islamiste Ennahdha, et elle s&rsquo;est toujours engag\u00e9e pour faire de la Tunisie un pays libre et d\u00e9mocratique.<\/p>\n\n\n\n<p class=\"has-text-align-right\"><strong>Y. N.<\/strong><\/p>\n","protected":false},"excerpt":{"rendered":"<p>Maya Jribi, constituante et ex-secr\u00e9taire g\u00e9n\u00e9rale du Parti r\u00e9publicain (Al-Jomhouri) est d\u00e9c\u00e9d\u00e9e il y a 2 ans, jour pour jour, \u00e0 l&rsquo;\u00e2ge de 58 ans, apr\u00e8s un long combat contre la maladie. Hommage \u00e0 une militante, qui a consacr\u00e9 sa vie \u00e0 d\u00e9fendre les droits et les libert\u00e9s.<\/p>\n","protected":false},"author":6,"featured_media":299746,"comment_status":"open","ping_status":"open","sticky":false,"template":"","format":"standard","meta":{"footnotes":""},"categories":[997,2433,4806],"tags":[6632,72,78965,5619,1289,541,4485,11520,19272],"class_list":["post-299740","post","type-post","status-publish","format-standard","has-post-thumbnail","hentry","category-politique","category-tunisie","category-videos","tag-al-jomhouri","tag-anc","tag-constituante","tag-droits","tag-femme","tag-liberte","tag-maya-jribi","tag-militante","tag-parti-republicain"],"yoast_head":"<!-- This site is optimized with the Yoast SEO plugin v26.6 - https:\/\/yoast.com\/wordpress\/plugins\/seo\/ -->\n<title>Al-Jomhouri rend hommage \u00e0 Maya Jribi, \u00e0 l&#039;occasion du 2e anniversaire de son d\u00e9c\u00e8s (Photos &amp; Vid\u00e9o) - Kapitalis<\/title>\n<meta name=\"robots\" content=\"index, follow, max-snippet:-1, max-image-preview:large, max-video-preview:-1\" \/>\n<link rel=\"canonical\" href=\"https:\/\/kapitalis.com\/tunisie\/2020\/05\/19\/al-jomhouri-rend-hommage-a-maya-jribi-a-loccasion-du-2e-anniversaire-de-son-deces-photos-video\/\" \/>\n<meta property=\"og:locale\" content=\"fr_FR\" \/>\n<meta property=\"og:type\" content=\"article\" \/>\n<meta property=\"og:title\" content=\"Al-Jomhouri rend hommage \u00e0 Maya Jribi, \u00e0 l&#039;occasion du 2e anniversaire de son d\u00e9c\u00e8s (Photos &amp; Vid\u00e9o) - Kapitalis\" \/>\n<meta property=\"og:description\" content=\"Maya Jribi, constituante et ex-secr\u00e9taire g\u00e9n\u00e9rale du Parti r\u00e9publicain (Al-Jomhouri) est d\u00e9c\u00e9d\u00e9e il y a 2 ans, jour pour jour, \u00e0 l&rsquo;\u00e2ge de 58 ans, apr\u00e8s un long combat contre la maladie. Hommage \u00e0 une militante, qui a consacr\u00e9 sa vie \u00e0 d\u00e9fendre les droits et les libert\u00e9s.\" \/>\n<meta property=\"og:url\" content=\"https:\/\/kapitalis.com\/tunisie\/2020\/05\/19\/al-jomhouri-rend-hommage-a-maya-jribi-a-loccasion-du-2e-anniversaire-de-son-deces-photos-video\/\" \/>\n<meta property=\"og:site_name\" content=\"Kapitalis\" \/>\n<meta property=\"article:publisher\" content=\"https:\/\/www.facebook.com\/KapitalisInfo\/\" \/>\n<meta property=\"article:published_time\" content=\"2020-05-19T17:44:00+00:00\" \/>\n<meta property=\"article:modified_time\" content=\"2020-05-20T05:51:56+00:00\" \/>\n<meta property=\"og:image\" content=\"https:\/\/kapitalis.com\/tunisie\/wp-content\/uploads\/2022\/05\/kapitalis-logo-fb.png\" \/>\n\t<meta property=\"og:image:width\" content=\"1200\" \/>\n\t<meta property=\"og:image:height\" content=\"630\" \/>\n\t<meta property=\"og:image:type\" content=\"image\/png\" \/>\n<meta name=\"author\" content=\"Yusra NY\" \/>\n<meta name=\"twitter:card\" content=\"summary_large_image\" \/>\n<meta name=\"twitter:creator\" content=\"@KapitalisInfo\" \/>\n<meta name=\"twitter:site\" content=\"@KapitalisInfo\" \/>\n<meta name=\"twitter:label1\" content=\"\u00c9crit par\" \/>\n\t<meta name=\"twitter:data1\" content=\"Yusra NY\" \/>\n\t<meta name=\"twitter:label2\" content=\"Dur\u00e9e de lecture estim\u00e9e\" \/>\n\t<meta name=\"twitter:data2\" content=\"2 minutes\" \/>\n<script type=\"application\/ld+json\" class=\"yoast-schema-graph\">{\"@context\":\"https:\/\/schema.org\",\"@graph\":[{\"@type\":\"Article\",\"@id\":\"https:\/\/kapitalis.com\/tunisie\/2020\/05\/19\/al-jomhouri-rend-hommage-a-maya-jribi-a-loccasion-du-2e-anniversaire-de-son-deces-photos-video\/#article\",\"isPartOf\":{\"@id\":\"https:\/\/kapitalis.com\/tunisie\/2020\/05\/19\/al-jomhouri-rend-hommage-a-maya-jribi-a-loccasion-du-2e-anniversaire-de-son-deces-photos-video\/\"},\"author\":{\"name\":\"Yusra NY\",\"@id\":\"https:\/\/kapitalis.com\/tunisie\/#\/schema\/person\/74bbde0154d49d790a92aaeac5bc01d5\"},\"headline\":\"Al-Jomhouri rend hommage \u00e0 Maya Jribi, \u00e0 l&rsquo;occasion du 2e anniversaire de son d\u00e9c\u00e8s (Photos &#038; Vid\u00e9o)\",\"datePublished\":\"2020-05-19T17:44:00+00:00\",\"dateModified\":\"2020-05-20T05:51:56+00:00\",\"mainEntityOfPage\":{\"@id\":\"https:\/\/kapitalis.com\/tunisie\/2020\/05\/19\/al-jomhouri-rend-hommage-a-maya-jribi-a-loccasion-du-2e-anniversaire-de-son-deces-photos-video\/\"},\"wordCount\":369,\"commentCount\":1,\"publisher\":{\"@id\":\"https:\/\/kapitalis.com\/tunisie\/#organization\"},\"image\":{\"@id\":\"https:\/\/kapitalis.com\/tunisie\/2020\/05\/19\/al-jomhouri-rend-hommage-a-maya-jribi-a-loccasion-du-2e-anniversaire-de-son-deces-photos-video\/#primaryimage\"},\"thumbnailUrl\":\"\",\"keywords\":[\"Al-Jomhouri\",\"ANC\",\"constituante\",\"droits\",\"femme\",\"libert\u00e9\",\"Maya Jribi\",\"militante\",\"Parti r\u00e9publicain\"],\"articleSection\":[\"POLITIQUE\",\"Tunisie\",\"VIDEOS\"],\"inLanguage\":\"fr-FR\",\"potentialAction\":[{\"@type\":\"CommentAction\",\"name\":\"Comment\",\"target\":[\"https:\/\/kapitalis.com\/tunisie\/2020\/05\/19\/al-jomhouri-rend-hommage-a-maya-jribi-a-loccasion-du-2e-anniversaire-de-son-deces-photos-video\/#respond\"]}]},{\"@type\":\"WebPage\",\"@id\":\"https:\/\/kapitalis.com\/tunisie\/2020\/05\/19\/al-jomhouri-rend-hommage-a-maya-jribi-a-loccasion-du-2e-anniversaire-de-son-deces-photos-video\/\",\"url\":\"https:\/\/kapitalis.com\/tunisie\/2020\/05\/19\/al-jomhouri-rend-hommage-a-maya-jribi-a-loccasion-du-2e-anniversaire-de-son-deces-photos-video\/\",\"name\":\"Al-Jomhouri rend hommage \u00e0 Maya Jribi, \u00e0 l'occasion du 2e anniversaire de son d\u00e9c\u00e8s (Photos & Vid\u00e9o) - Kapitalis\",\"isPartOf\":{\"@id\":\"https:\/\/kapitalis.com\/tunisie\/#website\"},\"primaryImageOfPage\":{\"@id\":\"https:\/\/kapitalis.com\/tunisie\/2020\/05\/19\/al-jomhouri-rend-hommage-a-maya-jribi-a-loccasion-du-2e-anniversaire-de-son-deces-photos-video\/#primaryimage\"},\"image\":{\"@id\":\"https:\/\/kapitalis.com\/tunisie\/2020\/05\/19\/al-jomhouri-rend-hommage-a-maya-jribi-a-loccasion-du-2e-anniversaire-de-son-deces-photos-video\/#primaryimage\"},\"thumbnailUrl\":\"\",\"datePublished\":\"2020-05-19T17:44:00+00:00\",\"dateModified\":\"2020-05-20T05:51:56+00:00\",\"breadcrumb\":{\"@id\":\"https:\/\/kapitalis.com\/tunisie\/2020\/05\/19\/al-jomhouri-rend-hommage-a-maya-jribi-a-loccasion-du-2e-anniversaire-de-son-deces-photos-video\/#breadcrumb\"},\"inLanguage\":\"fr-FR\",\"potentialAction\":[{\"@type\":\"ReadAction\",\"target\":[\"https:\/\/kapitalis.com\/tunisie\/2020\/05\/19\/al-jomhouri-rend-hommage-a-maya-jribi-a-loccasion-du-2e-anniversaire-de-son-deces-photos-video\/\"]}]},{\"@type\":\"ImageObject\",\"inLanguage\":\"fr-FR\",\"@id\":\"https:\/\/kapitalis.com\/tunisie\/2020\/05\/19\/al-jomhouri-rend-hommage-a-maya-jribi-a-loccasion-du-2e-anniversaire-de-son-deces-photos-video\/#primaryimage\",\"url\":\"\",\"contentUrl\":\"\"},{\"@type\":\"BreadcrumbList\",\"@id\":\"https:\/\/kapitalis.com\/tunisie\/2020\/05\/19\/al-jomhouri-rend-hommage-a-maya-jribi-a-loccasion-du-2e-anniversaire-de-son-deces-photos-video\/#breadcrumb\",\"itemListElement\":[{\"@type\":\"ListItem\",\"position\":1,\"name\":\"Accueil\",\"item\":\"https:\/\/kapitalis.com\/tunisie\/\"},{\"@type\":\"ListItem\",\"position\":2,\"name\":\"Al-Jomhouri rend hommage \u00e0 Maya Jribi, \u00e0 l&rsquo;occasion du 2e anniversaire de son d\u00e9c\u00e8s (Photos &#038; Vid\u00e9o)\"}]},{\"@type\":\"WebSite\",\"@id\":\"https:\/\/kapitalis.com\/tunisie\/#website\",\"url\":\"https:\/\/kapitalis.com\/tunisie\/\",\"name\":\"Kapitalis\",\"description\":\"L&#039;actualit\u00e9 en Tunisie et dans le monde\",\"publisher\":{\"@id\":\"https:\/\/kapitalis.com\/tunisie\/#organization\"},\"potentialAction\":[{\"@type\":\"SearchAction\",\"target\":{\"@type\":\"EntryPoint\",\"urlTemplate\":\"https:\/\/kapitalis.com\/tunisie\/?s={search_term_string}\"},\"query-input\":{\"@type\":\"PropertyValueSpecification\",\"valueRequired\":true,\"valueName\":\"search_term_string\"}}],\"inLanguage\":\"fr-FR\"},{\"@type\":\"Organization\",\"@id\":\"https:\/\/kapitalis.com\/tunisie\/#organization\",\"name\":\"Kapitalis\",\"url\":\"https:\/\/kapitalis.com\/tunisie\/\",\"logo\":{\"@type\":\"ImageObject\",\"inLanguage\":\"fr-FR\",\"@id\":\"https:\/\/kapitalis.com\/tunisie\/#\/schema\/logo\/image\/\",\"url\":\"https:\/\/kapitalis.com\/tunisie\/wp-content\/uploads\/2022\/05\/Kapitalis-big-size.png\",\"contentUrl\":\"https:\/\/kapitalis.com\/tunisie\/wp-content\/uploads\/2022\/05\/Kapitalis-big-size.png\",\"width\":5000,\"height\":1500,\"caption\":\"Kapitalis\"},\"image\":{\"@id\":\"https:\/\/kapitalis.com\/tunisie\/#\/schema\/logo\/image\/\"},\"sameAs\":[\"https:\/\/www.facebook.com\/KapitalisInfo\/\",\"https:\/\/x.com\/KapitalisInfo\",\"https:\/\/www.youtube.com\/channel\/UC-yDYrHyfFBWWZaOw3FPg9Q\"]},{\"@type\":\"Person\",\"@id\":\"https:\/\/kapitalis.com\/tunisie\/#\/schema\/person\/74bbde0154d49d790a92aaeac5bc01d5\",\"name\":\"Yusra NY\",\"url\":\"https:\/\/kapitalis.com\/tunisie\/author\/yuza_adam\/\"}]}<\/script>\n<!-- \/ Yoast SEO plugin. -->","yoast_head_json":{"title":"Al-Jomhouri rend hommage \u00e0 Maya Jribi, \u00e0 l'occasion du 2e anniversaire de son d\u00e9c\u00e8s (Photos & Vid\u00e9o) - Kapitalis","robots":{"index":"index","follow":"follow","max-snippet":"max-snippet:-1","max-image-preview":"max-image-preview:large","max-video-preview":"max-video-preview:-1"},"canonical":"https:\/\/kapitalis.com\/tunisie\/2020\/05\/19\/al-jomhouri-rend-hommage-a-maya-jribi-a-loccasion-du-2e-anniversaire-de-son-deces-photos-video\/","og_locale":"fr_FR","og_type":"article","og_title":"Al-Jomhouri rend hommage \u00e0 Maya Jribi, \u00e0 l'occasion du 2e anniversaire de son d\u00e9c\u00e8s (Photos & Vid\u00e9o) - Kapitalis","og_description":"Maya Jribi, constituante et ex-secr\u00e9taire g\u00e9n\u00e9rale du Parti r\u00e9publicain (Al-Jomhouri) est d\u00e9c\u00e9d\u00e9e il y a 2 ans, jour pour jour, \u00e0 l&rsquo;\u00e2ge de 58 ans, apr\u00e8s un long combat contre la maladie. Hommage \u00e0 une militante, qui a consacr\u00e9 sa vie \u00e0 d\u00e9fendre les droits et les libert\u00e9s.","og_url":"https:\/\/kapitalis.com\/tunisie\/2020\/05\/19\/al-jomhouri-rend-hommage-a-maya-jribi-a-loccasion-du-2e-anniversaire-de-son-deces-photos-video\/","og_site_name":"Kapitalis","article_publisher":"https:\/\/www.facebook.com\/KapitalisInfo\/","article_published_time":"2020-05-19T17:44:00+00:00","article_modified_time":"2020-05-20T05:51:56+00:00","og_image":[{"width":1200,"height":630,"url":"https:\/\/kapitalis.com\/tunisie\/wp-content\/uploads\/2022\/05\/kapitalis-logo-fb.png","type":"image\/png"}],"author":"Yusra NY","twitter_card":"summary_large_image","twitter_creator":"@KapitalisInfo","twitter_site":"@KapitalisInfo","twitter_misc":{"\u00c9crit par":"Yusra NY","Dur\u00e9e de lecture estim\u00e9e":"2 minutes"},"schema":{"@context":"https:\/\/schema.org","@graph":[{"@type":"Article","@id":"https:\/\/kapitalis.com\/tunisie\/2020\/05\/19\/al-jomhouri-rend-hommage-a-maya-jribi-a-loccasion-du-2e-anniversaire-de-son-deces-photos-video\/#article","isPartOf":{"@id":"https:\/\/kapitalis.com\/tunisie\/2020\/05\/19\/al-jomhouri-rend-hommage-a-maya-jribi-a-loccasion-du-2e-anniversaire-de-son-deces-photos-video\/"},"author":{"name":"Yusra NY","@id":"https:\/\/kapitalis.com\/tunisie\/#\/schema\/person\/74bbde0154d49d790a92aaeac5bc01d5"},"headline":"Al-Jomhouri rend hommage \u00e0 Maya Jribi, \u00e0 l&rsquo;occasion du 2e anniversaire de son d\u00e9c\u00e8s (Photos &#038; Vid\u00e9o)","datePublished":"2020-05-19T17:44:00+00:00","dateModified":"2020-05-20T05:51:56+00:00","mainEntityOfPage":{"@id":"https:\/\/kapitalis.com\/tunisie\/2020\/05\/19\/al-jomhouri-rend-hommage-a-maya-jribi-a-loccasion-du-2e-anniversaire-de-son-deces-photos-video\/"},"wordCount":369,"commentCount":1,"publisher":{"@id":"https:\/\/kapitalis.com\/tunisie\/#organization"},"image":{"@id":"https:\/\/kapitalis.com\/tunisie\/2020\/05\/19\/al-jomhouri-rend-hommage-a-maya-jribi-a-loccasion-du-2e-anniversaire-de-son-deces-photos-video\/#primaryimage"},"thumbnailUrl":"","keywords":["Al-Jomhouri","ANC","constituante","droits","femme","libert\u00e9","Maya Jribi","militante","Parti r\u00e9publicain"],"articleSection":["POLITIQUE","Tunisie","VIDEOS"],"inLanguage":"fr-FR","potentialAction":[{"@type":"CommentAction","name":"Comment","target":["https:\/\/kapitalis.com\/tunisie\/2020\/05\/19\/al-jomhouri-rend-hommage-a-maya-jribi-a-loccasion-du-2e-anniversaire-de-son-deces-photos-video\/#respond"]}]},{"@type":"WebPage","@id":"https:\/\/kapitalis.com\/tunisie\/2020\/05\/19\/al-jomhouri-rend-hommage-a-maya-jribi-a-loccasion-du-2e-anniversaire-de-son-deces-photos-video\/","url":"https:\/\/kapitalis.com\/tunisie\/2020\/05\/19\/al-jomhouri-rend-hommage-a-maya-jribi-a-loccasion-du-2e-anniversaire-de-son-deces-photos-video\/","name":"Al-Jomhouri rend hommage \u00e0 Maya Jribi, \u00e0 l'occasion du 2e anniversaire de son d\u00e9c\u00e8s (Photos & Vid\u00e9o) - Kapitalis","isPartOf":{"@id":"https:\/\/kapitalis.com\/tunisie\/#website"},"primaryImageOfPage":{"@id":"https:\/\/kapitalis.com\/tunisie\/2020\/05\/19\/al-jomhouri-rend-hommage-a-maya-jribi-a-loccasion-du-2e-anniversaire-de-son-deces-photos-video\/#primaryimage"},"image":{"@id":"https:\/\/kapitalis.com\/tunisie\/2020\/05\/19\/al-jomhouri-rend-hommage-a-maya-jribi-a-loccasion-du-2e-anniversaire-de-son-deces-photos-video\/#primaryimage"},"thumbnailUrl":"","datePublished":"2020-05-19T17:44:00+00:00","dateModified":"2020-05-20T05:51:56+00:00","breadcrumb":{"@id":"https:\/\/kapitalis.com\/tunisie\/2020\/05\/19\/al-jomhouri-rend-hommage-a-maya-jribi-a-loccasion-du-2e-anniversaire-de-son-deces-photos-video\/#breadcrumb"},"inLanguage":"fr-FR","potentialAction":[{"@type":"ReadAction","target":["https:\/\/kapitalis.com\/tunisie\/2020\/05\/19\/al-jomhouri-rend-hommage-a-maya-jribi-a-loccasion-du-2e-anniversaire-de-son-deces-photos-video\/"]}]},{"@type":"ImageObject","inLanguage":"fr-FR","@id":"https:\/\/kapitalis.com\/tunisie\/2020\/05\/19\/al-jomhouri-rend-hommage-a-maya-jribi-a-loccasion-du-2e-anniversaire-de-son-deces-photos-video\/#primaryimage","url":"","contentUrl":""},{"@type":"BreadcrumbList","@id":"https:\/\/kapitalis.com\/tunisie\/2020\/05\/19\/al-jomhouri-rend-hommage-a-maya-jribi-a-loccasion-du-2e-anniversaire-de-son-deces-photos-video\/#breadcrumb","itemListElement":[{"@type":"ListItem","position":1,"name":"Accueil","item":"https:\/\/kapitalis.com\/tunisie\/"},{"@type":"ListItem","position":2,"name":"Al-Jomhouri rend hommage \u00e0 Maya Jribi, \u00e0 l&rsquo;occasion du 2e anniversaire de son d\u00e9c\u00e8s (Photos &#038; Vid\u00e9o)"}]},{"@type":"WebSite","@id":"https:\/\/kapitalis.com\/tunisie\/#website","url":"https:\/\/kapitalis.com\/tunisie\/","name":"Kapitalis","description":"L&#039;actualit\u00e9 en Tunisie et dans le monde","publisher":{"@id":"https:\/\/kapitalis.com\/tunisie\/#organization"},"potentialAction":[{"@type":"SearchAction","target":{"@type":"EntryPoint","urlTemplate":"https:\/\/kapitalis.com\/tunisie\/?s={search_term_string}"},"query-input":{"@type":"PropertyValueSpecification","valueRequired":true,"valueName":"search_term_string"}}],"inLanguage":"fr-FR"},{"@type":"Organization","@id":"https:\/\/kapitalis.com\/tunisie\/#organization","name":"Kapitalis","url":"https:\/\/kapitalis.com\/tunisie\/","logo":{"@type":"ImageObject","inLanguage":"fr-FR","@id":"https:\/\/kapitalis.com\/tunisie\/#\/schema\/logo\/image\/","url":"https:\/\/kapitalis.com\/tunisie\/wp-content\/uploads\/2022\/05\/Kapitalis-big-size.png","contentUrl":"https:\/\/kapitalis.com\/tunisie\/wp-content\/uploads\/2022\/05\/Kapitalis-big-size.png","width":5000,"height":1500,"caption":"Kapitalis"},"image":{"@id":"https:\/\/kapitalis.com\/tunisie\/#\/schema\/logo\/image\/"},"sameAs":["https:\/\/www.facebook.com\/KapitalisInfo\/","https:\/\/x.com\/KapitalisInfo","https:\/\/www.youtube.com\/channel\/UC-yDYrHyfFBWWZaOw3FPg9Q"]},{"@type":"Person","@id":"https:\/\/kapitalis.com\/tunisie\/#\/schema\/person\/74bbde0154d49d790a92aaeac5bc01d5","name":"Yusra NY","url":"https:\/\/kapitalis.com\/tunisie\/author\/yuza_adam\/"}]}},"_links":{"self":[{"href":"https:\/\/kapitalis.com\/tunisie\/wp-json\/wp\/v2\/posts\/299740","targetHints":{"allow":["GET"]}}],"collection":[{"href":"https:\/\/kapitalis.com\/tunisie\/wp-json\/wp\/v2\/posts"}],"about":[{"href":"https:\/\/kapitalis.com\/tunisie\/wp-json\/wp\/v2\/types\/post"}],"author":[{"embeddable":true,"href":"https:\/\/kapitalis.com\/tunisie\/wp-json\/wp\/v2\/users\/6"}],"replies":[{"embeddable":true,"href":"https:\/\/kapitalis.com\/tunisie\/wp-json\/wp\/v2\/comments?post=299740"}],"version-history":[{"count":0,"href":"https:\/\/kapitalis.com\/tunisie\/wp-json\/wp\/v2\/posts\/299740\/revisions"}],"wp:featuredmedia":[{"embeddable":true,"href":"https:\/\/kapitalis.com\/tunisie\/wp-json\/wp\/v2\/media\/299746"}],"wp:attachment":[{"href":"https:\/\/kapitalis.com\/tunisie\/wp-json\/wp\/v2\/media?parent=299740"}],"wp:term":[{"taxonomy":"category","embeddable":true,"href":"https:\/\/kapitalis.com\/tunisie\/wp-json\/wp\/v2\/categories?post=299740"},{"taxonomy":"post_tag","embeddable":true,"href":"https:\/\/kapitalis.com\/tunisie\/wp-json\/wp\/v2\/tags?post=299740"}],"curies":[{"name":"wp","href":"https:\/\/api.w.org\/{rel}","templated":true}]}}