{"id":300129,"date":"2020-05-21T19:04:55","date_gmt":"2020-05-21T18:04:55","guid":{"rendered":"http:\/\/kapitalis.com\/tunisie\/?p=300129"},"modified":"2020-05-22T06:40:01","modified_gmt":"2020-05-22T05:40:01","slug":"coronavirus-renforcement-des-mesures-sanitaires-a-bord-des-vols-tunisair","status":"publish","type":"post","link":"https:\/\/kapitalis.com\/tunisie\/2020\/05\/21\/coronavirus-renforcement-des-mesures-sanitaires-a-bord-des-vols-tunisair\/","title":{"rendered":"Coronavirus : Renforcement des mesures sanitaires \u00e0 bord des vols de Tunisair"},"content":{"rendered":"\n<figure class=\"wp-block-image size-large\"><img decoding=\"async\" src=\"http:\/\/kapitalis.com\/tunisie\/wp-content\/uploads\/2020\/05\/Tunisair-coronavirus.jpg\" alt=\"\" class=\"wp-image-300131\"\/><\/figure>\n\n\n\n<p><strong><em>La compagnie a\u00e9rienne nationale Tunisair a annonc\u00e9 aujourd\u2019hui, jeudi 21 mai 2020, le renforcement des mesures sanitaires \u00e0 bord de ses vols, dans le cadre de la lutte contre le coronavirus.<\/em><\/strong><\/p>\n\n\n\n<!--more-->\n\n\n\n<p>Tunisair a pr\u00e9cis\u00e9, dans un communiqu\u00e9 publi\u00e9 cet apr\u00e8s-midi, que tous les voyageurs doivent respecter la distanciation sociale et porter un masque de protection, en ajoutant que l\u2019enregistrement, l\u2019acc\u00e8s aux terminaux de d\u00e9part de l\u2019a\u00e9roport et l\u2019embarquement a\u0300 bord des avions sera refuse\u0301 a\u0300 toute personne qui n&rsquo;en portera pas.<\/p>\n\n\n\n<p>\u00ab<em>Aucune carte d\u2019embarquement ne pourra e\u0302tre de\u0301livre\u0301e aux passagers ne portant pas de masques, ce qui entrai\u0302nerait alors le refus de l\u2019acce\u0300s a\u0300 bord, sachant que le port d\u2019un masque est obligatoire pour toute la dure\u0301e du voyage\u00bb<\/em>, insiste la compagnie a\u00e9rienne nationale, en ajoutant que les voyageurs qui refuseraient de se soumettre \u00e0 un contr\u00f4le de temp\u00e9rature ne pourront pas, eux non plus, embarquer.<\/p>\n\n\n\n<p>D&rsquo;autre part, Tunisair indique que l\u2019utilisation des coffres \u00e0 bagages situ\u00e9s au-dessus des si\u00e8ges n\u2019est plus autoris\u00e9e, seuls les petits sacs souples pouvant \u00eatre plac\u00e9s sous les si\u00e8ges seront tol\u00e9r\u00e9s en cabine : \u00ab<em>Tous les bagages doivent \u00eatre enregistr\u00e9s afin d\u2019\u00eatre transport\u00e9s en soute, de mani\u00e8re \u00e0 fluidifier et \u00e0 simplifier les proc\u00e9dures d\u2019embarquement et de d\u00e9barquement. Ceci permet de favoriser la stricte application des mesures de distanciation sociale pr\u00e9conis\u00e9es, en \u00e9vitant notamment le regroupement des passagers dans les all\u00e9es des avions au d\u00e9part et \u00e0 l&rsquo;arriv\u00e9e\u00bb<\/em>.<\/p>\n\n\n\n<p>Sur un autre plan, la compagnie a annonc\u00e9 des mesures sp\u00e9cifiques aux voyageurs se rendant en France, pour r\u00e9pondre \u00e0 mise en \u0153uvre de l\u2019\u00e9tat d\u2019urgence sanitaire dans ce pays, et les restrictions d\u2019acc\u00e8s. Ainsi les voyageurs doivent pr\u00e9senter, avant l&#8217;embarquement, une d\u00e9claration sur l&rsquo;honneur attestant qu&rsquo;ils ne pr\u00e9sentent pas de sympt\u00f4me d&rsquo;infection du coronavirus (Covid-19) : \u00ab<em>A d\u00e9faut, il n\u2019a pas droit de monter \u00e0 bord de l\u2019avion<\/em>\u00bb, pr\u00e9vient encore Tunisair.<\/p>\n\n\n\n<p>L&rsquo;attestation de d\u00e9placement international d\u00e9rogatoire vers la France M\u00e9tropolitaine est disponible sur le site du <a rel=\"noreferrer noopener\" href=\"https:\/\/www.interieur.gouv.fr\/Actualites\/L-actu-du-Ministere\/Attestation-de-deplacement-et-de-voyage?fbclid=IwAR3pp_Z4yH5K7wB-eusVhEuDRQ6hEqp0CEzHRR0VadwGUpXmLWKulEPjxxA\" target=\"_blank\">minist\u00e8re fran\u00e7ais de l&rsquo;Int\u00e9rieur <\/a>et celui relatif \u00e0 l&rsquo;\u00e9tat de sant\u00e9 est accessible sur le site de l&rsquo;<a rel=\"noreferrer noopener\" href=\"https:\/\/www.interieur.gouv.fr\/Actualites\/L-actu-du-Ministere\/Attestation-de-deplacement-et-de-voyage?fbclid=IwAR3pp_Z4yH5K7wB-eusVhEuDRQ6hEqp0CEzHRR0VadwGUpXmLWKulEPjxxA\" target=\"_blank\">ambassade de France.<\/a><\/p>\n\n\n\n<p>\u00ab<em>Tunisair remercie sa client\u00e8le pour sa compr\u00e9hension et sa coop\u00e9ration et esp\u00e8re pouvoir l\u2019accueillir prochainement \u00e0 bord de ses appareils dans des conditions plus favorables<\/em>\u00bb, conclut la compagnie nationale.<\/p>\n\n\n\n<p class=\"has-text-align-right\"><strong>Y. N.<\/strong><\/p>\n","protected":false},"excerpt":{"rendered":"<p>La compagnie a\u00e9rienne nationale Tunisair a annonc\u00e9 aujourd\u2019hui, jeudi 21 mai 2020, le renforcement des mesures sanitaires \u00e0 bord de ses vols, dans le cadre de la lutte contre le coronavirus.<\/p>\n","protected":false},"author":6,"featured_media":300131,"comment_status":"open","ping_status":"open","sticky":false,"template":"","format":"standard","meta":{"footnotes":""},"categories":[993,998,2433],"tags":[73999,73060,395,76945,1501,62643,4587,3292],"class_list":["post-300129","post","type-post","status-publish","format-standard","has-post-thumbnail","hentry","category-conso","category-societe","category-tunisie","tag-compagnie-aerienne-nationale","tag-coronavirus","tag-france","tag-mesures-sanitaires","tag-tunisair","tag-tunisie","tag-vols","tag-voyageurs"],"yoast_head":"<!-- This site is optimized with the Yoast SEO plugin v26.6 - https:\/\/yoast.com\/wordpress\/plugins\/seo\/ -->\n<title>Coronavirus : Renforcement des mesures sanitaires \u00e0 bord des vols de Tunisair - Kapitalis<\/title>\n<meta name=\"robots\" content=\"index, follow, max-snippet:-1, max-image-preview:large, max-video-preview:-1\" \/>\n<link rel=\"canonical\" href=\"https:\/\/kapitalis.com\/tunisie\/2020\/05\/21\/coronavirus-renforcement-des-mesures-sanitaires-a-bord-des-vols-tunisair\/\" \/>\n<meta property=\"og:locale\" content=\"fr_FR\" \/>\n<meta property=\"og:type\" content=\"article\" \/>\n<meta property=\"og:title\" content=\"Coronavirus : Renforcement des mesures sanitaires \u00e0 bord des vols de Tunisair - Kapitalis\" \/>\n<meta property=\"og:description\" content=\"La compagnie a\u00e9rienne nationale Tunisair a annonc\u00e9 aujourd\u2019hui, jeudi 21 mai 2020, le renforcement des mesures sanitaires \u00e0 bord de ses vols, dans le cadre de la lutte contre le coronavirus.\" \/>\n<meta property=\"og:url\" content=\"https:\/\/kapitalis.com\/tunisie\/2020\/05\/21\/coronavirus-renforcement-des-mesures-sanitaires-a-bord-des-vols-tunisair\/\" \/>\n<meta property=\"og:site_name\" content=\"Kapitalis\" \/>\n<meta property=\"article:publisher\" content=\"https:\/\/www.facebook.com\/KapitalisInfo\/\" \/>\n<meta property=\"article:published_time\" content=\"2020-05-21T18:04:55+00:00\" \/>\n<meta property=\"article:modified_time\" content=\"2020-05-22T05:40:01+00:00\" \/>\n<meta property=\"og:image\" content=\"https:\/\/kapitalis.com\/tunisie\/wp-content\/uploads\/2022\/05\/kapitalis-logo-fb.png\" \/>\n\t<meta property=\"og:image:width\" content=\"1200\" \/>\n\t<meta property=\"og:image:height\" content=\"630\" \/>\n\t<meta property=\"og:image:type\" content=\"image\/png\" \/>\n<meta name=\"author\" content=\"Yusra NY\" \/>\n<meta name=\"twitter:card\" content=\"summary_large_image\" \/>\n<meta name=\"twitter:creator\" content=\"@KapitalisInfo\" \/>\n<meta name=\"twitter:site\" content=\"@KapitalisInfo\" \/>\n<meta name=\"twitter:label1\" content=\"\u00c9crit par\" \/>\n\t<meta name=\"twitter:data1\" content=\"Yusra NY\" \/>\n\t<meta name=\"twitter:label2\" content=\"Dur\u00e9e de lecture estim\u00e9e\" \/>\n\t<meta name=\"twitter:data2\" content=\"2 minutes\" \/>\n<script type=\"application\/ld+json\" class=\"yoast-schema-graph\">{\"@context\":\"https:\/\/schema.org\",\"@graph\":[{\"@type\":\"Article\",\"@id\":\"https:\/\/kapitalis.com\/tunisie\/2020\/05\/21\/coronavirus-renforcement-des-mesures-sanitaires-a-bord-des-vols-tunisair\/#article\",\"isPartOf\":{\"@id\":\"https:\/\/kapitalis.com\/tunisie\/2020\/05\/21\/coronavirus-renforcement-des-mesures-sanitaires-a-bord-des-vols-tunisair\/\"},\"author\":{\"name\":\"Yusra NY\",\"@id\":\"https:\/\/kapitalis.com\/tunisie\/#\/schema\/person\/74bbde0154d49d790a92aaeac5bc01d5\"},\"headline\":\"Coronavirus : Renforcement des mesures sanitaires \u00e0 bord des vols de Tunisair\",\"datePublished\":\"2020-05-21T18:04:55+00:00\",\"dateModified\":\"2020-05-22T05:40:01+00:00\",\"mainEntityOfPage\":{\"@id\":\"https:\/\/kapitalis.com\/tunisie\/2020\/05\/21\/coronavirus-renforcement-des-mesures-sanitaires-a-bord-des-vols-tunisair\/\"},\"wordCount\":437,\"commentCount\":4,\"publisher\":{\"@id\":\"https:\/\/kapitalis.com\/tunisie\/#organization\"},\"image\":{\"@id\":\"https:\/\/kapitalis.com\/tunisie\/2020\/05\/21\/coronavirus-renforcement-des-mesures-sanitaires-a-bord-des-vols-tunisair\/#primaryimage\"},\"thumbnailUrl\":\"\",\"keywords\":[\"compagnie a\u00e9rienne nationale\",\"Coronavirus\",\"France\",\"mesures sanitaires\",\"Tunisair\",\"Tunisie\",\"vols\",\"voyageurs\"],\"articleSection\":[\"CONSO\",\"SOCIETE\",\"Tunisie\"],\"inLanguage\":\"fr-FR\",\"potentialAction\":[{\"@type\":\"CommentAction\",\"name\":\"Comment\",\"target\":[\"https:\/\/kapitalis.com\/tunisie\/2020\/05\/21\/coronavirus-renforcement-des-mesures-sanitaires-a-bord-des-vols-tunisair\/#respond\"]}]},{\"@type\":\"WebPage\",\"@id\":\"https:\/\/kapitalis.com\/tunisie\/2020\/05\/21\/coronavirus-renforcement-des-mesures-sanitaires-a-bord-des-vols-tunisair\/\",\"url\":\"https:\/\/kapitalis.com\/tunisie\/2020\/05\/21\/coronavirus-renforcement-des-mesures-sanitaires-a-bord-des-vols-tunisair\/\",\"name\":\"Coronavirus : Renforcement des mesures sanitaires \u00e0 bord des vols de Tunisair - Kapitalis\",\"isPartOf\":{\"@id\":\"https:\/\/kapitalis.com\/tunisie\/#website\"},\"primaryImageOfPage\":{\"@id\":\"https:\/\/kapitalis.com\/tunisie\/2020\/05\/21\/coronavirus-renforcement-des-mesures-sanitaires-a-bord-des-vols-tunisair\/#primaryimage\"},\"image\":{\"@id\":\"https:\/\/kapitalis.com\/tunisie\/2020\/05\/21\/coronavirus-renforcement-des-mesures-sanitaires-a-bord-des-vols-tunisair\/#primaryimage\"},\"thumbnailUrl\":\"\",\"datePublished\":\"2020-05-21T18:04:55+00:00\",\"dateModified\":\"2020-05-22T05:40:01+00:00\",\"breadcrumb\":{\"@id\":\"https:\/\/kapitalis.com\/tunisie\/2020\/05\/21\/coronavirus-renforcement-des-mesures-sanitaires-a-bord-des-vols-tunisair\/#breadcrumb\"},\"inLanguage\":\"fr-FR\",\"potentialAction\":[{\"@type\":\"ReadAction\",\"target\":[\"https:\/\/kapitalis.com\/tunisie\/2020\/05\/21\/coronavirus-renforcement-des-mesures-sanitaires-a-bord-des-vols-tunisair\/\"]}]},{\"@type\":\"ImageObject\",\"inLanguage\":\"fr-FR\",\"@id\":\"https:\/\/kapitalis.com\/tunisie\/2020\/05\/21\/coronavirus-renforcement-des-mesures-sanitaires-a-bord-des-vols-tunisair\/#primaryimage\",\"url\":\"\",\"contentUrl\":\"\"},{\"@type\":\"BreadcrumbList\",\"@id\":\"https:\/\/kapitalis.com\/tunisie\/2020\/05\/21\/coronavirus-renforcement-des-mesures-sanitaires-a-bord-des-vols-tunisair\/#breadcrumb\",\"itemListElement\":[{\"@type\":\"ListItem\",\"position\":1,\"name\":\"Accueil\",\"item\":\"https:\/\/kapitalis.com\/tunisie\/\"},{\"@type\":\"ListItem\",\"position\":2,\"name\":\"Coronavirus : Renforcement des mesures sanitaires \u00e0 bord des vols de Tunisair\"}]},{\"@type\":\"WebSite\",\"@id\":\"https:\/\/kapitalis.com\/tunisie\/#website\",\"url\":\"https:\/\/kapitalis.com\/tunisie\/\",\"name\":\"Kapitalis\",\"description\":\"L&#039;actualit\u00e9 en Tunisie et dans le monde\",\"publisher\":{\"@id\":\"https:\/\/kapitalis.com\/tunisie\/#organization\"},\"potentialAction\":[{\"@type\":\"SearchAction\",\"target\":{\"@type\":\"EntryPoint\",\"urlTemplate\":\"https:\/\/kapitalis.com\/tunisie\/?s={search_term_string}\"},\"query-input\":{\"@type\":\"PropertyValueSpecification\",\"valueRequired\":true,\"valueName\":\"search_term_string\"}}],\"inLanguage\":\"fr-FR\"},{\"@type\":\"Organization\",\"@id\":\"https:\/\/kapitalis.com\/tunisie\/#organization\",\"name\":\"Kapitalis\",\"url\":\"https:\/\/kapitalis.com\/tunisie\/\",\"logo\":{\"@type\":\"ImageObject\",\"inLanguage\":\"fr-FR\",\"@id\":\"https:\/\/kapitalis.com\/tunisie\/#\/schema\/logo\/image\/\",\"url\":\"https:\/\/kapitalis.com\/tunisie\/wp-content\/uploads\/2022\/05\/Kapitalis-big-size.png\",\"contentUrl\":\"https:\/\/kapitalis.com\/tunisie\/wp-content\/uploads\/2022\/05\/Kapitalis-big-size.png\",\"width\":5000,\"height\":1500,\"caption\":\"Kapitalis\"},\"image\":{\"@id\":\"https:\/\/kapitalis.com\/tunisie\/#\/schema\/logo\/image\/\"},\"sameAs\":[\"https:\/\/www.facebook.com\/KapitalisInfo\/\",\"https:\/\/x.com\/KapitalisInfo\",\"https:\/\/www.youtube.com\/channel\/UC-yDYrHyfFBWWZaOw3FPg9Q\"]},{\"@type\":\"Person\",\"@id\":\"https:\/\/kapitalis.com\/tunisie\/#\/schema\/person\/74bbde0154d49d790a92aaeac5bc01d5\",\"name\":\"Yusra NY\",\"url\":\"https:\/\/kapitalis.com\/tunisie\/author\/yuza_adam\/\"}]}<\/script>\n<!-- \/ Yoast SEO plugin. -->","yoast_head_json":{"title":"Coronavirus : Renforcement des mesures sanitaires \u00e0 bord des vols de Tunisair - Kapitalis","robots":{"index":"index","follow":"follow","max-snippet":"max-snippet:-1","max-image-preview":"max-image-preview:large","max-video-preview":"max-video-preview:-1"},"canonical":"https:\/\/kapitalis.com\/tunisie\/2020\/05\/21\/coronavirus-renforcement-des-mesures-sanitaires-a-bord-des-vols-tunisair\/","og_locale":"fr_FR","og_type":"article","og_title":"Coronavirus : Renforcement des mesures sanitaires \u00e0 bord des vols de Tunisair - Kapitalis","og_description":"La compagnie a\u00e9rienne nationale Tunisair a annonc\u00e9 aujourd\u2019hui, jeudi 21 mai 2020, le renforcement des mesures sanitaires \u00e0 bord de ses vols, dans le cadre de la lutte contre le coronavirus.","og_url":"https:\/\/kapitalis.com\/tunisie\/2020\/05\/21\/coronavirus-renforcement-des-mesures-sanitaires-a-bord-des-vols-tunisair\/","og_site_name":"Kapitalis","article_publisher":"https:\/\/www.facebook.com\/KapitalisInfo\/","article_published_time":"2020-05-21T18:04:55+00:00","article_modified_time":"2020-05-22T05:40:01+00:00","og_image":[{"width":1200,"height":630,"url":"https:\/\/kapitalis.com\/tunisie\/wp-content\/uploads\/2022\/05\/kapitalis-logo-fb.png","type":"image\/png"}],"author":"Yusra NY","twitter_card":"summary_large_image","twitter_creator":"@KapitalisInfo","twitter_site":"@KapitalisInfo","twitter_misc":{"\u00c9crit par":"Yusra NY","Dur\u00e9e de lecture estim\u00e9e":"2 minutes"},"schema":{"@context":"https:\/\/schema.org","@graph":[{"@type":"Article","@id":"https:\/\/kapitalis.com\/tunisie\/2020\/05\/21\/coronavirus-renforcement-des-mesures-sanitaires-a-bord-des-vols-tunisair\/#article","isPartOf":{"@id":"https:\/\/kapitalis.com\/tunisie\/2020\/05\/21\/coronavirus-renforcement-des-mesures-sanitaires-a-bord-des-vols-tunisair\/"},"author":{"name":"Yusra NY","@id":"https:\/\/kapitalis.com\/tunisie\/#\/schema\/person\/74bbde0154d49d790a92aaeac5bc01d5"},"headline":"Coronavirus : Renforcement des mesures sanitaires \u00e0 bord des vols de Tunisair","datePublished":"2020-05-21T18:04:55+00:00","dateModified":"2020-05-22T05:40:01+00:00","mainEntityOfPage":{"@id":"https:\/\/kapitalis.com\/tunisie\/2020\/05\/21\/coronavirus-renforcement-des-mesures-sanitaires-a-bord-des-vols-tunisair\/"},"wordCount":437,"commentCount":4,"publisher":{"@id":"https:\/\/kapitalis.com\/tunisie\/#organization"},"image":{"@id":"https:\/\/kapitalis.com\/tunisie\/2020\/05\/21\/coronavirus-renforcement-des-mesures-sanitaires-a-bord-des-vols-tunisair\/#primaryimage"},"thumbnailUrl":"","keywords":["compagnie a\u00e9rienne nationale","Coronavirus","France","mesures sanitaires","Tunisair","Tunisie","vols","voyageurs"],"articleSection":["CONSO","SOCIETE","Tunisie"],"inLanguage":"fr-FR","potentialAction":[{"@type":"CommentAction","name":"Comment","target":["https:\/\/kapitalis.com\/tunisie\/2020\/05\/21\/coronavirus-renforcement-des-mesures-sanitaires-a-bord-des-vols-tunisair\/#respond"]}]},{"@type":"WebPage","@id":"https:\/\/kapitalis.com\/tunisie\/2020\/05\/21\/coronavirus-renforcement-des-mesures-sanitaires-a-bord-des-vols-tunisair\/","url":"https:\/\/kapitalis.com\/tunisie\/2020\/05\/21\/coronavirus-renforcement-des-mesures-sanitaires-a-bord-des-vols-tunisair\/","name":"Coronavirus : Renforcement des mesures sanitaires \u00e0 bord des vols de Tunisair - Kapitalis","isPartOf":{"@id":"https:\/\/kapitalis.com\/tunisie\/#website"},"primaryImageOfPage":{"@id":"https:\/\/kapitalis.com\/tunisie\/2020\/05\/21\/coronavirus-renforcement-des-mesures-sanitaires-a-bord-des-vols-tunisair\/#primaryimage"},"image":{"@id":"https:\/\/kapitalis.com\/tunisie\/2020\/05\/21\/coronavirus-renforcement-des-mesures-sanitaires-a-bord-des-vols-tunisair\/#primaryimage"},"thumbnailUrl":"","datePublished":"2020-05-21T18:04:55+00:00","dateModified":"2020-05-22T05:40:01+00:00","breadcrumb":{"@id":"https:\/\/kapitalis.com\/tunisie\/2020\/05\/21\/coronavirus-renforcement-des-mesures-sanitaires-a-bord-des-vols-tunisair\/#breadcrumb"},"inLanguage":"fr-FR","potentialAction":[{"@type":"ReadAction","target":["https:\/\/kapitalis.com\/tunisie\/2020\/05\/21\/coronavirus-renforcement-des-mesures-sanitaires-a-bord-des-vols-tunisair\/"]}]},{"@type":"ImageObject","inLanguage":"fr-FR","@id":"https:\/\/kapitalis.com\/tunisie\/2020\/05\/21\/coronavirus-renforcement-des-mesures-sanitaires-a-bord-des-vols-tunisair\/#primaryimage","url":"","contentUrl":""},{"@type":"BreadcrumbList","@id":"https:\/\/kapitalis.com\/tunisie\/2020\/05\/21\/coronavirus-renforcement-des-mesures-sanitaires-a-bord-des-vols-tunisair\/#breadcrumb","itemListElement":[{"@type":"ListItem","position":1,"name":"Accueil","item":"https:\/\/kapitalis.com\/tunisie\/"},{"@type":"ListItem","position":2,"name":"Coronavirus : Renforcement des mesures sanitaires \u00e0 bord des vols de Tunisair"}]},{"@type":"WebSite","@id":"https:\/\/kapitalis.com\/tunisie\/#website","url":"https:\/\/kapitalis.com\/tunisie\/","name":"Kapitalis","description":"L&#039;actualit\u00e9 en Tunisie et dans le monde","publisher":{"@id":"https:\/\/kapitalis.com\/tunisie\/#organization"},"potentialAction":[{"@type":"SearchAction","target":{"@type":"EntryPoint","urlTemplate":"https:\/\/kapitalis.com\/tunisie\/?s={search_term_string}"},"query-input":{"@type":"PropertyValueSpecification","valueRequired":true,"valueName":"search_term_string"}}],"inLanguage":"fr-FR"},{"@type":"Organization","@id":"https:\/\/kapitalis.com\/tunisie\/#organization","name":"Kapitalis","url":"https:\/\/kapitalis.com\/tunisie\/","logo":{"@type":"ImageObject","inLanguage":"fr-FR","@id":"https:\/\/kapitalis.com\/tunisie\/#\/schema\/logo\/image\/","url":"https:\/\/kapitalis.com\/tunisie\/wp-content\/uploads\/2022\/05\/Kapitalis-big-size.png","contentUrl":"https:\/\/kapitalis.com\/tunisie\/wp-content\/uploads\/2022\/05\/Kapitalis-big-size.png","width":5000,"height":1500,"caption":"Kapitalis"},"image":{"@id":"https:\/\/kapitalis.com\/tunisie\/#\/schema\/logo\/image\/"},"sameAs":["https:\/\/www.facebook.com\/KapitalisInfo\/","https:\/\/x.com\/KapitalisInfo","https:\/\/www.youtube.com\/channel\/UC-yDYrHyfFBWWZaOw3FPg9Q"]},{"@type":"Person","@id":"https:\/\/kapitalis.com\/tunisie\/#\/schema\/person\/74bbde0154d49d790a92aaeac5bc01d5","name":"Yusra NY","url":"https:\/\/kapitalis.com\/tunisie\/author\/yuza_adam\/"}]}},"_links":{"self":[{"href":"https:\/\/kapitalis.com\/tunisie\/wp-json\/wp\/v2\/posts\/300129","targetHints":{"allow":["GET"]}}],"collection":[{"href":"https:\/\/kapitalis.com\/tunisie\/wp-json\/wp\/v2\/posts"}],"about":[{"href":"https:\/\/kapitalis.com\/tunisie\/wp-json\/wp\/v2\/types\/post"}],"author":[{"embeddable":true,"href":"https:\/\/kapitalis.com\/tunisie\/wp-json\/wp\/v2\/users\/6"}],"replies":[{"embeddable":true,"href":"https:\/\/kapitalis.com\/tunisie\/wp-json\/wp\/v2\/comments?post=300129"}],"version-history":[{"count":0,"href":"https:\/\/kapitalis.com\/tunisie\/wp-json\/wp\/v2\/posts\/300129\/revisions"}],"wp:featuredmedia":[{"embeddable":true,"href":"https:\/\/kapitalis.com\/tunisie\/wp-json\/wp\/v2\/media\/300131"}],"wp:attachment":[{"href":"https:\/\/kapitalis.com\/tunisie\/wp-json\/wp\/v2\/media?parent=300129"}],"wp:term":[{"taxonomy":"category","embeddable":true,"href":"https:\/\/kapitalis.com\/tunisie\/wp-json\/wp\/v2\/categories?post=300129"},{"taxonomy":"post_tag","embeddable":true,"href":"https:\/\/kapitalis.com\/tunisie\/wp-json\/wp\/v2\/tags?post=300129"}],"curies":[{"name":"wp","href":"https:\/\/api.w.org\/{rel}","templated":true}]}}