{"id":3002820,"date":"2022-08-12T20:43:20","date_gmt":"2022-08-12T19:43:20","guid":{"rendered":"https:\/\/kapitalis.com\/tunisie\/?p=3002820"},"modified":"2022-08-12T20:45:09","modified_gmt":"2022-08-12T19:45:09","slug":"ministere-de-la-sante-point-sur-la-situation-epidemiologique-en-tunisie","status":"publish","type":"post","link":"https:\/\/kapitalis.com\/tunisie\/2022\/08\/12\/ministere-de-la-sante-point-sur-la-situation-epidemiologique-en-tunisie\/","title":{"rendered":"Minist\u00e8re de la Sant\u00e9 : Point sur la situation \u00e9pid\u00e9miologique en Tunisie"},"content":{"rendered":"\n<p><strong><em>Le minist\u00e8re de la Sant\u00e9 a annonc\u00e9 ce vendredi 12 ao\u00fbt 2022, \u00e0 l&rsquo;issue de sa r\u00e9union p\u00e9riodique consacr\u00e9e au suivi de la situation \u00e9pid\u00e9miologique, une am\u00e9lioration des indicateurs li\u00e9s au coronavirus.<\/em><\/strong><\/p>\n\n\n\n<!--more-->\n\n\n\n<p>Ali Mrabet ministre de la Sant\u00e9 a affirm\u00e9 que les donn\u00e9es nationales et internationales sur la pand\u00e9mie du Covid-19, montrent une nette am\u00e9lioration de la situation depuis plusieurs semaines, ajoutant que l&rsquo;on a enregistr\u00e9, en Tunisie, une baisse du taux de contamination, du nombre des d\u00e9c\u00e8s et des nouvelles hospitalisations.<\/p>\n\n\n\n<p>Le ministre a toutefois appel\u00e9 \u00e0 ne pas baisser la garde et a affirm\u00e9 que les parties concern\u00e9es maintiennent le suivi, en ce qui concerne la capacit\u00e9 des structures hospitali\u00e8res \u00e0 accueillir de nouveaux patients, la disponibilit\u00e9 du stock strat\u00e9gique d\u2019oxyg\u00e8ne, ainsi que de la campagne de vaccination.<\/p>\n","protected":false},"excerpt":{"rendered":"<p>Minist\u00e8re de la Sant\u00e9 : Point sur la situation \u00e9pid\u00e9miologique en Tunisie<\/p>\n","protected":false},"author":6,"featured_media":3002928,"comment_status":"open","ping_status":"open","sticky":false,"template":"","format":"standard","meta":{"footnotes":""},"categories":[998,2433],"tags":[92489,73060,75291,810,62643],"class_list":["post-3002820","post","type-post","status-publish","format-standard","has-post-thumbnail","hentry","category-societe","category-tunisie","tag-ali-mrabet","tag-coronavirus","tag-covid-19","tag-sante","tag-tunisie"],"yoast_head":"<!-- This site is optimized with the Yoast SEO plugin v26.6 - https:\/\/yoast.com\/wordpress\/plugins\/seo\/ -->\n<title>Minist\u00e8re de la Sant\u00e9 : Point sur la situation \u00e9pid\u00e9miologique en Tunisie - Kapitalis<\/title>\n<meta name=\"description\" content=\"Le minist\u00e8re de la Sant\u00e9 a annonc\u00e9 ce vendredi 12 ao\u00fbt 2022, \u00e0 l&#039;issue de sa r\u00e9union p\u00e9riodique consacr\u00e9e au suivi de la situation \u00e9pid\u00e9miologique, une am\u00e9lioration des indicateurs li\u00e9s au coronavirus.\" \/>\n<meta name=\"robots\" content=\"index, follow, max-snippet:-1, max-image-preview:large, max-video-preview:-1\" \/>\n<link rel=\"canonical\" href=\"https:\/\/kapitalis.com\/tunisie\/2022\/08\/12\/ministere-de-la-sante-point-sur-la-situation-epidemiologique-en-tunisie\/\" \/>\n<meta property=\"og:locale\" content=\"fr_FR\" \/>\n<meta property=\"og:type\" content=\"article\" \/>\n<meta property=\"og:title\" content=\"Minist\u00e8re de la Sant\u00e9 : Point sur la situation \u00e9pid\u00e9miologique en Tunisie - Kapitalis\" \/>\n<meta property=\"og:description\" content=\"Le minist\u00e8re de la Sant\u00e9 a annonc\u00e9 ce vendredi 12 ao\u00fbt 2022, \u00e0 l&#039;issue de sa r\u00e9union p\u00e9riodique consacr\u00e9e au suivi de la situation \u00e9pid\u00e9miologique, une am\u00e9lioration des indicateurs li\u00e9s au coronavirus.\" \/>\n<meta property=\"og:url\" content=\"https:\/\/kapitalis.com\/tunisie\/2022\/08\/12\/ministere-de-la-sante-point-sur-la-situation-epidemiologique-en-tunisie\/\" \/>\n<meta property=\"og:site_name\" content=\"Kapitalis\" \/>\n<meta property=\"article:publisher\" content=\"https:\/\/www.facebook.com\/KapitalisInfo\/\" \/>\n<meta property=\"article:published_time\" content=\"2022-08-12T19:43:20+00:00\" \/>\n<meta property=\"article:modified_time\" content=\"2022-08-12T19:45:09+00:00\" \/>\n<meta property=\"og:image\" content=\"https:\/\/kapitalis.com\/tunisie\/wp-content\/uploads\/2022\/08\/Ali-Mrabet-Sante.jpg\" \/>\n\t<meta property=\"og:image:width\" content=\"1200\" \/>\n\t<meta property=\"og:image:height\" content=\"630\" \/>\n\t<meta property=\"og:image:type\" content=\"image\/jpeg\" \/>\n<meta name=\"author\" content=\"Yusra NY\" \/>\n<meta name=\"twitter:card\" content=\"summary_large_image\" \/>\n<meta name=\"twitter:creator\" content=\"@KapitalisInfo\" \/>\n<meta name=\"twitter:site\" content=\"@KapitalisInfo\" \/>\n<meta name=\"twitter:label1\" content=\"\u00c9crit par\" \/>\n\t<meta name=\"twitter:data1\" content=\"Yusra NY\" \/>\n\t<meta name=\"twitter:label2\" content=\"Dur\u00e9e de lecture estim\u00e9e\" \/>\n\t<meta name=\"twitter:data2\" content=\"1 minute\" \/>\n<script type=\"application\/ld+json\" class=\"yoast-schema-graph\">{\"@context\":\"https:\/\/schema.org\",\"@graph\":[{\"@type\":\"Article\",\"@id\":\"https:\/\/kapitalis.com\/tunisie\/2022\/08\/12\/ministere-de-la-sante-point-sur-la-situation-epidemiologique-en-tunisie\/#article\",\"isPartOf\":{\"@id\":\"https:\/\/kapitalis.com\/tunisie\/2022\/08\/12\/ministere-de-la-sante-point-sur-la-situation-epidemiologique-en-tunisie\/\"},\"author\":{\"name\":\"Yusra NY\",\"@id\":\"https:\/\/kapitalis.com\/tunisie\/#\/schema\/person\/74bbde0154d49d790a92aaeac5bc01d5\"},\"headline\":\"Minist\u00e8re de la Sant\u00e9 : Point sur la situation \u00e9pid\u00e9miologique en Tunisie\",\"datePublished\":\"2022-08-12T19:43:20+00:00\",\"dateModified\":\"2022-08-12T19:45:09+00:00\",\"mainEntityOfPage\":{\"@id\":\"https:\/\/kapitalis.com\/tunisie\/2022\/08\/12\/ministere-de-la-sante-point-sur-la-situation-epidemiologique-en-tunisie\/\"},\"wordCount\":156,\"commentCount\":0,\"publisher\":{\"@id\":\"https:\/\/kapitalis.com\/tunisie\/#organization\"},\"image\":{\"@id\":\"https:\/\/kapitalis.com\/tunisie\/2022\/08\/12\/ministere-de-la-sante-point-sur-la-situation-epidemiologique-en-tunisie\/#primaryimage\"},\"thumbnailUrl\":\"https:\/\/kapitalis.com\/tunisie\/wp-content\/uploads\/2022\/08\/Ali-Mrabet-Sante.jpg\",\"keywords\":[\"Ali Mrabet\",\"Coronavirus\",\"Covid-19\",\"Sant\u00e9\",\"Tunisie\"],\"articleSection\":[\"SOCIETE\",\"Tunisie\"],\"inLanguage\":\"fr-FR\",\"potentialAction\":[{\"@type\":\"CommentAction\",\"name\":\"Comment\",\"target\":[\"https:\/\/kapitalis.com\/tunisie\/2022\/08\/12\/ministere-de-la-sante-point-sur-la-situation-epidemiologique-en-tunisie\/#respond\"]}]},{\"@type\":\"WebPage\",\"@id\":\"https:\/\/kapitalis.com\/tunisie\/2022\/08\/12\/ministere-de-la-sante-point-sur-la-situation-epidemiologique-en-tunisie\/\",\"url\":\"https:\/\/kapitalis.com\/tunisie\/2022\/08\/12\/ministere-de-la-sante-point-sur-la-situation-epidemiologique-en-tunisie\/\",\"name\":\"Minist\u00e8re de la Sant\u00e9 : Point sur la situation \u00e9pid\u00e9miologique en Tunisie - Kapitalis\",\"isPartOf\":{\"@id\":\"https:\/\/kapitalis.com\/tunisie\/#website\"},\"primaryImageOfPage\":{\"@id\":\"https:\/\/kapitalis.com\/tunisie\/2022\/08\/12\/ministere-de-la-sante-point-sur-la-situation-epidemiologique-en-tunisie\/#primaryimage\"},\"image\":{\"@id\":\"https:\/\/kapitalis.com\/tunisie\/2022\/08\/12\/ministere-de-la-sante-point-sur-la-situation-epidemiologique-en-tunisie\/#primaryimage\"},\"thumbnailUrl\":\"https:\/\/kapitalis.com\/tunisie\/wp-content\/uploads\/2022\/08\/Ali-Mrabet-Sante.jpg\",\"datePublished\":\"2022-08-12T19:43:20+00:00\",\"dateModified\":\"2022-08-12T19:45:09+00:00\",\"description\":\"Le minist\u00e8re de la Sant\u00e9 a annonc\u00e9 ce vendredi 12 ao\u00fbt 2022, \u00e0 l'issue de sa r\u00e9union p\u00e9riodique consacr\u00e9e au suivi de la situation \u00e9pid\u00e9miologique, une am\u00e9lioration des indicateurs li\u00e9s au coronavirus.\",\"breadcrumb\":{\"@id\":\"https:\/\/kapitalis.com\/tunisie\/2022\/08\/12\/ministere-de-la-sante-point-sur-la-situation-epidemiologique-en-tunisie\/#breadcrumb\"},\"inLanguage\":\"fr-FR\",\"potentialAction\":[{\"@type\":\"ReadAction\",\"target\":[\"https:\/\/kapitalis.com\/tunisie\/2022\/08\/12\/ministere-de-la-sante-point-sur-la-situation-epidemiologique-en-tunisie\/\"]}]},{\"@type\":\"ImageObject\",\"inLanguage\":\"fr-FR\",\"@id\":\"https:\/\/kapitalis.com\/tunisie\/2022\/08\/12\/ministere-de-la-sante-point-sur-la-situation-epidemiologique-en-tunisie\/#primaryimage\",\"url\":\"https:\/\/kapitalis.com\/tunisie\/wp-content\/uploads\/2022\/08\/Ali-Mrabet-Sante.jpg\",\"contentUrl\":\"https:\/\/kapitalis.com\/tunisie\/wp-content\/uploads\/2022\/08\/Ali-Mrabet-Sante.jpg\",\"width\":1200,\"height\":630},{\"@type\":\"BreadcrumbList\",\"@id\":\"https:\/\/kapitalis.com\/tunisie\/2022\/08\/12\/ministere-de-la-sante-point-sur-la-situation-epidemiologique-en-tunisie\/#breadcrumb\",\"itemListElement\":[{\"@type\":\"ListItem\",\"position\":1,\"name\":\"Accueil\",\"item\":\"https:\/\/kapitalis.com\/tunisie\/\"},{\"@type\":\"ListItem\",\"position\":2,\"name\":\"Minist\u00e8re de la Sant\u00e9 : Point sur la situation \u00e9pid\u00e9miologique en Tunisie\"}]},{\"@type\":\"WebSite\",\"@id\":\"https:\/\/kapitalis.com\/tunisie\/#website\",\"url\":\"https:\/\/kapitalis.com\/tunisie\/\",\"name\":\"Kapitalis\",\"description\":\"L&#039;actualit\u00e9 en Tunisie et dans le monde\",\"publisher\":{\"@id\":\"https:\/\/kapitalis.com\/tunisie\/#organization\"},\"potentialAction\":[{\"@type\":\"SearchAction\",\"target\":{\"@type\":\"EntryPoint\",\"urlTemplate\":\"https:\/\/kapitalis.com\/tunisie\/?s={search_term_string}\"},\"query-input\":{\"@type\":\"PropertyValueSpecification\",\"valueRequired\":true,\"valueName\":\"search_term_string\"}}],\"inLanguage\":\"fr-FR\"},{\"@type\":\"Organization\",\"@id\":\"https:\/\/kapitalis.com\/tunisie\/#organization\",\"name\":\"Kapitalis\",\"url\":\"https:\/\/kapitalis.com\/tunisie\/\",\"logo\":{\"@type\":\"ImageObject\",\"inLanguage\":\"fr-FR\",\"@id\":\"https:\/\/kapitalis.com\/tunisie\/#\/schema\/logo\/image\/\",\"url\":\"https:\/\/kapitalis.com\/tunisie\/wp-content\/uploads\/2022\/05\/Kapitalis-big-size.png\",\"contentUrl\":\"https:\/\/kapitalis.com\/tunisie\/wp-content\/uploads\/2022\/05\/Kapitalis-big-size.png\",\"width\":5000,\"height\":1500,\"caption\":\"Kapitalis\"},\"image\":{\"@id\":\"https:\/\/kapitalis.com\/tunisie\/#\/schema\/logo\/image\/\"},\"sameAs\":[\"https:\/\/www.facebook.com\/KapitalisInfo\/\",\"https:\/\/x.com\/KapitalisInfo\",\"https:\/\/www.youtube.com\/channel\/UC-yDYrHyfFBWWZaOw3FPg9Q\"]},{\"@type\":\"Person\",\"@id\":\"https:\/\/kapitalis.com\/tunisie\/#\/schema\/person\/74bbde0154d49d790a92aaeac5bc01d5\",\"name\":\"Yusra NY\",\"url\":\"https:\/\/kapitalis.com\/tunisie\/author\/yuza_adam\/\"}]}<\/script>\n<!-- \/ Yoast SEO plugin. -->","yoast_head_json":{"title":"Minist\u00e8re de la Sant\u00e9 : Point sur la situation \u00e9pid\u00e9miologique en Tunisie - Kapitalis","description":"Le minist\u00e8re de la Sant\u00e9 a annonc\u00e9 ce vendredi 12 ao\u00fbt 2022, \u00e0 l'issue de sa r\u00e9union p\u00e9riodique consacr\u00e9e au suivi de la situation \u00e9pid\u00e9miologique, une am\u00e9lioration des indicateurs li\u00e9s au coronavirus.","robots":{"index":"index","follow":"follow","max-snippet":"max-snippet:-1","max-image-preview":"max-image-preview:large","max-video-preview":"max-video-preview:-1"},"canonical":"https:\/\/kapitalis.com\/tunisie\/2022\/08\/12\/ministere-de-la-sante-point-sur-la-situation-epidemiologique-en-tunisie\/","og_locale":"fr_FR","og_type":"article","og_title":"Minist\u00e8re de la Sant\u00e9 : Point sur la situation \u00e9pid\u00e9miologique en Tunisie - Kapitalis","og_description":"Le minist\u00e8re de la Sant\u00e9 a annonc\u00e9 ce vendredi 12 ao\u00fbt 2022, \u00e0 l'issue de sa r\u00e9union p\u00e9riodique consacr\u00e9e au suivi de la situation \u00e9pid\u00e9miologique, une am\u00e9lioration des indicateurs li\u00e9s au coronavirus.","og_url":"https:\/\/kapitalis.com\/tunisie\/2022\/08\/12\/ministere-de-la-sante-point-sur-la-situation-epidemiologique-en-tunisie\/","og_site_name":"Kapitalis","article_publisher":"https:\/\/www.facebook.com\/KapitalisInfo\/","article_published_time":"2022-08-12T19:43:20+00:00","article_modified_time":"2022-08-12T19:45:09+00:00","og_image":[{"width":1200,"height":630,"url":"https:\/\/kapitalis.com\/tunisie\/wp-content\/uploads\/2022\/08\/Ali-Mrabet-Sante.jpg","type":"image\/jpeg"}],"author":"Yusra NY","twitter_card":"summary_large_image","twitter_creator":"@KapitalisInfo","twitter_site":"@KapitalisInfo","twitter_misc":{"\u00c9crit par":"Yusra NY","Dur\u00e9e de lecture estim\u00e9e":"1 minute"},"schema":{"@context":"https:\/\/schema.org","@graph":[{"@type":"Article","@id":"https:\/\/kapitalis.com\/tunisie\/2022\/08\/12\/ministere-de-la-sante-point-sur-la-situation-epidemiologique-en-tunisie\/#article","isPartOf":{"@id":"https:\/\/kapitalis.com\/tunisie\/2022\/08\/12\/ministere-de-la-sante-point-sur-la-situation-epidemiologique-en-tunisie\/"},"author":{"name":"Yusra NY","@id":"https:\/\/kapitalis.com\/tunisie\/#\/schema\/person\/74bbde0154d49d790a92aaeac5bc01d5"},"headline":"Minist\u00e8re de la Sant\u00e9 : Point sur la situation \u00e9pid\u00e9miologique en Tunisie","datePublished":"2022-08-12T19:43:20+00:00","dateModified":"2022-08-12T19:45:09+00:00","mainEntityOfPage":{"@id":"https:\/\/kapitalis.com\/tunisie\/2022\/08\/12\/ministere-de-la-sante-point-sur-la-situation-epidemiologique-en-tunisie\/"},"wordCount":156,"commentCount":0,"publisher":{"@id":"https:\/\/kapitalis.com\/tunisie\/#organization"},"image":{"@id":"https:\/\/kapitalis.com\/tunisie\/2022\/08\/12\/ministere-de-la-sante-point-sur-la-situation-epidemiologique-en-tunisie\/#primaryimage"},"thumbnailUrl":"https:\/\/kapitalis.com\/tunisie\/wp-content\/uploads\/2022\/08\/Ali-Mrabet-Sante.jpg","keywords":["Ali Mrabet","Coronavirus","Covid-19","Sant\u00e9","Tunisie"],"articleSection":["SOCIETE","Tunisie"],"inLanguage":"fr-FR","potentialAction":[{"@type":"CommentAction","name":"Comment","target":["https:\/\/kapitalis.com\/tunisie\/2022\/08\/12\/ministere-de-la-sante-point-sur-la-situation-epidemiologique-en-tunisie\/#respond"]}]},{"@type":"WebPage","@id":"https:\/\/kapitalis.com\/tunisie\/2022\/08\/12\/ministere-de-la-sante-point-sur-la-situation-epidemiologique-en-tunisie\/","url":"https:\/\/kapitalis.com\/tunisie\/2022\/08\/12\/ministere-de-la-sante-point-sur-la-situation-epidemiologique-en-tunisie\/","name":"Minist\u00e8re de la Sant\u00e9 : Point sur la situation \u00e9pid\u00e9miologique en Tunisie - Kapitalis","isPartOf":{"@id":"https:\/\/kapitalis.com\/tunisie\/#website"},"primaryImageOfPage":{"@id":"https:\/\/kapitalis.com\/tunisie\/2022\/08\/12\/ministere-de-la-sante-point-sur-la-situation-epidemiologique-en-tunisie\/#primaryimage"},"image":{"@id":"https:\/\/kapitalis.com\/tunisie\/2022\/08\/12\/ministere-de-la-sante-point-sur-la-situation-epidemiologique-en-tunisie\/#primaryimage"},"thumbnailUrl":"https:\/\/kapitalis.com\/tunisie\/wp-content\/uploads\/2022\/08\/Ali-Mrabet-Sante.jpg","datePublished":"2022-08-12T19:43:20+00:00","dateModified":"2022-08-12T19:45:09+00:00","description":"Le minist\u00e8re de la Sant\u00e9 a annonc\u00e9 ce vendredi 12 ao\u00fbt 2022, \u00e0 l'issue de sa r\u00e9union p\u00e9riodique consacr\u00e9e au suivi de la situation \u00e9pid\u00e9miologique, une am\u00e9lioration des indicateurs li\u00e9s au coronavirus.","breadcrumb":{"@id":"https:\/\/kapitalis.com\/tunisie\/2022\/08\/12\/ministere-de-la-sante-point-sur-la-situation-epidemiologique-en-tunisie\/#breadcrumb"},"inLanguage":"fr-FR","potentialAction":[{"@type":"ReadAction","target":["https:\/\/kapitalis.com\/tunisie\/2022\/08\/12\/ministere-de-la-sante-point-sur-la-situation-epidemiologique-en-tunisie\/"]}]},{"@type":"ImageObject","inLanguage":"fr-FR","@id":"https:\/\/kapitalis.com\/tunisie\/2022\/08\/12\/ministere-de-la-sante-point-sur-la-situation-epidemiologique-en-tunisie\/#primaryimage","url":"https:\/\/kapitalis.com\/tunisie\/wp-content\/uploads\/2022\/08\/Ali-Mrabet-Sante.jpg","contentUrl":"https:\/\/kapitalis.com\/tunisie\/wp-content\/uploads\/2022\/08\/Ali-Mrabet-Sante.jpg","width":1200,"height":630},{"@type":"BreadcrumbList","@id":"https:\/\/kapitalis.com\/tunisie\/2022\/08\/12\/ministere-de-la-sante-point-sur-la-situation-epidemiologique-en-tunisie\/#breadcrumb","itemListElement":[{"@type":"ListItem","position":1,"name":"Accueil","item":"https:\/\/kapitalis.com\/tunisie\/"},{"@type":"ListItem","position":2,"name":"Minist\u00e8re de la Sant\u00e9 : Point sur la situation \u00e9pid\u00e9miologique en Tunisie"}]},{"@type":"WebSite","@id":"https:\/\/kapitalis.com\/tunisie\/#website","url":"https:\/\/kapitalis.com\/tunisie\/","name":"Kapitalis","description":"L&#039;actualit\u00e9 en Tunisie et dans le monde","publisher":{"@id":"https:\/\/kapitalis.com\/tunisie\/#organization"},"potentialAction":[{"@type":"SearchAction","target":{"@type":"EntryPoint","urlTemplate":"https:\/\/kapitalis.com\/tunisie\/?s={search_term_string}"},"query-input":{"@type":"PropertyValueSpecification","valueRequired":true,"valueName":"search_term_string"}}],"inLanguage":"fr-FR"},{"@type":"Organization","@id":"https:\/\/kapitalis.com\/tunisie\/#organization","name":"Kapitalis","url":"https:\/\/kapitalis.com\/tunisie\/","logo":{"@type":"ImageObject","inLanguage":"fr-FR","@id":"https:\/\/kapitalis.com\/tunisie\/#\/schema\/logo\/image\/","url":"https:\/\/kapitalis.com\/tunisie\/wp-content\/uploads\/2022\/05\/Kapitalis-big-size.png","contentUrl":"https:\/\/kapitalis.com\/tunisie\/wp-content\/uploads\/2022\/05\/Kapitalis-big-size.png","width":5000,"height":1500,"caption":"Kapitalis"},"image":{"@id":"https:\/\/kapitalis.com\/tunisie\/#\/schema\/logo\/image\/"},"sameAs":["https:\/\/www.facebook.com\/KapitalisInfo\/","https:\/\/x.com\/KapitalisInfo","https:\/\/www.youtube.com\/channel\/UC-yDYrHyfFBWWZaOw3FPg9Q"]},{"@type":"Person","@id":"https:\/\/kapitalis.com\/tunisie\/#\/schema\/person\/74bbde0154d49d790a92aaeac5bc01d5","name":"Yusra NY","url":"https:\/\/kapitalis.com\/tunisie\/author\/yuza_adam\/"}]}},"_links":{"self":[{"href":"https:\/\/kapitalis.com\/tunisie\/wp-json\/wp\/v2\/posts\/3002820","targetHints":{"allow":["GET"]}}],"collection":[{"href":"https:\/\/kapitalis.com\/tunisie\/wp-json\/wp\/v2\/posts"}],"about":[{"href":"https:\/\/kapitalis.com\/tunisie\/wp-json\/wp\/v2\/types\/post"}],"author":[{"embeddable":true,"href":"https:\/\/kapitalis.com\/tunisie\/wp-json\/wp\/v2\/users\/6"}],"replies":[{"embeddable":true,"href":"https:\/\/kapitalis.com\/tunisie\/wp-json\/wp\/v2\/comments?post=3002820"}],"version-history":[{"count":0,"href":"https:\/\/kapitalis.com\/tunisie\/wp-json\/wp\/v2\/posts\/3002820\/revisions"}],"wp:featuredmedia":[{"embeddable":true,"href":"https:\/\/kapitalis.com\/tunisie\/wp-json\/wp\/v2\/media\/3002928"}],"wp:attachment":[{"href":"https:\/\/kapitalis.com\/tunisie\/wp-json\/wp\/v2\/media?parent=3002820"}],"wp:term":[{"taxonomy":"category","embeddable":true,"href":"https:\/\/kapitalis.com\/tunisie\/wp-json\/wp\/v2\/categories?post=3002820"},{"taxonomy":"post_tag","embeddable":true,"href":"https:\/\/kapitalis.com\/tunisie\/wp-json\/wp\/v2\/tags?post=3002820"}],"curies":[{"name":"wp","href":"https:\/\/api.w.org\/{rel}","templated":true}]}}